{"id":19885,"date":"2022-01-17T16:11:20","date_gmt":"2022-01-17T15:11:20","guid":{"rendered":"https:\/\/kulturonline.tv\/?p=19885"},"modified":"2022-01-17T16:11:22","modified_gmt":"2022-01-17T15:11:22","slug":"neues-filmmuseum-in-bielefeld-eroeffnet","status":"publish","type":"post","link":"https:\/\/kulturonline.tv\/de\/neues-filmmuseum-in-bielefeld-eroeffnet\/","title":{"rendered":"Neues Filmmuseum in Bielefeld er\u00f6ffnet"},"content":{"rendered":"\n<p><strong>In Bielefeld hat das MuMa-Forum er\u00f6ffnet (16.1.2022), ein neues Museum \u00fcber Filmkunst und Filmtechnik.<\/strong><\/p>\n\n\n\n<figure class=\"wp-block-image size-full is-resized\"><img fetchpriority=\"high\" decoding=\"async\" src=\"https:\/\/kulturonline.tv\/wp-content\/uploads\/2022\/01\/bielefeld-neues-museum-muma-102__v-gseapremiumxl.jpg\" alt=\"\" class=\"wp-image-19887\" width=\"836\" height=\"471\" srcset=\"https:\/\/kulturonline.tv\/wp-content\/uploads\/2022\/01\/bielefeld-neues-museum-muma-102__v-gseapremiumxl.jpg 704w, https:\/\/kulturonline.tv\/wp-content\/uploads\/2022\/01\/bielefeld-neues-museum-muma-102__v-gseapremiumxl-600x338.jpg 600w\" sizes=\"(max-width: 836px) 100vw, 836px\" \/><\/figure>\n\n\n\n<p>Es ist den bedeutenden Films\u00f6hnen der Stadt, Friedrich Wilhelm Murnau und Joseph Massolle gewidmet. Murnau war einer der erfolgreichsten und revolution\u00e4rsten Stummfilm-Regisseure. Zu seinen bekanntesten Werken z\u00e4hlt &#8222;Nosferatu &#8211; eine Symphonie des Grauens&#8220; aus dem Jahr 1922. Massolle war an der Erfindung des Tonfilms beteiligt und machte ihn massentauglich. In dem Museum soll die untrennbare Bedeutung von Filmkunst und Filmtechnik f\u00fcreinander deutlich gemacht und erlebbar gemacht werden. Besuche und F\u00fchrungen sind aktuell nur nach vorheriger Anmeldung m\u00f6glich.<\/p>\n\n\n\n<p>Kultur Online TV<\/p>\n\n\n\n<p>#news #medien #film<\/p>\n","protected":false},"excerpt":{"rendered":"<p>In Bielefeld hat das MuMa-Forum er\u00f6ffnet (16.1.2022), ein neues Museum \u00fcber Filmkunst und Filmtechnik. Es ist den bedeutenden Films\u00f6hnen der Stadt, Friedrich Wilhelm Murnau und Joseph Massolle gewidmet. Murnau war einer der erfolgreichsten und revolution\u00e4rsten Stummfilm-Regisseure. Zu seinen bekanntesten Werken z\u00e4hlt &#8222;Nosferatu &#8211; eine Symphonie des Grauens&#8220; aus dem Jahr 1922. Massolle war an der [&hellip;]<\/p>\n","protected":false},"author":2,"featured_media":19887,"comment_status":"closed","ping_status":"closed","sticky":false,"template":"","format":"standard","meta":{"_acf_changed":false,"footnotes":""},"categories":[1],"tags":[],"class_list":["post-19885","post","type-post","status-publish","format-standard","has-post-thumbnail","hentry","category-unkategorisiert"],"acf":[],"yoast_head":"<!-- This site is optimized with the Yoast SEO plugin v26.1.1 - https:\/\/yoast.com\/wordpress\/plugins\/seo\/ -->\n<title>Neues Filmmuseum in Bielefeld er\u00f6ffnet - Kultur Online TV &amp; FM<\/title>\n<meta name=\"description\" content=\"Kultur sehen und H\u00f6ren\" \/>\n<meta name=\"robots\" content=\"index, follow, max-snippet:-1, max-image-preview:large, max-video-preview:-1\" \/>\n<link rel=\"canonical\" href=\"https:\/\/kulturonline.tv\/de\/neues-filmmuseum-in-bielefeld-eroeffnet\/\" \/>\n<meta property=\"og:locale\" content=\"de_DE\" \/>\n<meta property=\"og:type\" content=\"article\" \/>\n<meta property=\"og:title\" content=\"Neues Filmmuseum in Bielefeld er\u00f6ffnet - Kultur Online TV &amp; FM\" \/>\n<meta property=\"og:description\" content=\"Kultur sehen und H\u00f6ren\" \/>\n<meta property=\"og:url\" content=\"https:\/\/kulturonline.tv\/de\/neues-filmmuseum-in-bielefeld-eroeffnet\/\" \/>\n<meta property=\"og:site_name\" content=\"Kultur Online TV &amp; FM\" \/>\n<meta property=\"article:publisher\" content=\"https:\/\/www.facebook.com\/kulturonline.tv\" \/>\n<meta property=\"article:published_time\" content=\"2022-01-17T15:11:20+00:00\" \/>\n<meta property=\"article:modified_time\" content=\"2022-01-17T15:11:22+00:00\" \/>\n<meta property=\"og:image\" content=\"https:\/\/kulturonline.tv\/wp-content\/uploads\/2022\/01\/bielefeld-neues-museum-muma-102__v-gseapremiumxl.jpg\" \/>\n\t<meta property=\"og:image:width\" content=\"704\" \/>\n\t<meta property=\"og:image:height\" content=\"396\" \/>\n\t<meta property=\"og:image:type\" content=\"image\/jpeg\" \/>\n<meta name=\"author\" content=\"guenter.wolfgang\" \/>\n<meta name=\"twitter:card\" content=\"summary_large_image\" \/>\n<meta name=\"twitter:label1\" content=\"Verfasst von\" \/>\n\t<meta name=\"twitter:data1\" content=\"guenter.wolfgang\" \/>\n\t<meta name=\"twitter:label2\" content=\"Gesch\u00e4tzte Lesezeit\" \/>\n\t<meta name=\"twitter:data2\" content=\"1\u00a0Minute\" \/>\n<script type=\"application\/ld+json\" class=\"yoast-schema-graph\">{\"@context\":\"https:\/\/schema.org\",\"@graph\":[{\"@type\":\"Article\",\"@id\":\"https:\/\/kulturonline.tv\/de\/neues-filmmuseum-in-bielefeld-eroeffnet\/#article\",\"isPartOf\":{\"@id\":\"https:\/\/kulturonline.tv\/de\/neues-filmmuseum-in-bielefeld-eroeffnet\/\"},\"author\":{\"name\":\"guenter.wolfgang\",\"@id\":\"https:\/\/kulturonline.tv\/de\/#\/schema\/person\/b0fac729bb9a0c193fb1df23449df4fe\"},\"headline\":\"Neues Filmmuseum in Bielefeld er\u00f6ffnet\",\"datePublished\":\"2022-01-17T15:11:20+00:00\",\"dateModified\":\"2022-01-17T15:11:22+00:00\",\"mainEntityOfPage\":{\"@id\":\"https:\/\/kulturonline.tv\/de\/neues-filmmuseum-in-bielefeld-eroeffnet\/\"},\"wordCount\":108,\"publisher\":{\"@id\":\"https:\/\/kulturonline.tv\/de\/#organization\"},\"image\":{\"@id\":\"https:\/\/kulturonline.tv\/de\/neues-filmmuseum-in-bielefeld-eroeffnet\/#primaryimage\"},\"thumbnailUrl\":\"https:\/\/kulturonline.tv\/wp-content\/uploads\/2022\/01\/bielefeld-neues-museum-muma-102__v-gseapremiumxl.jpg\",\"articleSection\":[\"Unkategorisiert\"],\"inLanguage\":\"de\"},{\"@type\":\"WebPage\",\"@id\":\"https:\/\/kulturonline.tv\/de\/neues-filmmuseum-in-bielefeld-eroeffnet\/\",\"url\":\"https:\/\/kulturonline.tv\/de\/neues-filmmuseum-in-bielefeld-eroeffnet\/\",\"name\":\"Neues Filmmuseum in Bielefeld er\u00f6ffnet - Kultur Online TV &amp; FM\",\"isPartOf\":{\"@id\":\"https:\/\/kulturonline.tv\/de\/#website\"},\"primaryImageOfPage\":{\"@id\":\"https:\/\/kulturonline.tv\/de\/neues-filmmuseum-in-bielefeld-eroeffnet\/#primaryimage\"},\"image\":{\"@id\":\"https:\/\/kulturonline.tv\/de\/neues-filmmuseum-in-bielefeld-eroeffnet\/#primaryimage\"},\"thumbnailUrl\":\"https:\/\/kulturonline.tv\/wp-content\/uploads\/2022\/01\/bielefeld-neues-museum-muma-102__v-gseapremiumxl.jpg\",\"datePublished\":\"2022-01-17T15:11:20+00:00\",\"dateModified\":\"2022-01-17T15:11:22+00:00\",\"description\":\"Kultur sehen und H\u00f6ren\",\"breadcrumb\":{\"@id\":\"https:\/\/kulturonline.tv\/de\/neues-filmmuseum-in-bielefeld-eroeffnet\/#breadcrumb\"},\"inLanguage\":\"de\",\"potentialAction\":[{\"@type\":\"ReadAction\",\"target\":[\"https:\/\/kulturonline.tv\/de\/neues-filmmuseum-in-bielefeld-eroeffnet\/\"]}]},{\"@type\":\"ImageObject\",\"inLanguage\":\"de\",\"@id\":\"https:\/\/kulturonline.tv\/de\/neues-filmmuseum-in-bielefeld-eroeffnet\/#primaryimage\",\"url\":\"https:\/\/kulturonline.tv\/wp-content\/uploads\/2022\/01\/bielefeld-neues-museum-muma-102__v-gseapremiumxl.jpg\",\"contentUrl\":\"https:\/\/kulturonline.tv\/wp-content\/uploads\/2022\/01\/bielefeld-neues-museum-muma-102__v-gseapremiumxl.jpg\",\"width\":704,\"height\":396},{\"@type\":\"BreadcrumbList\",\"@id\":\"https:\/\/kulturonline.tv\/de\/neues-filmmuseum-in-bielefeld-eroeffnet\/#breadcrumb\",\"itemListElement\":[{\"@type\":\"ListItem\",\"position\":1,\"name\":\"Startseite\",\"item\":\"https:\/\/kulturonline.tv\/de\/\"},{\"@type\":\"ListItem\",\"position\":2,\"name\":\"Neues Filmmuseum in Bielefeld er\u00f6ffnet\"}]},{\"@type\":\"WebSite\",\"@id\":\"https:\/\/kulturonline.tv\/de\/#website\",\"url\":\"https:\/\/kulturonline.tv\/de\/\",\"name\":\"Kultur Online TV &amp; FM\",\"description\":\"Wir sind Kultur 2.0 zum sehen &amp; h\u00f6ren\",\"publisher\":{\"@id\":\"https:\/\/kulturonline.tv\/de\/#organization\"},\"potentialAction\":[{\"@type\":\"SearchAction\",\"target\":{\"@type\":\"EntryPoint\",\"urlTemplate\":\"https:\/\/kulturonline.tv\/de\/?s={search_term_string}\"},\"query-input\":{\"@type\":\"PropertyValueSpecification\",\"valueRequired\":true,\"valueName\":\"search_term_string\"}}],\"inLanguage\":\"de\"},{\"@type\":\"Organization\",\"@id\":\"https:\/\/kulturonline.tv\/de\/#organization\",\"name\":\"Kultur Online TV\",\"url\":\"https:\/\/kulturonline.tv\/de\/\",\"logo\":{\"@type\":\"ImageObject\",\"inLanguage\":\"de\",\"@id\":\"https:\/\/kulturonline.tv\/de\/#\/schema\/logo\/image\/\",\"url\":\"https:\/\/kulturonline.tv\/wp-content\/uploads\/2021\/08\/Kultur-Online-Tv-Logo-Endversion-neu.png\",\"contentUrl\":\"https:\/\/kulturonline.tv\/wp-content\/uploads\/2021\/08\/Kultur-Online-Tv-Logo-Endversion-neu.png\",\"width\":200,\"height\":200,\"caption\":\"Kultur Online TV\"},\"image\":{\"@id\":\"https:\/\/kulturonline.tv\/de\/#\/schema\/logo\/image\/\"},\"sameAs\":[\"https:\/\/www.facebook.com\/kulturonline.tv\",\"https:\/\/www.instagram.com\/kulturonline.tv\"]},{\"@type\":\"Person\",\"@id\":\"https:\/\/kulturonline.tv\/de\/#\/schema\/person\/b0fac729bb9a0c193fb1df23449df4fe\",\"name\":\"guenter.wolfgang\"}]}<\/script>\n<!-- \/ Yoast SEO plugin. -->","yoast_head_json":{"title":"Neues Filmmuseum in Bielefeld er\u00f6ffnet - Kultur Online TV &amp; FM","description":"Kultur sehen und H\u00f6ren","robots":{"index":"index","follow":"follow","max-snippet":"max-snippet:-1","max-image-preview":"max-image-preview:large","max-video-preview":"max-video-preview:-1"},"canonical":"https:\/\/kulturonline.tv\/de\/neues-filmmuseum-in-bielefeld-eroeffnet\/","og_locale":"de_DE","og_type":"article","og_title":"Neues Filmmuseum in Bielefeld er\u00f6ffnet - Kultur Online TV &amp; FM","og_description":"Kultur sehen und H\u00f6ren","og_url":"https:\/\/kulturonline.tv\/de\/neues-filmmuseum-in-bielefeld-eroeffnet\/","og_site_name":"Kultur Online TV &amp; FM","article_publisher":"https:\/\/www.facebook.com\/kulturonline.tv","article_published_time":"2022-01-17T15:11:20+00:00","article_modified_time":"2022-01-17T15:11:22+00:00","og_image":[{"width":704,"height":396,"url":"https:\/\/kulturonline.tv\/wp-content\/uploads\/2022\/01\/bielefeld-neues-museum-muma-102__v-gseapremiumxl.jpg","type":"image\/jpeg"}],"author":"guenter.wolfgang","twitter_card":"summary_large_image","twitter_misc":{"Verfasst von":"guenter.wolfgang","Gesch\u00e4tzte Lesezeit":"1\u00a0Minute"},"schema":{"@context":"https:\/\/schema.org","@graph":[{"@type":"Article","@id":"https:\/\/kulturonline.tv\/de\/neues-filmmuseum-in-bielefeld-eroeffnet\/#article","isPartOf":{"@id":"https:\/\/kulturonline.tv\/de\/neues-filmmuseum-in-bielefeld-eroeffnet\/"},"author":{"name":"guenter.wolfgang","@id":"https:\/\/kulturonline.tv\/de\/#\/schema\/person\/b0fac729bb9a0c193fb1df23449df4fe"},"headline":"Neues Filmmuseum in Bielefeld er\u00f6ffnet","datePublished":"2022-01-17T15:11:20+00:00","dateModified":"2022-01-17T15:11:22+00:00","mainEntityOfPage":{"@id":"https:\/\/kulturonline.tv\/de\/neues-filmmuseum-in-bielefeld-eroeffnet\/"},"wordCount":108,"publisher":{"@id":"https:\/\/kulturonline.tv\/de\/#organization"},"image":{"@id":"https:\/\/kulturonline.tv\/de\/neues-filmmuseum-in-bielefeld-eroeffnet\/#primaryimage"},"thumbnailUrl":"https:\/\/kulturonline.tv\/wp-content\/uploads\/2022\/01\/bielefeld-neues-museum-muma-102__v-gseapremiumxl.jpg","articleSection":["Unkategorisiert"],"inLanguage":"de"},{"@type":"WebPage","@id":"https:\/\/kulturonline.tv\/de\/neues-filmmuseum-in-bielefeld-eroeffnet\/","url":"https:\/\/kulturonline.tv\/de\/neues-filmmuseum-in-bielefeld-eroeffnet\/","name":"Neues Filmmuseum in Bielefeld er\u00f6ffnet - Kultur Online TV &amp; FM","isPartOf":{"@id":"https:\/\/kulturonline.tv\/de\/#website"},"primaryImageOfPage":{"@id":"https:\/\/kulturonline.tv\/de\/neues-filmmuseum-in-bielefeld-eroeffnet\/#primaryimage"},"image":{"@id":"https:\/\/kulturonline.tv\/de\/neues-filmmuseum-in-bielefeld-eroeffnet\/#primaryimage"},"thumbnailUrl":"https:\/\/kulturonline.tv\/wp-content\/uploads\/2022\/01\/bielefeld-neues-museum-muma-102__v-gseapremiumxl.jpg","datePublished":"2022-01-17T15:11:20+00:00","dateModified":"2022-01-17T15:11:22+00:00","description":"Kultur sehen und H\u00f6ren","breadcrumb":{"@id":"https:\/\/kulturonline.tv\/de\/neues-filmmuseum-in-bielefeld-eroeffnet\/#breadcrumb"},"inLanguage":"de","potentialAction":[{"@type":"ReadAction","target":["https:\/\/kulturonline.tv\/de\/neues-filmmuseum-in-bielefeld-eroeffnet\/"]}]},{"@type":"ImageObject","inLanguage":"de","@id":"https:\/\/kulturonline.tv\/de\/neues-filmmuseum-in-bielefeld-eroeffnet\/#primaryimage","url":"https:\/\/kulturonline.tv\/wp-content\/uploads\/2022\/01\/bielefeld-neues-museum-muma-102__v-gseapremiumxl.jpg","contentUrl":"https:\/\/kulturonline.tv\/wp-content\/uploads\/2022\/01\/bielefeld-neues-museum-muma-102__v-gseapremiumxl.jpg","width":704,"height":396},{"@type":"BreadcrumbList","@id":"https:\/\/kulturonline.tv\/de\/neues-filmmuseum-in-bielefeld-eroeffnet\/#breadcrumb","itemListElement":[{"@type":"ListItem","position":1,"name":"Startseite","item":"https:\/\/kulturonline.tv\/de\/"},{"@type":"ListItem","position":2,"name":"Neues Filmmuseum in Bielefeld er\u00f6ffnet"}]},{"@type":"WebSite","@id":"https:\/\/kulturonline.tv\/de\/#website","url":"https:\/\/kulturonline.tv\/de\/","name":"Kultur Online TV &amp; FM","description":"Wir sind Kultur 2.0 zum sehen &amp; h\u00f6ren","publisher":{"@id":"https:\/\/kulturonline.tv\/de\/#organization"},"potentialAction":[{"@type":"SearchAction","target":{"@type":"EntryPoint","urlTemplate":"https:\/\/kulturonline.tv\/de\/?s={search_term_string}"},"query-input":{"@type":"PropertyValueSpecification","valueRequired":true,"valueName":"search_term_string"}}],"inLanguage":"de"},{"@type":"Organization","@id":"https:\/\/kulturonline.tv\/de\/#organization","name":"Kultur Online TV","url":"https:\/\/kulturonline.tv\/de\/","logo":{"@type":"ImageObject","inLanguage":"de","@id":"https:\/\/kulturonline.tv\/de\/#\/schema\/logo\/image\/","url":"https:\/\/kulturonline.tv\/wp-content\/uploads\/2021\/08\/Kultur-Online-Tv-Logo-Endversion-neu.png","contentUrl":"https:\/\/kulturonline.tv\/wp-content\/uploads\/2021\/08\/Kultur-Online-Tv-Logo-Endversion-neu.png","width":200,"height":200,"caption":"Kultur Online TV"},"image":{"@id":"https:\/\/kulturonline.tv\/de\/#\/schema\/logo\/image\/"},"sameAs":["https:\/\/www.facebook.com\/kulturonline.tv","https:\/\/www.instagram.com\/kulturonline.tv"]},{"@type":"Person","@id":"https:\/\/kulturonline.tv\/de\/#\/schema\/person\/b0fac729bb9a0c193fb1df23449df4fe","name":"guenter.wolfgang"}]}},"_links":{"self":[{"href":"https:\/\/kulturonline.tv\/de\/wp-json\/wp\/v2\/posts\/19885","targetHints":{"allow":["GET"]}}],"collection":[{"href":"https:\/\/kulturonline.tv\/de\/wp-json\/wp\/v2\/posts"}],"about":[{"href":"https:\/\/kulturonline.tv\/de\/wp-json\/wp\/v2\/types\/post"}],"author":[{"embeddable":true,"href":"https:\/\/kulturonline.tv\/de\/wp-json\/wp\/v2\/users\/2"}],"replies":[{"embeddable":true,"href":"https:\/\/kulturonline.tv\/de\/wp-json\/wp\/v2\/comments?post=19885"}],"version-history":[{"count":0,"href":"https:\/\/kulturonline.tv\/de\/wp-json\/wp\/v2\/posts\/19885\/revisions"}],"wp:featuredmedia":[{"embeddable":true,"href":"https:\/\/kulturonline.tv\/de\/wp-json\/wp\/v2\/media\/19887"}],"wp:attachment":[{"href":"https:\/\/kulturonline.tv\/de\/wp-json\/wp\/v2\/media?parent=19885"}],"wp:term":[{"taxonomy":"category","embeddable":true,"href":"https:\/\/kulturonline.tv\/de\/wp-json\/wp\/v2\/categories?post=19885"},{"taxonomy":"post_tag","embeddable":true,"href":"https:\/\/kulturonline.tv\/de\/wp-json\/wp\/v2\/tags?post=19885"}],"curies":[{"name":"wp","href":"https:\/\/api.w.org\/{rel}","templated":true}]}}