{"id":19945,"date":"2022-01-18T11:41:24","date_gmt":"2022-01-18T10:41:24","guid":{"rendered":"https:\/\/kulturonline.tv\/?p=19945"},"modified":"2022-01-18T11:41:25","modified_gmt":"2022-01-18T10:41:25","slug":"abtreibungsdrama-happening-gewinnt-prix-lumiere","status":"publish","type":"post","link":"https:\/\/kulturonline.tv\/de\/abtreibungsdrama-happening-gewinnt-prix-lumiere\/","title":{"rendered":"Abtreibungsdrama &#8222;Happening&#8220; gewinnt Prix Lumi\u00e8re"},"content":{"rendered":"\n<p>Das Abtreibungsdrama &#8222;Happening&#8220; von Audrey Diwan hat den Prix Lumi\u00e8re f\u00fcr den besten\u00a0Film\u00a0gewonnen.<\/p>\n\n\n\n<figure class=\"wp-block-image size-full is-resized\"><img fetchpriority=\"high\" decoding=\"async\" src=\"https:\/\/kulturonline.tv\/wp-content\/uploads\/2022\/01\/1408x792-6.webp\" alt=\"\" class=\"wp-image-19947\" width=\"838\" height=\"471\" srcset=\"https:\/\/kulturonline.tv\/wp-content\/uploads\/2022\/01\/1408x792-6.webp 800w, https:\/\/kulturonline.tv\/wp-content\/uploads\/2022\/01\/1408x792-6-600x338.webp 600w, https:\/\/kulturonline.tv\/wp-content\/uploads\/2022\/01\/1408x792-6-768x432.webp 768w\" sizes=\"(max-width: 838px) 100vw, 838px\" \/><figcaption>\u00a9 dpa<\/figcaption><\/figure>\n\n\n\n<p>Prix\u00a0Lumi\u00e8res entsprechen etwa den amerikanischen Golden Globes. In dem Film brilliert\u00a0Anamaria Vartolomei, die f\u00fcr ihre schauspielerische Leistung den Preis der besten Darstellerin erhielt.\u00a0\u201eHappening\u201c wurde in Venedig mit dem Goldenen L\u00f6wen ausgezeichnet. <\/p>\n\n\n\n<p>Das Drama handelt von der jungen Anne, die Anfang der 1960er Jahre verzweifelt versucht, abzutreiben.<\/p>\n\n\n\n<p>Das Musical \u201eAnnette\u201c von Leos Carax ging unter anderem mit dem Lumi\u00e8re der besten Regie und der besten Musik nach Hause. Mit dem Musical-Melodrama wurden im vergangenen Jahr die Festspiele in Cannes er\u00f6ffnet.\u00a0Der Historienfilm \u201eLost Illusions\u201c von\u00a0Xavier Giannoli\u00a0\u00fcber einen jungen Dichter erhielt den Preis f\u00fcr das beste Drehbuch.<\/p>\n\n\n\n<p>Die Prix Lumi\u00e8res werden seit 1995 von der Auslandspresse vergeben. Sie entsprechen etwa den amerikanischen Golden Globes.<\/p>\n\n\n\n<p>Die Weltpremiere von \u201eDas Ereignis\u201c,\u00a0Audrey Diwans Verfilmung des gleichnamigen autobiografischen Bestsellers von Annie Ernaux, h\u00e4tte wohl zu keinem passenderen Zeitpunkt kommen k\u00f6nnen. Nur wenige Tage vor der ersten Auff\u00fchrung des Dramas bei den Filmfestspielen in Venedig trat am 1. September 2021 in Texas das nun strengste Abtreibungsgesetz der USA in Kraft. <\/p>\n\n\n\n<p>Damit entfachte weltweit eine neue Abtreibungsdebatte, die sich aktuell eher r\u00fcckw\u00e4rts zu entwickeln scheint. \u201eDas Ereignis\u201c zeigt, was passiert, wenn legale M\u00f6glichkeiten zum Schwangerschaftsabbruch fehlen \u2013 und das ist heute offensichtlich noch genauso relevant wie 1990, als der Roman einen Skandal ausgel\u00f6st hat, oder 1963, als Annie Ernaux als Studentin ihr Baby abgetrieben hat. Texas ist ja auch nur ein ganz aktuelles Beispiel von vielen.<\/p>\n\n\n\n<p>Kultur Online TV<\/p>\n\n\n\n<p>#film #preis #venedig #kultur <\/p>\n","protected":false},"excerpt":{"rendered":"<p>Das Abtreibungsdrama &#8222;Happening&#8220; von Audrey Diwan hat den Prix Lumi\u00e8re f\u00fcr den besten\u00a0Film\u00a0gewonnen. Prix\u00a0Lumi\u00e8res entsprechen etwa den amerikanischen Golden Globes. In dem Film brilliert\u00a0Anamaria Vartolomei, die f\u00fcr ihre schauspielerische Leistung den Preis der besten Darstellerin erhielt.\u00a0\u201eHappening\u201c wurde in Venedig mit dem Goldenen L\u00f6wen ausgezeichnet. Das Drama handelt von der jungen Anne, die Anfang der 1960er [&hellip;]<\/p>\n","protected":false},"author":2,"featured_media":19947,"comment_status":"closed","ping_status":"closed","sticky":false,"template":"","format":"standard","meta":{"_acf_changed":false,"footnotes":""},"categories":[1],"tags":[],"class_list":["post-19945","post","type-post","status-publish","format-standard","has-post-thumbnail","hentry","category-unkategorisiert"],"acf":[],"yoast_head":"<!-- This site is optimized with the Yoast SEO plugin v26.1.1 - https:\/\/yoast.com\/wordpress\/plugins\/seo\/ -->\n<title>Abtreibungsdrama &quot;Happening&quot; gewinnt Prix Lumi\u00e8re - Kultur Online TV &amp; FM<\/title>\n<meta name=\"description\" content=\"Kultur sehen und H\u00f6ren\" \/>\n<meta name=\"robots\" content=\"index, follow, max-snippet:-1, max-image-preview:large, max-video-preview:-1\" \/>\n<link rel=\"canonical\" href=\"https:\/\/kulturonline.tv\/de\/abtreibungsdrama-happening-gewinnt-prix-lumiere\/\" \/>\n<meta property=\"og:locale\" content=\"de_DE\" \/>\n<meta property=\"og:type\" content=\"article\" \/>\n<meta property=\"og:title\" content=\"Abtreibungsdrama &quot;Happening&quot; gewinnt Prix Lumi\u00e8re - Kultur Online TV &amp; FM\" \/>\n<meta property=\"og:description\" content=\"Kultur sehen und H\u00f6ren\" \/>\n<meta property=\"og:url\" content=\"https:\/\/kulturonline.tv\/de\/abtreibungsdrama-happening-gewinnt-prix-lumiere\/\" \/>\n<meta property=\"og:site_name\" content=\"Kultur Online TV &amp; FM\" \/>\n<meta property=\"article:publisher\" content=\"https:\/\/www.facebook.com\/kulturonline.tv\" \/>\n<meta property=\"article:published_time\" content=\"2022-01-18T10:41:24+00:00\" \/>\n<meta property=\"article:modified_time\" content=\"2022-01-18T10:41:25+00:00\" \/>\n<meta property=\"og:image\" content=\"https:\/\/kulturonline.tv\/wp-content\/uploads\/2022\/01\/1408x792-6.webp\" \/>\n\t<meta property=\"og:image:width\" content=\"800\" \/>\n\t<meta property=\"og:image:height\" content=\"450\" \/>\n\t<meta property=\"og:image:type\" content=\"image\/webp\" \/>\n<meta name=\"author\" content=\"guenter.wolfgang\" \/>\n<meta name=\"twitter:card\" content=\"summary_large_image\" \/>\n<meta name=\"twitter:label1\" content=\"Verfasst von\" \/>\n\t<meta name=\"twitter:data1\" content=\"guenter.wolfgang\" \/>\n\t<meta name=\"twitter:label2\" content=\"Gesch\u00e4tzte Lesezeit\" \/>\n\t<meta name=\"twitter:data2\" content=\"2\u00a0Minuten\" \/>\n<script type=\"application\/ld+json\" class=\"yoast-schema-graph\">{\"@context\":\"https:\/\/schema.org\",\"@graph\":[{\"@type\":\"Article\",\"@id\":\"https:\/\/kulturonline.tv\/de\/abtreibungsdrama-happening-gewinnt-prix-lumiere\/#article\",\"isPartOf\":{\"@id\":\"https:\/\/kulturonline.tv\/de\/abtreibungsdrama-happening-gewinnt-prix-lumiere\/\"},\"author\":{\"name\":\"guenter.wolfgang\",\"@id\":\"https:\/\/kulturonline.tv\/de\/#\/schema\/person\/b0fac729bb9a0c193fb1df23449df4fe\"},\"headline\":\"Abtreibungsdrama &#8222;Happening&#8220; gewinnt Prix Lumi\u00e8re\",\"datePublished\":\"2022-01-18T10:41:24+00:00\",\"dateModified\":\"2022-01-18T10:41:25+00:00\",\"mainEntityOfPage\":{\"@id\":\"https:\/\/kulturonline.tv\/de\/abtreibungsdrama-happening-gewinnt-prix-lumiere\/\"},\"wordCount\":273,\"publisher\":{\"@id\":\"https:\/\/kulturonline.tv\/de\/#organization\"},\"image\":{\"@id\":\"https:\/\/kulturonline.tv\/de\/abtreibungsdrama-happening-gewinnt-prix-lumiere\/#primaryimage\"},\"thumbnailUrl\":\"https:\/\/kulturonline.tv\/wp-content\/uploads\/2022\/01\/1408x792-6.webp\",\"articleSection\":[\"Unkategorisiert\"],\"inLanguage\":\"de\"},{\"@type\":\"WebPage\",\"@id\":\"https:\/\/kulturonline.tv\/de\/abtreibungsdrama-happening-gewinnt-prix-lumiere\/\",\"url\":\"https:\/\/kulturonline.tv\/de\/abtreibungsdrama-happening-gewinnt-prix-lumiere\/\",\"name\":\"Abtreibungsdrama \\\"Happening\\\" gewinnt Prix Lumi\u00e8re - Kultur Online TV &amp; FM\",\"isPartOf\":{\"@id\":\"https:\/\/kulturonline.tv\/de\/#website\"},\"primaryImageOfPage\":{\"@id\":\"https:\/\/kulturonline.tv\/de\/abtreibungsdrama-happening-gewinnt-prix-lumiere\/#primaryimage\"},\"image\":{\"@id\":\"https:\/\/kulturonline.tv\/de\/abtreibungsdrama-happening-gewinnt-prix-lumiere\/#primaryimage\"},\"thumbnailUrl\":\"https:\/\/kulturonline.tv\/wp-content\/uploads\/2022\/01\/1408x792-6.webp\",\"datePublished\":\"2022-01-18T10:41:24+00:00\",\"dateModified\":\"2022-01-18T10:41:25+00:00\",\"description\":\"Kultur sehen und H\u00f6ren\",\"breadcrumb\":{\"@id\":\"https:\/\/kulturonline.tv\/de\/abtreibungsdrama-happening-gewinnt-prix-lumiere\/#breadcrumb\"},\"inLanguage\":\"de\",\"potentialAction\":[{\"@type\":\"ReadAction\",\"target\":[\"https:\/\/kulturonline.tv\/de\/abtreibungsdrama-happening-gewinnt-prix-lumiere\/\"]}]},{\"@type\":\"ImageObject\",\"inLanguage\":\"de\",\"@id\":\"https:\/\/kulturonline.tv\/de\/abtreibungsdrama-happening-gewinnt-prix-lumiere\/#primaryimage\",\"url\":\"https:\/\/kulturonline.tv\/wp-content\/uploads\/2022\/01\/1408x792-6.webp\",\"contentUrl\":\"https:\/\/kulturonline.tv\/wp-content\/uploads\/2022\/01\/1408x792-6.webp\",\"width\":800,\"height\":450},{\"@type\":\"BreadcrumbList\",\"@id\":\"https:\/\/kulturonline.tv\/de\/abtreibungsdrama-happening-gewinnt-prix-lumiere\/#breadcrumb\",\"itemListElement\":[{\"@type\":\"ListItem\",\"position\":1,\"name\":\"Startseite\",\"item\":\"https:\/\/kulturonline.tv\/de\/\"},{\"@type\":\"ListItem\",\"position\":2,\"name\":\"Abtreibungsdrama &#8222;Happening&#8220; gewinnt Prix Lumi\u00e8re\"}]},{\"@type\":\"WebSite\",\"@id\":\"https:\/\/kulturonline.tv\/de\/#website\",\"url\":\"https:\/\/kulturonline.tv\/de\/\",\"name\":\"Kultur Online TV &amp; FM\",\"description\":\"Wir sind Kultur 2.0 zum sehen &amp; h\u00f6ren\",\"publisher\":{\"@id\":\"https:\/\/kulturonline.tv\/de\/#organization\"},\"potentialAction\":[{\"@type\":\"SearchAction\",\"target\":{\"@type\":\"EntryPoint\",\"urlTemplate\":\"https:\/\/kulturonline.tv\/de\/?s={search_term_string}\"},\"query-input\":{\"@type\":\"PropertyValueSpecification\",\"valueRequired\":true,\"valueName\":\"search_term_string\"}}],\"inLanguage\":\"de\"},{\"@type\":\"Organization\",\"@id\":\"https:\/\/kulturonline.tv\/de\/#organization\",\"name\":\"Kultur Online TV\",\"url\":\"https:\/\/kulturonline.tv\/de\/\",\"logo\":{\"@type\":\"ImageObject\",\"inLanguage\":\"de\",\"@id\":\"https:\/\/kulturonline.tv\/de\/#\/schema\/logo\/image\/\",\"url\":\"https:\/\/kulturonline.tv\/wp-content\/uploads\/2021\/08\/Kultur-Online-Tv-Logo-Endversion-neu.png\",\"contentUrl\":\"https:\/\/kulturonline.tv\/wp-content\/uploads\/2021\/08\/Kultur-Online-Tv-Logo-Endversion-neu.png\",\"width\":200,\"height\":200,\"caption\":\"Kultur Online TV\"},\"image\":{\"@id\":\"https:\/\/kulturonline.tv\/de\/#\/schema\/logo\/image\/\"},\"sameAs\":[\"https:\/\/www.facebook.com\/kulturonline.tv\",\"https:\/\/www.instagram.com\/kulturonline.tv\"]},{\"@type\":\"Person\",\"@id\":\"https:\/\/kulturonline.tv\/de\/#\/schema\/person\/b0fac729bb9a0c193fb1df23449df4fe\",\"name\":\"guenter.wolfgang\"}]}<\/script>\n<!-- \/ Yoast SEO plugin. -->","yoast_head_json":{"title":"Abtreibungsdrama \"Happening\" gewinnt Prix Lumi\u00e8re - Kultur Online TV &amp; FM","description":"Kultur sehen und H\u00f6ren","robots":{"index":"index","follow":"follow","max-snippet":"max-snippet:-1","max-image-preview":"max-image-preview:large","max-video-preview":"max-video-preview:-1"},"canonical":"https:\/\/kulturonline.tv\/de\/abtreibungsdrama-happening-gewinnt-prix-lumiere\/","og_locale":"de_DE","og_type":"article","og_title":"Abtreibungsdrama \"Happening\" gewinnt Prix Lumi\u00e8re - Kultur Online TV &amp; FM","og_description":"Kultur sehen und H\u00f6ren","og_url":"https:\/\/kulturonline.tv\/de\/abtreibungsdrama-happening-gewinnt-prix-lumiere\/","og_site_name":"Kultur Online TV &amp; FM","article_publisher":"https:\/\/www.facebook.com\/kulturonline.tv","article_published_time":"2022-01-18T10:41:24+00:00","article_modified_time":"2022-01-18T10:41:25+00:00","og_image":[{"width":800,"height":450,"url":"https:\/\/kulturonline.tv\/wp-content\/uploads\/2022\/01\/1408x792-6.webp","type":"image\/webp"}],"author":"guenter.wolfgang","twitter_card":"summary_large_image","twitter_misc":{"Verfasst von":"guenter.wolfgang","Gesch\u00e4tzte Lesezeit":"2\u00a0Minuten"},"schema":{"@context":"https:\/\/schema.org","@graph":[{"@type":"Article","@id":"https:\/\/kulturonline.tv\/de\/abtreibungsdrama-happening-gewinnt-prix-lumiere\/#article","isPartOf":{"@id":"https:\/\/kulturonline.tv\/de\/abtreibungsdrama-happening-gewinnt-prix-lumiere\/"},"author":{"name":"guenter.wolfgang","@id":"https:\/\/kulturonline.tv\/de\/#\/schema\/person\/b0fac729bb9a0c193fb1df23449df4fe"},"headline":"Abtreibungsdrama &#8222;Happening&#8220; gewinnt Prix Lumi\u00e8re","datePublished":"2022-01-18T10:41:24+00:00","dateModified":"2022-01-18T10:41:25+00:00","mainEntityOfPage":{"@id":"https:\/\/kulturonline.tv\/de\/abtreibungsdrama-happening-gewinnt-prix-lumiere\/"},"wordCount":273,"publisher":{"@id":"https:\/\/kulturonline.tv\/de\/#organization"},"image":{"@id":"https:\/\/kulturonline.tv\/de\/abtreibungsdrama-happening-gewinnt-prix-lumiere\/#primaryimage"},"thumbnailUrl":"https:\/\/kulturonline.tv\/wp-content\/uploads\/2022\/01\/1408x792-6.webp","articleSection":["Unkategorisiert"],"inLanguage":"de"},{"@type":"WebPage","@id":"https:\/\/kulturonline.tv\/de\/abtreibungsdrama-happening-gewinnt-prix-lumiere\/","url":"https:\/\/kulturonline.tv\/de\/abtreibungsdrama-happening-gewinnt-prix-lumiere\/","name":"Abtreibungsdrama \"Happening\" gewinnt Prix Lumi\u00e8re - Kultur Online TV &amp; FM","isPartOf":{"@id":"https:\/\/kulturonline.tv\/de\/#website"},"primaryImageOfPage":{"@id":"https:\/\/kulturonline.tv\/de\/abtreibungsdrama-happening-gewinnt-prix-lumiere\/#primaryimage"},"image":{"@id":"https:\/\/kulturonline.tv\/de\/abtreibungsdrama-happening-gewinnt-prix-lumiere\/#primaryimage"},"thumbnailUrl":"https:\/\/kulturonline.tv\/wp-content\/uploads\/2022\/01\/1408x792-6.webp","datePublished":"2022-01-18T10:41:24+00:00","dateModified":"2022-01-18T10:41:25+00:00","description":"Kultur sehen und H\u00f6ren","breadcrumb":{"@id":"https:\/\/kulturonline.tv\/de\/abtreibungsdrama-happening-gewinnt-prix-lumiere\/#breadcrumb"},"inLanguage":"de","potentialAction":[{"@type":"ReadAction","target":["https:\/\/kulturonline.tv\/de\/abtreibungsdrama-happening-gewinnt-prix-lumiere\/"]}]},{"@type":"ImageObject","inLanguage":"de","@id":"https:\/\/kulturonline.tv\/de\/abtreibungsdrama-happening-gewinnt-prix-lumiere\/#primaryimage","url":"https:\/\/kulturonline.tv\/wp-content\/uploads\/2022\/01\/1408x792-6.webp","contentUrl":"https:\/\/kulturonline.tv\/wp-content\/uploads\/2022\/01\/1408x792-6.webp","width":800,"height":450},{"@type":"BreadcrumbList","@id":"https:\/\/kulturonline.tv\/de\/abtreibungsdrama-happening-gewinnt-prix-lumiere\/#breadcrumb","itemListElement":[{"@type":"ListItem","position":1,"name":"Startseite","item":"https:\/\/kulturonline.tv\/de\/"},{"@type":"ListItem","position":2,"name":"Abtreibungsdrama &#8222;Happening&#8220; gewinnt Prix Lumi\u00e8re"}]},{"@type":"WebSite","@id":"https:\/\/kulturonline.tv\/de\/#website","url":"https:\/\/kulturonline.tv\/de\/","name":"Kultur Online TV &amp; FM","description":"Wir sind Kultur 2.0 zum sehen &amp; h\u00f6ren","publisher":{"@id":"https:\/\/kulturonline.tv\/de\/#organization"},"potentialAction":[{"@type":"SearchAction","target":{"@type":"EntryPoint","urlTemplate":"https:\/\/kulturonline.tv\/de\/?s={search_term_string}"},"query-input":{"@type":"PropertyValueSpecification","valueRequired":true,"valueName":"search_term_string"}}],"inLanguage":"de"},{"@type":"Organization","@id":"https:\/\/kulturonline.tv\/de\/#organization","name":"Kultur Online TV","url":"https:\/\/kulturonline.tv\/de\/","logo":{"@type":"ImageObject","inLanguage":"de","@id":"https:\/\/kulturonline.tv\/de\/#\/schema\/logo\/image\/","url":"https:\/\/kulturonline.tv\/wp-content\/uploads\/2021\/08\/Kultur-Online-Tv-Logo-Endversion-neu.png","contentUrl":"https:\/\/kulturonline.tv\/wp-content\/uploads\/2021\/08\/Kultur-Online-Tv-Logo-Endversion-neu.png","width":200,"height":200,"caption":"Kultur Online TV"},"image":{"@id":"https:\/\/kulturonline.tv\/de\/#\/schema\/logo\/image\/"},"sameAs":["https:\/\/www.facebook.com\/kulturonline.tv","https:\/\/www.instagram.com\/kulturonline.tv"]},{"@type":"Person","@id":"https:\/\/kulturonline.tv\/de\/#\/schema\/person\/b0fac729bb9a0c193fb1df23449df4fe","name":"guenter.wolfgang"}]}},"_links":{"self":[{"href":"https:\/\/kulturonline.tv\/de\/wp-json\/wp\/v2\/posts\/19945","targetHints":{"allow":["GET"]}}],"collection":[{"href":"https:\/\/kulturonline.tv\/de\/wp-json\/wp\/v2\/posts"}],"about":[{"href":"https:\/\/kulturonline.tv\/de\/wp-json\/wp\/v2\/types\/post"}],"author":[{"embeddable":true,"href":"https:\/\/kulturonline.tv\/de\/wp-json\/wp\/v2\/users\/2"}],"replies":[{"embeddable":true,"href":"https:\/\/kulturonline.tv\/de\/wp-json\/wp\/v2\/comments?post=19945"}],"version-history":[{"count":0,"href":"https:\/\/kulturonline.tv\/de\/wp-json\/wp\/v2\/posts\/19945\/revisions"}],"wp:featuredmedia":[{"embeddable":true,"href":"https:\/\/kulturonline.tv\/de\/wp-json\/wp\/v2\/media\/19947"}],"wp:attachment":[{"href":"https:\/\/kulturonline.tv\/de\/wp-json\/wp\/v2\/media?parent=19945"}],"wp:term":[{"taxonomy":"category","embeddable":true,"href":"https:\/\/kulturonline.tv\/de\/wp-json\/wp\/v2\/categories?post=19945"},{"taxonomy":"post_tag","embeddable":true,"href":"https:\/\/kulturonline.tv\/de\/wp-json\/wp\/v2\/tags?post=19945"}],"curies":[{"name":"wp","href":"https:\/\/api.w.org\/{rel}","templated":true}]}}