{"id":20000,"date":"2022-01-19T07:58:56","date_gmt":"2022-01-19T06:58:56","guid":{"rendered":"https:\/\/kulturonline.tv\/?p=20000"},"modified":"2022-01-19T07:58:58","modified_gmt":"2022-01-19T06:58:58","slug":"foerderverein-gegruendet-kunst-und-kultur-im-raum-sulz-soll-gestaerkt-werden","status":"publish","type":"post","link":"https:\/\/kulturonline.tv\/de\/foerderverein-gegruendet-kunst-und-kultur-im-raum-sulz-soll-gestaerkt-werden\/","title":{"rendered":"F\u00f6rderverein gegr\u00fcndet &#8211; Kunst und Kultur im Raum Sulz soll gest\u00e4rkt werden"},"content":{"rendered":"\n<p><meta charset=\"utf-8\">&#8222;F\u00f6rderverein Gustav Bauernfeind Kulturhaus Sulz am Neckar&#8220; mit dem Zweck gegr\u00fcndet, die Kunst und Kultur im Raum Sulz zu f\u00f6rdern.<\/p>\n\n\n\n<figure class=\"wp-block-image size-full\"><img fetchpriority=\"high\" decoding=\"async\" width=\"1200\" height=\"675\" src=\"https:\/\/kulturonline.tv\/wp-content\/uploads\/2022\/01\/media.media_.6ea06f7b-1c89-4eb3-8f89-383aad2d36f7.original1024-edited.jpg\" alt=\"\" class=\"wp-image-20004\" srcset=\"https:\/\/kulturonline.tv\/wp-content\/uploads\/2022\/01\/media.media_.6ea06f7b-1c89-4eb3-8f89-383aad2d36f7.original1024-edited.jpg 1200w, https:\/\/kulturonline.tv\/wp-content\/uploads\/2022\/01\/media.media_.6ea06f7b-1c89-4eb3-8f89-383aad2d36f7.original1024-edited-600x338.jpg 600w, https:\/\/kulturonline.tv\/wp-content\/uploads\/2022\/01\/media.media_.6ea06f7b-1c89-4eb3-8f89-383aad2d36f7.original1024-edited-800x450.jpg 800w, https:\/\/kulturonline.tv\/wp-content\/uploads\/2022\/01\/media.media_.6ea06f7b-1c89-4eb3-8f89-383aad2d36f7.original1024-edited-768x432.jpg 768w\" sizes=\"(max-width: 1200px) 100vw, 1200px\" \/><figcaption>\u00a9 Steinmetz<\/figcaption><\/figure>\n\n\n\n<p>Die &#8222;Initiative Bauernfeind im Kulturhaus am Marktplatz&#8220; ist eine Kooperation einer Gruppe von Sulzer B\u00fcrger und B\u00fcrgerinnen, Unternehmen, Vereinen und Institutionen. Wir unterst\u00fctzen die Initiative in ihrem Bestreben, im Zentrum der Stadt Sulz ein Kulturhaus entstehen zu lassen.<\/p>\n\n\n\n<p>Vom Finanzamt wurde laut Mitteilung bereits die Gemeinn\u00fctzigkeit bescheinigt und der F\u00f6rderverein wird im n\u00e4chsten Schritt noch in das Vereinsregister eingetragen. Die gesetzliche H\u00fcrde, dass mindestens sieben Gr\u00fcndungsmitglieder einen Verein gr\u00fcnden m\u00fcssen, sei f\u00fcr die Initiatoren kein Hindernis gewesen. <\/p>\n\n\n\n<p>Denn 15 Personen und zwei Organisationen, die Stiftung Kulturlabor von Gitta Bertram und das Diasporahaus Bietenhausen in Vertretung des Vorstandsvorsitzenden Andr\u00e9 Guzzardo, h\u00e4tten die Satzung nach endg\u00fcltiger Ausformulierung unterschrieben.<\/p>\n\n\n\n<p>Der F\u00f6rderverein beabsichtigt, die Errichtung eines Stadtmuseums im geplanten Kulturhaus zu unterst\u00fctzen. Mit diesen Aktivit\u00e4ten wird das kulturelle Erbe der Vorfahren weiter erforscht und nachvollziehbar dargestellt, damit alle Sulzer sowie deren Kinder und Enkelkinder einen Bezug zur Kulturgeschichte ihrer Heimat entwickeln k\u00f6nnen, hei\u00dft es in der Mitteilung.<\/p>\n\n\n\n<p>Dar\u00fcber hinaus geh\u00f6ren der Ankauf und die Instandhaltung von Objekten und Dokumenten f\u00fcr beide Museen zu den Vereinsaufgaben. Auch zuk\u00fcnftig werden das Bauernfeind-Museum und das k\u00fcnftige Stadtmuseum auf Leihgeberinnen und Leihgeber angewiesen sein, die ihre Dokumente und Gegenst\u00e4nde der Stadt \u00fcber einen entsprechenden Vertrag zur Verf\u00fcgung stellen, teilt die Initiative mit.<\/p>\n\n\n\n<p>Kultur Online TV<\/p>\n\n\n\n<p>#kultur #museum #sulz<\/p>\n","protected":false},"excerpt":{"rendered":"<p>&#8222;F\u00f6rderverein Gustav Bauernfeind Kulturhaus Sulz am Neckar&#8220; mit dem Zweck gegr\u00fcndet, die Kunst und Kultur im Raum Sulz zu f\u00f6rdern. Die &#8222;Initiative Bauernfeind im Kulturhaus am Marktplatz&#8220; ist eine Kooperation einer Gruppe von Sulzer B\u00fcrger und B\u00fcrgerinnen, Unternehmen, Vereinen und Institutionen. Wir unterst\u00fctzen die Initiative in ihrem Bestreben, im Zentrum der Stadt Sulz ein Kulturhaus [&hellip;]<\/p>\n","protected":false},"author":2,"featured_media":20004,"comment_status":"closed","ping_status":"closed","sticky":false,"template":"","format":"standard","meta":{"_acf_changed":false,"footnotes":""},"categories":[21],"tags":[],"class_list":["post-20000","post","type-post","status-publish","format-standard","has-post-thumbnail","hentry","category-kultur"],"acf":[],"yoast_head":"<!-- This site is optimized with the Yoast SEO plugin v26.1.1 - https:\/\/yoast.com\/wordpress\/plugins\/seo\/ -->\n<title>F\u00f6rderverein gegr\u00fcndet - Kunst und Kultur im Raum Sulz soll gest\u00e4rkt werden - Kultur Online TV &amp; FM<\/title>\n<meta name=\"description\" content=\"Kultur sehen und H\u00f6ren\" \/>\n<meta name=\"robots\" content=\"index, follow, max-snippet:-1, max-image-preview:large, max-video-preview:-1\" \/>\n<link rel=\"canonical\" href=\"https:\/\/kulturonline.tv\/de\/foerderverein-gegruendet-kunst-und-kultur-im-raum-sulz-soll-gestaerkt-werden\/\" \/>\n<meta property=\"og:locale\" content=\"de_DE\" \/>\n<meta property=\"og:type\" content=\"article\" \/>\n<meta property=\"og:title\" content=\"F\u00f6rderverein gegr\u00fcndet - Kunst und Kultur im Raum Sulz soll gest\u00e4rkt werden - Kultur Online TV &amp; FM\" \/>\n<meta property=\"og:description\" content=\"Kultur sehen und H\u00f6ren\" \/>\n<meta property=\"og:url\" content=\"https:\/\/kulturonline.tv\/de\/foerderverein-gegruendet-kunst-und-kultur-im-raum-sulz-soll-gestaerkt-werden\/\" \/>\n<meta property=\"og:site_name\" content=\"Kultur Online TV &amp; FM\" \/>\n<meta property=\"article:publisher\" content=\"https:\/\/www.facebook.com\/kulturonline.tv\" \/>\n<meta property=\"article:published_time\" content=\"2022-01-19T06:58:56+00:00\" \/>\n<meta property=\"article:modified_time\" content=\"2022-01-19T06:58:58+00:00\" \/>\n<meta property=\"og:image\" content=\"https:\/\/kulturonline.tv\/wp-content\/uploads\/2022\/01\/media.media_.6ea06f7b-1c89-4eb3-8f89-383aad2d36f7.original1024-edited.jpg\" \/>\n\t<meta property=\"og:image:width\" content=\"1200\" \/>\n\t<meta property=\"og:image:height\" content=\"675\" \/>\n\t<meta property=\"og:image:type\" content=\"image\/jpeg\" \/>\n<meta name=\"author\" content=\"guenter.wolfgang\" \/>\n<meta name=\"twitter:card\" content=\"summary_large_image\" \/>\n<meta name=\"twitter:label1\" content=\"Verfasst von\" \/>\n\t<meta name=\"twitter:data1\" content=\"guenter.wolfgang\" \/>\n\t<meta name=\"twitter:label2\" content=\"Gesch\u00e4tzte Lesezeit\" \/>\n\t<meta name=\"twitter:data2\" content=\"2\u00a0Minuten\" \/>\n<script type=\"application\/ld+json\" class=\"yoast-schema-graph\">{\"@context\":\"https:\/\/schema.org\",\"@graph\":[{\"@type\":\"Article\",\"@id\":\"https:\/\/kulturonline.tv\/de\/foerderverein-gegruendet-kunst-und-kultur-im-raum-sulz-soll-gestaerkt-werden\/#article\",\"isPartOf\":{\"@id\":\"https:\/\/kulturonline.tv\/de\/foerderverein-gegruendet-kunst-und-kultur-im-raum-sulz-soll-gestaerkt-werden\/\"},\"author\":{\"name\":\"guenter.wolfgang\",\"@id\":\"https:\/\/kulturonline.tv\/de\/#\/schema\/person\/b0fac729bb9a0c193fb1df23449df4fe\"},\"headline\":\"F\u00f6rderverein gegr\u00fcndet &#8211; Kunst und Kultur im Raum Sulz soll gest\u00e4rkt werden\",\"datePublished\":\"2022-01-19T06:58:56+00:00\",\"dateModified\":\"2022-01-19T06:58:58+00:00\",\"mainEntityOfPage\":{\"@id\":\"https:\/\/kulturonline.tv\/de\/foerderverein-gegruendet-kunst-und-kultur-im-raum-sulz-soll-gestaerkt-werden\/\"},\"wordCount\":273,\"publisher\":{\"@id\":\"https:\/\/kulturonline.tv\/de\/#organization\"},\"image\":{\"@id\":\"https:\/\/kulturonline.tv\/de\/foerderverein-gegruendet-kunst-und-kultur-im-raum-sulz-soll-gestaerkt-werden\/#primaryimage\"},\"thumbnailUrl\":\"https:\/\/kulturonline.tv\/wp-content\/uploads\/2022\/01\/media.media_.6ea06f7b-1c89-4eb3-8f89-383aad2d36f7.original1024-edited.jpg\",\"articleSection\":[\"Kultur\"],\"inLanguage\":\"de\"},{\"@type\":\"WebPage\",\"@id\":\"https:\/\/kulturonline.tv\/de\/foerderverein-gegruendet-kunst-und-kultur-im-raum-sulz-soll-gestaerkt-werden\/\",\"url\":\"https:\/\/kulturonline.tv\/de\/foerderverein-gegruendet-kunst-und-kultur-im-raum-sulz-soll-gestaerkt-werden\/\",\"name\":\"F\u00f6rderverein gegr\u00fcndet - Kunst und Kultur im Raum Sulz soll gest\u00e4rkt werden - Kultur Online TV &amp; FM\",\"isPartOf\":{\"@id\":\"https:\/\/kulturonline.tv\/de\/#website\"},\"primaryImageOfPage\":{\"@id\":\"https:\/\/kulturonline.tv\/de\/foerderverein-gegruendet-kunst-und-kultur-im-raum-sulz-soll-gestaerkt-werden\/#primaryimage\"},\"image\":{\"@id\":\"https:\/\/kulturonline.tv\/de\/foerderverein-gegruendet-kunst-und-kultur-im-raum-sulz-soll-gestaerkt-werden\/#primaryimage\"},\"thumbnailUrl\":\"https:\/\/kulturonline.tv\/wp-content\/uploads\/2022\/01\/media.media_.6ea06f7b-1c89-4eb3-8f89-383aad2d36f7.original1024-edited.jpg\",\"datePublished\":\"2022-01-19T06:58:56+00:00\",\"dateModified\":\"2022-01-19T06:58:58+00:00\",\"description\":\"Kultur sehen und H\u00f6ren\",\"breadcrumb\":{\"@id\":\"https:\/\/kulturonline.tv\/de\/foerderverein-gegruendet-kunst-und-kultur-im-raum-sulz-soll-gestaerkt-werden\/#breadcrumb\"},\"inLanguage\":\"de\",\"potentialAction\":[{\"@type\":\"ReadAction\",\"target\":[\"https:\/\/kulturonline.tv\/de\/foerderverein-gegruendet-kunst-und-kultur-im-raum-sulz-soll-gestaerkt-werden\/\"]}]},{\"@type\":\"ImageObject\",\"inLanguage\":\"de\",\"@id\":\"https:\/\/kulturonline.tv\/de\/foerderverein-gegruendet-kunst-und-kultur-im-raum-sulz-soll-gestaerkt-werden\/#primaryimage\",\"url\":\"https:\/\/kulturonline.tv\/wp-content\/uploads\/2022\/01\/media.media_.6ea06f7b-1c89-4eb3-8f89-383aad2d36f7.original1024-edited.jpg\",\"contentUrl\":\"https:\/\/kulturonline.tv\/wp-content\/uploads\/2022\/01\/media.media_.6ea06f7b-1c89-4eb3-8f89-383aad2d36f7.original1024-edited.jpg\",\"width\":1200,\"height\":675},{\"@type\":\"BreadcrumbList\",\"@id\":\"https:\/\/kulturonline.tv\/de\/foerderverein-gegruendet-kunst-und-kultur-im-raum-sulz-soll-gestaerkt-werden\/#breadcrumb\",\"itemListElement\":[{\"@type\":\"ListItem\",\"position\":1,\"name\":\"Startseite\",\"item\":\"https:\/\/kulturonline.tv\/de\/\"},{\"@type\":\"ListItem\",\"position\":2,\"name\":\"F\u00f6rderverein gegr\u00fcndet &#8211; Kunst und Kultur im Raum Sulz soll gest\u00e4rkt werden\"}]},{\"@type\":\"WebSite\",\"@id\":\"https:\/\/kulturonline.tv\/de\/#website\",\"url\":\"https:\/\/kulturonline.tv\/de\/\",\"name\":\"Kultur Online TV &amp; FM\",\"description\":\"Wir sind Kultur 2.0 zum sehen &amp; h\u00f6ren\",\"publisher\":{\"@id\":\"https:\/\/kulturonline.tv\/de\/#organization\"},\"potentialAction\":[{\"@type\":\"SearchAction\",\"target\":{\"@type\":\"EntryPoint\",\"urlTemplate\":\"https:\/\/kulturonline.tv\/de\/?s={search_term_string}\"},\"query-input\":{\"@type\":\"PropertyValueSpecification\",\"valueRequired\":true,\"valueName\":\"search_term_string\"}}],\"inLanguage\":\"de\"},{\"@type\":\"Organization\",\"@id\":\"https:\/\/kulturonline.tv\/de\/#organization\",\"name\":\"Kultur Online TV\",\"url\":\"https:\/\/kulturonline.tv\/de\/\",\"logo\":{\"@type\":\"ImageObject\",\"inLanguage\":\"de\",\"@id\":\"https:\/\/kulturonline.tv\/de\/#\/schema\/logo\/image\/\",\"url\":\"https:\/\/kulturonline.tv\/wp-content\/uploads\/2021\/08\/Kultur-Online-Tv-Logo-Endversion-neu.png\",\"contentUrl\":\"https:\/\/kulturonline.tv\/wp-content\/uploads\/2021\/08\/Kultur-Online-Tv-Logo-Endversion-neu.png\",\"width\":200,\"height\":200,\"caption\":\"Kultur Online TV\"},\"image\":{\"@id\":\"https:\/\/kulturonline.tv\/de\/#\/schema\/logo\/image\/\"},\"sameAs\":[\"https:\/\/www.facebook.com\/kulturonline.tv\",\"https:\/\/www.instagram.com\/kulturonline.tv\"]},{\"@type\":\"Person\",\"@id\":\"https:\/\/kulturonline.tv\/de\/#\/schema\/person\/b0fac729bb9a0c193fb1df23449df4fe\",\"name\":\"guenter.wolfgang\"}]}<\/script>\n<!-- \/ Yoast SEO plugin. -->","yoast_head_json":{"title":"F\u00f6rderverein gegr\u00fcndet - Kunst und Kultur im Raum Sulz soll gest\u00e4rkt werden - Kultur Online TV &amp; FM","description":"Kultur sehen und H\u00f6ren","robots":{"index":"index","follow":"follow","max-snippet":"max-snippet:-1","max-image-preview":"max-image-preview:large","max-video-preview":"max-video-preview:-1"},"canonical":"https:\/\/kulturonline.tv\/de\/foerderverein-gegruendet-kunst-und-kultur-im-raum-sulz-soll-gestaerkt-werden\/","og_locale":"de_DE","og_type":"article","og_title":"F\u00f6rderverein gegr\u00fcndet - Kunst und Kultur im Raum Sulz soll gest\u00e4rkt werden - Kultur Online TV &amp; FM","og_description":"Kultur sehen und H\u00f6ren","og_url":"https:\/\/kulturonline.tv\/de\/foerderverein-gegruendet-kunst-und-kultur-im-raum-sulz-soll-gestaerkt-werden\/","og_site_name":"Kultur Online TV &amp; FM","article_publisher":"https:\/\/www.facebook.com\/kulturonline.tv","article_published_time":"2022-01-19T06:58:56+00:00","article_modified_time":"2022-01-19T06:58:58+00:00","og_image":[{"width":1200,"height":675,"url":"https:\/\/kulturonline.tv\/wp-content\/uploads\/2022\/01\/media.media_.6ea06f7b-1c89-4eb3-8f89-383aad2d36f7.original1024-edited.jpg","type":"image\/jpeg"}],"author":"guenter.wolfgang","twitter_card":"summary_large_image","twitter_misc":{"Verfasst von":"guenter.wolfgang","Gesch\u00e4tzte Lesezeit":"2\u00a0Minuten"},"schema":{"@context":"https:\/\/schema.org","@graph":[{"@type":"Article","@id":"https:\/\/kulturonline.tv\/de\/foerderverein-gegruendet-kunst-und-kultur-im-raum-sulz-soll-gestaerkt-werden\/#article","isPartOf":{"@id":"https:\/\/kulturonline.tv\/de\/foerderverein-gegruendet-kunst-und-kultur-im-raum-sulz-soll-gestaerkt-werden\/"},"author":{"name":"guenter.wolfgang","@id":"https:\/\/kulturonline.tv\/de\/#\/schema\/person\/b0fac729bb9a0c193fb1df23449df4fe"},"headline":"F\u00f6rderverein gegr\u00fcndet &#8211; Kunst und Kultur im Raum Sulz soll gest\u00e4rkt werden","datePublished":"2022-01-19T06:58:56+00:00","dateModified":"2022-01-19T06:58:58+00:00","mainEntityOfPage":{"@id":"https:\/\/kulturonline.tv\/de\/foerderverein-gegruendet-kunst-und-kultur-im-raum-sulz-soll-gestaerkt-werden\/"},"wordCount":273,"publisher":{"@id":"https:\/\/kulturonline.tv\/de\/#organization"},"image":{"@id":"https:\/\/kulturonline.tv\/de\/foerderverein-gegruendet-kunst-und-kultur-im-raum-sulz-soll-gestaerkt-werden\/#primaryimage"},"thumbnailUrl":"https:\/\/kulturonline.tv\/wp-content\/uploads\/2022\/01\/media.media_.6ea06f7b-1c89-4eb3-8f89-383aad2d36f7.original1024-edited.jpg","articleSection":["Kultur"],"inLanguage":"de"},{"@type":"WebPage","@id":"https:\/\/kulturonline.tv\/de\/foerderverein-gegruendet-kunst-und-kultur-im-raum-sulz-soll-gestaerkt-werden\/","url":"https:\/\/kulturonline.tv\/de\/foerderverein-gegruendet-kunst-und-kultur-im-raum-sulz-soll-gestaerkt-werden\/","name":"F\u00f6rderverein gegr\u00fcndet - Kunst und Kultur im Raum Sulz soll gest\u00e4rkt werden - Kultur Online TV &amp; FM","isPartOf":{"@id":"https:\/\/kulturonline.tv\/de\/#website"},"primaryImageOfPage":{"@id":"https:\/\/kulturonline.tv\/de\/foerderverein-gegruendet-kunst-und-kultur-im-raum-sulz-soll-gestaerkt-werden\/#primaryimage"},"image":{"@id":"https:\/\/kulturonline.tv\/de\/foerderverein-gegruendet-kunst-und-kultur-im-raum-sulz-soll-gestaerkt-werden\/#primaryimage"},"thumbnailUrl":"https:\/\/kulturonline.tv\/wp-content\/uploads\/2022\/01\/media.media_.6ea06f7b-1c89-4eb3-8f89-383aad2d36f7.original1024-edited.jpg","datePublished":"2022-01-19T06:58:56+00:00","dateModified":"2022-01-19T06:58:58+00:00","description":"Kultur sehen und H\u00f6ren","breadcrumb":{"@id":"https:\/\/kulturonline.tv\/de\/foerderverein-gegruendet-kunst-und-kultur-im-raum-sulz-soll-gestaerkt-werden\/#breadcrumb"},"inLanguage":"de","potentialAction":[{"@type":"ReadAction","target":["https:\/\/kulturonline.tv\/de\/foerderverein-gegruendet-kunst-und-kultur-im-raum-sulz-soll-gestaerkt-werden\/"]}]},{"@type":"ImageObject","inLanguage":"de","@id":"https:\/\/kulturonline.tv\/de\/foerderverein-gegruendet-kunst-und-kultur-im-raum-sulz-soll-gestaerkt-werden\/#primaryimage","url":"https:\/\/kulturonline.tv\/wp-content\/uploads\/2022\/01\/media.media_.6ea06f7b-1c89-4eb3-8f89-383aad2d36f7.original1024-edited.jpg","contentUrl":"https:\/\/kulturonline.tv\/wp-content\/uploads\/2022\/01\/media.media_.6ea06f7b-1c89-4eb3-8f89-383aad2d36f7.original1024-edited.jpg","width":1200,"height":675},{"@type":"BreadcrumbList","@id":"https:\/\/kulturonline.tv\/de\/foerderverein-gegruendet-kunst-und-kultur-im-raum-sulz-soll-gestaerkt-werden\/#breadcrumb","itemListElement":[{"@type":"ListItem","position":1,"name":"Startseite","item":"https:\/\/kulturonline.tv\/de\/"},{"@type":"ListItem","position":2,"name":"F\u00f6rderverein gegr\u00fcndet &#8211; Kunst und Kultur im Raum Sulz soll gest\u00e4rkt werden"}]},{"@type":"WebSite","@id":"https:\/\/kulturonline.tv\/de\/#website","url":"https:\/\/kulturonline.tv\/de\/","name":"Kultur Online TV &amp; FM","description":"Wir sind Kultur 2.0 zum sehen &amp; h\u00f6ren","publisher":{"@id":"https:\/\/kulturonline.tv\/de\/#organization"},"potentialAction":[{"@type":"SearchAction","target":{"@type":"EntryPoint","urlTemplate":"https:\/\/kulturonline.tv\/de\/?s={search_term_string}"},"query-input":{"@type":"PropertyValueSpecification","valueRequired":true,"valueName":"search_term_string"}}],"inLanguage":"de"},{"@type":"Organization","@id":"https:\/\/kulturonline.tv\/de\/#organization","name":"Kultur Online TV","url":"https:\/\/kulturonline.tv\/de\/","logo":{"@type":"ImageObject","inLanguage":"de","@id":"https:\/\/kulturonline.tv\/de\/#\/schema\/logo\/image\/","url":"https:\/\/kulturonline.tv\/wp-content\/uploads\/2021\/08\/Kultur-Online-Tv-Logo-Endversion-neu.png","contentUrl":"https:\/\/kulturonline.tv\/wp-content\/uploads\/2021\/08\/Kultur-Online-Tv-Logo-Endversion-neu.png","width":200,"height":200,"caption":"Kultur Online TV"},"image":{"@id":"https:\/\/kulturonline.tv\/de\/#\/schema\/logo\/image\/"},"sameAs":["https:\/\/www.facebook.com\/kulturonline.tv","https:\/\/www.instagram.com\/kulturonline.tv"]},{"@type":"Person","@id":"https:\/\/kulturonline.tv\/de\/#\/schema\/person\/b0fac729bb9a0c193fb1df23449df4fe","name":"guenter.wolfgang"}]}},"_links":{"self":[{"href":"https:\/\/kulturonline.tv\/de\/wp-json\/wp\/v2\/posts\/20000","targetHints":{"allow":["GET"]}}],"collection":[{"href":"https:\/\/kulturonline.tv\/de\/wp-json\/wp\/v2\/posts"}],"about":[{"href":"https:\/\/kulturonline.tv\/de\/wp-json\/wp\/v2\/types\/post"}],"author":[{"embeddable":true,"href":"https:\/\/kulturonline.tv\/de\/wp-json\/wp\/v2\/users\/2"}],"replies":[{"embeddable":true,"href":"https:\/\/kulturonline.tv\/de\/wp-json\/wp\/v2\/comments?post=20000"}],"version-history":[{"count":0,"href":"https:\/\/kulturonline.tv\/de\/wp-json\/wp\/v2\/posts\/20000\/revisions"}],"wp:featuredmedia":[{"embeddable":true,"href":"https:\/\/kulturonline.tv\/de\/wp-json\/wp\/v2\/media\/20004"}],"wp:attachment":[{"href":"https:\/\/kulturonline.tv\/de\/wp-json\/wp\/v2\/media?parent=20000"}],"wp:term":[{"taxonomy":"category","embeddable":true,"href":"https:\/\/kulturonline.tv\/de\/wp-json\/wp\/v2\/categories?post=20000"},{"taxonomy":"post_tag","embeddable":true,"href":"https:\/\/kulturonline.tv\/de\/wp-json\/wp\/v2\/tags?post=20000"}],"curies":[{"name":"wp","href":"https:\/\/api.w.org\/{rel}","templated":true}]}}