{"id":20021,"date":"2022-01-19T08:22:56","date_gmt":"2022-01-19T07:22:56","guid":{"rendered":"https:\/\/kulturonline.tv\/?p=20021"},"modified":"2022-01-19T08:22:58","modified_gmt":"2022-01-19T07:22:58","slug":"eine-ermutigung-fuer-die-idee-der-freiheit","status":"publish","type":"post","link":"https:\/\/kulturonline.tv\/de\/eine-ermutigung-fuer-die-idee-der-freiheit\/","title":{"rendered":"\u201eEine Ermutigung f\u00fcr die Idee der Freiheit\u201c"},"content":{"rendered":"\n<p>Russland l\u00e4sst Kirill Serebrennikov zu den Lessingtagen nach Hamburg reisen, der kritische K\u00fcnstler inszeniert dort \u201eDer schwarze M\u00f6nch\u201c. Thalia-Intendant Joachim Lux sieht darin ein Symbol.<\/p>\n\n\n\n<figure class=\"wp-block-image size-full\"><img fetchpriority=\"high\" decoding=\"async\" width=\"965\" height=\"542\" src=\"https:\/\/kulturonline.tv\/wp-content\/uploads\/2022\/01\/Regisseur-Serebrennikow-ueberraschend-zu-Proben-in-Hamburg-edited.jpg\" alt=\"\" class=\"wp-image-20028\" srcset=\"https:\/\/kulturonline.tv\/wp-content\/uploads\/2022\/01\/Regisseur-Serebrennikow-ueberraschend-zu-Proben-in-Hamburg-edited.jpg 965w, https:\/\/kulturonline.tv\/wp-content\/uploads\/2022\/01\/Regisseur-Serebrennikow-ueberraschend-zu-Proben-in-Hamburg-edited-600x337.jpg 600w, https:\/\/kulturonline.tv\/wp-content\/uploads\/2022\/01\/Regisseur-Serebrennikow-ueberraschend-zu-Proben-in-Hamburg-edited-800x449.jpg 800w, https:\/\/kulturonline.tv\/wp-content\/uploads\/2022\/01\/Regisseur-Serebrennikow-ueberraschend-zu-Proben-in-Hamburg-edited-768x431.jpg 768w\" sizes=\"(max-width: 965px) 100vw, 965px\" \/><figcaption>\u00a9 Marcus Brandt<\/figcaption><\/figure>\n\n\n\n<p>Der lang unter Hausarrest festgehaltene russische Regisseur Kirill Serebrennikow darf \u00fcberraschend in Hamburg proben.<\/p>\n\n\n\n<p>Der russische Regisseur Kirill Serebrennikov durfte nach jahrelangem Hausarrest \u00fcberraschend Moskau verlassen und ist mit einem befristeten Visum zu Proben am Thalia Theater in Hamburg eingetroffen. Hinter ihm liegen mehr als vier Jahre Reiseverbot. <\/p>\n\n\n\n<p>Inszeniert hat Serebrennikov trotzdem \u2013 per Zoom in ganz Europa,\u00a0darunter \u201eNabucco\u201c an der Hamburgischen Staatsoper 2019. Seit Montag leitet er am Thalia nun die Proben seiner Inszenierung \u201eDer schwarze M\u00f6nch\u201c nach Anton Tschechows Erz\u00e4hlung, erweitert um weitere Tschechow-Stoffe.<\/p>\n\n\n\n<p>&#8222;Ich wahr sehr \u00fcberrascht und konnte das Ganze erst glauben, als\u00a0Kirill Serebrennikow\u00a0am\u00a0vergangenen Samstag tats\u00e4chlich in Hamburg gelandet war&#8220;, sagt der\u00a0Thalia-Intendant Joachim Lux. <\/p>\n\n\n\n<p>Der international gefeierte\u00a0Oper-, Film- und Theaterregisseur\u00a0mit klarer politischer Haltung wurde im Sommer 2017 unter Hausarrest gestellt. Ihm wurde Veruntreuung von staatlichen Subventionen vorgeworfen, die in sein Theaterprojekt &#8222;Gogol-\u0421enter&#8220; geflossen sein sollen. Nach einem z\u00e4hen\u00a0zweij\u00e4hrigen Prozess wurde Serebrennikow zu drei Jahren auf Bew\u00e4hrung und einer Geldstrafe verurteilt und mit einem Ausreiseverbot aus Russland belegt.<\/p>\n\n\n\n<p>F\u00fcr seine erste Arbeit &#8222;in Pr\u00e4senz&#8220; hat sich Serebrennikow nun eine ziemliche Rarit\u00e4t ausgesucht &#8211;&nbsp;die Erz\u00e4hlung &#8222;Der schwarze M\u00f6nch&#8220; von Anton Tschechow, die als eines der r\u00e4tselhaftesten Werken des gro\u00dfen russischen Dramatikers gilt.<\/p>\n\n\n\n<p>Das nur mit vier Personen besetzte Mini-Drama in Form einer philosophischen Novelle handelt von einem Universit\u00e4tsprofessor, der vom Trugbild eines schwarzen M\u00f6nches verfolgt wird. &#8222;F\u00fcr diese Erz\u00e4hlung, die in Russland sehr ber\u00fchmt und in Deutschland komplett unbekannt ist, gibt es keine klare Lesart&#8220;, meint Joachim Lux. <\/p>\n\n\n\n<p>&#8222;Der Konflikt ist, wenn man so will, die Kluft zwischen der Notwendigkeit des normalen durchschnittlichen b\u00fcrgerlichen Lebens einerseits und dem andererseits Wunsch des Menschen, gro\u00df und besonders, vielleicht sogar genialisch zu sein.&#8220;<\/p>\n\n\n\n<p>Kultur Online TV<\/p>\n\n\n\n<p>#theater #kultur <\/p>\n","protected":false},"excerpt":{"rendered":"<p>Russland l\u00e4sst Kirill Serebrennikov zu den Lessingtagen nach Hamburg reisen, der kritische K\u00fcnstler inszeniert dort \u201eDer schwarze M\u00f6nch\u201c. Thalia-Intendant Joachim Lux sieht darin ein Symbol. Der lang unter Hausarrest festgehaltene russische Regisseur Kirill Serebrennikow darf \u00fcberraschend in Hamburg proben. Der russische Regisseur Kirill Serebrennikov durfte nach jahrelangem Hausarrest \u00fcberraschend Moskau verlassen und ist mit einem [&hellip;]<\/p>\n","protected":false},"author":2,"featured_media":20028,"comment_status":"closed","ping_status":"closed","sticky":false,"template":"","format":"standard","meta":{"_acf_changed":false,"footnotes":""},"categories":[105],"tags":[],"class_list":["post-20021","post","type-post","status-publish","format-standard","has-post-thumbnail","hentry","category-theater"],"acf":[],"yoast_head":"<!-- This site is optimized with the Yoast SEO plugin v26.1.1 - https:\/\/yoast.com\/wordpress\/plugins\/seo\/ -->\n<title>\u201eEine Ermutigung f\u00fcr die Idee der Freiheit\u201c - Kultur Online TV &amp; FM<\/title>\n<meta name=\"description\" content=\"Kultur sehen und H\u00f6ren\" \/>\n<meta name=\"robots\" content=\"index, follow, max-snippet:-1, max-image-preview:large, max-video-preview:-1\" \/>\n<link rel=\"canonical\" href=\"https:\/\/kulturonline.tv\/de\/eine-ermutigung-fuer-die-idee-der-freiheit\/\" \/>\n<meta property=\"og:locale\" content=\"de_DE\" \/>\n<meta property=\"og:type\" content=\"article\" \/>\n<meta property=\"og:title\" content=\"\u201eEine Ermutigung f\u00fcr die Idee der Freiheit\u201c - Kultur Online TV &amp; FM\" \/>\n<meta property=\"og:description\" content=\"Kultur sehen und H\u00f6ren\" \/>\n<meta property=\"og:url\" content=\"https:\/\/kulturonline.tv\/de\/eine-ermutigung-fuer-die-idee-der-freiheit\/\" \/>\n<meta property=\"og:site_name\" content=\"Kultur Online TV &amp; FM\" \/>\n<meta property=\"article:publisher\" content=\"https:\/\/www.facebook.com\/kulturonline.tv\" \/>\n<meta property=\"article:published_time\" content=\"2022-01-19T07:22:56+00:00\" \/>\n<meta property=\"article:modified_time\" content=\"2022-01-19T07:22:58+00:00\" \/>\n<meta property=\"og:image\" content=\"https:\/\/kulturonline.tv\/wp-content\/uploads\/2022\/01\/Regisseur-Serebrennikow-ueberraschend-zu-Proben-in-Hamburg-edited.jpg\" \/>\n\t<meta property=\"og:image:width\" content=\"965\" \/>\n\t<meta property=\"og:image:height\" content=\"542\" \/>\n\t<meta property=\"og:image:type\" content=\"image\/jpeg\" \/>\n<meta name=\"author\" content=\"guenter.wolfgang\" \/>\n<meta name=\"twitter:card\" content=\"summary_large_image\" \/>\n<meta name=\"twitter:label1\" content=\"Verfasst von\" \/>\n\t<meta name=\"twitter:data1\" content=\"guenter.wolfgang\" \/>\n\t<meta name=\"twitter:label2\" content=\"Gesch\u00e4tzte Lesezeit\" \/>\n\t<meta name=\"twitter:data2\" content=\"2\u00a0Minuten\" \/>\n<script type=\"application\/ld+json\" class=\"yoast-schema-graph\">{\"@context\":\"https:\/\/schema.org\",\"@graph\":[{\"@type\":\"Article\",\"@id\":\"https:\/\/kulturonline.tv\/de\/eine-ermutigung-fuer-die-idee-der-freiheit\/#article\",\"isPartOf\":{\"@id\":\"https:\/\/kulturonline.tv\/de\/eine-ermutigung-fuer-die-idee-der-freiheit\/\"},\"author\":{\"name\":\"guenter.wolfgang\",\"@id\":\"https:\/\/kulturonline.tv\/de\/#\/schema\/person\/b0fac729bb9a0c193fb1df23449df4fe\"},\"headline\":\"\u201eEine Ermutigung f\u00fcr die Idee der Freiheit\u201c\",\"datePublished\":\"2022-01-19T07:22:56+00:00\",\"dateModified\":\"2022-01-19T07:22:58+00:00\",\"mainEntityOfPage\":{\"@id\":\"https:\/\/kulturonline.tv\/de\/eine-ermutigung-fuer-die-idee-der-freiheit\/\"},\"wordCount\":341,\"publisher\":{\"@id\":\"https:\/\/kulturonline.tv\/de\/#organization\"},\"image\":{\"@id\":\"https:\/\/kulturonline.tv\/de\/eine-ermutigung-fuer-die-idee-der-freiheit\/#primaryimage\"},\"thumbnailUrl\":\"https:\/\/kulturonline.tv\/wp-content\/uploads\/2022\/01\/Regisseur-Serebrennikow-ueberraschend-zu-Proben-in-Hamburg-edited.jpg\",\"articleSection\":[\"Theater\"],\"inLanguage\":\"de\"},{\"@type\":\"WebPage\",\"@id\":\"https:\/\/kulturonline.tv\/de\/eine-ermutigung-fuer-die-idee-der-freiheit\/\",\"url\":\"https:\/\/kulturonline.tv\/de\/eine-ermutigung-fuer-die-idee-der-freiheit\/\",\"name\":\"\u201eEine Ermutigung f\u00fcr die Idee der Freiheit\u201c - Kultur Online TV &amp; FM\",\"isPartOf\":{\"@id\":\"https:\/\/kulturonline.tv\/de\/#website\"},\"primaryImageOfPage\":{\"@id\":\"https:\/\/kulturonline.tv\/de\/eine-ermutigung-fuer-die-idee-der-freiheit\/#primaryimage\"},\"image\":{\"@id\":\"https:\/\/kulturonline.tv\/de\/eine-ermutigung-fuer-die-idee-der-freiheit\/#primaryimage\"},\"thumbnailUrl\":\"https:\/\/kulturonline.tv\/wp-content\/uploads\/2022\/01\/Regisseur-Serebrennikow-ueberraschend-zu-Proben-in-Hamburg-edited.jpg\",\"datePublished\":\"2022-01-19T07:22:56+00:00\",\"dateModified\":\"2022-01-19T07:22:58+00:00\",\"description\":\"Kultur sehen und H\u00f6ren\",\"breadcrumb\":{\"@id\":\"https:\/\/kulturonline.tv\/de\/eine-ermutigung-fuer-die-idee-der-freiheit\/#breadcrumb\"},\"inLanguage\":\"de\",\"potentialAction\":[{\"@type\":\"ReadAction\",\"target\":[\"https:\/\/kulturonline.tv\/de\/eine-ermutigung-fuer-die-idee-der-freiheit\/\"]}]},{\"@type\":\"ImageObject\",\"inLanguage\":\"de\",\"@id\":\"https:\/\/kulturonline.tv\/de\/eine-ermutigung-fuer-die-idee-der-freiheit\/#primaryimage\",\"url\":\"https:\/\/kulturonline.tv\/wp-content\/uploads\/2022\/01\/Regisseur-Serebrennikow-ueberraschend-zu-Proben-in-Hamburg-edited.jpg\",\"contentUrl\":\"https:\/\/kulturonline.tv\/wp-content\/uploads\/2022\/01\/Regisseur-Serebrennikow-ueberraschend-zu-Proben-in-Hamburg-edited.jpg\",\"width\":965,\"height\":542},{\"@type\":\"BreadcrumbList\",\"@id\":\"https:\/\/kulturonline.tv\/de\/eine-ermutigung-fuer-die-idee-der-freiheit\/#breadcrumb\",\"itemListElement\":[{\"@type\":\"ListItem\",\"position\":1,\"name\":\"Startseite\",\"item\":\"https:\/\/kulturonline.tv\/de\/\"},{\"@type\":\"ListItem\",\"position\":2,\"name\":\"\u201eEine Ermutigung f\u00fcr die Idee der Freiheit\u201c\"}]},{\"@type\":\"WebSite\",\"@id\":\"https:\/\/kulturonline.tv\/de\/#website\",\"url\":\"https:\/\/kulturonline.tv\/de\/\",\"name\":\"Kultur Online TV &amp; FM\",\"description\":\"Wir sind Kultur 2.0 zum sehen &amp; h\u00f6ren\",\"publisher\":{\"@id\":\"https:\/\/kulturonline.tv\/de\/#organization\"},\"potentialAction\":[{\"@type\":\"SearchAction\",\"target\":{\"@type\":\"EntryPoint\",\"urlTemplate\":\"https:\/\/kulturonline.tv\/de\/?s={search_term_string}\"},\"query-input\":{\"@type\":\"PropertyValueSpecification\",\"valueRequired\":true,\"valueName\":\"search_term_string\"}}],\"inLanguage\":\"de\"},{\"@type\":\"Organization\",\"@id\":\"https:\/\/kulturonline.tv\/de\/#organization\",\"name\":\"Kultur Online TV\",\"url\":\"https:\/\/kulturonline.tv\/de\/\",\"logo\":{\"@type\":\"ImageObject\",\"inLanguage\":\"de\",\"@id\":\"https:\/\/kulturonline.tv\/de\/#\/schema\/logo\/image\/\",\"url\":\"https:\/\/kulturonline.tv\/wp-content\/uploads\/2021\/08\/Kultur-Online-Tv-Logo-Endversion-neu.png\",\"contentUrl\":\"https:\/\/kulturonline.tv\/wp-content\/uploads\/2021\/08\/Kultur-Online-Tv-Logo-Endversion-neu.png\",\"width\":200,\"height\":200,\"caption\":\"Kultur Online TV\"},\"image\":{\"@id\":\"https:\/\/kulturonline.tv\/de\/#\/schema\/logo\/image\/\"},\"sameAs\":[\"https:\/\/www.facebook.com\/kulturonline.tv\",\"https:\/\/www.instagram.com\/kulturonline.tv\"]},{\"@type\":\"Person\",\"@id\":\"https:\/\/kulturonline.tv\/de\/#\/schema\/person\/b0fac729bb9a0c193fb1df23449df4fe\",\"name\":\"guenter.wolfgang\"}]}<\/script>\n<!-- \/ Yoast SEO plugin. -->","yoast_head_json":{"title":"\u201eEine Ermutigung f\u00fcr die Idee der Freiheit\u201c - Kultur Online TV &amp; FM","description":"Kultur sehen und H\u00f6ren","robots":{"index":"index","follow":"follow","max-snippet":"max-snippet:-1","max-image-preview":"max-image-preview:large","max-video-preview":"max-video-preview:-1"},"canonical":"https:\/\/kulturonline.tv\/de\/eine-ermutigung-fuer-die-idee-der-freiheit\/","og_locale":"de_DE","og_type":"article","og_title":"\u201eEine Ermutigung f\u00fcr die Idee der Freiheit\u201c - Kultur Online TV &amp; FM","og_description":"Kultur sehen und H\u00f6ren","og_url":"https:\/\/kulturonline.tv\/de\/eine-ermutigung-fuer-die-idee-der-freiheit\/","og_site_name":"Kultur Online TV &amp; FM","article_publisher":"https:\/\/www.facebook.com\/kulturonline.tv","article_published_time":"2022-01-19T07:22:56+00:00","article_modified_time":"2022-01-19T07:22:58+00:00","og_image":[{"width":965,"height":542,"url":"https:\/\/kulturonline.tv\/wp-content\/uploads\/2022\/01\/Regisseur-Serebrennikow-ueberraschend-zu-Proben-in-Hamburg-edited.jpg","type":"image\/jpeg"}],"author":"guenter.wolfgang","twitter_card":"summary_large_image","twitter_misc":{"Verfasst von":"guenter.wolfgang","Gesch\u00e4tzte Lesezeit":"2\u00a0Minuten"},"schema":{"@context":"https:\/\/schema.org","@graph":[{"@type":"Article","@id":"https:\/\/kulturonline.tv\/de\/eine-ermutigung-fuer-die-idee-der-freiheit\/#article","isPartOf":{"@id":"https:\/\/kulturonline.tv\/de\/eine-ermutigung-fuer-die-idee-der-freiheit\/"},"author":{"name":"guenter.wolfgang","@id":"https:\/\/kulturonline.tv\/de\/#\/schema\/person\/b0fac729bb9a0c193fb1df23449df4fe"},"headline":"\u201eEine Ermutigung f\u00fcr die Idee der Freiheit\u201c","datePublished":"2022-01-19T07:22:56+00:00","dateModified":"2022-01-19T07:22:58+00:00","mainEntityOfPage":{"@id":"https:\/\/kulturonline.tv\/de\/eine-ermutigung-fuer-die-idee-der-freiheit\/"},"wordCount":341,"publisher":{"@id":"https:\/\/kulturonline.tv\/de\/#organization"},"image":{"@id":"https:\/\/kulturonline.tv\/de\/eine-ermutigung-fuer-die-idee-der-freiheit\/#primaryimage"},"thumbnailUrl":"https:\/\/kulturonline.tv\/wp-content\/uploads\/2022\/01\/Regisseur-Serebrennikow-ueberraschend-zu-Proben-in-Hamburg-edited.jpg","articleSection":["Theater"],"inLanguage":"de"},{"@type":"WebPage","@id":"https:\/\/kulturonline.tv\/de\/eine-ermutigung-fuer-die-idee-der-freiheit\/","url":"https:\/\/kulturonline.tv\/de\/eine-ermutigung-fuer-die-idee-der-freiheit\/","name":"\u201eEine Ermutigung f\u00fcr die Idee der Freiheit\u201c - Kultur Online TV &amp; FM","isPartOf":{"@id":"https:\/\/kulturonline.tv\/de\/#website"},"primaryImageOfPage":{"@id":"https:\/\/kulturonline.tv\/de\/eine-ermutigung-fuer-die-idee-der-freiheit\/#primaryimage"},"image":{"@id":"https:\/\/kulturonline.tv\/de\/eine-ermutigung-fuer-die-idee-der-freiheit\/#primaryimage"},"thumbnailUrl":"https:\/\/kulturonline.tv\/wp-content\/uploads\/2022\/01\/Regisseur-Serebrennikow-ueberraschend-zu-Proben-in-Hamburg-edited.jpg","datePublished":"2022-01-19T07:22:56+00:00","dateModified":"2022-01-19T07:22:58+00:00","description":"Kultur sehen und H\u00f6ren","breadcrumb":{"@id":"https:\/\/kulturonline.tv\/de\/eine-ermutigung-fuer-die-idee-der-freiheit\/#breadcrumb"},"inLanguage":"de","potentialAction":[{"@type":"ReadAction","target":["https:\/\/kulturonline.tv\/de\/eine-ermutigung-fuer-die-idee-der-freiheit\/"]}]},{"@type":"ImageObject","inLanguage":"de","@id":"https:\/\/kulturonline.tv\/de\/eine-ermutigung-fuer-die-idee-der-freiheit\/#primaryimage","url":"https:\/\/kulturonline.tv\/wp-content\/uploads\/2022\/01\/Regisseur-Serebrennikow-ueberraschend-zu-Proben-in-Hamburg-edited.jpg","contentUrl":"https:\/\/kulturonline.tv\/wp-content\/uploads\/2022\/01\/Regisseur-Serebrennikow-ueberraschend-zu-Proben-in-Hamburg-edited.jpg","width":965,"height":542},{"@type":"BreadcrumbList","@id":"https:\/\/kulturonline.tv\/de\/eine-ermutigung-fuer-die-idee-der-freiheit\/#breadcrumb","itemListElement":[{"@type":"ListItem","position":1,"name":"Startseite","item":"https:\/\/kulturonline.tv\/de\/"},{"@type":"ListItem","position":2,"name":"\u201eEine Ermutigung f\u00fcr die Idee der Freiheit\u201c"}]},{"@type":"WebSite","@id":"https:\/\/kulturonline.tv\/de\/#website","url":"https:\/\/kulturonline.tv\/de\/","name":"Kultur Online TV &amp; FM","description":"Wir sind Kultur 2.0 zum sehen &amp; h\u00f6ren","publisher":{"@id":"https:\/\/kulturonline.tv\/de\/#organization"},"potentialAction":[{"@type":"SearchAction","target":{"@type":"EntryPoint","urlTemplate":"https:\/\/kulturonline.tv\/de\/?s={search_term_string}"},"query-input":{"@type":"PropertyValueSpecification","valueRequired":true,"valueName":"search_term_string"}}],"inLanguage":"de"},{"@type":"Organization","@id":"https:\/\/kulturonline.tv\/de\/#organization","name":"Kultur Online TV","url":"https:\/\/kulturonline.tv\/de\/","logo":{"@type":"ImageObject","inLanguage":"de","@id":"https:\/\/kulturonline.tv\/de\/#\/schema\/logo\/image\/","url":"https:\/\/kulturonline.tv\/wp-content\/uploads\/2021\/08\/Kultur-Online-Tv-Logo-Endversion-neu.png","contentUrl":"https:\/\/kulturonline.tv\/wp-content\/uploads\/2021\/08\/Kultur-Online-Tv-Logo-Endversion-neu.png","width":200,"height":200,"caption":"Kultur Online TV"},"image":{"@id":"https:\/\/kulturonline.tv\/de\/#\/schema\/logo\/image\/"},"sameAs":["https:\/\/www.facebook.com\/kulturonline.tv","https:\/\/www.instagram.com\/kulturonline.tv"]},{"@type":"Person","@id":"https:\/\/kulturonline.tv\/de\/#\/schema\/person\/b0fac729bb9a0c193fb1df23449df4fe","name":"guenter.wolfgang"}]}},"_links":{"self":[{"href":"https:\/\/kulturonline.tv\/de\/wp-json\/wp\/v2\/posts\/20021","targetHints":{"allow":["GET"]}}],"collection":[{"href":"https:\/\/kulturonline.tv\/de\/wp-json\/wp\/v2\/posts"}],"about":[{"href":"https:\/\/kulturonline.tv\/de\/wp-json\/wp\/v2\/types\/post"}],"author":[{"embeddable":true,"href":"https:\/\/kulturonline.tv\/de\/wp-json\/wp\/v2\/users\/2"}],"replies":[{"embeddable":true,"href":"https:\/\/kulturonline.tv\/de\/wp-json\/wp\/v2\/comments?post=20021"}],"version-history":[{"count":0,"href":"https:\/\/kulturonline.tv\/de\/wp-json\/wp\/v2\/posts\/20021\/revisions"}],"wp:featuredmedia":[{"embeddable":true,"href":"https:\/\/kulturonline.tv\/de\/wp-json\/wp\/v2\/media\/20028"}],"wp:attachment":[{"href":"https:\/\/kulturonline.tv\/de\/wp-json\/wp\/v2\/media?parent=20021"}],"wp:term":[{"taxonomy":"category","embeddable":true,"href":"https:\/\/kulturonline.tv\/de\/wp-json\/wp\/v2\/categories?post=20021"},{"taxonomy":"post_tag","embeddable":true,"href":"https:\/\/kulturonline.tv\/de\/wp-json\/wp\/v2\/tags?post=20021"}],"curies":[{"name":"wp","href":"https:\/\/api.w.org\/{rel}","templated":true}]}}