{"id":20368,"date":"2022-01-22T11:17:06","date_gmt":"2022-01-22T10:17:06","guid":{"rendered":"https:\/\/kulturonline.tv\/?p=20368"},"modified":"2022-01-22T11:17:08","modified_gmt":"2022-01-22T10:17:08","slug":"diese-laecherliche-boshaftigkeit-des-schicksals","status":"publish","type":"post","link":"https:\/\/kulturonline.tv\/de\/diese-laecherliche-boshaftigkeit-des-schicksals\/","title":{"rendered":"Diese l\u00e4cherliche Boshaftigkeit des Schicksals"},"content":{"rendered":"\n<p><meta charset=\"utf-8\">hider war zwei Jahre in einem Foltergef\u00e4ngnis, nun liegt sein neuer Roman &#8222;Der Erinnerungsf\u00e4lscher&#8220; vor. Ist Schreiben Traumatherapie?<\/p>\n\n\n\n<figure class=\"wp-block-image size-full\"><img fetchpriority=\"high\" decoding=\"async\" width=\"1100\" height=\"618\" src=\"https:\/\/kulturonline.tv\/wp-content\/uploads\/2022\/01\/1408x792-10.webp\" alt=\"\" class=\"wp-image-20370\" srcset=\"https:\/\/kulturonline.tv\/wp-content\/uploads\/2022\/01\/1408x792-10.webp 1100w, https:\/\/kulturonline.tv\/wp-content\/uploads\/2022\/01\/1408x792-10-600x337.webp 600w, https:\/\/kulturonline.tv\/wp-content\/uploads\/2022\/01\/1408x792-10-800x449.webp 800w, https:\/\/kulturonline.tv\/wp-content\/uploads\/2022\/01\/1408x792-10-768x431.webp 768w\" sizes=\"(max-width: 1100px) 100vw, 1100px\" \/><figcaption>\u00a9 Peter Hassiepen<\/figcaption><\/figure>\n\n\n\n<p>Abbas Khider wurde 1973 in Bagdad geboren. Seit 2000 lebt er in Deutschland.\u00a0<\/p>\n\n\n\n<p>\u201eKhider ist nicht nur, weil er uns mit deutscher Verlogenheit konfrontiert, ein preisw\u00fcrdiger Autor. Jeder seiner poetisch grundierten Romane ist klug geformt. Er bringt uns zum L\u00e4cheln, spielt mit Klischees, l\u00e4sst uns staunen \u00fcber die Wunder im Elend.\u201c, so\u00a0Christian Deliu in der Laudatio des Adelbert-von-Chamisso-Preises.<\/p>\n\n\n\n<p>Mit \u201eDer Erinnerungsf\u00e4lscher\u201c erscheint der vierte Roman auf Deutsch von Abbas Khider. Er ist ein Schriftsteller, der wie kein Zweiter in seinen B\u00fcchern plastisch und erlebbar gemacht hat, was es hei\u00dft, ein Fl\u00fcchtling zu sein; in einer Diktatur zu leben, als Verfolgter und Gefolterter; und wie es ist, woanders anzukommen, eine neue Heimat zu finden, eine neue Sprache.<\/p>\n\n\n\n<p>In seinen B\u00fcchern verwandelt er biografische wie politische Realit\u00e4ten in Literatur, auch in dem neuen Roman, wobei er hier ein Verwirrspiel treibt mit der Frage, was ist Realit\u00e4t und was Fiktion \u2013 genau genommen hebt er es auf eine neue Ebene mit der Frage, was ist reale Erinnerung und was ist erfundene Erinnerung.<\/p>\n\n\n\n<p>\u201eEs ist Folgendes\u201c, sagt Abbas Khidder, der selbst aus dem Irak geflohen ist: \u201eDie meisten Menschen haben Erinnerungen, manche haben Wunden.\u201c Und Letztere h\u00e4tten manchmal ein riesiges Problem mit ihren Erinnerungen.<\/p>\n\n\n\n<p>Kultur Online TV<\/p>\n\n\n\n<p>#literatur #kultur <\/p>\n","protected":false},"excerpt":{"rendered":"<p>hider war zwei Jahre in einem Foltergef\u00e4ngnis, nun liegt sein neuer Roman &#8222;Der Erinnerungsf\u00e4lscher&#8220; vor. Ist Schreiben Traumatherapie? Abbas Khider wurde 1973 in Bagdad geboren. Seit 2000 lebt er in Deutschland.\u00a0 \u201eKhider ist nicht nur, weil er uns mit deutscher Verlogenheit konfrontiert, ein preisw\u00fcrdiger Autor. Jeder seiner poetisch grundierten Romane ist klug geformt. Er bringt [&hellip;]<\/p>\n","protected":false},"author":2,"featured_media":20370,"comment_status":"closed","ping_status":"closed","sticky":false,"template":"","format":"standard","meta":{"_acf_changed":false,"footnotes":""},"categories":[106],"tags":[],"class_list":["post-20368","post","type-post","status-publish","format-standard","has-post-thumbnail","hentry","category-literatur"],"acf":[],"yoast_head":"<!-- This site is optimized with the Yoast SEO plugin v26.1.1 - https:\/\/yoast.com\/wordpress\/plugins\/seo\/ -->\n<title>Diese l\u00e4cherliche Boshaftigkeit des Schicksals - Kultur Online TV &amp; FM<\/title>\n<meta name=\"description\" content=\"Kultur sehen und H\u00f6ren\" \/>\n<meta name=\"robots\" content=\"index, follow, max-snippet:-1, max-image-preview:large, max-video-preview:-1\" \/>\n<link rel=\"canonical\" href=\"https:\/\/kulturonline.tv\/de\/diese-laecherliche-boshaftigkeit-des-schicksals\/\" \/>\n<meta property=\"og:locale\" content=\"de_DE\" \/>\n<meta property=\"og:type\" content=\"article\" \/>\n<meta property=\"og:title\" content=\"Diese l\u00e4cherliche Boshaftigkeit des Schicksals - Kultur Online TV &amp; FM\" \/>\n<meta property=\"og:description\" content=\"Kultur sehen und H\u00f6ren\" \/>\n<meta property=\"og:url\" content=\"https:\/\/kulturonline.tv\/de\/diese-laecherliche-boshaftigkeit-des-schicksals\/\" \/>\n<meta property=\"og:site_name\" content=\"Kultur Online TV &amp; FM\" \/>\n<meta property=\"article:publisher\" content=\"https:\/\/www.facebook.com\/kulturonline.tv\" \/>\n<meta property=\"article:published_time\" content=\"2022-01-22T10:17:06+00:00\" \/>\n<meta property=\"article:modified_time\" content=\"2022-01-22T10:17:08+00:00\" \/>\n<meta property=\"og:image\" content=\"https:\/\/kulturonline.tv\/wp-content\/uploads\/2022\/01\/1408x792-10.webp\" \/>\n\t<meta property=\"og:image:width\" content=\"1100\" \/>\n\t<meta property=\"og:image:height\" content=\"618\" \/>\n\t<meta property=\"og:image:type\" content=\"image\/webp\" \/>\n<meta name=\"author\" content=\"guenter.wolfgang\" \/>\n<meta name=\"twitter:card\" content=\"summary_large_image\" \/>\n<meta name=\"twitter:label1\" content=\"Verfasst von\" \/>\n\t<meta name=\"twitter:data1\" content=\"guenter.wolfgang\" \/>\n\t<meta name=\"twitter:label2\" content=\"Gesch\u00e4tzte Lesezeit\" \/>\n\t<meta name=\"twitter:data2\" content=\"2\u00a0Minuten\" \/>\n<script type=\"application\/ld+json\" class=\"yoast-schema-graph\">{\"@context\":\"https:\/\/schema.org\",\"@graph\":[{\"@type\":\"Article\",\"@id\":\"https:\/\/kulturonline.tv\/de\/diese-laecherliche-boshaftigkeit-des-schicksals\/#article\",\"isPartOf\":{\"@id\":\"https:\/\/kulturonline.tv\/de\/diese-laecherliche-boshaftigkeit-des-schicksals\/\"},\"author\":{\"name\":\"guenter.wolfgang\",\"@id\":\"https:\/\/kulturonline.tv\/de\/#\/schema\/person\/b0fac729bb9a0c193fb1df23449df4fe\"},\"headline\":\"Diese l\u00e4cherliche Boshaftigkeit des Schicksals\",\"datePublished\":\"2022-01-22T10:17:06+00:00\",\"dateModified\":\"2022-01-22T10:17:08+00:00\",\"mainEntityOfPage\":{\"@id\":\"https:\/\/kulturonline.tv\/de\/diese-laecherliche-boshaftigkeit-des-schicksals\/\"},\"wordCount\":242,\"publisher\":{\"@id\":\"https:\/\/kulturonline.tv\/de\/#organization\"},\"image\":{\"@id\":\"https:\/\/kulturonline.tv\/de\/diese-laecherliche-boshaftigkeit-des-schicksals\/#primaryimage\"},\"thumbnailUrl\":\"https:\/\/kulturonline.tv\/wp-content\/uploads\/2022\/01\/1408x792-10.webp\",\"articleSection\":[\"Literatur\"],\"inLanguage\":\"de\"},{\"@type\":\"WebPage\",\"@id\":\"https:\/\/kulturonline.tv\/de\/diese-laecherliche-boshaftigkeit-des-schicksals\/\",\"url\":\"https:\/\/kulturonline.tv\/de\/diese-laecherliche-boshaftigkeit-des-schicksals\/\",\"name\":\"Diese l\u00e4cherliche Boshaftigkeit des Schicksals - Kultur Online TV &amp; FM\",\"isPartOf\":{\"@id\":\"https:\/\/kulturonline.tv\/de\/#website\"},\"primaryImageOfPage\":{\"@id\":\"https:\/\/kulturonline.tv\/de\/diese-laecherliche-boshaftigkeit-des-schicksals\/#primaryimage\"},\"image\":{\"@id\":\"https:\/\/kulturonline.tv\/de\/diese-laecherliche-boshaftigkeit-des-schicksals\/#primaryimage\"},\"thumbnailUrl\":\"https:\/\/kulturonline.tv\/wp-content\/uploads\/2022\/01\/1408x792-10.webp\",\"datePublished\":\"2022-01-22T10:17:06+00:00\",\"dateModified\":\"2022-01-22T10:17:08+00:00\",\"description\":\"Kultur sehen und H\u00f6ren\",\"breadcrumb\":{\"@id\":\"https:\/\/kulturonline.tv\/de\/diese-laecherliche-boshaftigkeit-des-schicksals\/#breadcrumb\"},\"inLanguage\":\"de\",\"potentialAction\":[{\"@type\":\"ReadAction\",\"target\":[\"https:\/\/kulturonline.tv\/de\/diese-laecherliche-boshaftigkeit-des-schicksals\/\"]}]},{\"@type\":\"ImageObject\",\"inLanguage\":\"de\",\"@id\":\"https:\/\/kulturonline.tv\/de\/diese-laecherliche-boshaftigkeit-des-schicksals\/#primaryimage\",\"url\":\"https:\/\/kulturonline.tv\/wp-content\/uploads\/2022\/01\/1408x792-10.webp\",\"contentUrl\":\"https:\/\/kulturonline.tv\/wp-content\/uploads\/2022\/01\/1408x792-10.webp\",\"width\":1100,\"height\":618},{\"@type\":\"BreadcrumbList\",\"@id\":\"https:\/\/kulturonline.tv\/de\/diese-laecherliche-boshaftigkeit-des-schicksals\/#breadcrumb\",\"itemListElement\":[{\"@type\":\"ListItem\",\"position\":1,\"name\":\"Startseite\",\"item\":\"https:\/\/kulturonline.tv\/de\/\"},{\"@type\":\"ListItem\",\"position\":2,\"name\":\"Diese l\u00e4cherliche Boshaftigkeit des Schicksals\"}]},{\"@type\":\"WebSite\",\"@id\":\"https:\/\/kulturonline.tv\/de\/#website\",\"url\":\"https:\/\/kulturonline.tv\/de\/\",\"name\":\"Kultur Online TV &amp; FM\",\"description\":\"Wir sind Kultur 2.0 zum sehen &amp; h\u00f6ren\",\"publisher\":{\"@id\":\"https:\/\/kulturonline.tv\/de\/#organization\"},\"potentialAction\":[{\"@type\":\"SearchAction\",\"target\":{\"@type\":\"EntryPoint\",\"urlTemplate\":\"https:\/\/kulturonline.tv\/de\/?s={search_term_string}\"},\"query-input\":{\"@type\":\"PropertyValueSpecification\",\"valueRequired\":true,\"valueName\":\"search_term_string\"}}],\"inLanguage\":\"de\"},{\"@type\":\"Organization\",\"@id\":\"https:\/\/kulturonline.tv\/de\/#organization\",\"name\":\"Kultur Online TV\",\"url\":\"https:\/\/kulturonline.tv\/de\/\",\"logo\":{\"@type\":\"ImageObject\",\"inLanguage\":\"de\",\"@id\":\"https:\/\/kulturonline.tv\/de\/#\/schema\/logo\/image\/\",\"url\":\"https:\/\/kulturonline.tv\/wp-content\/uploads\/2021\/08\/Kultur-Online-Tv-Logo-Endversion-neu.png\",\"contentUrl\":\"https:\/\/kulturonline.tv\/wp-content\/uploads\/2021\/08\/Kultur-Online-Tv-Logo-Endversion-neu.png\",\"width\":200,\"height\":200,\"caption\":\"Kultur Online TV\"},\"image\":{\"@id\":\"https:\/\/kulturonline.tv\/de\/#\/schema\/logo\/image\/\"},\"sameAs\":[\"https:\/\/www.facebook.com\/kulturonline.tv\",\"https:\/\/www.instagram.com\/kulturonline.tv\"]},{\"@type\":\"Person\",\"@id\":\"https:\/\/kulturonline.tv\/de\/#\/schema\/person\/b0fac729bb9a0c193fb1df23449df4fe\",\"name\":\"guenter.wolfgang\"}]}<\/script>\n<!-- \/ Yoast SEO plugin. -->","yoast_head_json":{"title":"Diese l\u00e4cherliche Boshaftigkeit des Schicksals - Kultur Online TV &amp; FM","description":"Kultur sehen und H\u00f6ren","robots":{"index":"index","follow":"follow","max-snippet":"max-snippet:-1","max-image-preview":"max-image-preview:large","max-video-preview":"max-video-preview:-1"},"canonical":"https:\/\/kulturonline.tv\/de\/diese-laecherliche-boshaftigkeit-des-schicksals\/","og_locale":"de_DE","og_type":"article","og_title":"Diese l\u00e4cherliche Boshaftigkeit des Schicksals - Kultur Online TV &amp; FM","og_description":"Kultur sehen und H\u00f6ren","og_url":"https:\/\/kulturonline.tv\/de\/diese-laecherliche-boshaftigkeit-des-schicksals\/","og_site_name":"Kultur Online TV &amp; FM","article_publisher":"https:\/\/www.facebook.com\/kulturonline.tv","article_published_time":"2022-01-22T10:17:06+00:00","article_modified_time":"2022-01-22T10:17:08+00:00","og_image":[{"width":1100,"height":618,"url":"https:\/\/kulturonline.tv\/wp-content\/uploads\/2022\/01\/1408x792-10.webp","type":"image\/webp"}],"author":"guenter.wolfgang","twitter_card":"summary_large_image","twitter_misc":{"Verfasst von":"guenter.wolfgang","Gesch\u00e4tzte Lesezeit":"2\u00a0Minuten"},"schema":{"@context":"https:\/\/schema.org","@graph":[{"@type":"Article","@id":"https:\/\/kulturonline.tv\/de\/diese-laecherliche-boshaftigkeit-des-schicksals\/#article","isPartOf":{"@id":"https:\/\/kulturonline.tv\/de\/diese-laecherliche-boshaftigkeit-des-schicksals\/"},"author":{"name":"guenter.wolfgang","@id":"https:\/\/kulturonline.tv\/de\/#\/schema\/person\/b0fac729bb9a0c193fb1df23449df4fe"},"headline":"Diese l\u00e4cherliche Boshaftigkeit des Schicksals","datePublished":"2022-01-22T10:17:06+00:00","dateModified":"2022-01-22T10:17:08+00:00","mainEntityOfPage":{"@id":"https:\/\/kulturonline.tv\/de\/diese-laecherliche-boshaftigkeit-des-schicksals\/"},"wordCount":242,"publisher":{"@id":"https:\/\/kulturonline.tv\/de\/#organization"},"image":{"@id":"https:\/\/kulturonline.tv\/de\/diese-laecherliche-boshaftigkeit-des-schicksals\/#primaryimage"},"thumbnailUrl":"https:\/\/kulturonline.tv\/wp-content\/uploads\/2022\/01\/1408x792-10.webp","articleSection":["Literatur"],"inLanguage":"de"},{"@type":"WebPage","@id":"https:\/\/kulturonline.tv\/de\/diese-laecherliche-boshaftigkeit-des-schicksals\/","url":"https:\/\/kulturonline.tv\/de\/diese-laecherliche-boshaftigkeit-des-schicksals\/","name":"Diese l\u00e4cherliche Boshaftigkeit des Schicksals - Kultur Online TV &amp; FM","isPartOf":{"@id":"https:\/\/kulturonline.tv\/de\/#website"},"primaryImageOfPage":{"@id":"https:\/\/kulturonline.tv\/de\/diese-laecherliche-boshaftigkeit-des-schicksals\/#primaryimage"},"image":{"@id":"https:\/\/kulturonline.tv\/de\/diese-laecherliche-boshaftigkeit-des-schicksals\/#primaryimage"},"thumbnailUrl":"https:\/\/kulturonline.tv\/wp-content\/uploads\/2022\/01\/1408x792-10.webp","datePublished":"2022-01-22T10:17:06+00:00","dateModified":"2022-01-22T10:17:08+00:00","description":"Kultur sehen und H\u00f6ren","breadcrumb":{"@id":"https:\/\/kulturonline.tv\/de\/diese-laecherliche-boshaftigkeit-des-schicksals\/#breadcrumb"},"inLanguage":"de","potentialAction":[{"@type":"ReadAction","target":["https:\/\/kulturonline.tv\/de\/diese-laecherliche-boshaftigkeit-des-schicksals\/"]}]},{"@type":"ImageObject","inLanguage":"de","@id":"https:\/\/kulturonline.tv\/de\/diese-laecherliche-boshaftigkeit-des-schicksals\/#primaryimage","url":"https:\/\/kulturonline.tv\/wp-content\/uploads\/2022\/01\/1408x792-10.webp","contentUrl":"https:\/\/kulturonline.tv\/wp-content\/uploads\/2022\/01\/1408x792-10.webp","width":1100,"height":618},{"@type":"BreadcrumbList","@id":"https:\/\/kulturonline.tv\/de\/diese-laecherliche-boshaftigkeit-des-schicksals\/#breadcrumb","itemListElement":[{"@type":"ListItem","position":1,"name":"Startseite","item":"https:\/\/kulturonline.tv\/de\/"},{"@type":"ListItem","position":2,"name":"Diese l\u00e4cherliche Boshaftigkeit des Schicksals"}]},{"@type":"WebSite","@id":"https:\/\/kulturonline.tv\/de\/#website","url":"https:\/\/kulturonline.tv\/de\/","name":"Kultur Online TV &amp; FM","description":"Wir sind Kultur 2.0 zum sehen &amp; h\u00f6ren","publisher":{"@id":"https:\/\/kulturonline.tv\/de\/#organization"},"potentialAction":[{"@type":"SearchAction","target":{"@type":"EntryPoint","urlTemplate":"https:\/\/kulturonline.tv\/de\/?s={search_term_string}"},"query-input":{"@type":"PropertyValueSpecification","valueRequired":true,"valueName":"search_term_string"}}],"inLanguage":"de"},{"@type":"Organization","@id":"https:\/\/kulturonline.tv\/de\/#organization","name":"Kultur Online TV","url":"https:\/\/kulturonline.tv\/de\/","logo":{"@type":"ImageObject","inLanguage":"de","@id":"https:\/\/kulturonline.tv\/de\/#\/schema\/logo\/image\/","url":"https:\/\/kulturonline.tv\/wp-content\/uploads\/2021\/08\/Kultur-Online-Tv-Logo-Endversion-neu.png","contentUrl":"https:\/\/kulturonline.tv\/wp-content\/uploads\/2021\/08\/Kultur-Online-Tv-Logo-Endversion-neu.png","width":200,"height":200,"caption":"Kultur Online TV"},"image":{"@id":"https:\/\/kulturonline.tv\/de\/#\/schema\/logo\/image\/"},"sameAs":["https:\/\/www.facebook.com\/kulturonline.tv","https:\/\/www.instagram.com\/kulturonline.tv"]},{"@type":"Person","@id":"https:\/\/kulturonline.tv\/de\/#\/schema\/person\/b0fac729bb9a0c193fb1df23449df4fe","name":"guenter.wolfgang"}]}},"_links":{"self":[{"href":"https:\/\/kulturonline.tv\/de\/wp-json\/wp\/v2\/posts\/20368","targetHints":{"allow":["GET"]}}],"collection":[{"href":"https:\/\/kulturonline.tv\/de\/wp-json\/wp\/v2\/posts"}],"about":[{"href":"https:\/\/kulturonline.tv\/de\/wp-json\/wp\/v2\/types\/post"}],"author":[{"embeddable":true,"href":"https:\/\/kulturonline.tv\/de\/wp-json\/wp\/v2\/users\/2"}],"replies":[{"embeddable":true,"href":"https:\/\/kulturonline.tv\/de\/wp-json\/wp\/v2\/comments?post=20368"}],"version-history":[{"count":0,"href":"https:\/\/kulturonline.tv\/de\/wp-json\/wp\/v2\/posts\/20368\/revisions"}],"wp:featuredmedia":[{"embeddable":true,"href":"https:\/\/kulturonline.tv\/de\/wp-json\/wp\/v2\/media\/20370"}],"wp:attachment":[{"href":"https:\/\/kulturonline.tv\/de\/wp-json\/wp\/v2\/media?parent=20368"}],"wp:term":[{"taxonomy":"category","embeddable":true,"href":"https:\/\/kulturonline.tv\/de\/wp-json\/wp\/v2\/categories?post=20368"},{"taxonomy":"post_tag","embeddable":true,"href":"https:\/\/kulturonline.tv\/de\/wp-json\/wp\/v2\/tags?post=20368"}],"curies":[{"name":"wp","href":"https:\/\/api.w.org\/{rel}","templated":true}]}}