{"id":20453,"date":"2022-01-23T12:05:31","date_gmt":"2022-01-23T11:05:31","guid":{"rendered":"https:\/\/kulturonline.tv\/?p=20453"},"modified":"2022-01-23T12:11:35","modified_gmt":"2022-01-23T11:11:35","slug":"leipzig-plant-die-buchmesse-2022","status":"publish","type":"post","link":"https:\/\/kulturonline.tv\/de\/leipzig-plant-die-buchmesse-2022\/","title":{"rendered":"Leipzig plant die Buchmesse 2022"},"content":{"rendered":"\n<p>Nach zwei coronabedingten Absagen in Folge soll die&nbsp;Leipziger Buchmesse&nbsp;in diesem M\u00e4rz wieder stattfinden.<\/p>\n\n\n\n<figure class=\"wp-block-image size-large is-resized\"><img decoding=\"async\" src=\"https:\/\/kulturonline.tv\/wp-content\/uploads\/2022\/01\/w1900_h1040_x1024_y520_ef0c2d151c63e769-edited.jpg\" alt=\"\" class=\"wp-image-20460\" width=\"840\" srcset=\"https:\/\/kulturonline.tv\/wp-content\/uploads\/2022\/01\/w1900_h1040_x1024_y520_ef0c2d151c63e769-edited.jpg 1850w, https:\/\/kulturonline.tv\/wp-content\/uploads\/2022\/01\/w1900_h1040_x1024_y520_ef0c2d151c63e769-edited-600x337.jpg 600w, https:\/\/kulturonline.tv\/wp-content\/uploads\/2022\/01\/w1900_h1040_x1024_y520_ef0c2d151c63e769-edited-800x450.jpg 800w, https:\/\/kulturonline.tv\/wp-content\/uploads\/2022\/01\/w1900_h1040_x1024_y520_ef0c2d151c63e769-edited-1600x899.jpg 1600w, https:\/\/kulturonline.tv\/wp-content\/uploads\/2022\/01\/w1900_h1040_x1024_y520_ef0c2d151c63e769-edited-768x432.jpg 768w, https:\/\/kulturonline.tv\/wp-content\/uploads\/2022\/01\/w1900_h1040_x1024_y520_ef0c2d151c63e769-edited-1536x863.jpg 1536w\" sizes=\"(max-width: 1850px) 100vw, 1850px\" \/><figcaption>\u00a9 Jan Woitas<\/figcaption><\/figure>\n\n\n\n<p>Die Leipziger Buchmesse ist der wichtigste Fr\u00fchjahrstreff der Buch- und Medienbranche und verbindet Leser und Leserinnen, Autor und Autorinnen, Verlage und Medien \u2013 nicht nur aus Deutschland, sondern aus der ganzen Welt. Sie alle kommen nach Leipzig, um die Vielfalt der Literatur zu erleben, Novit\u00e4ten zu entdecken und neue Blickwinkel zu erhalten.<\/p>\n\n\n\n<p>&#8222;Wir sind fest entschlossen, alle M\u00f6glichkeiten auszusch\u00f6pfen, die es unter diesen schwierigen Rahmenbedingungen gibt&#8220;, sagte Messe-Direktor Oliver Zille der Deutschen Presse-Agentur. Die Branche wolle die Fr\u00fchjahrsschau. Zudem m\u00fcssten jetzt L\u00f6sungen f\u00fcr Veranstaltungen gefunden werden.<\/p>\n\n\n\n<p>Eine endg\u00fcltige Garantie, dass sich die Buchbranche vom 17. bis 20. M\u00e4rz in Leipzig treffen wird, ist das allerdings noch nicht. Bislang lassen die Corona-Regeln in Sachsen eine Messe noch nicht wieder zu. <\/p>\n\n\n\n<p>Erst in der n\u00e4chsten Corona-Schutzverordnung ab 7. Februar werden Weichenstellungen erwartet. Zille betonte aber, dass Sachsens Sozialministerin Petra K\u00f6pping \u00f6ffentlich positive Signale f\u00fcr die&nbsp;Buchmesse&nbsp;gesendet habe. Darum werde weitergeplant.<\/p>\n\n\n\n<p>Zudem m\u00fcssten sich genug Aussteller zur Messe bekennen, sagte Zille. &#8222;Wenn zu viele Aussteller absagen, k\u00f6nnen wir keine Messe durchf\u00fchren.&#8220; Bislang h\u00e4tten rund 75 Prozent der Aussteller aus Vor-Krisen-Zeiten fest zugesagt. &#8222;Das ist ein starkes Statement.&#8220; <\/p>\n\n\n\n<p>Die Buchmesse habe jetzt eine Blitzumfrage gestartet, ob die Verlage weiter zu dieser Entscheidung st\u00fcnden. Zwar gebe es diesmal dank einer F\u00f6rderung durch das Bundesministerium f\u00fcr Kultur und Medien vorteilhafte Stornobedingungen f\u00fcr Fl\u00e4che und St\u00e4nde, aber die Aussteller tr\u00fcgen trotzdem Risiken wie etwa die Kosten f\u00fcr ihren eigenen Messebau, sagte Zille.<\/p>\n\n\n\n<p>Kultur Online TV<\/p>\n\n\n\n<p>#kultur #buch #literatur #messe<\/p>\n","protected":false},"excerpt":{"rendered":"<p>Nach zwei coronabedingten Absagen in Folge soll die&nbsp;Leipziger Buchmesse&nbsp;in diesem M\u00e4rz wieder stattfinden. Die Leipziger Buchmesse ist der wichtigste Fr\u00fchjahrstreff der Buch- und Medienbranche und verbindet Leser und Leserinnen, Autor und Autorinnen, Verlage und Medien \u2013 nicht nur aus Deutschland, sondern aus der ganzen Welt. Sie alle kommen nach Leipzig, um die Vielfalt der Literatur [&hellip;]<\/p>\n","protected":false},"author":2,"featured_media":20460,"comment_status":"closed","ping_status":"closed","sticky":false,"template":"","format":"standard","meta":{"_acf_changed":false,"footnotes":""},"categories":[106],"tags":[],"class_list":["post-20453","post","type-post","status-publish","format-standard","has-post-thumbnail","hentry","category-literatur"],"acf":[],"yoast_head":"<!-- This site is optimized with the Yoast SEO plugin v26.1.1 - https:\/\/yoast.com\/wordpress\/plugins\/seo\/ -->\n<title>Leipzig plant die Buchmesse 2022 - Kultur Online TV &amp; FM<\/title>\n<meta name=\"description\" content=\"Kultur sehen und H\u00f6ren\" \/>\n<meta name=\"robots\" content=\"index, follow, max-snippet:-1, max-image-preview:large, max-video-preview:-1\" \/>\n<link rel=\"canonical\" href=\"https:\/\/kulturonline.tv\/de\/leipzig-plant-die-buchmesse-2022\/\" \/>\n<meta property=\"og:locale\" content=\"de_DE\" \/>\n<meta property=\"og:type\" content=\"article\" \/>\n<meta property=\"og:title\" content=\"Leipzig plant die Buchmesse 2022 - Kultur Online TV &amp; FM\" \/>\n<meta property=\"og:description\" content=\"Kultur sehen und H\u00f6ren\" \/>\n<meta property=\"og:url\" content=\"https:\/\/kulturonline.tv\/de\/leipzig-plant-die-buchmesse-2022\/\" \/>\n<meta property=\"og:site_name\" content=\"Kultur Online TV &amp; FM\" \/>\n<meta property=\"article:publisher\" content=\"https:\/\/www.facebook.com\/kulturonline.tv\" \/>\n<meta property=\"article:published_time\" content=\"2022-01-23T11:05:31+00:00\" \/>\n<meta property=\"article:modified_time\" content=\"2022-01-23T11:11:35+00:00\" \/>\n<meta property=\"og:image\" content=\"https:\/\/kulturonline.tv\/wp-content\/uploads\/2022\/01\/w1900_h1040_x1024_y520_ef0c2d151c63e769-edited.jpg\" \/>\n\t<meta property=\"og:image:width\" content=\"1850\" \/>\n\t<meta property=\"og:image:height\" content=\"1040\" \/>\n\t<meta property=\"og:image:type\" content=\"image\/jpeg\" \/>\n<meta name=\"author\" content=\"guenter.wolfgang\" \/>\n<meta name=\"twitter:card\" content=\"summary_large_image\" \/>\n<meta name=\"twitter:label1\" content=\"Verfasst von\" \/>\n\t<meta name=\"twitter:data1\" content=\"guenter.wolfgang\" \/>\n\t<meta name=\"twitter:label2\" content=\"Gesch\u00e4tzte Lesezeit\" \/>\n\t<meta name=\"twitter:data2\" content=\"2\u00a0Minuten\" \/>\n<script type=\"application\/ld+json\" class=\"yoast-schema-graph\">{\"@context\":\"https:\/\/schema.org\",\"@graph\":[{\"@type\":\"Article\",\"@id\":\"https:\/\/kulturonline.tv\/de\/leipzig-plant-die-buchmesse-2022\/#article\",\"isPartOf\":{\"@id\":\"https:\/\/kulturonline.tv\/de\/leipzig-plant-die-buchmesse-2022\/\"},\"author\":{\"name\":\"guenter.wolfgang\",\"@id\":\"https:\/\/kulturonline.tv\/de\/#\/schema\/person\/b0fac729bb9a0c193fb1df23449df4fe\"},\"headline\":\"Leipzig plant die Buchmesse 2022\",\"datePublished\":\"2022-01-23T11:05:31+00:00\",\"dateModified\":\"2022-01-23T11:11:35+00:00\",\"mainEntityOfPage\":{\"@id\":\"https:\/\/kulturonline.tv\/de\/leipzig-plant-die-buchmesse-2022\/\"},\"wordCount\":289,\"publisher\":{\"@id\":\"https:\/\/kulturonline.tv\/de\/#organization\"},\"image\":{\"@id\":\"https:\/\/kulturonline.tv\/de\/leipzig-plant-die-buchmesse-2022\/#primaryimage\"},\"thumbnailUrl\":\"https:\/\/kulturonline.tv\/wp-content\/uploads\/2022\/01\/w1900_h1040_x1024_y520_ef0c2d151c63e769-edited.jpg\",\"articleSection\":[\"Literatur\"],\"inLanguage\":\"de\"},{\"@type\":\"WebPage\",\"@id\":\"https:\/\/kulturonline.tv\/de\/leipzig-plant-die-buchmesse-2022\/\",\"url\":\"https:\/\/kulturonline.tv\/de\/leipzig-plant-die-buchmesse-2022\/\",\"name\":\"Leipzig plant die Buchmesse 2022 - Kultur Online TV &amp; FM\",\"isPartOf\":{\"@id\":\"https:\/\/kulturonline.tv\/de\/#website\"},\"primaryImageOfPage\":{\"@id\":\"https:\/\/kulturonline.tv\/de\/leipzig-plant-die-buchmesse-2022\/#primaryimage\"},\"image\":{\"@id\":\"https:\/\/kulturonline.tv\/de\/leipzig-plant-die-buchmesse-2022\/#primaryimage\"},\"thumbnailUrl\":\"https:\/\/kulturonline.tv\/wp-content\/uploads\/2022\/01\/w1900_h1040_x1024_y520_ef0c2d151c63e769-edited.jpg\",\"datePublished\":\"2022-01-23T11:05:31+00:00\",\"dateModified\":\"2022-01-23T11:11:35+00:00\",\"description\":\"Kultur sehen und H\u00f6ren\",\"breadcrumb\":{\"@id\":\"https:\/\/kulturonline.tv\/de\/leipzig-plant-die-buchmesse-2022\/#breadcrumb\"},\"inLanguage\":\"de\",\"potentialAction\":[{\"@type\":\"ReadAction\",\"target\":[\"https:\/\/kulturonline.tv\/de\/leipzig-plant-die-buchmesse-2022\/\"]}]},{\"@type\":\"ImageObject\",\"inLanguage\":\"de\",\"@id\":\"https:\/\/kulturonline.tv\/de\/leipzig-plant-die-buchmesse-2022\/#primaryimage\",\"url\":\"https:\/\/kulturonline.tv\/wp-content\/uploads\/2022\/01\/w1900_h1040_x1024_y520_ef0c2d151c63e769-edited.jpg\",\"contentUrl\":\"https:\/\/kulturonline.tv\/wp-content\/uploads\/2022\/01\/w1900_h1040_x1024_y520_ef0c2d151c63e769-edited.jpg\",\"width\":1850,\"height\":1040},{\"@type\":\"BreadcrumbList\",\"@id\":\"https:\/\/kulturonline.tv\/de\/leipzig-plant-die-buchmesse-2022\/#breadcrumb\",\"itemListElement\":[{\"@type\":\"ListItem\",\"position\":1,\"name\":\"Startseite\",\"item\":\"https:\/\/kulturonline.tv\/de\/\"},{\"@type\":\"ListItem\",\"position\":2,\"name\":\"Leipzig plant die Buchmesse 2022\"}]},{\"@type\":\"WebSite\",\"@id\":\"https:\/\/kulturonline.tv\/de\/#website\",\"url\":\"https:\/\/kulturonline.tv\/de\/\",\"name\":\"Kultur Online TV &amp; FM\",\"description\":\"Wir sind Kultur 2.0 zum sehen &amp; h\u00f6ren\",\"publisher\":{\"@id\":\"https:\/\/kulturonline.tv\/de\/#organization\"},\"potentialAction\":[{\"@type\":\"SearchAction\",\"target\":{\"@type\":\"EntryPoint\",\"urlTemplate\":\"https:\/\/kulturonline.tv\/de\/?s={search_term_string}\"},\"query-input\":{\"@type\":\"PropertyValueSpecification\",\"valueRequired\":true,\"valueName\":\"search_term_string\"}}],\"inLanguage\":\"de\"},{\"@type\":\"Organization\",\"@id\":\"https:\/\/kulturonline.tv\/de\/#organization\",\"name\":\"Kultur Online TV\",\"url\":\"https:\/\/kulturonline.tv\/de\/\",\"logo\":{\"@type\":\"ImageObject\",\"inLanguage\":\"de\",\"@id\":\"https:\/\/kulturonline.tv\/de\/#\/schema\/logo\/image\/\",\"url\":\"https:\/\/kulturonline.tv\/wp-content\/uploads\/2021\/08\/Kultur-Online-Tv-Logo-Endversion-neu.png\",\"contentUrl\":\"https:\/\/kulturonline.tv\/wp-content\/uploads\/2021\/08\/Kultur-Online-Tv-Logo-Endversion-neu.png\",\"width\":200,\"height\":200,\"caption\":\"Kultur Online TV\"},\"image\":{\"@id\":\"https:\/\/kulturonline.tv\/de\/#\/schema\/logo\/image\/\"},\"sameAs\":[\"https:\/\/www.facebook.com\/kulturonline.tv\",\"https:\/\/www.instagram.com\/kulturonline.tv\"]},{\"@type\":\"Person\",\"@id\":\"https:\/\/kulturonline.tv\/de\/#\/schema\/person\/b0fac729bb9a0c193fb1df23449df4fe\",\"name\":\"guenter.wolfgang\"}]}<\/script>\n<!-- \/ Yoast SEO plugin. -->","yoast_head_json":{"title":"Leipzig plant die Buchmesse 2022 - Kultur Online TV &amp; FM","description":"Kultur sehen und H\u00f6ren","robots":{"index":"index","follow":"follow","max-snippet":"max-snippet:-1","max-image-preview":"max-image-preview:large","max-video-preview":"max-video-preview:-1"},"canonical":"https:\/\/kulturonline.tv\/de\/leipzig-plant-die-buchmesse-2022\/","og_locale":"de_DE","og_type":"article","og_title":"Leipzig plant die Buchmesse 2022 - Kultur Online TV &amp; FM","og_description":"Kultur sehen und H\u00f6ren","og_url":"https:\/\/kulturonline.tv\/de\/leipzig-plant-die-buchmesse-2022\/","og_site_name":"Kultur Online TV &amp; FM","article_publisher":"https:\/\/www.facebook.com\/kulturonline.tv","article_published_time":"2022-01-23T11:05:31+00:00","article_modified_time":"2022-01-23T11:11:35+00:00","og_image":[{"width":1850,"height":1040,"url":"https:\/\/kulturonline.tv\/wp-content\/uploads\/2022\/01\/w1900_h1040_x1024_y520_ef0c2d151c63e769-edited.jpg","type":"image\/jpeg"}],"author":"guenter.wolfgang","twitter_card":"summary_large_image","twitter_misc":{"Verfasst von":"guenter.wolfgang","Gesch\u00e4tzte Lesezeit":"2\u00a0Minuten"},"schema":{"@context":"https:\/\/schema.org","@graph":[{"@type":"Article","@id":"https:\/\/kulturonline.tv\/de\/leipzig-plant-die-buchmesse-2022\/#article","isPartOf":{"@id":"https:\/\/kulturonline.tv\/de\/leipzig-plant-die-buchmesse-2022\/"},"author":{"name":"guenter.wolfgang","@id":"https:\/\/kulturonline.tv\/de\/#\/schema\/person\/b0fac729bb9a0c193fb1df23449df4fe"},"headline":"Leipzig plant die Buchmesse 2022","datePublished":"2022-01-23T11:05:31+00:00","dateModified":"2022-01-23T11:11:35+00:00","mainEntityOfPage":{"@id":"https:\/\/kulturonline.tv\/de\/leipzig-plant-die-buchmesse-2022\/"},"wordCount":289,"publisher":{"@id":"https:\/\/kulturonline.tv\/de\/#organization"},"image":{"@id":"https:\/\/kulturonline.tv\/de\/leipzig-plant-die-buchmesse-2022\/#primaryimage"},"thumbnailUrl":"https:\/\/kulturonline.tv\/wp-content\/uploads\/2022\/01\/w1900_h1040_x1024_y520_ef0c2d151c63e769-edited.jpg","articleSection":["Literatur"],"inLanguage":"de"},{"@type":"WebPage","@id":"https:\/\/kulturonline.tv\/de\/leipzig-plant-die-buchmesse-2022\/","url":"https:\/\/kulturonline.tv\/de\/leipzig-plant-die-buchmesse-2022\/","name":"Leipzig plant die Buchmesse 2022 - Kultur Online TV &amp; FM","isPartOf":{"@id":"https:\/\/kulturonline.tv\/de\/#website"},"primaryImageOfPage":{"@id":"https:\/\/kulturonline.tv\/de\/leipzig-plant-die-buchmesse-2022\/#primaryimage"},"image":{"@id":"https:\/\/kulturonline.tv\/de\/leipzig-plant-die-buchmesse-2022\/#primaryimage"},"thumbnailUrl":"https:\/\/kulturonline.tv\/wp-content\/uploads\/2022\/01\/w1900_h1040_x1024_y520_ef0c2d151c63e769-edited.jpg","datePublished":"2022-01-23T11:05:31+00:00","dateModified":"2022-01-23T11:11:35+00:00","description":"Kultur sehen und H\u00f6ren","breadcrumb":{"@id":"https:\/\/kulturonline.tv\/de\/leipzig-plant-die-buchmesse-2022\/#breadcrumb"},"inLanguage":"de","potentialAction":[{"@type":"ReadAction","target":["https:\/\/kulturonline.tv\/de\/leipzig-plant-die-buchmesse-2022\/"]}]},{"@type":"ImageObject","inLanguage":"de","@id":"https:\/\/kulturonline.tv\/de\/leipzig-plant-die-buchmesse-2022\/#primaryimage","url":"https:\/\/kulturonline.tv\/wp-content\/uploads\/2022\/01\/w1900_h1040_x1024_y520_ef0c2d151c63e769-edited.jpg","contentUrl":"https:\/\/kulturonline.tv\/wp-content\/uploads\/2022\/01\/w1900_h1040_x1024_y520_ef0c2d151c63e769-edited.jpg","width":1850,"height":1040},{"@type":"BreadcrumbList","@id":"https:\/\/kulturonline.tv\/de\/leipzig-plant-die-buchmesse-2022\/#breadcrumb","itemListElement":[{"@type":"ListItem","position":1,"name":"Startseite","item":"https:\/\/kulturonline.tv\/de\/"},{"@type":"ListItem","position":2,"name":"Leipzig plant die Buchmesse 2022"}]},{"@type":"WebSite","@id":"https:\/\/kulturonline.tv\/de\/#website","url":"https:\/\/kulturonline.tv\/de\/","name":"Kultur Online TV &amp; FM","description":"Wir sind Kultur 2.0 zum sehen &amp; h\u00f6ren","publisher":{"@id":"https:\/\/kulturonline.tv\/de\/#organization"},"potentialAction":[{"@type":"SearchAction","target":{"@type":"EntryPoint","urlTemplate":"https:\/\/kulturonline.tv\/de\/?s={search_term_string}"},"query-input":{"@type":"PropertyValueSpecification","valueRequired":true,"valueName":"search_term_string"}}],"inLanguage":"de"},{"@type":"Organization","@id":"https:\/\/kulturonline.tv\/de\/#organization","name":"Kultur Online TV","url":"https:\/\/kulturonline.tv\/de\/","logo":{"@type":"ImageObject","inLanguage":"de","@id":"https:\/\/kulturonline.tv\/de\/#\/schema\/logo\/image\/","url":"https:\/\/kulturonline.tv\/wp-content\/uploads\/2021\/08\/Kultur-Online-Tv-Logo-Endversion-neu.png","contentUrl":"https:\/\/kulturonline.tv\/wp-content\/uploads\/2021\/08\/Kultur-Online-Tv-Logo-Endversion-neu.png","width":200,"height":200,"caption":"Kultur Online TV"},"image":{"@id":"https:\/\/kulturonline.tv\/de\/#\/schema\/logo\/image\/"},"sameAs":["https:\/\/www.facebook.com\/kulturonline.tv","https:\/\/www.instagram.com\/kulturonline.tv"]},{"@type":"Person","@id":"https:\/\/kulturonline.tv\/de\/#\/schema\/person\/b0fac729bb9a0c193fb1df23449df4fe","name":"guenter.wolfgang"}]}},"_links":{"self":[{"href":"https:\/\/kulturonline.tv\/de\/wp-json\/wp\/v2\/posts\/20453","targetHints":{"allow":["GET"]}}],"collection":[{"href":"https:\/\/kulturonline.tv\/de\/wp-json\/wp\/v2\/posts"}],"about":[{"href":"https:\/\/kulturonline.tv\/de\/wp-json\/wp\/v2\/types\/post"}],"author":[{"embeddable":true,"href":"https:\/\/kulturonline.tv\/de\/wp-json\/wp\/v2\/users\/2"}],"replies":[{"embeddable":true,"href":"https:\/\/kulturonline.tv\/de\/wp-json\/wp\/v2\/comments?post=20453"}],"version-history":[{"count":0,"href":"https:\/\/kulturonline.tv\/de\/wp-json\/wp\/v2\/posts\/20453\/revisions"}],"wp:featuredmedia":[{"embeddable":true,"href":"https:\/\/kulturonline.tv\/de\/wp-json\/wp\/v2\/media\/20460"}],"wp:attachment":[{"href":"https:\/\/kulturonline.tv\/de\/wp-json\/wp\/v2\/media?parent=20453"}],"wp:term":[{"taxonomy":"category","embeddable":true,"href":"https:\/\/kulturonline.tv\/de\/wp-json\/wp\/v2\/categories?post=20453"},{"taxonomy":"post_tag","embeddable":true,"href":"https:\/\/kulturonline.tv\/de\/wp-json\/wp\/v2\/tags?post=20453"}],"curies":[{"name":"wp","href":"https:\/\/api.w.org\/{rel}","templated":true}]}}