{"id":20477,"date":"2022-01-23T12:29:33","date_gmt":"2022-01-23T11:29:33","guid":{"rendered":"https:\/\/kulturonline.tv\/?p=20477"},"modified":"2022-01-23T12:29:35","modified_gmt":"2022-01-23T11:29:35","slug":"enthusiastisch-wiederentdeckt","status":"publish","type":"post","link":"https:\/\/kulturonline.tv\/de\/enthusiastisch-wiederentdeckt\/","title":{"rendered":"Enthusiastisch wiederentdeckt"},"content":{"rendered":"\n<p>Explosionsgefahr: Charly H\u00fcbner als Michael Coolhaze am Deutschen Schauspielhaus Hamburg.<\/p>\n\n\n\n<figure class=\"wp-block-image size-full\"><img fetchpriority=\"high\" decoding=\"async\" width=\"1408\" height=\"792\" src=\"https:\/\/kulturonline.tv\/wp-content\/uploads\/2022\/01\/1408x792-12.webp\" alt=\"\" class=\"wp-image-20479\" srcset=\"https:\/\/kulturonline.tv\/wp-content\/uploads\/2022\/01\/1408x792-12.webp 1408w, https:\/\/kulturonline.tv\/wp-content\/uploads\/2022\/01\/1408x792-12-600x338.webp 600w, https:\/\/kulturonline.tv\/wp-content\/uploads\/2022\/01\/1408x792-12-800x450.webp 800w, https:\/\/kulturonline.tv\/wp-content\/uploads\/2022\/01\/1408x792-12-768x432.webp 768w\" sizes=\"(max-width: 1408px) 100vw, 1408px\" \/><figcaption>\u00a9 Markus Scholz<\/figcaption><\/figure>\n\n\n\n<p>Die Programmhefte f\u00fcr &#8222;Coolhaze&#8220; waren schon fertig, dann kam, einen Tag vor der Premiere im M\u00e4rz 2020, der erste Lockdown. Jetzt haben Rocko Schamoni, Heinz Strunk und Jacques Palminger, alias &#8222;Studio Braun&#8220;, ihre auf Kleists Novelle &#8222;Michael Kohlhaas&#8220; zur\u00fcckgehende Produktion mit Charly H\u00fcbner in der Hauptrolle im Hamburger Schauspielhaus endlich auf die B\u00fchne gebracht.<\/p>\n\n\n\n<p>F\u00fcr die Darstellung des Mutters\u00f6hnchens und Soziopathen &#8222;Robert&#8220; im Film &#8222;Unter Nachbarn&#8220; aus dem Jahr 2011 stellte er sich beispielsweise vor, er habe einen &#8222;Stock im Arsch&#8220;. Die beh\u00e4bigen Bewegungen seiner Figur\u00a0halfen ihm, den Charakter des einsamen Mannes, der bis zum Mord fanatisch an einer Freundschaft festhalten will, so beeindruckend darzustellen, dass er mit einer Goldenen Kamera geehrt wurde.<\/p>\n\n\n\n<p>Kein Wunder, dass die Liste seiner Rollen lang ist. Allein im Jahr 2005 wirkte Charly H\u00fcbner in 17 Filmen mit. Seinen Durchbruch schaffte er 2006 mit dem Auftritt im oscarpr\u00e4mierten Spielfilm &#8222;Das Leben der Anderen&#8220;, in dem er einen Stasi-Oberfeldwebel mimte.<\/p>\n\n\n\n<p>Der Regisseur Florian von Richthofen will die Kleist-Novelle verfilmen, als eine Art Gro\u00dfstadtwestern. Statt mit Pferden handelt Coolhaze mit Motorr\u00e4dern &#8211; in New York. Doch der zentrale Konflikt bleibt: <\/p>\n\n\n\n<p>Bei der Ausfuhr nach New Jersey fehlen angeblich Papiere und unter fadenscheinigsten Erkl\u00e4rungen werden zwei Motorr\u00e4der von der Polizei einfach einkassiert und sp\u00e4ter demoliert. Das Publikum wird Zeuge der Dreharbeiten &#8211; in und vor einer von B\u00fchnenbildner St\u00e9phane Laim\u00e9 entworfenen H\u00e4userkulisse, die gleichzeitig Western- und Gro\u00dfstadtflair ausstrahlt.<\/p>\n\n\n\n<figure class=\"wp-block-embed is-type-video is-provider-youtube wp-block-embed-youtube wp-embed-aspect-16-9 wp-has-aspect-ratio\"><div class=\"wp-block-embed__wrapper\">\n<iframe title=\"Trailer &quot;Coolhaze&quot;\" width=\"800\" height=\"450\" src=\"https:\/\/www.youtube.com\/embed\/vpgP9Yxdz-M?feature=oembed\" frameborder=\"0\" allow=\"accelerometer; autoplay; clipboard-write; encrypted-media; gyroscope; picture-in-picture; web-share\" referrerpolicy=\"strict-origin-when-cross-origin\" allowfullscreen><\/iframe>\n<\/div><\/figure>\n\n\n\n<p>Kultur Online TV<\/p>\n\n\n\n<p>#kultur #theater<\/p>\n","protected":false},"excerpt":{"rendered":"<p>Explosionsgefahr: Charly H\u00fcbner als Michael Coolhaze am Deutschen Schauspielhaus Hamburg. Die Programmhefte f\u00fcr &#8222;Coolhaze&#8220; waren schon fertig, dann kam, einen Tag vor der Premiere im M\u00e4rz 2020, der erste Lockdown. Jetzt haben Rocko Schamoni, Heinz Strunk und Jacques Palminger, alias &#8222;Studio Braun&#8220;, ihre auf Kleists Novelle &#8222;Michael Kohlhaas&#8220; zur\u00fcckgehende Produktion mit Charly H\u00fcbner in der [&hellip;]<\/p>\n","protected":false},"author":2,"featured_media":20479,"comment_status":"closed","ping_status":"closed","sticky":false,"template":"","format":"standard","meta":{"_acf_changed":false,"footnotes":""},"categories":[105],"tags":[],"class_list":["post-20477","post","type-post","status-publish","format-standard","has-post-thumbnail","hentry","category-theater"],"acf":[],"yoast_head":"<!-- This site is optimized with the Yoast SEO plugin v26.1.1 - https:\/\/yoast.com\/wordpress\/plugins\/seo\/ -->\n<title>Enthusiastisch wiederentdeckt - Kultur Online TV &amp; FM<\/title>\n<meta name=\"description\" content=\"Kultur sehen und H\u00f6ren\" \/>\n<meta name=\"robots\" content=\"index, follow, max-snippet:-1, max-image-preview:large, max-video-preview:-1\" \/>\n<link rel=\"canonical\" href=\"https:\/\/kulturonline.tv\/de\/enthusiastisch-wiederentdeckt\/\" \/>\n<meta property=\"og:locale\" content=\"de_DE\" \/>\n<meta property=\"og:type\" content=\"article\" \/>\n<meta property=\"og:title\" content=\"Enthusiastisch wiederentdeckt - Kultur Online TV &amp; FM\" \/>\n<meta property=\"og:description\" content=\"Kultur sehen und H\u00f6ren\" \/>\n<meta property=\"og:url\" content=\"https:\/\/kulturonline.tv\/de\/enthusiastisch-wiederentdeckt\/\" \/>\n<meta property=\"og:site_name\" content=\"Kultur Online TV &amp; FM\" \/>\n<meta property=\"article:publisher\" content=\"https:\/\/www.facebook.com\/kulturonline.tv\" \/>\n<meta property=\"article:published_time\" content=\"2022-01-23T11:29:33+00:00\" \/>\n<meta property=\"article:modified_time\" content=\"2022-01-23T11:29:35+00:00\" \/>\n<meta property=\"og:image\" content=\"https:\/\/kulturonline.tv\/wp-content\/uploads\/2022\/01\/1408x792-12.webp\" \/>\n\t<meta property=\"og:image:width\" content=\"1408\" \/>\n\t<meta property=\"og:image:height\" content=\"792\" \/>\n\t<meta property=\"og:image:type\" content=\"image\/webp\" \/>\n<meta name=\"author\" content=\"guenter.wolfgang\" \/>\n<meta name=\"twitter:card\" content=\"summary_large_image\" \/>\n<meta name=\"twitter:label1\" content=\"Verfasst von\" \/>\n\t<meta name=\"twitter:data1\" content=\"guenter.wolfgang\" \/>\n\t<meta name=\"twitter:label2\" content=\"Gesch\u00e4tzte Lesezeit\" \/>\n\t<meta name=\"twitter:data2\" content=\"2\u00a0Minuten\" \/>\n<script type=\"application\/ld+json\" class=\"yoast-schema-graph\">{\"@context\":\"https:\/\/schema.org\",\"@graph\":[{\"@type\":\"Article\",\"@id\":\"https:\/\/kulturonline.tv\/de\/enthusiastisch-wiederentdeckt\/#article\",\"isPartOf\":{\"@id\":\"https:\/\/kulturonline.tv\/de\/enthusiastisch-wiederentdeckt\/\"},\"author\":{\"name\":\"guenter.wolfgang\",\"@id\":\"https:\/\/kulturonline.tv\/de\/#\/schema\/person\/b0fac729bb9a0c193fb1df23449df4fe\"},\"headline\":\"Enthusiastisch wiederentdeckt\",\"datePublished\":\"2022-01-23T11:29:33+00:00\",\"dateModified\":\"2022-01-23T11:29:35+00:00\",\"mainEntityOfPage\":{\"@id\":\"https:\/\/kulturonline.tv\/de\/enthusiastisch-wiederentdeckt\/\"},\"wordCount\":273,\"publisher\":{\"@id\":\"https:\/\/kulturonline.tv\/de\/#organization\"},\"image\":{\"@id\":\"https:\/\/kulturonline.tv\/de\/enthusiastisch-wiederentdeckt\/#primaryimage\"},\"thumbnailUrl\":\"https:\/\/kulturonline.tv\/wp-content\/uploads\/2022\/01\/1408x792-12.webp\",\"articleSection\":[\"Theater\"],\"inLanguage\":\"de\"},{\"@type\":\"WebPage\",\"@id\":\"https:\/\/kulturonline.tv\/de\/enthusiastisch-wiederentdeckt\/\",\"url\":\"https:\/\/kulturonline.tv\/de\/enthusiastisch-wiederentdeckt\/\",\"name\":\"Enthusiastisch wiederentdeckt - Kultur Online TV &amp; FM\",\"isPartOf\":{\"@id\":\"https:\/\/kulturonline.tv\/de\/#website\"},\"primaryImageOfPage\":{\"@id\":\"https:\/\/kulturonline.tv\/de\/enthusiastisch-wiederentdeckt\/#primaryimage\"},\"image\":{\"@id\":\"https:\/\/kulturonline.tv\/de\/enthusiastisch-wiederentdeckt\/#primaryimage\"},\"thumbnailUrl\":\"https:\/\/kulturonline.tv\/wp-content\/uploads\/2022\/01\/1408x792-12.webp\",\"datePublished\":\"2022-01-23T11:29:33+00:00\",\"dateModified\":\"2022-01-23T11:29:35+00:00\",\"description\":\"Kultur sehen und H\u00f6ren\",\"breadcrumb\":{\"@id\":\"https:\/\/kulturonline.tv\/de\/enthusiastisch-wiederentdeckt\/#breadcrumb\"},\"inLanguage\":\"de\",\"potentialAction\":[{\"@type\":\"ReadAction\",\"target\":[\"https:\/\/kulturonline.tv\/de\/enthusiastisch-wiederentdeckt\/\"]}]},{\"@type\":\"ImageObject\",\"inLanguage\":\"de\",\"@id\":\"https:\/\/kulturonline.tv\/de\/enthusiastisch-wiederentdeckt\/#primaryimage\",\"url\":\"https:\/\/kulturonline.tv\/wp-content\/uploads\/2022\/01\/1408x792-12.webp\",\"contentUrl\":\"https:\/\/kulturonline.tv\/wp-content\/uploads\/2022\/01\/1408x792-12.webp\",\"width\":1408,\"height\":792},{\"@type\":\"BreadcrumbList\",\"@id\":\"https:\/\/kulturonline.tv\/de\/enthusiastisch-wiederentdeckt\/#breadcrumb\",\"itemListElement\":[{\"@type\":\"ListItem\",\"position\":1,\"name\":\"Startseite\",\"item\":\"https:\/\/kulturonline.tv\/de\/\"},{\"@type\":\"ListItem\",\"position\":2,\"name\":\"Enthusiastisch wiederentdeckt\"}]},{\"@type\":\"WebSite\",\"@id\":\"https:\/\/kulturonline.tv\/de\/#website\",\"url\":\"https:\/\/kulturonline.tv\/de\/\",\"name\":\"Kultur Online TV &amp; FM\",\"description\":\"Wir sind Kultur 2.0 zum sehen &amp; h\u00f6ren\",\"publisher\":{\"@id\":\"https:\/\/kulturonline.tv\/de\/#organization\"},\"potentialAction\":[{\"@type\":\"SearchAction\",\"target\":{\"@type\":\"EntryPoint\",\"urlTemplate\":\"https:\/\/kulturonline.tv\/de\/?s={search_term_string}\"},\"query-input\":{\"@type\":\"PropertyValueSpecification\",\"valueRequired\":true,\"valueName\":\"search_term_string\"}}],\"inLanguage\":\"de\"},{\"@type\":\"Organization\",\"@id\":\"https:\/\/kulturonline.tv\/de\/#organization\",\"name\":\"Kultur Online TV\",\"url\":\"https:\/\/kulturonline.tv\/de\/\",\"logo\":{\"@type\":\"ImageObject\",\"inLanguage\":\"de\",\"@id\":\"https:\/\/kulturonline.tv\/de\/#\/schema\/logo\/image\/\",\"url\":\"https:\/\/kulturonline.tv\/wp-content\/uploads\/2021\/08\/Kultur-Online-Tv-Logo-Endversion-neu.png\",\"contentUrl\":\"https:\/\/kulturonline.tv\/wp-content\/uploads\/2021\/08\/Kultur-Online-Tv-Logo-Endversion-neu.png\",\"width\":200,\"height\":200,\"caption\":\"Kultur Online TV\"},\"image\":{\"@id\":\"https:\/\/kulturonline.tv\/de\/#\/schema\/logo\/image\/\"},\"sameAs\":[\"https:\/\/www.facebook.com\/kulturonline.tv\",\"https:\/\/www.instagram.com\/kulturonline.tv\"]},{\"@type\":\"Person\",\"@id\":\"https:\/\/kulturonline.tv\/de\/#\/schema\/person\/b0fac729bb9a0c193fb1df23449df4fe\",\"name\":\"guenter.wolfgang\"}]}<\/script>\n<!-- \/ Yoast SEO plugin. -->","yoast_head_json":{"title":"Enthusiastisch wiederentdeckt - Kultur Online TV &amp; FM","description":"Kultur sehen und H\u00f6ren","robots":{"index":"index","follow":"follow","max-snippet":"max-snippet:-1","max-image-preview":"max-image-preview:large","max-video-preview":"max-video-preview:-1"},"canonical":"https:\/\/kulturonline.tv\/de\/enthusiastisch-wiederentdeckt\/","og_locale":"de_DE","og_type":"article","og_title":"Enthusiastisch wiederentdeckt - Kultur Online TV &amp; FM","og_description":"Kultur sehen und H\u00f6ren","og_url":"https:\/\/kulturonline.tv\/de\/enthusiastisch-wiederentdeckt\/","og_site_name":"Kultur Online TV &amp; FM","article_publisher":"https:\/\/www.facebook.com\/kulturonline.tv","article_published_time":"2022-01-23T11:29:33+00:00","article_modified_time":"2022-01-23T11:29:35+00:00","og_image":[{"width":1408,"height":792,"url":"https:\/\/kulturonline.tv\/wp-content\/uploads\/2022\/01\/1408x792-12.webp","type":"image\/webp"}],"author":"guenter.wolfgang","twitter_card":"summary_large_image","twitter_misc":{"Verfasst von":"guenter.wolfgang","Gesch\u00e4tzte Lesezeit":"2\u00a0Minuten"},"schema":{"@context":"https:\/\/schema.org","@graph":[{"@type":"Article","@id":"https:\/\/kulturonline.tv\/de\/enthusiastisch-wiederentdeckt\/#article","isPartOf":{"@id":"https:\/\/kulturonline.tv\/de\/enthusiastisch-wiederentdeckt\/"},"author":{"name":"guenter.wolfgang","@id":"https:\/\/kulturonline.tv\/de\/#\/schema\/person\/b0fac729bb9a0c193fb1df23449df4fe"},"headline":"Enthusiastisch wiederentdeckt","datePublished":"2022-01-23T11:29:33+00:00","dateModified":"2022-01-23T11:29:35+00:00","mainEntityOfPage":{"@id":"https:\/\/kulturonline.tv\/de\/enthusiastisch-wiederentdeckt\/"},"wordCount":273,"publisher":{"@id":"https:\/\/kulturonline.tv\/de\/#organization"},"image":{"@id":"https:\/\/kulturonline.tv\/de\/enthusiastisch-wiederentdeckt\/#primaryimage"},"thumbnailUrl":"https:\/\/kulturonline.tv\/wp-content\/uploads\/2022\/01\/1408x792-12.webp","articleSection":["Theater"],"inLanguage":"de"},{"@type":"WebPage","@id":"https:\/\/kulturonline.tv\/de\/enthusiastisch-wiederentdeckt\/","url":"https:\/\/kulturonline.tv\/de\/enthusiastisch-wiederentdeckt\/","name":"Enthusiastisch wiederentdeckt - Kultur Online TV &amp; FM","isPartOf":{"@id":"https:\/\/kulturonline.tv\/de\/#website"},"primaryImageOfPage":{"@id":"https:\/\/kulturonline.tv\/de\/enthusiastisch-wiederentdeckt\/#primaryimage"},"image":{"@id":"https:\/\/kulturonline.tv\/de\/enthusiastisch-wiederentdeckt\/#primaryimage"},"thumbnailUrl":"https:\/\/kulturonline.tv\/wp-content\/uploads\/2022\/01\/1408x792-12.webp","datePublished":"2022-01-23T11:29:33+00:00","dateModified":"2022-01-23T11:29:35+00:00","description":"Kultur sehen und H\u00f6ren","breadcrumb":{"@id":"https:\/\/kulturonline.tv\/de\/enthusiastisch-wiederentdeckt\/#breadcrumb"},"inLanguage":"de","potentialAction":[{"@type":"ReadAction","target":["https:\/\/kulturonline.tv\/de\/enthusiastisch-wiederentdeckt\/"]}]},{"@type":"ImageObject","inLanguage":"de","@id":"https:\/\/kulturonline.tv\/de\/enthusiastisch-wiederentdeckt\/#primaryimage","url":"https:\/\/kulturonline.tv\/wp-content\/uploads\/2022\/01\/1408x792-12.webp","contentUrl":"https:\/\/kulturonline.tv\/wp-content\/uploads\/2022\/01\/1408x792-12.webp","width":1408,"height":792},{"@type":"BreadcrumbList","@id":"https:\/\/kulturonline.tv\/de\/enthusiastisch-wiederentdeckt\/#breadcrumb","itemListElement":[{"@type":"ListItem","position":1,"name":"Startseite","item":"https:\/\/kulturonline.tv\/de\/"},{"@type":"ListItem","position":2,"name":"Enthusiastisch wiederentdeckt"}]},{"@type":"WebSite","@id":"https:\/\/kulturonline.tv\/de\/#website","url":"https:\/\/kulturonline.tv\/de\/","name":"Kultur Online TV &amp; FM","description":"Wir sind Kultur 2.0 zum sehen &amp; h\u00f6ren","publisher":{"@id":"https:\/\/kulturonline.tv\/de\/#organization"},"potentialAction":[{"@type":"SearchAction","target":{"@type":"EntryPoint","urlTemplate":"https:\/\/kulturonline.tv\/de\/?s={search_term_string}"},"query-input":{"@type":"PropertyValueSpecification","valueRequired":true,"valueName":"search_term_string"}}],"inLanguage":"de"},{"@type":"Organization","@id":"https:\/\/kulturonline.tv\/de\/#organization","name":"Kultur Online TV","url":"https:\/\/kulturonline.tv\/de\/","logo":{"@type":"ImageObject","inLanguage":"de","@id":"https:\/\/kulturonline.tv\/de\/#\/schema\/logo\/image\/","url":"https:\/\/kulturonline.tv\/wp-content\/uploads\/2021\/08\/Kultur-Online-Tv-Logo-Endversion-neu.png","contentUrl":"https:\/\/kulturonline.tv\/wp-content\/uploads\/2021\/08\/Kultur-Online-Tv-Logo-Endversion-neu.png","width":200,"height":200,"caption":"Kultur Online TV"},"image":{"@id":"https:\/\/kulturonline.tv\/de\/#\/schema\/logo\/image\/"},"sameAs":["https:\/\/www.facebook.com\/kulturonline.tv","https:\/\/www.instagram.com\/kulturonline.tv"]},{"@type":"Person","@id":"https:\/\/kulturonline.tv\/de\/#\/schema\/person\/b0fac729bb9a0c193fb1df23449df4fe","name":"guenter.wolfgang"}]}},"_links":{"self":[{"href":"https:\/\/kulturonline.tv\/de\/wp-json\/wp\/v2\/posts\/20477","targetHints":{"allow":["GET"]}}],"collection":[{"href":"https:\/\/kulturonline.tv\/de\/wp-json\/wp\/v2\/posts"}],"about":[{"href":"https:\/\/kulturonline.tv\/de\/wp-json\/wp\/v2\/types\/post"}],"author":[{"embeddable":true,"href":"https:\/\/kulturonline.tv\/de\/wp-json\/wp\/v2\/users\/2"}],"replies":[{"embeddable":true,"href":"https:\/\/kulturonline.tv\/de\/wp-json\/wp\/v2\/comments?post=20477"}],"version-history":[{"count":0,"href":"https:\/\/kulturonline.tv\/de\/wp-json\/wp\/v2\/posts\/20477\/revisions"}],"wp:featuredmedia":[{"embeddable":true,"href":"https:\/\/kulturonline.tv\/de\/wp-json\/wp\/v2\/media\/20479"}],"wp:attachment":[{"href":"https:\/\/kulturonline.tv\/de\/wp-json\/wp\/v2\/media?parent=20477"}],"wp:term":[{"taxonomy":"category","embeddable":true,"href":"https:\/\/kulturonline.tv\/de\/wp-json\/wp\/v2\/categories?post=20477"},{"taxonomy":"post_tag","embeddable":true,"href":"https:\/\/kulturonline.tv\/de\/wp-json\/wp\/v2\/tags?post=20477"}],"curies":[{"name":"wp","href":"https:\/\/api.w.org\/{rel}","templated":true}]}}