{"id":20482,"date":"2022-01-23T12:42:51","date_gmt":"2022-01-23T11:42:51","guid":{"rendered":"https:\/\/kulturonline.tv\/?p=20482"},"modified":"2022-01-23T12:42:52","modified_gmt":"2022-01-23T11:42:52","slug":"wie-man-gut-sterben-kann","status":"publish","type":"post","link":"https:\/\/kulturonline.tv\/de\/wie-man-gut-sterben-kann\/","title":{"rendered":"Wie man gut sterben kann"},"content":{"rendered":"\n<p>Im Kinodrama &#8222;In Liebe lassen&#8220; spielt Catherine Deneuve eine Mutter, die sich von ihrem todkranken Sohn verabschieden muss.<\/p>\n\n\n\n<figure class=\"wp-block-image size-full\"><img fetchpriority=\"high\" decoding=\"async\" width=\"910\" height=\"511\" src=\"https:\/\/kulturonline.tv\/wp-content\/uploads\/2022\/01\/1408x792-13.webp\" alt=\"\" class=\"wp-image-20484\" srcset=\"https:\/\/kulturonline.tv\/wp-content\/uploads\/2022\/01\/1408x792-13.webp 910w, https:\/\/kulturonline.tv\/wp-content\/uploads\/2022\/01\/1408x792-13-600x337.webp 600w, https:\/\/kulturonline.tv\/wp-content\/uploads\/2022\/01\/1408x792-13-800x449.webp 800w, https:\/\/kulturonline.tv\/wp-content\/uploads\/2022\/01\/1408x792-13-768x431.webp 768w\" sizes=\"(max-width: 910px) 100vw, 910px\" \/><figcaption>\u00a9 Studiocanal<\/figcaption><\/figure>\n\n\n\n<p>Grund daf\u00fcr ist, dass die Arbeitsweise des New Yorker Onkologen Dr. Gabriel A. Sara die Regisseurin \u00fcberhaupt erst zu ihrem Film inspirierte. Sara spielt als Dr. Edd\u00e9 gewisserma\u00dfen eine Version seiner selbst. Die zutiefst humanistische Art, wie sich Edd\u00e9 dem an Krebs erkrankten 39-j\u00e4hrigen Schauspiellehrer Benjamin Boltanski (Beno\u00eet Magimel) n\u00e4hert, wie er mit dessen Mutter Crystal (Catherine Deneuve) redet, wie er in Gespr\u00e4chsrunden mit dem Pflegepersonal interagiert und gemeinsam singt und musiziert, geht auf Saras berufliches Vorgehen im echten Leben zur\u00fcck. <\/p>\n\n\n\n<p>Schon in ihren bisherigen Filmen, etwa\u00a0Madame empfiehlt sich\u00a0(2013) oder\u00a0Die Frau aus Brest\u00a0(2016) setzte Bercot auf eine ruhige Inszenierung. Auch hier konzentriert sie sich auf die Gesten und Dialoge zwischen den Figuren. Sie sucht nicht das gro\u00dfe Drama, sondern zeigt vielmehr, wie langwierig der Prozess des Sterbens infolge einer Krankheit sein kann. <\/p>\n\n\n\n<p>Die Zeichnung der Figuren ist nicht frei von Klischees. Dass Benjamin seinem Kurs als Schauspieldozent zur emotionalen Selbsterkundung verhelfen kann, selbst jedoch (zun\u00e4chst) keinen Zugang zu seinen Gef\u00fchlen findet, wirkt etwas formelhaft. Ebenso verl\u00e4uft die sich aufbauende Beziehung zur einf\u00fchlsamen Krankenschwester Eug\u00e9nie (C\u00e9cile de France) allzu nahe am Kitsch.Edd\u00e9 r\u00e4t Benjamin, den \u201eSchreibtisch des Lebens\u201c aufzur\u00e4umen, ehe es zu sp\u00e4t ist. Bemerkenswert ist, wie gut es dem Kino-Laien Sara dabei gelingt, neben den Schauspielgr\u00f6\u00dfen Magimel und Deneuve zu bestehen.<\/p>\n\n\n\n<p>In Emmanuelle Bercots Drama &#8222;In Liebe lassen&#8220; geht auch Benjamin (Beno\u00eet Magimel) davon aus, dass alles gut wird, er ist ja erst 39, hat noch nicht das geschafft, was er mit seinem Leben erreichen wollte, ist gescheitert als Schauspieler, hat es nur zum Schauspiellehrer gebracht.<\/p>\n\n\n\n<p>&#8222;In Liebe lassen&#8220; ist kein Film \u00fcber Hoffnung, und keiner \u00fcber Trauer, sondern ein Liebesfilm, zwischen Mutter und Sohn, zwischen einem erkrankten Menschen und seinem vermeintlich verpfuschten Leben, zwischen einem Entt\u00e4uschten und der Welt. Und es ist ein Film, der eine Idealversion dessen schildert, wie ein bewusster Abschied von der Welt aussehen kann. <\/p>\n\n\n\n<p>Wie funktioniert w\u00fcrdevolles Sein im Angesicht des eigenen Endes? Dr. Edd\u00e9, im Film vom renommierten Onkologen Dr. Sara dargestellt, der damit quasi sich selbst spielt, vergleicht diesen Lebensabschnitt mit einer Bergtour, die einmal noch anstrengend ist vor dem Abschluss. Und er macht sehr deutlich, dass die Suche nach Gr\u00fcnden f\u00fcr die Erkrankung keine Hilfe ist und Schuldgef\u00fchle weder der Mutter noch dem Sohn helfen.<\/p>\n\n\n\n<p>Kultur Online TV<\/p>\n\n\n\n<p>#kultur #film #liebe<\/p>\n","protected":false},"excerpt":{"rendered":"<p>Im Kinodrama &#8222;In Liebe lassen&#8220; spielt Catherine Deneuve eine Mutter, die sich von ihrem todkranken Sohn verabschieden muss. Grund daf\u00fcr ist, dass die Arbeitsweise des New Yorker Onkologen Dr. Gabriel A. Sara die Regisseurin \u00fcberhaupt erst zu ihrem Film inspirierte. Sara spielt als Dr. Edd\u00e9 gewisserma\u00dfen eine Version seiner selbst. Die zutiefst humanistische Art, wie [&hellip;]<\/p>\n","protected":false},"author":2,"featured_media":20484,"comment_status":"closed","ping_status":"closed","sticky":false,"template":"","format":"standard","meta":{"_acf_changed":false,"footnotes":""},"categories":[1],"tags":[],"class_list":["post-20482","post","type-post","status-publish","format-standard","has-post-thumbnail","hentry","category-unkategorisiert"],"acf":[],"yoast_head":"<!-- This site is optimized with the Yoast SEO plugin v26.1.1 - https:\/\/yoast.com\/wordpress\/plugins\/seo\/ -->\n<title>Wie man gut sterben kann - Kultur Online TV &amp; FM<\/title>\n<meta name=\"description\" content=\"Kultur sehen und H\u00f6ren\" \/>\n<meta name=\"robots\" content=\"index, follow, max-snippet:-1, max-image-preview:large, max-video-preview:-1\" \/>\n<link rel=\"canonical\" href=\"https:\/\/kulturonline.tv\/de\/wie-man-gut-sterben-kann\/\" \/>\n<meta property=\"og:locale\" content=\"de_DE\" \/>\n<meta property=\"og:type\" content=\"article\" \/>\n<meta property=\"og:title\" content=\"Wie man gut sterben kann - Kultur Online TV &amp; FM\" \/>\n<meta property=\"og:description\" content=\"Kultur sehen und H\u00f6ren\" \/>\n<meta property=\"og:url\" content=\"https:\/\/kulturonline.tv\/de\/wie-man-gut-sterben-kann\/\" \/>\n<meta property=\"og:site_name\" content=\"Kultur Online TV &amp; FM\" \/>\n<meta property=\"article:publisher\" content=\"https:\/\/www.facebook.com\/kulturonline.tv\" \/>\n<meta property=\"article:published_time\" content=\"2022-01-23T11:42:51+00:00\" \/>\n<meta property=\"article:modified_time\" content=\"2022-01-23T11:42:52+00:00\" \/>\n<meta property=\"og:image\" content=\"https:\/\/kulturonline.tv\/wp-content\/uploads\/2022\/01\/1408x792-13.webp\" \/>\n\t<meta property=\"og:image:width\" content=\"910\" \/>\n\t<meta property=\"og:image:height\" content=\"511\" \/>\n\t<meta property=\"og:image:type\" content=\"image\/webp\" \/>\n<meta name=\"author\" content=\"guenter.wolfgang\" \/>\n<meta name=\"twitter:card\" content=\"summary_large_image\" \/>\n<meta name=\"twitter:label1\" content=\"Verfasst von\" \/>\n\t<meta name=\"twitter:data1\" content=\"guenter.wolfgang\" \/>\n\t<meta name=\"twitter:label2\" content=\"Gesch\u00e4tzte Lesezeit\" \/>\n\t<meta name=\"twitter:data2\" content=\"3\u00a0Minuten\" \/>\n<script type=\"application\/ld+json\" class=\"yoast-schema-graph\">{\"@context\":\"https:\/\/schema.org\",\"@graph\":[{\"@type\":\"Article\",\"@id\":\"https:\/\/kulturonline.tv\/de\/wie-man-gut-sterben-kann\/#article\",\"isPartOf\":{\"@id\":\"https:\/\/kulturonline.tv\/de\/wie-man-gut-sterben-kann\/\"},\"author\":{\"name\":\"guenter.wolfgang\",\"@id\":\"https:\/\/kulturonline.tv\/de\/#\/schema\/person\/b0fac729bb9a0c193fb1df23449df4fe\"},\"headline\":\"Wie man gut sterben kann\",\"datePublished\":\"2022-01-23T11:42:51+00:00\",\"dateModified\":\"2022-01-23T11:42:52+00:00\",\"mainEntityOfPage\":{\"@id\":\"https:\/\/kulturonline.tv\/de\/wie-man-gut-sterben-kann\/\"},\"wordCount\":429,\"publisher\":{\"@id\":\"https:\/\/kulturonline.tv\/de\/#organization\"},\"image\":{\"@id\":\"https:\/\/kulturonline.tv\/de\/wie-man-gut-sterben-kann\/#primaryimage\"},\"thumbnailUrl\":\"https:\/\/kulturonline.tv\/wp-content\/uploads\/2022\/01\/1408x792-13.webp\",\"articleSection\":[\"Unkategorisiert\"],\"inLanguage\":\"de\"},{\"@type\":\"WebPage\",\"@id\":\"https:\/\/kulturonline.tv\/de\/wie-man-gut-sterben-kann\/\",\"url\":\"https:\/\/kulturonline.tv\/de\/wie-man-gut-sterben-kann\/\",\"name\":\"Wie man gut sterben kann - Kultur Online TV &amp; FM\",\"isPartOf\":{\"@id\":\"https:\/\/kulturonline.tv\/de\/#website\"},\"primaryImageOfPage\":{\"@id\":\"https:\/\/kulturonline.tv\/de\/wie-man-gut-sterben-kann\/#primaryimage\"},\"image\":{\"@id\":\"https:\/\/kulturonline.tv\/de\/wie-man-gut-sterben-kann\/#primaryimage\"},\"thumbnailUrl\":\"https:\/\/kulturonline.tv\/wp-content\/uploads\/2022\/01\/1408x792-13.webp\",\"datePublished\":\"2022-01-23T11:42:51+00:00\",\"dateModified\":\"2022-01-23T11:42:52+00:00\",\"description\":\"Kultur sehen und H\u00f6ren\",\"breadcrumb\":{\"@id\":\"https:\/\/kulturonline.tv\/de\/wie-man-gut-sterben-kann\/#breadcrumb\"},\"inLanguage\":\"de\",\"potentialAction\":[{\"@type\":\"ReadAction\",\"target\":[\"https:\/\/kulturonline.tv\/de\/wie-man-gut-sterben-kann\/\"]}]},{\"@type\":\"ImageObject\",\"inLanguage\":\"de\",\"@id\":\"https:\/\/kulturonline.tv\/de\/wie-man-gut-sterben-kann\/#primaryimage\",\"url\":\"https:\/\/kulturonline.tv\/wp-content\/uploads\/2022\/01\/1408x792-13.webp\",\"contentUrl\":\"https:\/\/kulturonline.tv\/wp-content\/uploads\/2022\/01\/1408x792-13.webp\",\"width\":910,\"height\":511},{\"@type\":\"BreadcrumbList\",\"@id\":\"https:\/\/kulturonline.tv\/de\/wie-man-gut-sterben-kann\/#breadcrumb\",\"itemListElement\":[{\"@type\":\"ListItem\",\"position\":1,\"name\":\"Startseite\",\"item\":\"https:\/\/kulturonline.tv\/de\/\"},{\"@type\":\"ListItem\",\"position\":2,\"name\":\"Wie man gut sterben kann\"}]},{\"@type\":\"WebSite\",\"@id\":\"https:\/\/kulturonline.tv\/de\/#website\",\"url\":\"https:\/\/kulturonline.tv\/de\/\",\"name\":\"Kultur Online TV &amp; FM\",\"description\":\"Wir sind Kultur 2.0 zum sehen &amp; h\u00f6ren\",\"publisher\":{\"@id\":\"https:\/\/kulturonline.tv\/de\/#organization\"},\"potentialAction\":[{\"@type\":\"SearchAction\",\"target\":{\"@type\":\"EntryPoint\",\"urlTemplate\":\"https:\/\/kulturonline.tv\/de\/?s={search_term_string}\"},\"query-input\":{\"@type\":\"PropertyValueSpecification\",\"valueRequired\":true,\"valueName\":\"search_term_string\"}}],\"inLanguage\":\"de\"},{\"@type\":\"Organization\",\"@id\":\"https:\/\/kulturonline.tv\/de\/#organization\",\"name\":\"Kultur Online TV\",\"url\":\"https:\/\/kulturonline.tv\/de\/\",\"logo\":{\"@type\":\"ImageObject\",\"inLanguage\":\"de\",\"@id\":\"https:\/\/kulturonline.tv\/de\/#\/schema\/logo\/image\/\",\"url\":\"https:\/\/kulturonline.tv\/wp-content\/uploads\/2021\/08\/Kultur-Online-Tv-Logo-Endversion-neu.png\",\"contentUrl\":\"https:\/\/kulturonline.tv\/wp-content\/uploads\/2021\/08\/Kultur-Online-Tv-Logo-Endversion-neu.png\",\"width\":200,\"height\":200,\"caption\":\"Kultur Online TV\"},\"image\":{\"@id\":\"https:\/\/kulturonline.tv\/de\/#\/schema\/logo\/image\/\"},\"sameAs\":[\"https:\/\/www.facebook.com\/kulturonline.tv\",\"https:\/\/www.instagram.com\/kulturonline.tv\"]},{\"@type\":\"Person\",\"@id\":\"https:\/\/kulturonline.tv\/de\/#\/schema\/person\/b0fac729bb9a0c193fb1df23449df4fe\",\"name\":\"guenter.wolfgang\"}]}<\/script>\n<!-- \/ Yoast SEO plugin. -->","yoast_head_json":{"title":"Wie man gut sterben kann - Kultur Online TV &amp; FM","description":"Kultur sehen und H\u00f6ren","robots":{"index":"index","follow":"follow","max-snippet":"max-snippet:-1","max-image-preview":"max-image-preview:large","max-video-preview":"max-video-preview:-1"},"canonical":"https:\/\/kulturonline.tv\/de\/wie-man-gut-sterben-kann\/","og_locale":"de_DE","og_type":"article","og_title":"Wie man gut sterben kann - Kultur Online TV &amp; FM","og_description":"Kultur sehen und H\u00f6ren","og_url":"https:\/\/kulturonline.tv\/de\/wie-man-gut-sterben-kann\/","og_site_name":"Kultur Online TV &amp; FM","article_publisher":"https:\/\/www.facebook.com\/kulturonline.tv","article_published_time":"2022-01-23T11:42:51+00:00","article_modified_time":"2022-01-23T11:42:52+00:00","og_image":[{"width":910,"height":511,"url":"https:\/\/kulturonline.tv\/wp-content\/uploads\/2022\/01\/1408x792-13.webp","type":"image\/webp"}],"author":"guenter.wolfgang","twitter_card":"summary_large_image","twitter_misc":{"Verfasst von":"guenter.wolfgang","Gesch\u00e4tzte Lesezeit":"3\u00a0Minuten"},"schema":{"@context":"https:\/\/schema.org","@graph":[{"@type":"Article","@id":"https:\/\/kulturonline.tv\/de\/wie-man-gut-sterben-kann\/#article","isPartOf":{"@id":"https:\/\/kulturonline.tv\/de\/wie-man-gut-sterben-kann\/"},"author":{"name":"guenter.wolfgang","@id":"https:\/\/kulturonline.tv\/de\/#\/schema\/person\/b0fac729bb9a0c193fb1df23449df4fe"},"headline":"Wie man gut sterben kann","datePublished":"2022-01-23T11:42:51+00:00","dateModified":"2022-01-23T11:42:52+00:00","mainEntityOfPage":{"@id":"https:\/\/kulturonline.tv\/de\/wie-man-gut-sterben-kann\/"},"wordCount":429,"publisher":{"@id":"https:\/\/kulturonline.tv\/de\/#organization"},"image":{"@id":"https:\/\/kulturonline.tv\/de\/wie-man-gut-sterben-kann\/#primaryimage"},"thumbnailUrl":"https:\/\/kulturonline.tv\/wp-content\/uploads\/2022\/01\/1408x792-13.webp","articleSection":["Unkategorisiert"],"inLanguage":"de"},{"@type":"WebPage","@id":"https:\/\/kulturonline.tv\/de\/wie-man-gut-sterben-kann\/","url":"https:\/\/kulturonline.tv\/de\/wie-man-gut-sterben-kann\/","name":"Wie man gut sterben kann - Kultur Online TV &amp; FM","isPartOf":{"@id":"https:\/\/kulturonline.tv\/de\/#website"},"primaryImageOfPage":{"@id":"https:\/\/kulturonline.tv\/de\/wie-man-gut-sterben-kann\/#primaryimage"},"image":{"@id":"https:\/\/kulturonline.tv\/de\/wie-man-gut-sterben-kann\/#primaryimage"},"thumbnailUrl":"https:\/\/kulturonline.tv\/wp-content\/uploads\/2022\/01\/1408x792-13.webp","datePublished":"2022-01-23T11:42:51+00:00","dateModified":"2022-01-23T11:42:52+00:00","description":"Kultur sehen und H\u00f6ren","breadcrumb":{"@id":"https:\/\/kulturonline.tv\/de\/wie-man-gut-sterben-kann\/#breadcrumb"},"inLanguage":"de","potentialAction":[{"@type":"ReadAction","target":["https:\/\/kulturonline.tv\/de\/wie-man-gut-sterben-kann\/"]}]},{"@type":"ImageObject","inLanguage":"de","@id":"https:\/\/kulturonline.tv\/de\/wie-man-gut-sterben-kann\/#primaryimage","url":"https:\/\/kulturonline.tv\/wp-content\/uploads\/2022\/01\/1408x792-13.webp","contentUrl":"https:\/\/kulturonline.tv\/wp-content\/uploads\/2022\/01\/1408x792-13.webp","width":910,"height":511},{"@type":"BreadcrumbList","@id":"https:\/\/kulturonline.tv\/de\/wie-man-gut-sterben-kann\/#breadcrumb","itemListElement":[{"@type":"ListItem","position":1,"name":"Startseite","item":"https:\/\/kulturonline.tv\/de\/"},{"@type":"ListItem","position":2,"name":"Wie man gut sterben kann"}]},{"@type":"WebSite","@id":"https:\/\/kulturonline.tv\/de\/#website","url":"https:\/\/kulturonline.tv\/de\/","name":"Kultur Online TV &amp; FM","description":"Wir sind Kultur 2.0 zum sehen &amp; h\u00f6ren","publisher":{"@id":"https:\/\/kulturonline.tv\/de\/#organization"},"potentialAction":[{"@type":"SearchAction","target":{"@type":"EntryPoint","urlTemplate":"https:\/\/kulturonline.tv\/de\/?s={search_term_string}"},"query-input":{"@type":"PropertyValueSpecification","valueRequired":true,"valueName":"search_term_string"}}],"inLanguage":"de"},{"@type":"Organization","@id":"https:\/\/kulturonline.tv\/de\/#organization","name":"Kultur Online TV","url":"https:\/\/kulturonline.tv\/de\/","logo":{"@type":"ImageObject","inLanguage":"de","@id":"https:\/\/kulturonline.tv\/de\/#\/schema\/logo\/image\/","url":"https:\/\/kulturonline.tv\/wp-content\/uploads\/2021\/08\/Kultur-Online-Tv-Logo-Endversion-neu.png","contentUrl":"https:\/\/kulturonline.tv\/wp-content\/uploads\/2021\/08\/Kultur-Online-Tv-Logo-Endversion-neu.png","width":200,"height":200,"caption":"Kultur Online TV"},"image":{"@id":"https:\/\/kulturonline.tv\/de\/#\/schema\/logo\/image\/"},"sameAs":["https:\/\/www.facebook.com\/kulturonline.tv","https:\/\/www.instagram.com\/kulturonline.tv"]},{"@type":"Person","@id":"https:\/\/kulturonline.tv\/de\/#\/schema\/person\/b0fac729bb9a0c193fb1df23449df4fe","name":"guenter.wolfgang"}]}},"_links":{"self":[{"href":"https:\/\/kulturonline.tv\/de\/wp-json\/wp\/v2\/posts\/20482","targetHints":{"allow":["GET"]}}],"collection":[{"href":"https:\/\/kulturonline.tv\/de\/wp-json\/wp\/v2\/posts"}],"about":[{"href":"https:\/\/kulturonline.tv\/de\/wp-json\/wp\/v2\/types\/post"}],"author":[{"embeddable":true,"href":"https:\/\/kulturonline.tv\/de\/wp-json\/wp\/v2\/users\/2"}],"replies":[{"embeddable":true,"href":"https:\/\/kulturonline.tv\/de\/wp-json\/wp\/v2\/comments?post=20482"}],"version-history":[{"count":0,"href":"https:\/\/kulturonline.tv\/de\/wp-json\/wp\/v2\/posts\/20482\/revisions"}],"wp:featuredmedia":[{"embeddable":true,"href":"https:\/\/kulturonline.tv\/de\/wp-json\/wp\/v2\/media\/20484"}],"wp:attachment":[{"href":"https:\/\/kulturonline.tv\/de\/wp-json\/wp\/v2\/media?parent=20482"}],"wp:term":[{"taxonomy":"category","embeddable":true,"href":"https:\/\/kulturonline.tv\/de\/wp-json\/wp\/v2\/categories?post=20482"},{"taxonomy":"post_tag","embeddable":true,"href":"https:\/\/kulturonline.tv\/de\/wp-json\/wp\/v2\/tags?post=20482"}],"curies":[{"name":"wp","href":"https:\/\/api.w.org\/{rel}","templated":true}]}}