{"id":20539,"date":"2022-01-24T10:52:49","date_gmt":"2022-01-24T09:52:49","guid":{"rendered":"https:\/\/kulturonline.tv\/?p=20539"},"modified":"2023-12-07T20:41:42","modified_gmt":"2023-12-07T19:41:42","slug":"uwe-timm-erhaelt-lessing-preis","status":"publish","type":"post","link":"https:\/\/kulturonline.tv\/de\/uwe-timm-erhaelt-lessing-preis\/","title":{"rendered":"Uwe Timm erh\u00e4lt Lessing-Preis"},"content":{"rendered":"\n<p>Der Autor Uwe Timm ist in Hamburg mit dem Lessing-Preis der Hansestadt ausgezeichnet worden.<\/p>\n\n\n\n<p>Der Preis ist mit 10.000 Euro dotiert. Der 81-J\u00e4hrige Timm ist geb\u00fcrtiger Hamburger. Viele seiner B\u00fccher wurden zu Bestsellern &#8211; unter anderen &#8222;Morenga\u201c, &#8222;Am Beispiel meines Bruders\u201c, &#8222;Die Entdeckung der Currywurst\u201c und das Kinderbuch &#8222;Rennschwein Rudi R\u00fcssel\u201c. Timm hat au\u00dferdem Gedichte, Drehb\u00fccher und H\u00f6rspiele geschrieben. In der Begr\u00fcndung der Preisjury hei\u00dft es, Uwe Timm beweise, dass literarischer Erfolg und intellektueller Anspruch kein Widerspruch sein m\u00fcssten. Der Lessing-Preis wird seit fast hundert Jahren vergeben &#8211; zu Ehren des Schriftstellers Gotthold Ephraim Lessing.<\/p>\n\n\n\n<p>Kultur Online TV <\/p>\n\n\n\n<p>#news #literatur<\/p>\n","protected":false},"excerpt":{"rendered":"<p>Der Autor Uwe Timm ist in Hamburg mit dem Lessing-Preis der Hansestadt ausgezeichnet worden. Der Preis ist mit 10.000 Euro dotiert. Der 81-J\u00e4hrige Timm ist geb\u00fcrtiger Hamburger. Viele seiner B\u00fccher wurden zu Bestsellern &#8211; unter anderen &#8222;Morenga\u201c, &#8222;Am Beispiel meines Bruders\u201c, &#8222;Die Entdeckung der Currywurst\u201c und das Kinderbuch &#8222;Rennschwein Rudi R\u00fcssel\u201c. Timm hat au\u00dferdem Gedichte, [&hellip;]<\/p>\n","protected":false},"author":2,"featured_media":0,"comment_status":"closed","ping_status":"closed","sticky":false,"template":"","format":"standard","meta":{"_acf_changed":false,"footnotes":""},"categories":[106,3],"tags":[],"class_list":["post-20539","post","type-post","status-publish","format-standard","hentry","category-literatur","category-newsflash"],"acf":[],"yoast_head":"<!-- This site is optimized with the Yoast SEO plugin v26.1.1 - https:\/\/yoast.com\/wordpress\/plugins\/seo\/ -->\n<title>Uwe Timm erh\u00e4lt Lessing-Preis - Kultur Online TV &amp; FM<\/title>\n<meta name=\"description\" content=\"Kultur sehen und H\u00f6ren\" \/>\n<meta name=\"robots\" content=\"index, follow, max-snippet:-1, max-image-preview:large, max-video-preview:-1\" \/>\n<link rel=\"canonical\" href=\"https:\/\/kulturonline.tv\/de\/uwe-timm-erhaelt-lessing-preis\/\" \/>\n<meta property=\"og:locale\" content=\"de_DE\" \/>\n<meta property=\"og:type\" content=\"article\" \/>\n<meta property=\"og:title\" content=\"Uwe Timm erh\u00e4lt Lessing-Preis - Kultur Online TV &amp; FM\" \/>\n<meta property=\"og:description\" content=\"Kultur sehen und H\u00f6ren\" \/>\n<meta property=\"og:url\" content=\"https:\/\/kulturonline.tv\/de\/uwe-timm-erhaelt-lessing-preis\/\" \/>\n<meta property=\"og:site_name\" content=\"Kultur Online TV &amp; FM\" \/>\n<meta property=\"article:publisher\" content=\"https:\/\/www.facebook.com\/kulturonline.tv\" \/>\n<meta property=\"article:published_time\" content=\"2022-01-24T09:52:49+00:00\" \/>\n<meta property=\"article:modified_time\" content=\"2023-12-07T19:41:42+00:00\" \/>\n<meta name=\"author\" content=\"guenter.wolfgang\" \/>\n<meta name=\"twitter:card\" content=\"summary_large_image\" \/>\n<meta name=\"twitter:label1\" content=\"Verfasst von\" \/>\n\t<meta name=\"twitter:data1\" content=\"guenter.wolfgang\" \/>\n\t<meta name=\"twitter:label2\" content=\"Gesch\u00e4tzte Lesezeit\" \/>\n\t<meta name=\"twitter:data2\" content=\"1\u00a0Minute\" \/>\n<script type=\"application\/ld+json\" class=\"yoast-schema-graph\">{\"@context\":\"https:\/\/schema.org\",\"@graph\":[{\"@type\":\"Article\",\"@id\":\"https:\/\/kulturonline.tv\/de\/uwe-timm-erhaelt-lessing-preis\/#article\",\"isPartOf\":{\"@id\":\"https:\/\/kulturonline.tv\/de\/uwe-timm-erhaelt-lessing-preis\/\"},\"author\":{\"name\":\"guenter.wolfgang\",\"@id\":\"https:\/\/kulturonline.tv\/de\/#\/schema\/person\/b0fac729bb9a0c193fb1df23449df4fe\"},\"headline\":\"Uwe Timm erh\u00e4lt Lessing-Preis\",\"datePublished\":\"2022-01-24T09:52:49+00:00\",\"dateModified\":\"2023-12-07T19:41:42+00:00\",\"mainEntityOfPage\":{\"@id\":\"https:\/\/kulturonline.tv\/de\/uwe-timm-erhaelt-lessing-preis\/\"},\"wordCount\":114,\"publisher\":{\"@id\":\"https:\/\/kulturonline.tv\/de\/#organization\"},\"articleSection\":[\"Literatur\",\"Newsflash\"],\"inLanguage\":\"de\"},{\"@type\":\"WebPage\",\"@id\":\"https:\/\/kulturonline.tv\/de\/uwe-timm-erhaelt-lessing-preis\/\",\"url\":\"https:\/\/kulturonline.tv\/de\/uwe-timm-erhaelt-lessing-preis\/\",\"name\":\"Uwe Timm erh\u00e4lt Lessing-Preis - Kultur Online TV &amp; FM\",\"isPartOf\":{\"@id\":\"https:\/\/kulturonline.tv\/de\/#website\"},\"datePublished\":\"2022-01-24T09:52:49+00:00\",\"dateModified\":\"2023-12-07T19:41:42+00:00\",\"description\":\"Kultur sehen und H\u00f6ren\",\"breadcrumb\":{\"@id\":\"https:\/\/kulturonline.tv\/de\/uwe-timm-erhaelt-lessing-preis\/#breadcrumb\"},\"inLanguage\":\"de\",\"potentialAction\":[{\"@type\":\"ReadAction\",\"target\":[\"https:\/\/kulturonline.tv\/de\/uwe-timm-erhaelt-lessing-preis\/\"]}]},{\"@type\":\"BreadcrumbList\",\"@id\":\"https:\/\/kulturonline.tv\/de\/uwe-timm-erhaelt-lessing-preis\/#breadcrumb\",\"itemListElement\":[{\"@type\":\"ListItem\",\"position\":1,\"name\":\"Startseite\",\"item\":\"https:\/\/kulturonline.tv\/de\/\"},{\"@type\":\"ListItem\",\"position\":2,\"name\":\"Uwe Timm erh\u00e4lt Lessing-Preis\"}]},{\"@type\":\"WebSite\",\"@id\":\"https:\/\/kulturonline.tv\/de\/#website\",\"url\":\"https:\/\/kulturonline.tv\/de\/\",\"name\":\"Kultur Online TV &amp; FM\",\"description\":\"Wir sind Kultur 2.0 zum sehen &amp; h\u00f6ren\",\"publisher\":{\"@id\":\"https:\/\/kulturonline.tv\/de\/#organization\"},\"potentialAction\":[{\"@type\":\"SearchAction\",\"target\":{\"@type\":\"EntryPoint\",\"urlTemplate\":\"https:\/\/kulturonline.tv\/de\/?s={search_term_string}\"},\"query-input\":{\"@type\":\"PropertyValueSpecification\",\"valueRequired\":true,\"valueName\":\"search_term_string\"}}],\"inLanguage\":\"de\"},{\"@type\":\"Organization\",\"@id\":\"https:\/\/kulturonline.tv\/de\/#organization\",\"name\":\"Kultur Online TV\",\"url\":\"https:\/\/kulturonline.tv\/de\/\",\"logo\":{\"@type\":\"ImageObject\",\"inLanguage\":\"de\",\"@id\":\"https:\/\/kulturonline.tv\/de\/#\/schema\/logo\/image\/\",\"url\":\"https:\/\/kulturonline.tv\/wp-content\/uploads\/2021\/08\/Kultur-Online-Tv-Logo-Endversion-neu.png\",\"contentUrl\":\"https:\/\/kulturonline.tv\/wp-content\/uploads\/2021\/08\/Kultur-Online-Tv-Logo-Endversion-neu.png\",\"width\":200,\"height\":200,\"caption\":\"Kultur Online TV\"},\"image\":{\"@id\":\"https:\/\/kulturonline.tv\/de\/#\/schema\/logo\/image\/\"},\"sameAs\":[\"https:\/\/www.facebook.com\/kulturonline.tv\",\"https:\/\/www.instagram.com\/kulturonline.tv\"]},{\"@type\":\"Person\",\"@id\":\"https:\/\/kulturonline.tv\/de\/#\/schema\/person\/b0fac729bb9a0c193fb1df23449df4fe\",\"name\":\"guenter.wolfgang\"}]}<\/script>\n<!-- \/ Yoast SEO plugin. -->","yoast_head_json":{"title":"Uwe Timm erh\u00e4lt Lessing-Preis - Kultur Online TV &amp; FM","description":"Kultur sehen und H\u00f6ren","robots":{"index":"index","follow":"follow","max-snippet":"max-snippet:-1","max-image-preview":"max-image-preview:large","max-video-preview":"max-video-preview:-1"},"canonical":"https:\/\/kulturonline.tv\/de\/uwe-timm-erhaelt-lessing-preis\/","og_locale":"de_DE","og_type":"article","og_title":"Uwe Timm erh\u00e4lt Lessing-Preis - Kultur Online TV &amp; FM","og_description":"Kultur sehen und H\u00f6ren","og_url":"https:\/\/kulturonline.tv\/de\/uwe-timm-erhaelt-lessing-preis\/","og_site_name":"Kultur Online TV &amp; FM","article_publisher":"https:\/\/www.facebook.com\/kulturonline.tv","article_published_time":"2022-01-24T09:52:49+00:00","article_modified_time":"2023-12-07T19:41:42+00:00","author":"guenter.wolfgang","twitter_card":"summary_large_image","twitter_misc":{"Verfasst von":"guenter.wolfgang","Gesch\u00e4tzte Lesezeit":"1\u00a0Minute"},"schema":{"@context":"https:\/\/schema.org","@graph":[{"@type":"Article","@id":"https:\/\/kulturonline.tv\/de\/uwe-timm-erhaelt-lessing-preis\/#article","isPartOf":{"@id":"https:\/\/kulturonline.tv\/de\/uwe-timm-erhaelt-lessing-preis\/"},"author":{"name":"guenter.wolfgang","@id":"https:\/\/kulturonline.tv\/de\/#\/schema\/person\/b0fac729bb9a0c193fb1df23449df4fe"},"headline":"Uwe Timm erh\u00e4lt Lessing-Preis","datePublished":"2022-01-24T09:52:49+00:00","dateModified":"2023-12-07T19:41:42+00:00","mainEntityOfPage":{"@id":"https:\/\/kulturonline.tv\/de\/uwe-timm-erhaelt-lessing-preis\/"},"wordCount":114,"publisher":{"@id":"https:\/\/kulturonline.tv\/de\/#organization"},"articleSection":["Literatur","Newsflash"],"inLanguage":"de"},{"@type":"WebPage","@id":"https:\/\/kulturonline.tv\/de\/uwe-timm-erhaelt-lessing-preis\/","url":"https:\/\/kulturonline.tv\/de\/uwe-timm-erhaelt-lessing-preis\/","name":"Uwe Timm erh\u00e4lt Lessing-Preis - Kultur Online TV &amp; FM","isPartOf":{"@id":"https:\/\/kulturonline.tv\/de\/#website"},"datePublished":"2022-01-24T09:52:49+00:00","dateModified":"2023-12-07T19:41:42+00:00","description":"Kultur sehen und H\u00f6ren","breadcrumb":{"@id":"https:\/\/kulturonline.tv\/de\/uwe-timm-erhaelt-lessing-preis\/#breadcrumb"},"inLanguage":"de","potentialAction":[{"@type":"ReadAction","target":["https:\/\/kulturonline.tv\/de\/uwe-timm-erhaelt-lessing-preis\/"]}]},{"@type":"BreadcrumbList","@id":"https:\/\/kulturonline.tv\/de\/uwe-timm-erhaelt-lessing-preis\/#breadcrumb","itemListElement":[{"@type":"ListItem","position":1,"name":"Startseite","item":"https:\/\/kulturonline.tv\/de\/"},{"@type":"ListItem","position":2,"name":"Uwe Timm erh\u00e4lt Lessing-Preis"}]},{"@type":"WebSite","@id":"https:\/\/kulturonline.tv\/de\/#website","url":"https:\/\/kulturonline.tv\/de\/","name":"Kultur Online TV &amp; FM","description":"Wir sind Kultur 2.0 zum sehen &amp; h\u00f6ren","publisher":{"@id":"https:\/\/kulturonline.tv\/de\/#organization"},"potentialAction":[{"@type":"SearchAction","target":{"@type":"EntryPoint","urlTemplate":"https:\/\/kulturonline.tv\/de\/?s={search_term_string}"},"query-input":{"@type":"PropertyValueSpecification","valueRequired":true,"valueName":"search_term_string"}}],"inLanguage":"de"},{"@type":"Organization","@id":"https:\/\/kulturonline.tv\/de\/#organization","name":"Kultur Online TV","url":"https:\/\/kulturonline.tv\/de\/","logo":{"@type":"ImageObject","inLanguage":"de","@id":"https:\/\/kulturonline.tv\/de\/#\/schema\/logo\/image\/","url":"https:\/\/kulturonline.tv\/wp-content\/uploads\/2021\/08\/Kultur-Online-Tv-Logo-Endversion-neu.png","contentUrl":"https:\/\/kulturonline.tv\/wp-content\/uploads\/2021\/08\/Kultur-Online-Tv-Logo-Endversion-neu.png","width":200,"height":200,"caption":"Kultur Online TV"},"image":{"@id":"https:\/\/kulturonline.tv\/de\/#\/schema\/logo\/image\/"},"sameAs":["https:\/\/www.facebook.com\/kulturonline.tv","https:\/\/www.instagram.com\/kulturonline.tv"]},{"@type":"Person","@id":"https:\/\/kulturonline.tv\/de\/#\/schema\/person\/b0fac729bb9a0c193fb1df23449df4fe","name":"guenter.wolfgang"}]}},"_links":{"self":[{"href":"https:\/\/kulturonline.tv\/de\/wp-json\/wp\/v2\/posts\/20539","targetHints":{"allow":["GET"]}}],"collection":[{"href":"https:\/\/kulturonline.tv\/de\/wp-json\/wp\/v2\/posts"}],"about":[{"href":"https:\/\/kulturonline.tv\/de\/wp-json\/wp\/v2\/types\/post"}],"author":[{"embeddable":true,"href":"https:\/\/kulturonline.tv\/de\/wp-json\/wp\/v2\/users\/2"}],"replies":[{"embeddable":true,"href":"https:\/\/kulturonline.tv\/de\/wp-json\/wp\/v2\/comments?post=20539"}],"version-history":[{"count":0,"href":"https:\/\/kulturonline.tv\/de\/wp-json\/wp\/v2\/posts\/20539\/revisions"}],"wp:attachment":[{"href":"https:\/\/kulturonline.tv\/de\/wp-json\/wp\/v2\/media?parent=20539"}],"wp:term":[{"taxonomy":"category","embeddable":true,"href":"https:\/\/kulturonline.tv\/de\/wp-json\/wp\/v2\/categories?post=20539"},{"taxonomy":"post_tag","embeddable":true,"href":"https:\/\/kulturonline.tv\/de\/wp-json\/wp\/v2\/tags?post=20539"}],"curies":[{"name":"wp","href":"https:\/\/api.w.org\/{rel}","templated":true}]}}