{"id":20565,"date":"2022-01-24T11:19:25","date_gmt":"2022-01-24T10:19:25","guid":{"rendered":"https:\/\/kulturonline.tv\/?p=20565"},"modified":"2022-01-24T11:19:27","modified_gmt":"2022-01-24T10:19:27","slug":"filmfestival-max-ophuels-preis-hybride-angebote-werden-normal","status":"publish","type":"post","link":"https:\/\/kulturonline.tv\/de\/filmfestival-max-ophuels-preis-hybride-angebote-werden-normal\/","title":{"rendered":"Filmfestival Max Oph\u00fcls Preis: Hybride Angebote werden normal"},"content":{"rendered":"\n<p><strong>Die Corona-Pandemie verlangt von Filmfestivals viel Kreativit\u00e4t.<\/strong><\/p>\n\n\n\n<figure class=\"wp-block-image size-full is-resized\"><img fetchpriority=\"high\" decoding=\"async\" src=\"https:\/\/kulturonline.tv\/wp-content\/uploads\/2022\/01\/max-ophuels-preis-kultur-online-tv.jpg\" alt=\"\" class=\"wp-image-20567\" width=\"768\" height=\"431\" srcset=\"https:\/\/kulturonline.tv\/wp-content\/uploads\/2022\/01\/max-ophuels-preis-kultur-online-tv.jpg 704w, https:\/\/kulturonline.tv\/wp-content\/uploads\/2022\/01\/max-ophuels-preis-kultur-online-tv-600x338.jpg 600w\" sizes=\"(max-width: 768px) 100vw, 768px\" \/><\/figure>\n\n\n\n<p>Der k\u00fcnstlerische Leiter des Filmfestivals Max Oph\u00fcls Preis, Oliver Baumgarten, geht davon aus, dass einige neu entstandene Angebote auch \u00fcber die Pandemiezeit fortdauern. Baumgarten sagte dem Evangelischen Pressedienst, gewisse hybride Elemente w\u00fcrden jetzt getestet und sp\u00e4ter normal werden. Sein Team probiere etwa in diesem Jahr aus, Publikumsgespr\u00e4che nach der Filmvorf\u00fchrung simultan in andere Kinos zu streamen.<\/p>\n\n\n\n<p>Das Max Oph\u00fcls Preis Filmfestival in Saarbr\u00fccken geht noch bis Mittwoch und ist eines der wichtigsten Foren f\u00fcr den deutschen Nachwuchsfilm. Wegen der Corona-Pandemie setzen die Veranstalter in diesem Jahr auf eine Mischung aus Pr\u00e4senz- und Onlinevorf\u00fchrungen.<\/p>\n\n\n\n<p>#kunst #kultur #news #film<\/p>\n","protected":false},"excerpt":{"rendered":"<p>Die Corona-Pandemie verlangt von Filmfestivals viel Kreativit\u00e4t. Der k\u00fcnstlerische Leiter des Filmfestivals Max Oph\u00fcls Preis, Oliver Baumgarten, geht davon aus, dass einige neu entstandene Angebote auch \u00fcber die Pandemiezeit fortdauern. Baumgarten sagte dem Evangelischen Pressedienst, gewisse hybride Elemente w\u00fcrden jetzt getestet und sp\u00e4ter normal werden. Sein Team probiere etwa in diesem Jahr aus, Publikumsgespr\u00e4che nach [&hellip;]<\/p>\n","protected":false},"author":2,"featured_media":20567,"comment_status":"closed","ping_status":"closed","sticky":false,"template":"","format":"standard","meta":{"_acf_changed":false,"footnotes":""},"categories":[1],"tags":[],"class_list":["post-20565","post","type-post","status-publish","format-standard","has-post-thumbnail","hentry","category-unkategorisiert"],"acf":[],"yoast_head":"<!-- This site is optimized with the Yoast SEO plugin v26.1.1 - https:\/\/yoast.com\/wordpress\/plugins\/seo\/ -->\n<title>Filmfestival Max Oph\u00fcls Preis: Hybride Angebote werden normal - Kultur Online TV &amp; FM<\/title>\n<meta name=\"description\" content=\"Kultur sehen und H\u00f6ren\" \/>\n<meta name=\"robots\" content=\"index, follow, max-snippet:-1, max-image-preview:large, max-video-preview:-1\" \/>\n<link rel=\"canonical\" href=\"https:\/\/kulturonline.tv\/de\/filmfestival-max-ophuels-preis-hybride-angebote-werden-normal\/\" \/>\n<meta property=\"og:locale\" content=\"de_DE\" \/>\n<meta property=\"og:type\" content=\"article\" \/>\n<meta property=\"og:title\" content=\"Filmfestival Max Oph\u00fcls Preis: Hybride Angebote werden normal - Kultur Online TV &amp; FM\" \/>\n<meta property=\"og:description\" content=\"Kultur sehen und H\u00f6ren\" \/>\n<meta property=\"og:url\" content=\"https:\/\/kulturonline.tv\/de\/filmfestival-max-ophuels-preis-hybride-angebote-werden-normal\/\" \/>\n<meta property=\"og:site_name\" content=\"Kultur Online TV &amp; FM\" \/>\n<meta property=\"article:publisher\" content=\"https:\/\/www.facebook.com\/kulturonline.tv\" \/>\n<meta property=\"article:published_time\" content=\"2022-01-24T10:19:25+00:00\" \/>\n<meta property=\"article:modified_time\" content=\"2022-01-24T10:19:27+00:00\" \/>\n<meta property=\"og:image\" content=\"https:\/\/kulturonline.tv\/wp-content\/uploads\/2022\/01\/max-ophuels-preis-kultur-online-tv.jpg\" \/>\n\t<meta property=\"og:image:width\" content=\"704\" \/>\n\t<meta property=\"og:image:height\" content=\"396\" \/>\n\t<meta property=\"og:image:type\" content=\"image\/jpeg\" \/>\n<meta name=\"author\" content=\"guenter.wolfgang\" \/>\n<meta name=\"twitter:card\" content=\"summary_large_image\" \/>\n<meta name=\"twitter:label1\" content=\"Verfasst von\" \/>\n\t<meta name=\"twitter:data1\" content=\"guenter.wolfgang\" \/>\n\t<meta name=\"twitter:label2\" content=\"Gesch\u00e4tzte Lesezeit\" \/>\n\t<meta name=\"twitter:data2\" content=\"1\u00a0Minute\" \/>\n<script type=\"application\/ld+json\" class=\"yoast-schema-graph\">{\"@context\":\"https:\/\/schema.org\",\"@graph\":[{\"@type\":\"Article\",\"@id\":\"https:\/\/kulturonline.tv\/de\/filmfestival-max-ophuels-preis-hybride-angebote-werden-normal\/#article\",\"isPartOf\":{\"@id\":\"https:\/\/kulturonline.tv\/de\/filmfestival-max-ophuels-preis-hybride-angebote-werden-normal\/\"},\"author\":{\"name\":\"guenter.wolfgang\",\"@id\":\"https:\/\/kulturonline.tv\/de\/#\/schema\/person\/b0fac729bb9a0c193fb1df23449df4fe\"},\"headline\":\"Filmfestival Max Oph\u00fcls Preis: Hybride Angebote werden normal\",\"datePublished\":\"2022-01-24T10:19:25+00:00\",\"dateModified\":\"2022-01-24T10:19:27+00:00\",\"mainEntityOfPage\":{\"@id\":\"https:\/\/kulturonline.tv\/de\/filmfestival-max-ophuels-preis-hybride-angebote-werden-normal\/\"},\"wordCount\":125,\"publisher\":{\"@id\":\"https:\/\/kulturonline.tv\/de\/#organization\"},\"image\":{\"@id\":\"https:\/\/kulturonline.tv\/de\/filmfestival-max-ophuels-preis-hybride-angebote-werden-normal\/#primaryimage\"},\"thumbnailUrl\":\"https:\/\/kulturonline.tv\/wp-content\/uploads\/2022\/01\/max-ophuels-preis-kultur-online-tv.jpg\",\"articleSection\":[\"Unkategorisiert\"],\"inLanguage\":\"de\"},{\"@type\":\"WebPage\",\"@id\":\"https:\/\/kulturonline.tv\/de\/filmfestival-max-ophuels-preis-hybride-angebote-werden-normal\/\",\"url\":\"https:\/\/kulturonline.tv\/de\/filmfestival-max-ophuels-preis-hybride-angebote-werden-normal\/\",\"name\":\"Filmfestival Max Oph\u00fcls Preis: Hybride Angebote werden normal - Kultur Online TV &amp; FM\",\"isPartOf\":{\"@id\":\"https:\/\/kulturonline.tv\/de\/#website\"},\"primaryImageOfPage\":{\"@id\":\"https:\/\/kulturonline.tv\/de\/filmfestival-max-ophuels-preis-hybride-angebote-werden-normal\/#primaryimage\"},\"image\":{\"@id\":\"https:\/\/kulturonline.tv\/de\/filmfestival-max-ophuels-preis-hybride-angebote-werden-normal\/#primaryimage\"},\"thumbnailUrl\":\"https:\/\/kulturonline.tv\/wp-content\/uploads\/2022\/01\/max-ophuels-preis-kultur-online-tv.jpg\",\"datePublished\":\"2022-01-24T10:19:25+00:00\",\"dateModified\":\"2022-01-24T10:19:27+00:00\",\"description\":\"Kultur sehen und H\u00f6ren\",\"breadcrumb\":{\"@id\":\"https:\/\/kulturonline.tv\/de\/filmfestival-max-ophuels-preis-hybride-angebote-werden-normal\/#breadcrumb\"},\"inLanguage\":\"de\",\"potentialAction\":[{\"@type\":\"ReadAction\",\"target\":[\"https:\/\/kulturonline.tv\/de\/filmfestival-max-ophuels-preis-hybride-angebote-werden-normal\/\"]}]},{\"@type\":\"ImageObject\",\"inLanguage\":\"de\",\"@id\":\"https:\/\/kulturonline.tv\/de\/filmfestival-max-ophuels-preis-hybride-angebote-werden-normal\/#primaryimage\",\"url\":\"https:\/\/kulturonline.tv\/wp-content\/uploads\/2022\/01\/max-ophuels-preis-kultur-online-tv.jpg\",\"contentUrl\":\"https:\/\/kulturonline.tv\/wp-content\/uploads\/2022\/01\/max-ophuels-preis-kultur-online-tv.jpg\",\"width\":704,\"height\":396},{\"@type\":\"BreadcrumbList\",\"@id\":\"https:\/\/kulturonline.tv\/de\/filmfestival-max-ophuels-preis-hybride-angebote-werden-normal\/#breadcrumb\",\"itemListElement\":[{\"@type\":\"ListItem\",\"position\":1,\"name\":\"Startseite\",\"item\":\"https:\/\/kulturonline.tv\/de\/\"},{\"@type\":\"ListItem\",\"position\":2,\"name\":\"Filmfestival Max Oph\u00fcls Preis: Hybride Angebote werden normal\"}]},{\"@type\":\"WebSite\",\"@id\":\"https:\/\/kulturonline.tv\/de\/#website\",\"url\":\"https:\/\/kulturonline.tv\/de\/\",\"name\":\"Kultur Online TV &amp; FM\",\"description\":\"Wir sind Kultur 2.0 zum sehen &amp; h\u00f6ren\",\"publisher\":{\"@id\":\"https:\/\/kulturonline.tv\/de\/#organization\"},\"potentialAction\":[{\"@type\":\"SearchAction\",\"target\":{\"@type\":\"EntryPoint\",\"urlTemplate\":\"https:\/\/kulturonline.tv\/de\/?s={search_term_string}\"},\"query-input\":{\"@type\":\"PropertyValueSpecification\",\"valueRequired\":true,\"valueName\":\"search_term_string\"}}],\"inLanguage\":\"de\"},{\"@type\":\"Organization\",\"@id\":\"https:\/\/kulturonline.tv\/de\/#organization\",\"name\":\"Kultur Online TV\",\"url\":\"https:\/\/kulturonline.tv\/de\/\",\"logo\":{\"@type\":\"ImageObject\",\"inLanguage\":\"de\",\"@id\":\"https:\/\/kulturonline.tv\/de\/#\/schema\/logo\/image\/\",\"url\":\"https:\/\/kulturonline.tv\/wp-content\/uploads\/2021\/08\/Kultur-Online-Tv-Logo-Endversion-neu.png\",\"contentUrl\":\"https:\/\/kulturonline.tv\/wp-content\/uploads\/2021\/08\/Kultur-Online-Tv-Logo-Endversion-neu.png\",\"width\":200,\"height\":200,\"caption\":\"Kultur Online TV\"},\"image\":{\"@id\":\"https:\/\/kulturonline.tv\/de\/#\/schema\/logo\/image\/\"},\"sameAs\":[\"https:\/\/www.facebook.com\/kulturonline.tv\",\"https:\/\/www.instagram.com\/kulturonline.tv\"]},{\"@type\":\"Person\",\"@id\":\"https:\/\/kulturonline.tv\/de\/#\/schema\/person\/b0fac729bb9a0c193fb1df23449df4fe\",\"name\":\"guenter.wolfgang\"}]}<\/script>\n<!-- \/ Yoast SEO plugin. -->","yoast_head_json":{"title":"Filmfestival Max Oph\u00fcls Preis: Hybride Angebote werden normal - Kultur Online TV &amp; FM","description":"Kultur sehen und H\u00f6ren","robots":{"index":"index","follow":"follow","max-snippet":"max-snippet:-1","max-image-preview":"max-image-preview:large","max-video-preview":"max-video-preview:-1"},"canonical":"https:\/\/kulturonline.tv\/de\/filmfestival-max-ophuels-preis-hybride-angebote-werden-normal\/","og_locale":"de_DE","og_type":"article","og_title":"Filmfestival Max Oph\u00fcls Preis: Hybride Angebote werden normal - Kultur Online TV &amp; FM","og_description":"Kultur sehen und H\u00f6ren","og_url":"https:\/\/kulturonline.tv\/de\/filmfestival-max-ophuels-preis-hybride-angebote-werden-normal\/","og_site_name":"Kultur Online TV &amp; FM","article_publisher":"https:\/\/www.facebook.com\/kulturonline.tv","article_published_time":"2022-01-24T10:19:25+00:00","article_modified_time":"2022-01-24T10:19:27+00:00","og_image":[{"width":704,"height":396,"url":"https:\/\/kulturonline.tv\/wp-content\/uploads\/2022\/01\/max-ophuels-preis-kultur-online-tv.jpg","type":"image\/jpeg"}],"author":"guenter.wolfgang","twitter_card":"summary_large_image","twitter_misc":{"Verfasst von":"guenter.wolfgang","Gesch\u00e4tzte Lesezeit":"1\u00a0Minute"},"schema":{"@context":"https:\/\/schema.org","@graph":[{"@type":"Article","@id":"https:\/\/kulturonline.tv\/de\/filmfestival-max-ophuels-preis-hybride-angebote-werden-normal\/#article","isPartOf":{"@id":"https:\/\/kulturonline.tv\/de\/filmfestival-max-ophuels-preis-hybride-angebote-werden-normal\/"},"author":{"name":"guenter.wolfgang","@id":"https:\/\/kulturonline.tv\/de\/#\/schema\/person\/b0fac729bb9a0c193fb1df23449df4fe"},"headline":"Filmfestival Max Oph\u00fcls Preis: Hybride Angebote werden normal","datePublished":"2022-01-24T10:19:25+00:00","dateModified":"2022-01-24T10:19:27+00:00","mainEntityOfPage":{"@id":"https:\/\/kulturonline.tv\/de\/filmfestival-max-ophuels-preis-hybride-angebote-werden-normal\/"},"wordCount":125,"publisher":{"@id":"https:\/\/kulturonline.tv\/de\/#organization"},"image":{"@id":"https:\/\/kulturonline.tv\/de\/filmfestival-max-ophuels-preis-hybride-angebote-werden-normal\/#primaryimage"},"thumbnailUrl":"https:\/\/kulturonline.tv\/wp-content\/uploads\/2022\/01\/max-ophuels-preis-kultur-online-tv.jpg","articleSection":["Unkategorisiert"],"inLanguage":"de"},{"@type":"WebPage","@id":"https:\/\/kulturonline.tv\/de\/filmfestival-max-ophuels-preis-hybride-angebote-werden-normal\/","url":"https:\/\/kulturonline.tv\/de\/filmfestival-max-ophuels-preis-hybride-angebote-werden-normal\/","name":"Filmfestival Max Oph\u00fcls Preis: Hybride Angebote werden normal - Kultur Online TV &amp; FM","isPartOf":{"@id":"https:\/\/kulturonline.tv\/de\/#website"},"primaryImageOfPage":{"@id":"https:\/\/kulturonline.tv\/de\/filmfestival-max-ophuels-preis-hybride-angebote-werden-normal\/#primaryimage"},"image":{"@id":"https:\/\/kulturonline.tv\/de\/filmfestival-max-ophuels-preis-hybride-angebote-werden-normal\/#primaryimage"},"thumbnailUrl":"https:\/\/kulturonline.tv\/wp-content\/uploads\/2022\/01\/max-ophuels-preis-kultur-online-tv.jpg","datePublished":"2022-01-24T10:19:25+00:00","dateModified":"2022-01-24T10:19:27+00:00","description":"Kultur sehen und H\u00f6ren","breadcrumb":{"@id":"https:\/\/kulturonline.tv\/de\/filmfestival-max-ophuels-preis-hybride-angebote-werden-normal\/#breadcrumb"},"inLanguage":"de","potentialAction":[{"@type":"ReadAction","target":["https:\/\/kulturonline.tv\/de\/filmfestival-max-ophuels-preis-hybride-angebote-werden-normal\/"]}]},{"@type":"ImageObject","inLanguage":"de","@id":"https:\/\/kulturonline.tv\/de\/filmfestival-max-ophuels-preis-hybride-angebote-werden-normal\/#primaryimage","url":"https:\/\/kulturonline.tv\/wp-content\/uploads\/2022\/01\/max-ophuels-preis-kultur-online-tv.jpg","contentUrl":"https:\/\/kulturonline.tv\/wp-content\/uploads\/2022\/01\/max-ophuels-preis-kultur-online-tv.jpg","width":704,"height":396},{"@type":"BreadcrumbList","@id":"https:\/\/kulturonline.tv\/de\/filmfestival-max-ophuels-preis-hybride-angebote-werden-normal\/#breadcrumb","itemListElement":[{"@type":"ListItem","position":1,"name":"Startseite","item":"https:\/\/kulturonline.tv\/de\/"},{"@type":"ListItem","position":2,"name":"Filmfestival Max Oph\u00fcls Preis: Hybride Angebote werden normal"}]},{"@type":"WebSite","@id":"https:\/\/kulturonline.tv\/de\/#website","url":"https:\/\/kulturonline.tv\/de\/","name":"Kultur Online TV &amp; FM","description":"Wir sind Kultur 2.0 zum sehen &amp; h\u00f6ren","publisher":{"@id":"https:\/\/kulturonline.tv\/de\/#organization"},"potentialAction":[{"@type":"SearchAction","target":{"@type":"EntryPoint","urlTemplate":"https:\/\/kulturonline.tv\/de\/?s={search_term_string}"},"query-input":{"@type":"PropertyValueSpecification","valueRequired":true,"valueName":"search_term_string"}}],"inLanguage":"de"},{"@type":"Organization","@id":"https:\/\/kulturonline.tv\/de\/#organization","name":"Kultur Online TV","url":"https:\/\/kulturonline.tv\/de\/","logo":{"@type":"ImageObject","inLanguage":"de","@id":"https:\/\/kulturonline.tv\/de\/#\/schema\/logo\/image\/","url":"https:\/\/kulturonline.tv\/wp-content\/uploads\/2021\/08\/Kultur-Online-Tv-Logo-Endversion-neu.png","contentUrl":"https:\/\/kulturonline.tv\/wp-content\/uploads\/2021\/08\/Kultur-Online-Tv-Logo-Endversion-neu.png","width":200,"height":200,"caption":"Kultur Online TV"},"image":{"@id":"https:\/\/kulturonline.tv\/de\/#\/schema\/logo\/image\/"},"sameAs":["https:\/\/www.facebook.com\/kulturonline.tv","https:\/\/www.instagram.com\/kulturonline.tv"]},{"@type":"Person","@id":"https:\/\/kulturonline.tv\/de\/#\/schema\/person\/b0fac729bb9a0c193fb1df23449df4fe","name":"guenter.wolfgang"}]}},"_links":{"self":[{"href":"https:\/\/kulturonline.tv\/de\/wp-json\/wp\/v2\/posts\/20565","targetHints":{"allow":["GET"]}}],"collection":[{"href":"https:\/\/kulturonline.tv\/de\/wp-json\/wp\/v2\/posts"}],"about":[{"href":"https:\/\/kulturonline.tv\/de\/wp-json\/wp\/v2\/types\/post"}],"author":[{"embeddable":true,"href":"https:\/\/kulturonline.tv\/de\/wp-json\/wp\/v2\/users\/2"}],"replies":[{"embeddable":true,"href":"https:\/\/kulturonline.tv\/de\/wp-json\/wp\/v2\/comments?post=20565"}],"version-history":[{"count":0,"href":"https:\/\/kulturonline.tv\/de\/wp-json\/wp\/v2\/posts\/20565\/revisions"}],"wp:featuredmedia":[{"embeddable":true,"href":"https:\/\/kulturonline.tv\/de\/wp-json\/wp\/v2\/media\/20567"}],"wp:attachment":[{"href":"https:\/\/kulturonline.tv\/de\/wp-json\/wp\/v2\/media?parent=20565"}],"wp:term":[{"taxonomy":"category","embeddable":true,"href":"https:\/\/kulturonline.tv\/de\/wp-json\/wp\/v2\/categories?post=20565"},{"taxonomy":"post_tag","embeddable":true,"href":"https:\/\/kulturonline.tv\/de\/wp-json\/wp\/v2\/tags?post=20565"}],"curies":[{"name":"wp","href":"https:\/\/api.w.org\/{rel}","templated":true}]}}