{"id":20624,"date":"2022-01-24T16:00:32","date_gmt":"2022-01-24T15:00:32","guid":{"rendered":"https:\/\/kulturonline.tv\/?p=20624"},"modified":"2022-01-24T16:00:34","modified_gmt":"2022-01-24T15:00:34","slug":"schmerz-lass-nach","status":"publish","type":"post","link":"https:\/\/kulturonline.tv\/de\/schmerz-lass-nach\/","title":{"rendered":"Schmerz, lass nach"},"content":{"rendered":"\n<p><meta charset=\"utf-8\">Viele Roman- und Filmfiguren der Gegenwart wissen nicht mehr, wo ihnen der Kopf steht.<\/p>\n\n\n\n<figure class=\"wp-block-image size-full is-resized\"><img fetchpriority=\"high\" decoding=\"async\" src=\"https:\/\/kulturonline.tv\/wp-content\/uploads\/2022\/01\/schmerz-lass-nach.webp\" alt=\"\" class=\"wp-image-20626\" width=\"840\" height=\"472\" srcset=\"https:\/\/kulturonline.tv\/wp-content\/uploads\/2022\/01\/schmerz-lass-nach.webp 820w, https:\/\/kulturonline.tv\/wp-content\/uploads\/2022\/01\/schmerz-lass-nach-600x337.webp 600w, https:\/\/kulturonline.tv\/wp-content\/uploads\/2022\/01\/schmerz-lass-nach-800x450.webp 800w, https:\/\/kulturonline.tv\/wp-content\/uploads\/2022\/01\/schmerz-lass-nach-768x432.webp 768w\" sizes=\"(max-width: 840px) 100vw, 840px\" \/><figcaption>\u00a9\u00a0Ehimetalor Akhere<\/figcaption><\/figure>\n\n\n\n<p>Eines der gro\u00dfen Anliegen der modernen Literatur bestand immer darin, echte Charaktere zu erschaffen, mit einem komplexen Innenleben und psychologischer Tiefe. Es gibt eine Strategie, um diese Tiefe zu erzeugen, die vor allem in unserer Gegenwart beliebt ist: Man stattet die Figur mit einer pr\u00e4genden Leiderfahrung aus, einem\u00a0Trauma, das im Verlauf der Handlung enth\u00fcllt wird.\u00a0<\/p>\n\n\n\n<p><meta charset=\"utf-8\">Redakteurin bei der Book Review.\u00a0Ihre Arbeiten sind auch im Atlantic, Slate, Bookforum und The New Yorker erschienen, und sie wurde f\u00fcr ihre Kritik mit dem Nona Balakian Award des National Book Critics Circle ausgezeichnet.<\/p>\n\n\n\n<p>Gegen diese Art von &#8222;Trauma-Plot&#8220; hat die Autorin Parul Sehgal\u00a0gerade im\u00a0New Yorker\u00a0einen viel beachteten Essay\u00a0geschrieben. Darin kritisiert sie, die repr\u00e4sentative literarische Figur der Gegenwart definiere sich vor allem \u00fcber ihre traumatischen Erfahrungen. <\/p>\n\n\n\n<p>Diese wirke zun\u00e4chst undurchschaubar, sei umgeben von einer vagen Aura des Besch\u00e4digtseins \u2013 bis dann in pl\u00f6tzlichen R\u00fcckblenden oder dramatischen Gest\u00e4ndnissen die Leidensgeschichte St\u00fcck f\u00fcr St\u00fcck ans Licht kommt.<\/p>\n\n\n\n<p>Der Essay ist Ausdruck eines \u00dcberdrusses an der Allgegenwart des Trauma-Plots und damit Teil einer Debatte \u00fcber die angemessene Darstellung von Leidenserfahrungen in der Gegenwartsliteratur.<\/p>\n\n\n\n<p>Kultur Online TV<\/p>\n\n\n\n<p>#literatur #kultur <\/p>\n","protected":false},"excerpt":{"rendered":"<p>Viele Roman- und Filmfiguren der Gegenwart wissen nicht mehr, wo ihnen der Kopf steht. Eines der gro\u00dfen Anliegen der modernen Literatur bestand immer darin, echte Charaktere zu erschaffen, mit einem komplexen Innenleben und psychologischer Tiefe. Es gibt eine Strategie, um diese Tiefe zu erzeugen, die vor allem in unserer Gegenwart beliebt ist: Man stattet die [&hellip;]<\/p>\n","protected":false},"author":2,"featured_media":20626,"comment_status":"closed","ping_status":"closed","sticky":false,"template":"","format":"standard","meta":{"_acf_changed":false,"footnotes":""},"categories":[106],"tags":[],"class_list":["post-20624","post","type-post","status-publish","format-standard","has-post-thumbnail","hentry","category-literatur"],"acf":[],"yoast_head":"<!-- This site is optimized with the Yoast SEO plugin v26.1.1 - https:\/\/yoast.com\/wordpress\/plugins\/seo\/ -->\n<title>Schmerz, lass nach - Kultur Online TV &amp; FM<\/title>\n<meta name=\"description\" content=\"Kultur sehen und H\u00f6ren\" \/>\n<meta name=\"robots\" content=\"index, follow, max-snippet:-1, max-image-preview:large, max-video-preview:-1\" \/>\n<link rel=\"canonical\" href=\"https:\/\/kulturonline.tv\/de\/schmerz-lass-nach\/\" \/>\n<meta property=\"og:locale\" content=\"de_DE\" \/>\n<meta property=\"og:type\" content=\"article\" \/>\n<meta property=\"og:title\" content=\"Schmerz, lass nach - Kultur Online TV &amp; FM\" \/>\n<meta property=\"og:description\" content=\"Kultur sehen und H\u00f6ren\" \/>\n<meta property=\"og:url\" content=\"https:\/\/kulturonline.tv\/de\/schmerz-lass-nach\/\" \/>\n<meta property=\"og:site_name\" content=\"Kultur Online TV &amp; FM\" \/>\n<meta property=\"article:publisher\" content=\"https:\/\/www.facebook.com\/kulturonline.tv\" \/>\n<meta property=\"article:published_time\" content=\"2022-01-24T15:00:32+00:00\" \/>\n<meta property=\"article:modified_time\" content=\"2022-01-24T15:00:34+00:00\" \/>\n<meta property=\"og:image\" content=\"https:\/\/kulturonline.tv\/wp-content\/uploads\/2022\/01\/schmerz-lass-nach.webp\" \/>\n\t<meta property=\"og:image:width\" content=\"820\" \/>\n\t<meta property=\"og:image:height\" content=\"461\" \/>\n\t<meta property=\"og:image:type\" content=\"image\/webp\" \/>\n<meta name=\"author\" content=\"guenter.wolfgang\" \/>\n<meta name=\"twitter:card\" content=\"summary_large_image\" \/>\n<meta name=\"twitter:label1\" content=\"Verfasst von\" \/>\n\t<meta name=\"twitter:data1\" content=\"guenter.wolfgang\" \/>\n\t<meta name=\"twitter:label2\" content=\"Gesch\u00e4tzte Lesezeit\" \/>\n\t<meta name=\"twitter:data2\" content=\"2\u00a0Minuten\" \/>\n<script type=\"application\/ld+json\" class=\"yoast-schema-graph\">{\"@context\":\"https:\/\/schema.org\",\"@graph\":[{\"@type\":\"Article\",\"@id\":\"https:\/\/kulturonline.tv\/de\/schmerz-lass-nach\/#article\",\"isPartOf\":{\"@id\":\"https:\/\/kulturonline.tv\/de\/schmerz-lass-nach\/\"},\"author\":{\"name\":\"guenter.wolfgang\",\"@id\":\"https:\/\/kulturonline.tv\/de\/#\/schema\/person\/b0fac729bb9a0c193fb1df23449df4fe\"},\"headline\":\"Schmerz, lass nach\",\"datePublished\":\"2022-01-24T15:00:32+00:00\",\"dateModified\":\"2022-01-24T15:00:34+00:00\",\"mainEntityOfPage\":{\"@id\":\"https:\/\/kulturonline.tv\/de\/schmerz-lass-nach\/\"},\"wordCount\":217,\"publisher\":{\"@id\":\"https:\/\/kulturonline.tv\/de\/#organization\"},\"image\":{\"@id\":\"https:\/\/kulturonline.tv\/de\/schmerz-lass-nach\/#primaryimage\"},\"thumbnailUrl\":\"https:\/\/kulturonline.tv\/wp-content\/uploads\/2022\/01\/schmerz-lass-nach.webp\",\"articleSection\":[\"Literatur\"],\"inLanguage\":\"de\"},{\"@type\":\"WebPage\",\"@id\":\"https:\/\/kulturonline.tv\/de\/schmerz-lass-nach\/\",\"url\":\"https:\/\/kulturonline.tv\/de\/schmerz-lass-nach\/\",\"name\":\"Schmerz, lass nach - Kultur Online TV &amp; FM\",\"isPartOf\":{\"@id\":\"https:\/\/kulturonline.tv\/de\/#website\"},\"primaryImageOfPage\":{\"@id\":\"https:\/\/kulturonline.tv\/de\/schmerz-lass-nach\/#primaryimage\"},\"image\":{\"@id\":\"https:\/\/kulturonline.tv\/de\/schmerz-lass-nach\/#primaryimage\"},\"thumbnailUrl\":\"https:\/\/kulturonline.tv\/wp-content\/uploads\/2022\/01\/schmerz-lass-nach.webp\",\"datePublished\":\"2022-01-24T15:00:32+00:00\",\"dateModified\":\"2022-01-24T15:00:34+00:00\",\"description\":\"Kultur sehen und H\u00f6ren\",\"breadcrumb\":{\"@id\":\"https:\/\/kulturonline.tv\/de\/schmerz-lass-nach\/#breadcrumb\"},\"inLanguage\":\"de\",\"potentialAction\":[{\"@type\":\"ReadAction\",\"target\":[\"https:\/\/kulturonline.tv\/de\/schmerz-lass-nach\/\"]}]},{\"@type\":\"ImageObject\",\"inLanguage\":\"de\",\"@id\":\"https:\/\/kulturonline.tv\/de\/schmerz-lass-nach\/#primaryimage\",\"url\":\"https:\/\/kulturonline.tv\/wp-content\/uploads\/2022\/01\/schmerz-lass-nach.webp\",\"contentUrl\":\"https:\/\/kulturonline.tv\/wp-content\/uploads\/2022\/01\/schmerz-lass-nach.webp\",\"width\":820,\"height\":461},{\"@type\":\"BreadcrumbList\",\"@id\":\"https:\/\/kulturonline.tv\/de\/schmerz-lass-nach\/#breadcrumb\",\"itemListElement\":[{\"@type\":\"ListItem\",\"position\":1,\"name\":\"Startseite\",\"item\":\"https:\/\/kulturonline.tv\/de\/\"},{\"@type\":\"ListItem\",\"position\":2,\"name\":\"Schmerz, lass nach\"}]},{\"@type\":\"WebSite\",\"@id\":\"https:\/\/kulturonline.tv\/de\/#website\",\"url\":\"https:\/\/kulturonline.tv\/de\/\",\"name\":\"Kultur Online TV &amp; FM\",\"description\":\"Wir sind Kultur 2.0 zum sehen &amp; h\u00f6ren\",\"publisher\":{\"@id\":\"https:\/\/kulturonline.tv\/de\/#organization\"},\"potentialAction\":[{\"@type\":\"SearchAction\",\"target\":{\"@type\":\"EntryPoint\",\"urlTemplate\":\"https:\/\/kulturonline.tv\/de\/?s={search_term_string}\"},\"query-input\":{\"@type\":\"PropertyValueSpecification\",\"valueRequired\":true,\"valueName\":\"search_term_string\"}}],\"inLanguage\":\"de\"},{\"@type\":\"Organization\",\"@id\":\"https:\/\/kulturonline.tv\/de\/#organization\",\"name\":\"Kultur Online TV\",\"url\":\"https:\/\/kulturonline.tv\/de\/\",\"logo\":{\"@type\":\"ImageObject\",\"inLanguage\":\"de\",\"@id\":\"https:\/\/kulturonline.tv\/de\/#\/schema\/logo\/image\/\",\"url\":\"https:\/\/kulturonline.tv\/wp-content\/uploads\/2021\/08\/Kultur-Online-Tv-Logo-Endversion-neu.png\",\"contentUrl\":\"https:\/\/kulturonline.tv\/wp-content\/uploads\/2021\/08\/Kultur-Online-Tv-Logo-Endversion-neu.png\",\"width\":200,\"height\":200,\"caption\":\"Kultur Online TV\"},\"image\":{\"@id\":\"https:\/\/kulturonline.tv\/de\/#\/schema\/logo\/image\/\"},\"sameAs\":[\"https:\/\/www.facebook.com\/kulturonline.tv\",\"https:\/\/www.instagram.com\/kulturonline.tv\"]},{\"@type\":\"Person\",\"@id\":\"https:\/\/kulturonline.tv\/de\/#\/schema\/person\/b0fac729bb9a0c193fb1df23449df4fe\",\"name\":\"guenter.wolfgang\"}]}<\/script>\n<!-- \/ Yoast SEO plugin. -->","yoast_head_json":{"title":"Schmerz, lass nach - Kultur Online TV &amp; FM","description":"Kultur sehen und H\u00f6ren","robots":{"index":"index","follow":"follow","max-snippet":"max-snippet:-1","max-image-preview":"max-image-preview:large","max-video-preview":"max-video-preview:-1"},"canonical":"https:\/\/kulturonline.tv\/de\/schmerz-lass-nach\/","og_locale":"de_DE","og_type":"article","og_title":"Schmerz, lass nach - Kultur Online TV &amp; FM","og_description":"Kultur sehen und H\u00f6ren","og_url":"https:\/\/kulturonline.tv\/de\/schmerz-lass-nach\/","og_site_name":"Kultur Online TV &amp; FM","article_publisher":"https:\/\/www.facebook.com\/kulturonline.tv","article_published_time":"2022-01-24T15:00:32+00:00","article_modified_time":"2022-01-24T15:00:34+00:00","og_image":[{"width":820,"height":461,"url":"https:\/\/kulturonline.tv\/wp-content\/uploads\/2022\/01\/schmerz-lass-nach.webp","type":"image\/webp"}],"author":"guenter.wolfgang","twitter_card":"summary_large_image","twitter_misc":{"Verfasst von":"guenter.wolfgang","Gesch\u00e4tzte Lesezeit":"2\u00a0Minuten"},"schema":{"@context":"https:\/\/schema.org","@graph":[{"@type":"Article","@id":"https:\/\/kulturonline.tv\/de\/schmerz-lass-nach\/#article","isPartOf":{"@id":"https:\/\/kulturonline.tv\/de\/schmerz-lass-nach\/"},"author":{"name":"guenter.wolfgang","@id":"https:\/\/kulturonline.tv\/de\/#\/schema\/person\/b0fac729bb9a0c193fb1df23449df4fe"},"headline":"Schmerz, lass nach","datePublished":"2022-01-24T15:00:32+00:00","dateModified":"2022-01-24T15:00:34+00:00","mainEntityOfPage":{"@id":"https:\/\/kulturonline.tv\/de\/schmerz-lass-nach\/"},"wordCount":217,"publisher":{"@id":"https:\/\/kulturonline.tv\/de\/#organization"},"image":{"@id":"https:\/\/kulturonline.tv\/de\/schmerz-lass-nach\/#primaryimage"},"thumbnailUrl":"https:\/\/kulturonline.tv\/wp-content\/uploads\/2022\/01\/schmerz-lass-nach.webp","articleSection":["Literatur"],"inLanguage":"de"},{"@type":"WebPage","@id":"https:\/\/kulturonline.tv\/de\/schmerz-lass-nach\/","url":"https:\/\/kulturonline.tv\/de\/schmerz-lass-nach\/","name":"Schmerz, lass nach - Kultur Online TV &amp; FM","isPartOf":{"@id":"https:\/\/kulturonline.tv\/de\/#website"},"primaryImageOfPage":{"@id":"https:\/\/kulturonline.tv\/de\/schmerz-lass-nach\/#primaryimage"},"image":{"@id":"https:\/\/kulturonline.tv\/de\/schmerz-lass-nach\/#primaryimage"},"thumbnailUrl":"https:\/\/kulturonline.tv\/wp-content\/uploads\/2022\/01\/schmerz-lass-nach.webp","datePublished":"2022-01-24T15:00:32+00:00","dateModified":"2022-01-24T15:00:34+00:00","description":"Kultur sehen und H\u00f6ren","breadcrumb":{"@id":"https:\/\/kulturonline.tv\/de\/schmerz-lass-nach\/#breadcrumb"},"inLanguage":"de","potentialAction":[{"@type":"ReadAction","target":["https:\/\/kulturonline.tv\/de\/schmerz-lass-nach\/"]}]},{"@type":"ImageObject","inLanguage":"de","@id":"https:\/\/kulturonline.tv\/de\/schmerz-lass-nach\/#primaryimage","url":"https:\/\/kulturonline.tv\/wp-content\/uploads\/2022\/01\/schmerz-lass-nach.webp","contentUrl":"https:\/\/kulturonline.tv\/wp-content\/uploads\/2022\/01\/schmerz-lass-nach.webp","width":820,"height":461},{"@type":"BreadcrumbList","@id":"https:\/\/kulturonline.tv\/de\/schmerz-lass-nach\/#breadcrumb","itemListElement":[{"@type":"ListItem","position":1,"name":"Startseite","item":"https:\/\/kulturonline.tv\/de\/"},{"@type":"ListItem","position":2,"name":"Schmerz, lass nach"}]},{"@type":"WebSite","@id":"https:\/\/kulturonline.tv\/de\/#website","url":"https:\/\/kulturonline.tv\/de\/","name":"Kultur Online TV &amp; FM","description":"Wir sind Kultur 2.0 zum sehen &amp; h\u00f6ren","publisher":{"@id":"https:\/\/kulturonline.tv\/de\/#organization"},"potentialAction":[{"@type":"SearchAction","target":{"@type":"EntryPoint","urlTemplate":"https:\/\/kulturonline.tv\/de\/?s={search_term_string}"},"query-input":{"@type":"PropertyValueSpecification","valueRequired":true,"valueName":"search_term_string"}}],"inLanguage":"de"},{"@type":"Organization","@id":"https:\/\/kulturonline.tv\/de\/#organization","name":"Kultur Online TV","url":"https:\/\/kulturonline.tv\/de\/","logo":{"@type":"ImageObject","inLanguage":"de","@id":"https:\/\/kulturonline.tv\/de\/#\/schema\/logo\/image\/","url":"https:\/\/kulturonline.tv\/wp-content\/uploads\/2021\/08\/Kultur-Online-Tv-Logo-Endversion-neu.png","contentUrl":"https:\/\/kulturonline.tv\/wp-content\/uploads\/2021\/08\/Kultur-Online-Tv-Logo-Endversion-neu.png","width":200,"height":200,"caption":"Kultur Online TV"},"image":{"@id":"https:\/\/kulturonline.tv\/de\/#\/schema\/logo\/image\/"},"sameAs":["https:\/\/www.facebook.com\/kulturonline.tv","https:\/\/www.instagram.com\/kulturonline.tv"]},{"@type":"Person","@id":"https:\/\/kulturonline.tv\/de\/#\/schema\/person\/b0fac729bb9a0c193fb1df23449df4fe","name":"guenter.wolfgang"}]}},"_links":{"self":[{"href":"https:\/\/kulturonline.tv\/de\/wp-json\/wp\/v2\/posts\/20624","targetHints":{"allow":["GET"]}}],"collection":[{"href":"https:\/\/kulturonline.tv\/de\/wp-json\/wp\/v2\/posts"}],"about":[{"href":"https:\/\/kulturonline.tv\/de\/wp-json\/wp\/v2\/types\/post"}],"author":[{"embeddable":true,"href":"https:\/\/kulturonline.tv\/de\/wp-json\/wp\/v2\/users\/2"}],"replies":[{"embeddable":true,"href":"https:\/\/kulturonline.tv\/de\/wp-json\/wp\/v2\/comments?post=20624"}],"version-history":[{"count":0,"href":"https:\/\/kulturonline.tv\/de\/wp-json\/wp\/v2\/posts\/20624\/revisions"}],"wp:featuredmedia":[{"embeddable":true,"href":"https:\/\/kulturonline.tv\/de\/wp-json\/wp\/v2\/media\/20626"}],"wp:attachment":[{"href":"https:\/\/kulturonline.tv\/de\/wp-json\/wp\/v2\/media?parent=20624"}],"wp:term":[{"taxonomy":"category","embeddable":true,"href":"https:\/\/kulturonline.tv\/de\/wp-json\/wp\/v2\/categories?post=20624"},{"taxonomy":"post_tag","embeddable":true,"href":"https:\/\/kulturonline.tv\/de\/wp-json\/wp\/v2\/tags?post=20624"}],"curies":[{"name":"wp","href":"https:\/\/api.w.org\/{rel}","templated":true}]}}