{"id":20662,"date":"2022-01-25T08:17:34","date_gmt":"2022-01-25T07:17:34","guid":{"rendered":"https:\/\/kulturonline.tv\/?p=20662"},"modified":"2022-01-25T08:17:36","modified_gmt":"2022-01-25T07:17:36","slug":"juedischer-geschichtspreis-wird-in-berlin-verliehen","status":"publish","type":"post","link":"https:\/\/kulturonline.tv\/de\/juedischer-geschichtspreis-wird-in-berlin-verliehen\/","title":{"rendered":"J\u00fcdischer Geschichtspreis wird in Berlin verliehen"},"content":{"rendered":"\n<p><strong>In Berlin werden am Abend (25.1.2022) die j\u00fcdischen Geschichtspreise, die US-amerikanischen Obermeyer Awards, verliehen.<\/strong><\/p>\n\n\n\n<figure class=\"wp-block-image size-large\"><img fetchpriority=\"high\" decoding=\"async\" width=\"2048\" height=\"1152\" src=\"https:\/\/kulturonline.tv\/wp-content\/uploads\/2022\/01\/Holocaust-Mahnmal_Berlin_2006-edited.jpg\" alt=\"\" class=\"wp-image-20666\" srcset=\"https:\/\/kulturonline.tv\/wp-content\/uploads\/2022\/01\/Holocaust-Mahnmal_Berlin_2006-edited.jpg 2048w, https:\/\/kulturonline.tv\/wp-content\/uploads\/2022\/01\/Holocaust-Mahnmal_Berlin_2006-edited-600x338.jpg 600w, https:\/\/kulturonline.tv\/wp-content\/uploads\/2022\/01\/Holocaust-Mahnmal_Berlin_2006-edited-800x450.jpg 800w, https:\/\/kulturonline.tv\/wp-content\/uploads\/2022\/01\/Holocaust-Mahnmal_Berlin_2006-edited-1600x900.jpg 1600w, https:\/\/kulturonline.tv\/wp-content\/uploads\/2022\/01\/Holocaust-Mahnmal_Berlin_2006-edited-768x432.jpg 768w, https:\/\/kulturonline.tv\/wp-content\/uploads\/2022\/01\/Holocaust-Mahnmal_Berlin_2006-edited-1536x864.jpg 1536w\" sizes=\"(max-width: 2048px) 100vw, 2048px\" \/><\/figure>\n\n\n\n<p>Sie gehen an insgesamt vier Vereine und vier Personen &#8211; unter ihnen ist der pensionierte Lehrer Josef Wi\u00dfkirchen aus Pulheim. Er hat die Geschichte der fr\u00fcheren j\u00fcdischen Einwohnerinnen und Einwohner in rheinischen St\u00e4dten wie Stommeln und Rommerskirchen dokumentiert. Die Ehrung findet im Berliner Abgeordnetenhaus statt. Mit den Awards werden der Kampf gegen Vorurteile und die Bewahrung j\u00fcdischer Geschichte ausgezeichnet.<\/p>\n\n\n\n<p>Kultur Online TV<\/p>\n\n\n\n<p>#kultur #news #religionen<\/p>\n","protected":false},"excerpt":{"rendered":"<p>In Berlin werden am Abend (25.1.2022) die j\u00fcdischen Geschichtspreise, die US-amerikanischen Obermeyer Awards, verliehen. Sie gehen an insgesamt vier Vereine und vier Personen &#8211; unter ihnen ist der pensionierte Lehrer Josef Wi\u00dfkirchen aus Pulheim. Er hat die Geschichte der fr\u00fcheren j\u00fcdischen Einwohnerinnen und Einwohner in rheinischen St\u00e4dten wie Stommeln und Rommerskirchen dokumentiert. Die Ehrung findet [&hellip;]<\/p>\n","protected":false},"author":2,"featured_media":20666,"comment_status":"closed","ping_status":"closed","sticky":false,"template":"","format":"standard","meta":{"_acf_changed":false,"footnotes":""},"categories":[3],"tags":[],"class_list":["post-20662","post","type-post","status-publish","format-standard","has-post-thumbnail","hentry","category-newsflash"],"acf":[],"yoast_head":"<!-- This site is optimized with the Yoast SEO plugin v26.1.1 - https:\/\/yoast.com\/wordpress\/plugins\/seo\/ -->\n<title>J\u00fcdischer Geschichtspreis wird in Berlin verliehen - Kultur Online TV &amp; FM<\/title>\n<meta name=\"description\" content=\"Kultur sehen und H\u00f6ren\" \/>\n<meta name=\"robots\" content=\"index, follow, max-snippet:-1, max-image-preview:large, max-video-preview:-1\" \/>\n<link rel=\"canonical\" href=\"https:\/\/kulturonline.tv\/de\/juedischer-geschichtspreis-wird-in-berlin-verliehen\/\" \/>\n<meta property=\"og:locale\" content=\"de_DE\" \/>\n<meta property=\"og:type\" content=\"article\" \/>\n<meta property=\"og:title\" content=\"J\u00fcdischer Geschichtspreis wird in Berlin verliehen - Kultur Online TV &amp; FM\" \/>\n<meta property=\"og:description\" content=\"Kultur sehen und H\u00f6ren\" \/>\n<meta property=\"og:url\" content=\"https:\/\/kulturonline.tv\/de\/juedischer-geschichtspreis-wird-in-berlin-verliehen\/\" \/>\n<meta property=\"og:site_name\" content=\"Kultur Online TV &amp; FM\" \/>\n<meta property=\"article:publisher\" content=\"https:\/\/www.facebook.com\/kulturonline.tv\" \/>\n<meta property=\"article:published_time\" content=\"2022-01-25T07:17:34+00:00\" \/>\n<meta property=\"article:modified_time\" content=\"2022-01-25T07:17:36+00:00\" \/>\n<meta property=\"og:image\" content=\"https:\/\/kulturonline.tv\/wp-content\/uploads\/2022\/01\/Holocaust-Mahnmal_Berlin_2006-edited.jpg\" \/>\n\t<meta property=\"og:image:width\" content=\"2048\" \/>\n\t<meta property=\"og:image:height\" content=\"1152\" \/>\n\t<meta property=\"og:image:type\" content=\"image\/jpeg\" \/>\n<meta name=\"author\" content=\"guenter.wolfgang\" \/>\n<meta name=\"twitter:card\" content=\"summary_large_image\" \/>\n<meta name=\"twitter:label1\" content=\"Verfasst von\" \/>\n\t<meta name=\"twitter:data1\" content=\"guenter.wolfgang\" \/>\n\t<meta name=\"twitter:label2\" content=\"Gesch\u00e4tzte Lesezeit\" \/>\n\t<meta name=\"twitter:data2\" content=\"1\u00a0Minute\" \/>\n<script type=\"application\/ld+json\" class=\"yoast-schema-graph\">{\"@context\":\"https:\/\/schema.org\",\"@graph\":[{\"@type\":\"Article\",\"@id\":\"https:\/\/kulturonline.tv\/de\/juedischer-geschichtspreis-wird-in-berlin-verliehen\/#article\",\"isPartOf\":{\"@id\":\"https:\/\/kulturonline.tv\/de\/juedischer-geschichtspreis-wird-in-berlin-verliehen\/\"},\"author\":{\"name\":\"guenter.wolfgang\",\"@id\":\"https:\/\/kulturonline.tv\/de\/#\/schema\/person\/b0fac729bb9a0c193fb1df23449df4fe\"},\"headline\":\"J\u00fcdischer Geschichtspreis wird in Berlin verliehen\",\"datePublished\":\"2022-01-25T07:17:34+00:00\",\"dateModified\":\"2022-01-25T07:17:36+00:00\",\"mainEntityOfPage\":{\"@id\":\"https:\/\/kulturonline.tv\/de\/juedischer-geschichtspreis-wird-in-berlin-verliehen\/\"},\"wordCount\":91,\"publisher\":{\"@id\":\"https:\/\/kulturonline.tv\/de\/#organization\"},\"image\":{\"@id\":\"https:\/\/kulturonline.tv\/de\/juedischer-geschichtspreis-wird-in-berlin-verliehen\/#primaryimage\"},\"thumbnailUrl\":\"https:\/\/kulturonline.tv\/wp-content\/uploads\/2022\/01\/Holocaust-Mahnmal_Berlin_2006-edited.jpg\",\"articleSection\":[\"Newsflash\"],\"inLanguage\":\"de\"},{\"@type\":\"WebPage\",\"@id\":\"https:\/\/kulturonline.tv\/de\/juedischer-geschichtspreis-wird-in-berlin-verliehen\/\",\"url\":\"https:\/\/kulturonline.tv\/de\/juedischer-geschichtspreis-wird-in-berlin-verliehen\/\",\"name\":\"J\u00fcdischer Geschichtspreis wird in Berlin verliehen - Kultur Online TV &amp; FM\",\"isPartOf\":{\"@id\":\"https:\/\/kulturonline.tv\/de\/#website\"},\"primaryImageOfPage\":{\"@id\":\"https:\/\/kulturonline.tv\/de\/juedischer-geschichtspreis-wird-in-berlin-verliehen\/#primaryimage\"},\"image\":{\"@id\":\"https:\/\/kulturonline.tv\/de\/juedischer-geschichtspreis-wird-in-berlin-verliehen\/#primaryimage\"},\"thumbnailUrl\":\"https:\/\/kulturonline.tv\/wp-content\/uploads\/2022\/01\/Holocaust-Mahnmal_Berlin_2006-edited.jpg\",\"datePublished\":\"2022-01-25T07:17:34+00:00\",\"dateModified\":\"2022-01-25T07:17:36+00:00\",\"description\":\"Kultur sehen und H\u00f6ren\",\"breadcrumb\":{\"@id\":\"https:\/\/kulturonline.tv\/de\/juedischer-geschichtspreis-wird-in-berlin-verliehen\/#breadcrumb\"},\"inLanguage\":\"de\",\"potentialAction\":[{\"@type\":\"ReadAction\",\"target\":[\"https:\/\/kulturonline.tv\/de\/juedischer-geschichtspreis-wird-in-berlin-verliehen\/\"]}]},{\"@type\":\"ImageObject\",\"inLanguage\":\"de\",\"@id\":\"https:\/\/kulturonline.tv\/de\/juedischer-geschichtspreis-wird-in-berlin-verliehen\/#primaryimage\",\"url\":\"https:\/\/kulturonline.tv\/wp-content\/uploads\/2022\/01\/Holocaust-Mahnmal_Berlin_2006-edited.jpg\",\"contentUrl\":\"https:\/\/kulturonline.tv\/wp-content\/uploads\/2022\/01\/Holocaust-Mahnmal_Berlin_2006-edited.jpg\",\"width\":2048,\"height\":1152},{\"@type\":\"BreadcrumbList\",\"@id\":\"https:\/\/kulturonline.tv\/de\/juedischer-geschichtspreis-wird-in-berlin-verliehen\/#breadcrumb\",\"itemListElement\":[{\"@type\":\"ListItem\",\"position\":1,\"name\":\"Startseite\",\"item\":\"https:\/\/kulturonline.tv\/de\/\"},{\"@type\":\"ListItem\",\"position\":2,\"name\":\"J\u00fcdischer Geschichtspreis wird in Berlin verliehen\"}]},{\"@type\":\"WebSite\",\"@id\":\"https:\/\/kulturonline.tv\/de\/#website\",\"url\":\"https:\/\/kulturonline.tv\/de\/\",\"name\":\"Kultur Online TV &amp; FM\",\"description\":\"Wir sind Kultur 2.0 zum sehen &amp; h\u00f6ren\",\"publisher\":{\"@id\":\"https:\/\/kulturonline.tv\/de\/#organization\"},\"potentialAction\":[{\"@type\":\"SearchAction\",\"target\":{\"@type\":\"EntryPoint\",\"urlTemplate\":\"https:\/\/kulturonline.tv\/de\/?s={search_term_string}\"},\"query-input\":{\"@type\":\"PropertyValueSpecification\",\"valueRequired\":true,\"valueName\":\"search_term_string\"}}],\"inLanguage\":\"de\"},{\"@type\":\"Organization\",\"@id\":\"https:\/\/kulturonline.tv\/de\/#organization\",\"name\":\"Kultur Online TV\",\"url\":\"https:\/\/kulturonline.tv\/de\/\",\"logo\":{\"@type\":\"ImageObject\",\"inLanguage\":\"de\",\"@id\":\"https:\/\/kulturonline.tv\/de\/#\/schema\/logo\/image\/\",\"url\":\"https:\/\/kulturonline.tv\/wp-content\/uploads\/2021\/08\/Kultur-Online-Tv-Logo-Endversion-neu.png\",\"contentUrl\":\"https:\/\/kulturonline.tv\/wp-content\/uploads\/2021\/08\/Kultur-Online-Tv-Logo-Endversion-neu.png\",\"width\":200,\"height\":200,\"caption\":\"Kultur Online TV\"},\"image\":{\"@id\":\"https:\/\/kulturonline.tv\/de\/#\/schema\/logo\/image\/\"},\"sameAs\":[\"https:\/\/www.facebook.com\/kulturonline.tv\",\"https:\/\/www.instagram.com\/kulturonline.tv\"]},{\"@type\":\"Person\",\"@id\":\"https:\/\/kulturonline.tv\/de\/#\/schema\/person\/b0fac729bb9a0c193fb1df23449df4fe\",\"name\":\"guenter.wolfgang\"}]}<\/script>\n<!-- \/ Yoast SEO plugin. -->","yoast_head_json":{"title":"J\u00fcdischer Geschichtspreis wird in Berlin verliehen - Kultur Online TV &amp; FM","description":"Kultur sehen und H\u00f6ren","robots":{"index":"index","follow":"follow","max-snippet":"max-snippet:-1","max-image-preview":"max-image-preview:large","max-video-preview":"max-video-preview:-1"},"canonical":"https:\/\/kulturonline.tv\/de\/juedischer-geschichtspreis-wird-in-berlin-verliehen\/","og_locale":"de_DE","og_type":"article","og_title":"J\u00fcdischer Geschichtspreis wird in Berlin verliehen - Kultur Online TV &amp; FM","og_description":"Kultur sehen und H\u00f6ren","og_url":"https:\/\/kulturonline.tv\/de\/juedischer-geschichtspreis-wird-in-berlin-verliehen\/","og_site_name":"Kultur Online TV &amp; FM","article_publisher":"https:\/\/www.facebook.com\/kulturonline.tv","article_published_time":"2022-01-25T07:17:34+00:00","article_modified_time":"2022-01-25T07:17:36+00:00","og_image":[{"width":2048,"height":1152,"url":"https:\/\/kulturonline.tv\/wp-content\/uploads\/2022\/01\/Holocaust-Mahnmal_Berlin_2006-edited.jpg","type":"image\/jpeg"}],"author":"guenter.wolfgang","twitter_card":"summary_large_image","twitter_misc":{"Verfasst von":"guenter.wolfgang","Gesch\u00e4tzte Lesezeit":"1\u00a0Minute"},"schema":{"@context":"https:\/\/schema.org","@graph":[{"@type":"Article","@id":"https:\/\/kulturonline.tv\/de\/juedischer-geschichtspreis-wird-in-berlin-verliehen\/#article","isPartOf":{"@id":"https:\/\/kulturonline.tv\/de\/juedischer-geschichtspreis-wird-in-berlin-verliehen\/"},"author":{"name":"guenter.wolfgang","@id":"https:\/\/kulturonline.tv\/de\/#\/schema\/person\/b0fac729bb9a0c193fb1df23449df4fe"},"headline":"J\u00fcdischer Geschichtspreis wird in Berlin verliehen","datePublished":"2022-01-25T07:17:34+00:00","dateModified":"2022-01-25T07:17:36+00:00","mainEntityOfPage":{"@id":"https:\/\/kulturonline.tv\/de\/juedischer-geschichtspreis-wird-in-berlin-verliehen\/"},"wordCount":91,"publisher":{"@id":"https:\/\/kulturonline.tv\/de\/#organization"},"image":{"@id":"https:\/\/kulturonline.tv\/de\/juedischer-geschichtspreis-wird-in-berlin-verliehen\/#primaryimage"},"thumbnailUrl":"https:\/\/kulturonline.tv\/wp-content\/uploads\/2022\/01\/Holocaust-Mahnmal_Berlin_2006-edited.jpg","articleSection":["Newsflash"],"inLanguage":"de"},{"@type":"WebPage","@id":"https:\/\/kulturonline.tv\/de\/juedischer-geschichtspreis-wird-in-berlin-verliehen\/","url":"https:\/\/kulturonline.tv\/de\/juedischer-geschichtspreis-wird-in-berlin-verliehen\/","name":"J\u00fcdischer Geschichtspreis wird in Berlin verliehen - Kultur Online TV &amp; FM","isPartOf":{"@id":"https:\/\/kulturonline.tv\/de\/#website"},"primaryImageOfPage":{"@id":"https:\/\/kulturonline.tv\/de\/juedischer-geschichtspreis-wird-in-berlin-verliehen\/#primaryimage"},"image":{"@id":"https:\/\/kulturonline.tv\/de\/juedischer-geschichtspreis-wird-in-berlin-verliehen\/#primaryimage"},"thumbnailUrl":"https:\/\/kulturonline.tv\/wp-content\/uploads\/2022\/01\/Holocaust-Mahnmal_Berlin_2006-edited.jpg","datePublished":"2022-01-25T07:17:34+00:00","dateModified":"2022-01-25T07:17:36+00:00","description":"Kultur sehen und H\u00f6ren","breadcrumb":{"@id":"https:\/\/kulturonline.tv\/de\/juedischer-geschichtspreis-wird-in-berlin-verliehen\/#breadcrumb"},"inLanguage":"de","potentialAction":[{"@type":"ReadAction","target":["https:\/\/kulturonline.tv\/de\/juedischer-geschichtspreis-wird-in-berlin-verliehen\/"]}]},{"@type":"ImageObject","inLanguage":"de","@id":"https:\/\/kulturonline.tv\/de\/juedischer-geschichtspreis-wird-in-berlin-verliehen\/#primaryimage","url":"https:\/\/kulturonline.tv\/wp-content\/uploads\/2022\/01\/Holocaust-Mahnmal_Berlin_2006-edited.jpg","contentUrl":"https:\/\/kulturonline.tv\/wp-content\/uploads\/2022\/01\/Holocaust-Mahnmal_Berlin_2006-edited.jpg","width":2048,"height":1152},{"@type":"BreadcrumbList","@id":"https:\/\/kulturonline.tv\/de\/juedischer-geschichtspreis-wird-in-berlin-verliehen\/#breadcrumb","itemListElement":[{"@type":"ListItem","position":1,"name":"Startseite","item":"https:\/\/kulturonline.tv\/de\/"},{"@type":"ListItem","position":2,"name":"J\u00fcdischer Geschichtspreis wird in Berlin verliehen"}]},{"@type":"WebSite","@id":"https:\/\/kulturonline.tv\/de\/#website","url":"https:\/\/kulturonline.tv\/de\/","name":"Kultur Online TV &amp; FM","description":"Wir sind Kultur 2.0 zum sehen &amp; h\u00f6ren","publisher":{"@id":"https:\/\/kulturonline.tv\/de\/#organization"},"potentialAction":[{"@type":"SearchAction","target":{"@type":"EntryPoint","urlTemplate":"https:\/\/kulturonline.tv\/de\/?s={search_term_string}"},"query-input":{"@type":"PropertyValueSpecification","valueRequired":true,"valueName":"search_term_string"}}],"inLanguage":"de"},{"@type":"Organization","@id":"https:\/\/kulturonline.tv\/de\/#organization","name":"Kultur Online TV","url":"https:\/\/kulturonline.tv\/de\/","logo":{"@type":"ImageObject","inLanguage":"de","@id":"https:\/\/kulturonline.tv\/de\/#\/schema\/logo\/image\/","url":"https:\/\/kulturonline.tv\/wp-content\/uploads\/2021\/08\/Kultur-Online-Tv-Logo-Endversion-neu.png","contentUrl":"https:\/\/kulturonline.tv\/wp-content\/uploads\/2021\/08\/Kultur-Online-Tv-Logo-Endversion-neu.png","width":200,"height":200,"caption":"Kultur Online TV"},"image":{"@id":"https:\/\/kulturonline.tv\/de\/#\/schema\/logo\/image\/"},"sameAs":["https:\/\/www.facebook.com\/kulturonline.tv","https:\/\/www.instagram.com\/kulturonline.tv"]},{"@type":"Person","@id":"https:\/\/kulturonline.tv\/de\/#\/schema\/person\/b0fac729bb9a0c193fb1df23449df4fe","name":"guenter.wolfgang"}]}},"_links":{"self":[{"href":"https:\/\/kulturonline.tv\/de\/wp-json\/wp\/v2\/posts\/20662","targetHints":{"allow":["GET"]}}],"collection":[{"href":"https:\/\/kulturonline.tv\/de\/wp-json\/wp\/v2\/posts"}],"about":[{"href":"https:\/\/kulturonline.tv\/de\/wp-json\/wp\/v2\/types\/post"}],"author":[{"embeddable":true,"href":"https:\/\/kulturonline.tv\/de\/wp-json\/wp\/v2\/users\/2"}],"replies":[{"embeddable":true,"href":"https:\/\/kulturonline.tv\/de\/wp-json\/wp\/v2\/comments?post=20662"}],"version-history":[{"count":0,"href":"https:\/\/kulturonline.tv\/de\/wp-json\/wp\/v2\/posts\/20662\/revisions"}],"wp:featuredmedia":[{"embeddable":true,"href":"https:\/\/kulturonline.tv\/de\/wp-json\/wp\/v2\/media\/20666"}],"wp:attachment":[{"href":"https:\/\/kulturonline.tv\/de\/wp-json\/wp\/v2\/media?parent=20662"}],"wp:term":[{"taxonomy":"category","embeddable":true,"href":"https:\/\/kulturonline.tv\/de\/wp-json\/wp\/v2\/categories?post=20662"},{"taxonomy":"post_tag","embeddable":true,"href":"https:\/\/kulturonline.tv\/de\/wp-json\/wp\/v2\/tags?post=20662"}],"curies":[{"name":"wp","href":"https:\/\/api.w.org\/{rel}","templated":true}]}}