{"id":20730,"date":"2022-01-25T09:57:20","date_gmt":"2022-01-25T08:57:20","guid":{"rendered":"https:\/\/kulturonline.tv\/?p=20730"},"modified":"2022-01-25T09:57:22","modified_gmt":"2022-01-25T08:57:22","slug":"jude-brite-zulu-scatterling-of-africa-my-early-years","status":"publish","type":"post","link":"https:\/\/kulturonline.tv\/de\/jude-brite-zulu-scatterling-of-africa-my-early-years\/","title":{"rendered":"Jude, Brite, Zulu &#8211; Scatterling of Africa: My Early Years"},"content":{"rendered":"\n<p>Zwei Jahre nach seinem Tod erscheint die Autobiografie des S\u00e4ngers und Aktivisten Johnny Clegg<\/p>\n\n\n\n<figure class=\"wp-block-image size-large\"><img fetchpriority=\"high\" decoding=\"async\" width=\"1600\" height=\"900\" src=\"https:\/\/kulturonline.tv\/wp-content\/uploads\/2022\/01\/1920x1080-3-1600x900.jpg\" alt=\"\" class=\"wp-image-20736\" srcset=\"https:\/\/kulturonline.tv\/wp-content\/uploads\/2022\/01\/1920x1080-3-1600x900.jpg 1600w, https:\/\/kulturonline.tv\/wp-content\/uploads\/2022\/01\/1920x1080-3-600x338.jpg 600w, https:\/\/kulturonline.tv\/wp-content\/uploads\/2022\/01\/1920x1080-3-800x450.jpg 800w, https:\/\/kulturonline.tv\/wp-content\/uploads\/2022\/01\/1920x1080-3-768x432.jpg 768w, https:\/\/kulturonline.tv\/wp-content\/uploads\/2022\/01\/1920x1080-3-1536x864.jpg 1536w, https:\/\/kulturonline.tv\/wp-content\/uploads\/2022\/01\/1920x1080-3.jpg 1920w\" sizes=\"(max-width: 1600px) 100vw, 1600px\" \/><figcaption>\u00a9 Piovanotto Marco<\/figcaption><\/figure>\n\n\n\n<p>&#8222;Vos mit der Shwartzes und Johnele? Jeden Tag schleppt er einen neuen an \u2026&#8220; Die Gro\u00dfmutter ist skeptisch, warum tanzt und singt ihr Enkel mit schwarzen Stra\u00dfenmusikern? Was die J\u00fcdin im afrikanischen Exil damals noch nicht wissen konnte: In einigen Jahren wird die ganze Welt ihren &#8222;Johnele&#8220; als &#8222;wei\u00dfen Zulu&#8220; kennen und ihm auf der B\u00fchne zujubeln.<\/p>\n\n\n\n<p>&#8222;Johnny Clegg tr\u00e4gt viele H\u00fcte: Er ist T\u00e4nzer, Anthropologe, S\u00e4nger, Liedtexter, Akademiker und Aktivist&#8220;, hie\u00df es aus dem B\u00fcro des s\u00fcdafrikanischen Pr\u00e4sidenten, als er Clegg einen Orden f\u00fcr dessen Lebenswerk verlieh. <\/p>\n\n\n\n<p>Jetzt ist posthum die Autobiografie des s\u00fcdafrikanischen Ausnahmek\u00fcnstlers erschienen: Scatterling of Africa: My Early Years. Darin begibt sich Clegg erneut auf die Suche nach seiner kulturellen Identit\u00e4t \u2013 eine Suche, wie sie wohl selbst im Vielv\u00f6lkerstaat S\u00fcdafrika nur wenige Menschen durchleben.<\/p>\n\n\n\n<p>Jonathan Clegg wurde 1953 in England geboren, seine Eltern trennten sich aber fr\u00fch, und seine Mutter ging mit dem zweij\u00e4hrigen Johnny in ihre Heimat Simbabwe zur\u00fcck. Als sie einen s\u00fcdafrikanischen Journalisten heiratete, kam ein weiterer Umzug.<\/p>\n\n\n\n<p>Und so kam Johnny nach Johannesburg. Als Teenager trieb er sich in Townships herum, die eigentlich f\u00fcr Wei\u00dfe verboten waren. Er lernte die Sprache der Zulus, ihre Lieder und ihre T\u00e4nze.Johnny Clegg: \u201eAls ich 14 war, lernte ich die Stra\u00dfen-Gitarren-Musik der Zulus kennen. Meine Mutter war Jazz-S\u00e4ngerin, und wann immer ich in meinem Zimmer probte, klopft sie an meiner T\u00fcr und sagte: \u201aDu machst mich wahnsinnig. Das ist wie chinesische Folter!\u2018\u201c<\/p>\n\n\n\n<p>Johnny Clegg lehrte tags\u00fcber an der Universit\u00e4t und trat abends in Townships auf. Er gr\u00fcndete Bands, die Juluka und Savuka hie\u00dfen, und in denen Musiker aller Hautfarben zusammen spielten. Er nannte den Stil selbst Crossover. <\/p>\n\n\n\n<p>Dabei vereinten sich westliche Popmusik mit Folk und den Rhythmen und Gitarrenkl\u00e4ngen der Zulus. Er machte Weltmusik in S\u00fcdafrika, noch bevor dieser Begriff Mode wurde. \u00d6fter wurde Clegg vor Gericht gestellt, weil er gegen die Rassengesetze der Apartheid versto\u00dfen hatte.<\/p>\n\n\n\n<p>Hartn\u00e4ckig hat er an seinem Ruf gearbeitet, dem des Weltmusikers mit politischem Biss. 1987 schrieb er das Lied \u201eAsimbonanga\u201c, das in S\u00fcdafrika verboten war.<\/p>\n\n\n\n<p>Der Durchbruch kam mit dem zweiten Album 1981, kurz darauf folgten internationale Auftritte. F\u00fcr den Erfolg gab Clegg nicht nur seine Stelle als Anthropologe an der Uni Witwatersrand auf, er riskierte auch seine Freiheit. Dem Regime war es ein Dorn im Auge, als Cleggs Band \u00fcber die Freilassung Mandelas aus der politischen Haft sang wie im Lied &#8222;Asimbonanga&#8220;: &#8222;Wir haben ihn lange nicht gesehen&#8220;. Er trat f\u00fcr Menschenrechte und Gleichberechtigung ein, dennoch verstand Clegg sich selbst nie als Politaktivist: &#8222;Ich habe die Politik nicht gesucht, sie hat mich gefunden.&#8220;<\/p>\n\n\n\n<p>2019, kurz nach seiner Abschiedstournee, starb Johnny Clegg an Krebs. Doch er gilt weiterhin als Legende. Die \u00bbTimes of Israel\u00ab nannte ihn &#8222;S\u00fcdafrikas j\u00fcdischen Zulu&#8220;. Seine Botschaft sei f\u00fcr das Land &#8222;so wichtig wie eh und je&#8220;, sagen seine S\u00f6hne, denn &#8222;seine Geschichte ist ein Zeugnis f\u00fcr die Macht menschlicher Verbundenheit&#8220;.<\/p>\n\n\n\n<p>Kultur Online TV<\/p>\n\n\n\n<p>#musik #kultur<\/p>\n","protected":false},"excerpt":{"rendered":"<p>Zwei Jahre nach seinem Tod erscheint die Autobiografie des S\u00e4ngers und Aktivisten Johnny Clegg &#8222;Vos mit der Shwartzes und Johnele? Jeden Tag schleppt er einen neuen an \u2026&#8220; Die Gro\u00dfmutter ist skeptisch, warum tanzt und singt ihr Enkel mit schwarzen Stra\u00dfenmusikern? Was die J\u00fcdin im afrikanischen Exil damals noch nicht wissen konnte: In einigen Jahren [&hellip;]<\/p>\n","protected":false},"author":2,"featured_media":20736,"comment_status":"closed","ping_status":"closed","sticky":false,"template":"","format":"standard","meta":{"_acf_changed":false,"footnotes":""},"categories":[106],"tags":[],"class_list":["post-20730","post","type-post","status-publish","format-standard","has-post-thumbnail","hentry","category-literatur"],"acf":[],"yoast_head":"<!-- This site is optimized with the Yoast SEO plugin v26.1.1 - https:\/\/yoast.com\/wordpress\/plugins\/seo\/ -->\n<title>Jude, Brite, Zulu - Scatterling of Africa: My Early Years - Kultur Online TV &amp; FM<\/title>\n<meta name=\"description\" content=\"Kultur sehen und H\u00f6ren\" \/>\n<meta name=\"robots\" content=\"index, follow, max-snippet:-1, max-image-preview:large, max-video-preview:-1\" \/>\n<link rel=\"canonical\" href=\"https:\/\/kulturonline.tv\/de\/jude-brite-zulu-scatterling-of-africa-my-early-years\/\" \/>\n<meta property=\"og:locale\" content=\"de_DE\" \/>\n<meta property=\"og:type\" content=\"article\" \/>\n<meta property=\"og:title\" content=\"Jude, Brite, Zulu - Scatterling of Africa: My Early Years - Kultur Online TV &amp; FM\" \/>\n<meta property=\"og:description\" content=\"Kultur sehen und H\u00f6ren\" \/>\n<meta property=\"og:url\" content=\"https:\/\/kulturonline.tv\/de\/jude-brite-zulu-scatterling-of-africa-my-early-years\/\" \/>\n<meta property=\"og:site_name\" content=\"Kultur Online TV &amp; FM\" \/>\n<meta property=\"article:publisher\" content=\"https:\/\/www.facebook.com\/kulturonline.tv\" \/>\n<meta property=\"article:published_time\" content=\"2022-01-25T08:57:20+00:00\" \/>\n<meta property=\"article:modified_time\" content=\"2022-01-25T08:57:22+00:00\" \/>\n<meta property=\"og:image\" content=\"https:\/\/kulturonline.tv\/wp-content\/uploads\/2022\/01\/1920x1080-3.jpg\" \/>\n\t<meta property=\"og:image:width\" content=\"1920\" \/>\n\t<meta property=\"og:image:height\" content=\"1080\" \/>\n\t<meta property=\"og:image:type\" content=\"image\/jpeg\" \/>\n<meta name=\"author\" content=\"guenter.wolfgang\" \/>\n<meta name=\"twitter:card\" content=\"summary_large_image\" \/>\n<meta name=\"twitter:label1\" content=\"Verfasst von\" \/>\n\t<meta name=\"twitter:data1\" content=\"guenter.wolfgang\" \/>\n\t<meta name=\"twitter:label2\" content=\"Gesch\u00e4tzte Lesezeit\" \/>\n\t<meta name=\"twitter:data2\" content=\"3\u00a0Minuten\" \/>\n<script type=\"application\/ld+json\" class=\"yoast-schema-graph\">{\"@context\":\"https:\/\/schema.org\",\"@graph\":[{\"@type\":\"Article\",\"@id\":\"https:\/\/kulturonline.tv\/de\/jude-brite-zulu-scatterling-of-africa-my-early-years\/#article\",\"isPartOf\":{\"@id\":\"https:\/\/kulturonline.tv\/de\/jude-brite-zulu-scatterling-of-africa-my-early-years\/\"},\"author\":{\"name\":\"guenter.wolfgang\",\"@id\":\"https:\/\/kulturonline.tv\/de\/#\/schema\/person\/b0fac729bb9a0c193fb1df23449df4fe\"},\"headline\":\"Jude, Brite, Zulu &#8211; Scatterling of Africa: My Early Years\",\"datePublished\":\"2022-01-25T08:57:20+00:00\",\"dateModified\":\"2022-01-25T08:57:22+00:00\",\"mainEntityOfPage\":{\"@id\":\"https:\/\/kulturonline.tv\/de\/jude-brite-zulu-scatterling-of-africa-my-early-years\/\"},\"wordCount\":545,\"publisher\":{\"@id\":\"https:\/\/kulturonline.tv\/de\/#organization\"},\"image\":{\"@id\":\"https:\/\/kulturonline.tv\/de\/jude-brite-zulu-scatterling-of-africa-my-early-years\/#primaryimage\"},\"thumbnailUrl\":\"https:\/\/kulturonline.tv\/wp-content\/uploads\/2022\/01\/1920x1080-3.jpg\",\"articleSection\":[\"Literatur\"],\"inLanguage\":\"de\"},{\"@type\":\"WebPage\",\"@id\":\"https:\/\/kulturonline.tv\/de\/jude-brite-zulu-scatterling-of-africa-my-early-years\/\",\"url\":\"https:\/\/kulturonline.tv\/de\/jude-brite-zulu-scatterling-of-africa-my-early-years\/\",\"name\":\"Jude, Brite, Zulu - Scatterling of Africa: My Early Years - Kultur Online TV &amp; FM\",\"isPartOf\":{\"@id\":\"https:\/\/kulturonline.tv\/de\/#website\"},\"primaryImageOfPage\":{\"@id\":\"https:\/\/kulturonline.tv\/de\/jude-brite-zulu-scatterling-of-africa-my-early-years\/#primaryimage\"},\"image\":{\"@id\":\"https:\/\/kulturonline.tv\/de\/jude-brite-zulu-scatterling-of-africa-my-early-years\/#primaryimage\"},\"thumbnailUrl\":\"https:\/\/kulturonline.tv\/wp-content\/uploads\/2022\/01\/1920x1080-3.jpg\",\"datePublished\":\"2022-01-25T08:57:20+00:00\",\"dateModified\":\"2022-01-25T08:57:22+00:00\",\"description\":\"Kultur sehen und H\u00f6ren\",\"breadcrumb\":{\"@id\":\"https:\/\/kulturonline.tv\/de\/jude-brite-zulu-scatterling-of-africa-my-early-years\/#breadcrumb\"},\"inLanguage\":\"de\",\"potentialAction\":[{\"@type\":\"ReadAction\",\"target\":[\"https:\/\/kulturonline.tv\/de\/jude-brite-zulu-scatterling-of-africa-my-early-years\/\"]}]},{\"@type\":\"ImageObject\",\"inLanguage\":\"de\",\"@id\":\"https:\/\/kulturonline.tv\/de\/jude-brite-zulu-scatterling-of-africa-my-early-years\/#primaryimage\",\"url\":\"https:\/\/kulturonline.tv\/wp-content\/uploads\/2022\/01\/1920x1080-3.jpg\",\"contentUrl\":\"https:\/\/kulturonline.tv\/wp-content\/uploads\/2022\/01\/1920x1080-3.jpg\",\"width\":1920,\"height\":1080},{\"@type\":\"BreadcrumbList\",\"@id\":\"https:\/\/kulturonline.tv\/de\/jude-brite-zulu-scatterling-of-africa-my-early-years\/#breadcrumb\",\"itemListElement\":[{\"@type\":\"ListItem\",\"position\":1,\"name\":\"Startseite\",\"item\":\"https:\/\/kulturonline.tv\/de\/\"},{\"@type\":\"ListItem\",\"position\":2,\"name\":\"Jude, Brite, Zulu &#8211; Scatterling of Africa: My Early Years\"}]},{\"@type\":\"WebSite\",\"@id\":\"https:\/\/kulturonline.tv\/de\/#website\",\"url\":\"https:\/\/kulturonline.tv\/de\/\",\"name\":\"Kultur Online TV &amp; FM\",\"description\":\"Wir sind Kultur 2.0 zum sehen &amp; h\u00f6ren\",\"publisher\":{\"@id\":\"https:\/\/kulturonline.tv\/de\/#organization\"},\"potentialAction\":[{\"@type\":\"SearchAction\",\"target\":{\"@type\":\"EntryPoint\",\"urlTemplate\":\"https:\/\/kulturonline.tv\/de\/?s={search_term_string}\"},\"query-input\":{\"@type\":\"PropertyValueSpecification\",\"valueRequired\":true,\"valueName\":\"search_term_string\"}}],\"inLanguage\":\"de\"},{\"@type\":\"Organization\",\"@id\":\"https:\/\/kulturonline.tv\/de\/#organization\",\"name\":\"Kultur Online TV\",\"url\":\"https:\/\/kulturonline.tv\/de\/\",\"logo\":{\"@type\":\"ImageObject\",\"inLanguage\":\"de\",\"@id\":\"https:\/\/kulturonline.tv\/de\/#\/schema\/logo\/image\/\",\"url\":\"https:\/\/kulturonline.tv\/wp-content\/uploads\/2021\/08\/Kultur-Online-Tv-Logo-Endversion-neu.png\",\"contentUrl\":\"https:\/\/kulturonline.tv\/wp-content\/uploads\/2021\/08\/Kultur-Online-Tv-Logo-Endversion-neu.png\",\"width\":200,\"height\":200,\"caption\":\"Kultur Online TV\"},\"image\":{\"@id\":\"https:\/\/kulturonline.tv\/de\/#\/schema\/logo\/image\/\"},\"sameAs\":[\"https:\/\/www.facebook.com\/kulturonline.tv\",\"https:\/\/www.instagram.com\/kulturonline.tv\"]},{\"@type\":\"Person\",\"@id\":\"https:\/\/kulturonline.tv\/de\/#\/schema\/person\/b0fac729bb9a0c193fb1df23449df4fe\",\"name\":\"guenter.wolfgang\"}]}<\/script>\n<!-- \/ Yoast SEO plugin. -->","yoast_head_json":{"title":"Jude, Brite, Zulu - Scatterling of Africa: My Early Years - Kultur Online TV &amp; FM","description":"Kultur sehen und H\u00f6ren","robots":{"index":"index","follow":"follow","max-snippet":"max-snippet:-1","max-image-preview":"max-image-preview:large","max-video-preview":"max-video-preview:-1"},"canonical":"https:\/\/kulturonline.tv\/de\/jude-brite-zulu-scatterling-of-africa-my-early-years\/","og_locale":"de_DE","og_type":"article","og_title":"Jude, Brite, Zulu - Scatterling of Africa: My Early Years - Kultur Online TV &amp; FM","og_description":"Kultur sehen und H\u00f6ren","og_url":"https:\/\/kulturonline.tv\/de\/jude-brite-zulu-scatterling-of-africa-my-early-years\/","og_site_name":"Kultur Online TV &amp; FM","article_publisher":"https:\/\/www.facebook.com\/kulturonline.tv","article_published_time":"2022-01-25T08:57:20+00:00","article_modified_time":"2022-01-25T08:57:22+00:00","og_image":[{"width":1920,"height":1080,"url":"https:\/\/kulturonline.tv\/wp-content\/uploads\/2022\/01\/1920x1080-3.jpg","type":"image\/jpeg"}],"author":"guenter.wolfgang","twitter_card":"summary_large_image","twitter_misc":{"Verfasst von":"guenter.wolfgang","Gesch\u00e4tzte Lesezeit":"3\u00a0Minuten"},"schema":{"@context":"https:\/\/schema.org","@graph":[{"@type":"Article","@id":"https:\/\/kulturonline.tv\/de\/jude-brite-zulu-scatterling-of-africa-my-early-years\/#article","isPartOf":{"@id":"https:\/\/kulturonline.tv\/de\/jude-brite-zulu-scatterling-of-africa-my-early-years\/"},"author":{"name":"guenter.wolfgang","@id":"https:\/\/kulturonline.tv\/de\/#\/schema\/person\/b0fac729bb9a0c193fb1df23449df4fe"},"headline":"Jude, Brite, Zulu &#8211; Scatterling of Africa: My Early Years","datePublished":"2022-01-25T08:57:20+00:00","dateModified":"2022-01-25T08:57:22+00:00","mainEntityOfPage":{"@id":"https:\/\/kulturonline.tv\/de\/jude-brite-zulu-scatterling-of-africa-my-early-years\/"},"wordCount":545,"publisher":{"@id":"https:\/\/kulturonline.tv\/de\/#organization"},"image":{"@id":"https:\/\/kulturonline.tv\/de\/jude-brite-zulu-scatterling-of-africa-my-early-years\/#primaryimage"},"thumbnailUrl":"https:\/\/kulturonline.tv\/wp-content\/uploads\/2022\/01\/1920x1080-3.jpg","articleSection":["Literatur"],"inLanguage":"de"},{"@type":"WebPage","@id":"https:\/\/kulturonline.tv\/de\/jude-brite-zulu-scatterling-of-africa-my-early-years\/","url":"https:\/\/kulturonline.tv\/de\/jude-brite-zulu-scatterling-of-africa-my-early-years\/","name":"Jude, Brite, Zulu - Scatterling of Africa: My Early Years - Kultur Online TV &amp; FM","isPartOf":{"@id":"https:\/\/kulturonline.tv\/de\/#website"},"primaryImageOfPage":{"@id":"https:\/\/kulturonline.tv\/de\/jude-brite-zulu-scatterling-of-africa-my-early-years\/#primaryimage"},"image":{"@id":"https:\/\/kulturonline.tv\/de\/jude-brite-zulu-scatterling-of-africa-my-early-years\/#primaryimage"},"thumbnailUrl":"https:\/\/kulturonline.tv\/wp-content\/uploads\/2022\/01\/1920x1080-3.jpg","datePublished":"2022-01-25T08:57:20+00:00","dateModified":"2022-01-25T08:57:22+00:00","description":"Kultur sehen und H\u00f6ren","breadcrumb":{"@id":"https:\/\/kulturonline.tv\/de\/jude-brite-zulu-scatterling-of-africa-my-early-years\/#breadcrumb"},"inLanguage":"de","potentialAction":[{"@type":"ReadAction","target":["https:\/\/kulturonline.tv\/de\/jude-brite-zulu-scatterling-of-africa-my-early-years\/"]}]},{"@type":"ImageObject","inLanguage":"de","@id":"https:\/\/kulturonline.tv\/de\/jude-brite-zulu-scatterling-of-africa-my-early-years\/#primaryimage","url":"https:\/\/kulturonline.tv\/wp-content\/uploads\/2022\/01\/1920x1080-3.jpg","contentUrl":"https:\/\/kulturonline.tv\/wp-content\/uploads\/2022\/01\/1920x1080-3.jpg","width":1920,"height":1080},{"@type":"BreadcrumbList","@id":"https:\/\/kulturonline.tv\/de\/jude-brite-zulu-scatterling-of-africa-my-early-years\/#breadcrumb","itemListElement":[{"@type":"ListItem","position":1,"name":"Startseite","item":"https:\/\/kulturonline.tv\/de\/"},{"@type":"ListItem","position":2,"name":"Jude, Brite, Zulu &#8211; Scatterling of Africa: My Early Years"}]},{"@type":"WebSite","@id":"https:\/\/kulturonline.tv\/de\/#website","url":"https:\/\/kulturonline.tv\/de\/","name":"Kultur Online TV &amp; FM","description":"Wir sind Kultur 2.0 zum sehen &amp; h\u00f6ren","publisher":{"@id":"https:\/\/kulturonline.tv\/de\/#organization"},"potentialAction":[{"@type":"SearchAction","target":{"@type":"EntryPoint","urlTemplate":"https:\/\/kulturonline.tv\/de\/?s={search_term_string}"},"query-input":{"@type":"PropertyValueSpecification","valueRequired":true,"valueName":"search_term_string"}}],"inLanguage":"de"},{"@type":"Organization","@id":"https:\/\/kulturonline.tv\/de\/#organization","name":"Kultur Online TV","url":"https:\/\/kulturonline.tv\/de\/","logo":{"@type":"ImageObject","inLanguage":"de","@id":"https:\/\/kulturonline.tv\/de\/#\/schema\/logo\/image\/","url":"https:\/\/kulturonline.tv\/wp-content\/uploads\/2021\/08\/Kultur-Online-Tv-Logo-Endversion-neu.png","contentUrl":"https:\/\/kulturonline.tv\/wp-content\/uploads\/2021\/08\/Kultur-Online-Tv-Logo-Endversion-neu.png","width":200,"height":200,"caption":"Kultur Online TV"},"image":{"@id":"https:\/\/kulturonline.tv\/de\/#\/schema\/logo\/image\/"},"sameAs":["https:\/\/www.facebook.com\/kulturonline.tv","https:\/\/www.instagram.com\/kulturonline.tv"]},{"@type":"Person","@id":"https:\/\/kulturonline.tv\/de\/#\/schema\/person\/b0fac729bb9a0c193fb1df23449df4fe","name":"guenter.wolfgang"}]}},"_links":{"self":[{"href":"https:\/\/kulturonline.tv\/de\/wp-json\/wp\/v2\/posts\/20730","targetHints":{"allow":["GET"]}}],"collection":[{"href":"https:\/\/kulturonline.tv\/de\/wp-json\/wp\/v2\/posts"}],"about":[{"href":"https:\/\/kulturonline.tv\/de\/wp-json\/wp\/v2\/types\/post"}],"author":[{"embeddable":true,"href":"https:\/\/kulturonline.tv\/de\/wp-json\/wp\/v2\/users\/2"}],"replies":[{"embeddable":true,"href":"https:\/\/kulturonline.tv\/de\/wp-json\/wp\/v2\/comments?post=20730"}],"version-history":[{"count":0,"href":"https:\/\/kulturonline.tv\/de\/wp-json\/wp\/v2\/posts\/20730\/revisions"}],"wp:featuredmedia":[{"embeddable":true,"href":"https:\/\/kulturonline.tv\/de\/wp-json\/wp\/v2\/media\/20736"}],"wp:attachment":[{"href":"https:\/\/kulturonline.tv\/de\/wp-json\/wp\/v2\/media?parent=20730"}],"wp:term":[{"taxonomy":"category","embeddable":true,"href":"https:\/\/kulturonline.tv\/de\/wp-json\/wp\/v2\/categories?post=20730"},{"taxonomy":"post_tag","embeddable":true,"href":"https:\/\/kulturonline.tv\/de\/wp-json\/wp\/v2\/tags?post=20730"}],"curies":[{"name":"wp","href":"https:\/\/api.w.org\/{rel}","templated":true}]}}