{"id":20739,"date":"2022-01-25T10:03:21","date_gmt":"2022-01-25T09:03:21","guid":{"rendered":"https:\/\/kulturonline.tv\/?p=20739"},"modified":"2022-01-25T10:03:30","modified_gmt":"2022-01-25T09:03:30","slug":"drei-finnen-in-der-corona-bar","status":"publish","type":"post","link":"https:\/\/kulturonline.tv\/de\/drei-finnen-in-der-corona-bar\/","title":{"rendered":"Drei Finnen in der &#8222;Corona&#8220;-Bar"},"content":{"rendered":"\n<p>Der Regisseur Mika Kaurism\u00e4ki hat einen Film in seiner Bar in Helsinki gedreht. Sie wird in einer Nacht w\u00e4hrend der Pandemie zum Flucht- und Rettungsort f\u00fcr drei M\u00e4nner.<\/p>\n\n\n\n<figure class=\"wp-block-image size-full\"><img fetchpriority=\"high\" decoding=\"async\" width=\"820\" height=\"461\" src=\"https:\/\/kulturonline.tv\/wp-content\/uploads\/2022\/01\/eine-nacht-in-helsiniki-filmstill.webp\" alt=\"\" class=\"wp-image-20741\" srcset=\"https:\/\/kulturonline.tv\/wp-content\/uploads\/2022\/01\/eine-nacht-in-helsiniki-filmstill.webp 820w, https:\/\/kulturonline.tv\/wp-content\/uploads\/2022\/01\/eine-nacht-in-helsiniki-filmstill-600x337.webp 600w, https:\/\/kulturonline.tv\/wp-content\/uploads\/2022\/01\/eine-nacht-in-helsiniki-filmstill-800x450.webp 800w, https:\/\/kulturonline.tv\/wp-content\/uploads\/2022\/01\/eine-nacht-in-helsiniki-filmstill-768x432.webp 768w\" sizes=\"(max-width: 820px) 100vw, 820px\" \/><figcaption>\u00a9\u00a0Arsenal Filmverleih<\/figcaption><\/figure>\n\n\n\n<p>In &#8222;Eine Nacht in Helsinki&#8220; sind alle Dialoge improvisiert. Die Figuren haben die Schauspieler selbst entwickelt. Der eigentliche Dreh f\u00fcr den Spielfilm hat deshalb auch nur zwei Tage und zwei N\u00e4chte gedauert. F\u00fcr Mika Kaurism\u00e4ki war das eine ungew\u00f6hnliche Situation. <\/p>\n\n\n\n<p>Am Set war er weniger Regisseur und mehr Beobachter. Eine klares Ziel hatte der Dreh aber nat\u00fcrlich: &#8222;Eine Nacht in Helsinki&#8220; sollte ein Film \u00fcber die Pandemie werden und dar\u00fcber, wie Menschen mit den Konsequenzen des &#8222;neuen Alltags&#8220; klarkommen. <\/p>\n\n\n\n<p>&#8222;Als die Pandemie kam, wusste man nicht: Wie gef\u00e4hrlich ist das? Alles war geschlossen, meine Kinder waren zu Hause. Es hat etwas Angst gemacht. Diese Stimmung, diese Atmosph\u00e4re wollte ich irgendwie einfangen&#8220;, beschreibt Mika Kaurism\u00e4ki seine Produktion bei der Premiere in Hamburg.<\/p>\n\n\n\n<p>Zusammen mit Doris D\u00f6rrie und Independence Day-Regisseur Roland Emmerich hat Mika Kaurism\u00e4ki Ende der Siebziger Jahre in M\u00fcnchen studiert. Mika Kaurism\u00e4ki verzichtet eher auf Spektakel. &#8222;Eine Nacht in Helsinki&#8220; ist ein leiser, bewegender Film geworden, mit vielen Identifikationspunkten f\u00fcr alle Pandemie-Geplagten. <\/p>\n\n\n\n<p>Auch Kaurism\u00e4ki ist einer von ihnen. Er macht sich Sorgen, dass das Publikum nach der Corona-Krise nicht mehr ins Kino gehen mag. &#8222;Meine Mutter ist schon ziemlich alt. Und die ist viel ins Kino gegangen, aber jetzt\u2026 Sie sagt die Freunde, die wollen nicht ins Kino&#8220;, erz\u00e4hlt der Regisseur.<\/p>\n\n\n\n<p>Im Film hei\u00dft der Besitzer Heikki (Pertti Sveholm), die Kneipe war sein Lebenstraum, wie einst schon der seines aus Stalinrussland geflohenen Gro\u00dfvaters. Heikki sagt, er liebe die Bar, weil er die Energie liebe, mit der ihn seine Freunde, die seine G\u00e4ste sind, immer wieder ansteckten. <\/p>\n\n\n\n<p>Doch jetzt herrscht Pandemie und alle haben pl\u00f6tzlich Angst vor Ansteckung. Seine Bar musste er schlie\u00dfen, den Kredit kann er nicht mehr abbezahlen. Zu Beginn der Nacht schleicht er sich mit einem Benzinkanister hinein, um die Bar und m\u00f6glicherweise gar sich selbst dem Ruin zu entziehen.<\/p>\n\n\n\n<p>Doch dann l\u00e4sst er seinen Freund Risto (Kari Heiskanen) herein, einen Krankenpfleger, der an diesem Abend \u00fcber den Tod einer erst 14-j\u00e4hrigen Patientin hinwegkommen muss. Gemeinsam machen sie sich daran, die erste Flasche von Heikkis bestem Rotwein zu trinken, da dr\u00e4ngt sich ein dritter Mann zu ihnen.<\/p>\n\n\n\n<p>Jussi (Timo Torikka) ist Sozialarbeiter und hat am Morgen einen Mann get\u00f6tet. Ist er der M\u00f6rder, der \u00fcber das Radio gesucht wird? Nur kurz k\u00e4mpfen Heikki und Risto gegen diese Angst, dann siegt ihr Interesse an dem Mann, der wei\u00df Gott nicht bedrohlich, sondern offen verzweifelt wirkt, und sie fragen ihn, wie es zu der Tat kam.<\/p>\n\n\n\n<p>So entfaltet Kaurism\u00e4ki bei vielen Gl\u00e4sern Wein ein Gespr\u00e4ch unter drei Finnen in einer k\u00fchlen Nacht, die nat\u00fcrlich sehr absichtsvoll die Nacht auf den ersten Mai ist, in Finnland ein Feiertag, um den Fr\u00fchling zu begr\u00fc\u00dfen.<\/p>\n\n\n\n<p>Jussi wollte in einem Fall von h\u00e4uslicher Gewalt eingreifen und hat sich schlie\u00dflich mehr hineinziehen lassen, als es die Professionalit\u00e4t geboten h\u00e4tte. Doch hat er nicht dennoch richtig gehandelt? War er R\u00e4cher oder Retter? Ist es relevant, was er gef\u00fchlt hat? <\/p>\n\n\n\n<p>Das ist eine der vielen interessanten Fragen, die sich die M\u00e4nner stellen, w\u00e4hrend sie essen und trinken und Plastikgeld in die Musikbox werfen. Zwischendurch taumelt noch eine feierselige Clique Jugendlicher in die Bar und weht genau jene Energie herein, die Heikki (und die Zuschauer) in dieser Pandemie so vermissen.<\/p>\n\n\n\n<p>Kultur Online TV<\/p>\n\n\n\n<p>#kultur #film #hamburg #helsinki <\/p>\n","protected":false},"excerpt":{"rendered":"<p>Der Regisseur Mika Kaurism\u00e4ki hat einen Film in seiner Bar in Helsinki gedreht. Sie wird in einer Nacht w\u00e4hrend der Pandemie zum Flucht- und Rettungsort f\u00fcr drei M\u00e4nner. In &#8222;Eine Nacht in Helsinki&#8220; sind alle Dialoge improvisiert. Die Figuren haben die Schauspieler selbst entwickelt. Der eigentliche Dreh f\u00fcr den Spielfilm hat deshalb auch nur zwei [&hellip;]<\/p>\n","protected":false},"author":2,"featured_media":20741,"comment_status":"closed","ping_status":"closed","sticky":false,"template":"","format":"standard","meta":{"_acf_changed":false,"footnotes":""},"categories":[1],"tags":[],"class_list":["post-20739","post","type-post","status-publish","format-standard","has-post-thumbnail","hentry","category-unkategorisiert"],"acf":[],"yoast_head":"<!-- This site is optimized with the Yoast SEO plugin v26.1.1 - https:\/\/yoast.com\/wordpress\/plugins\/seo\/ -->\n<title>Drei Finnen in der &quot;Corona&quot;-Bar - Kultur Online TV &amp; FM<\/title>\n<meta name=\"description\" content=\"Kultur sehen und H\u00f6ren\" \/>\n<meta name=\"robots\" content=\"index, follow, max-snippet:-1, max-image-preview:large, max-video-preview:-1\" \/>\n<link rel=\"canonical\" href=\"https:\/\/kulturonline.tv\/de\/drei-finnen-in-der-corona-bar\/\" \/>\n<meta property=\"og:locale\" content=\"de_DE\" \/>\n<meta property=\"og:type\" content=\"article\" \/>\n<meta property=\"og:title\" content=\"Drei Finnen in der &quot;Corona&quot;-Bar - Kultur Online TV &amp; FM\" \/>\n<meta property=\"og:description\" content=\"Kultur sehen und H\u00f6ren\" \/>\n<meta property=\"og:url\" content=\"https:\/\/kulturonline.tv\/de\/drei-finnen-in-der-corona-bar\/\" \/>\n<meta property=\"og:site_name\" content=\"Kultur Online TV &amp; FM\" \/>\n<meta property=\"article:publisher\" content=\"https:\/\/www.facebook.com\/kulturonline.tv\" \/>\n<meta property=\"article:published_time\" content=\"2022-01-25T09:03:21+00:00\" \/>\n<meta property=\"article:modified_time\" content=\"2022-01-25T09:03:30+00:00\" \/>\n<meta property=\"og:image\" content=\"https:\/\/kulturonline.tv\/wp-content\/uploads\/2022\/01\/eine-nacht-in-helsiniki-filmstill.webp\" \/>\n\t<meta property=\"og:image:width\" content=\"820\" \/>\n\t<meta property=\"og:image:height\" content=\"461\" \/>\n\t<meta property=\"og:image:type\" content=\"image\/webp\" \/>\n<meta name=\"author\" content=\"guenter.wolfgang\" \/>\n<meta name=\"twitter:card\" content=\"summary_large_image\" \/>\n<meta name=\"twitter:label1\" content=\"Verfasst von\" \/>\n\t<meta name=\"twitter:data1\" content=\"guenter.wolfgang\" \/>\n\t<meta name=\"twitter:label2\" content=\"Gesch\u00e4tzte Lesezeit\" \/>\n\t<meta name=\"twitter:data2\" content=\"4\u00a0Minuten\" \/>\n<script type=\"application\/ld+json\" class=\"yoast-schema-graph\">{\"@context\":\"https:\/\/schema.org\",\"@graph\":[{\"@type\":\"Article\",\"@id\":\"https:\/\/kulturonline.tv\/de\/drei-finnen-in-der-corona-bar\/#article\",\"isPartOf\":{\"@id\":\"https:\/\/kulturonline.tv\/de\/drei-finnen-in-der-corona-bar\/\"},\"author\":{\"name\":\"guenter.wolfgang\",\"@id\":\"https:\/\/kulturonline.tv\/de\/#\/schema\/person\/b0fac729bb9a0c193fb1df23449df4fe\"},\"headline\":\"Drei Finnen in der &#8222;Corona&#8220;-Bar\",\"datePublished\":\"2022-01-25T09:03:21+00:00\",\"dateModified\":\"2022-01-25T09:03:30+00:00\",\"mainEntityOfPage\":{\"@id\":\"https:\/\/kulturonline.tv\/de\/drei-finnen-in-der-corona-bar\/\"},\"wordCount\":623,\"publisher\":{\"@id\":\"https:\/\/kulturonline.tv\/de\/#organization\"},\"image\":{\"@id\":\"https:\/\/kulturonline.tv\/de\/drei-finnen-in-der-corona-bar\/#primaryimage\"},\"thumbnailUrl\":\"https:\/\/kulturonline.tv\/wp-content\/uploads\/2022\/01\/eine-nacht-in-helsiniki-filmstill.webp\",\"articleSection\":[\"Unkategorisiert\"],\"inLanguage\":\"de\"},{\"@type\":\"WebPage\",\"@id\":\"https:\/\/kulturonline.tv\/de\/drei-finnen-in-der-corona-bar\/\",\"url\":\"https:\/\/kulturonline.tv\/de\/drei-finnen-in-der-corona-bar\/\",\"name\":\"Drei Finnen in der \\\"Corona\\\"-Bar - Kultur Online TV &amp; FM\",\"isPartOf\":{\"@id\":\"https:\/\/kulturonline.tv\/de\/#website\"},\"primaryImageOfPage\":{\"@id\":\"https:\/\/kulturonline.tv\/de\/drei-finnen-in-der-corona-bar\/#primaryimage\"},\"image\":{\"@id\":\"https:\/\/kulturonline.tv\/de\/drei-finnen-in-der-corona-bar\/#primaryimage\"},\"thumbnailUrl\":\"https:\/\/kulturonline.tv\/wp-content\/uploads\/2022\/01\/eine-nacht-in-helsiniki-filmstill.webp\",\"datePublished\":\"2022-01-25T09:03:21+00:00\",\"dateModified\":\"2022-01-25T09:03:30+00:00\",\"description\":\"Kultur sehen und H\u00f6ren\",\"breadcrumb\":{\"@id\":\"https:\/\/kulturonline.tv\/de\/drei-finnen-in-der-corona-bar\/#breadcrumb\"},\"inLanguage\":\"de\",\"potentialAction\":[{\"@type\":\"ReadAction\",\"target\":[\"https:\/\/kulturonline.tv\/de\/drei-finnen-in-der-corona-bar\/\"]}]},{\"@type\":\"ImageObject\",\"inLanguage\":\"de\",\"@id\":\"https:\/\/kulturonline.tv\/de\/drei-finnen-in-der-corona-bar\/#primaryimage\",\"url\":\"https:\/\/kulturonline.tv\/wp-content\/uploads\/2022\/01\/eine-nacht-in-helsiniki-filmstill.webp\",\"contentUrl\":\"https:\/\/kulturonline.tv\/wp-content\/uploads\/2022\/01\/eine-nacht-in-helsiniki-filmstill.webp\",\"width\":820,\"height\":461},{\"@type\":\"BreadcrumbList\",\"@id\":\"https:\/\/kulturonline.tv\/de\/drei-finnen-in-der-corona-bar\/#breadcrumb\",\"itemListElement\":[{\"@type\":\"ListItem\",\"position\":1,\"name\":\"Startseite\",\"item\":\"https:\/\/kulturonline.tv\/de\/\"},{\"@type\":\"ListItem\",\"position\":2,\"name\":\"Drei Finnen in der &#8222;Corona&#8220;-Bar\"}]},{\"@type\":\"WebSite\",\"@id\":\"https:\/\/kulturonline.tv\/de\/#website\",\"url\":\"https:\/\/kulturonline.tv\/de\/\",\"name\":\"Kultur Online TV &amp; FM\",\"description\":\"Wir sind Kultur 2.0 zum sehen &amp; h\u00f6ren\",\"publisher\":{\"@id\":\"https:\/\/kulturonline.tv\/de\/#organization\"},\"potentialAction\":[{\"@type\":\"SearchAction\",\"target\":{\"@type\":\"EntryPoint\",\"urlTemplate\":\"https:\/\/kulturonline.tv\/de\/?s={search_term_string}\"},\"query-input\":{\"@type\":\"PropertyValueSpecification\",\"valueRequired\":true,\"valueName\":\"search_term_string\"}}],\"inLanguage\":\"de\"},{\"@type\":\"Organization\",\"@id\":\"https:\/\/kulturonline.tv\/de\/#organization\",\"name\":\"Kultur Online TV\",\"url\":\"https:\/\/kulturonline.tv\/de\/\",\"logo\":{\"@type\":\"ImageObject\",\"inLanguage\":\"de\",\"@id\":\"https:\/\/kulturonline.tv\/de\/#\/schema\/logo\/image\/\",\"url\":\"https:\/\/kulturonline.tv\/wp-content\/uploads\/2021\/08\/Kultur-Online-Tv-Logo-Endversion-neu.png\",\"contentUrl\":\"https:\/\/kulturonline.tv\/wp-content\/uploads\/2021\/08\/Kultur-Online-Tv-Logo-Endversion-neu.png\",\"width\":200,\"height\":200,\"caption\":\"Kultur Online TV\"},\"image\":{\"@id\":\"https:\/\/kulturonline.tv\/de\/#\/schema\/logo\/image\/\"},\"sameAs\":[\"https:\/\/www.facebook.com\/kulturonline.tv\",\"https:\/\/www.instagram.com\/kulturonline.tv\"]},{\"@type\":\"Person\",\"@id\":\"https:\/\/kulturonline.tv\/de\/#\/schema\/person\/b0fac729bb9a0c193fb1df23449df4fe\",\"name\":\"guenter.wolfgang\"}]}<\/script>\n<!-- \/ Yoast SEO plugin. -->","yoast_head_json":{"title":"Drei Finnen in der \"Corona\"-Bar - Kultur Online TV &amp; FM","description":"Kultur sehen und H\u00f6ren","robots":{"index":"index","follow":"follow","max-snippet":"max-snippet:-1","max-image-preview":"max-image-preview:large","max-video-preview":"max-video-preview:-1"},"canonical":"https:\/\/kulturonline.tv\/de\/drei-finnen-in-der-corona-bar\/","og_locale":"de_DE","og_type":"article","og_title":"Drei Finnen in der \"Corona\"-Bar - Kultur Online TV &amp; FM","og_description":"Kultur sehen und H\u00f6ren","og_url":"https:\/\/kulturonline.tv\/de\/drei-finnen-in-der-corona-bar\/","og_site_name":"Kultur Online TV &amp; FM","article_publisher":"https:\/\/www.facebook.com\/kulturonline.tv","article_published_time":"2022-01-25T09:03:21+00:00","article_modified_time":"2022-01-25T09:03:30+00:00","og_image":[{"width":820,"height":461,"url":"https:\/\/kulturonline.tv\/wp-content\/uploads\/2022\/01\/eine-nacht-in-helsiniki-filmstill.webp","type":"image\/webp"}],"author":"guenter.wolfgang","twitter_card":"summary_large_image","twitter_misc":{"Verfasst von":"guenter.wolfgang","Gesch\u00e4tzte Lesezeit":"4\u00a0Minuten"},"schema":{"@context":"https:\/\/schema.org","@graph":[{"@type":"Article","@id":"https:\/\/kulturonline.tv\/de\/drei-finnen-in-der-corona-bar\/#article","isPartOf":{"@id":"https:\/\/kulturonline.tv\/de\/drei-finnen-in-der-corona-bar\/"},"author":{"name":"guenter.wolfgang","@id":"https:\/\/kulturonline.tv\/de\/#\/schema\/person\/b0fac729bb9a0c193fb1df23449df4fe"},"headline":"Drei Finnen in der &#8222;Corona&#8220;-Bar","datePublished":"2022-01-25T09:03:21+00:00","dateModified":"2022-01-25T09:03:30+00:00","mainEntityOfPage":{"@id":"https:\/\/kulturonline.tv\/de\/drei-finnen-in-der-corona-bar\/"},"wordCount":623,"publisher":{"@id":"https:\/\/kulturonline.tv\/de\/#organization"},"image":{"@id":"https:\/\/kulturonline.tv\/de\/drei-finnen-in-der-corona-bar\/#primaryimage"},"thumbnailUrl":"https:\/\/kulturonline.tv\/wp-content\/uploads\/2022\/01\/eine-nacht-in-helsiniki-filmstill.webp","articleSection":["Unkategorisiert"],"inLanguage":"de"},{"@type":"WebPage","@id":"https:\/\/kulturonline.tv\/de\/drei-finnen-in-der-corona-bar\/","url":"https:\/\/kulturonline.tv\/de\/drei-finnen-in-der-corona-bar\/","name":"Drei Finnen in der \"Corona\"-Bar - Kultur Online TV &amp; FM","isPartOf":{"@id":"https:\/\/kulturonline.tv\/de\/#website"},"primaryImageOfPage":{"@id":"https:\/\/kulturonline.tv\/de\/drei-finnen-in-der-corona-bar\/#primaryimage"},"image":{"@id":"https:\/\/kulturonline.tv\/de\/drei-finnen-in-der-corona-bar\/#primaryimage"},"thumbnailUrl":"https:\/\/kulturonline.tv\/wp-content\/uploads\/2022\/01\/eine-nacht-in-helsiniki-filmstill.webp","datePublished":"2022-01-25T09:03:21+00:00","dateModified":"2022-01-25T09:03:30+00:00","description":"Kultur sehen und H\u00f6ren","breadcrumb":{"@id":"https:\/\/kulturonline.tv\/de\/drei-finnen-in-der-corona-bar\/#breadcrumb"},"inLanguage":"de","potentialAction":[{"@type":"ReadAction","target":["https:\/\/kulturonline.tv\/de\/drei-finnen-in-der-corona-bar\/"]}]},{"@type":"ImageObject","inLanguage":"de","@id":"https:\/\/kulturonline.tv\/de\/drei-finnen-in-der-corona-bar\/#primaryimage","url":"https:\/\/kulturonline.tv\/wp-content\/uploads\/2022\/01\/eine-nacht-in-helsiniki-filmstill.webp","contentUrl":"https:\/\/kulturonline.tv\/wp-content\/uploads\/2022\/01\/eine-nacht-in-helsiniki-filmstill.webp","width":820,"height":461},{"@type":"BreadcrumbList","@id":"https:\/\/kulturonline.tv\/de\/drei-finnen-in-der-corona-bar\/#breadcrumb","itemListElement":[{"@type":"ListItem","position":1,"name":"Startseite","item":"https:\/\/kulturonline.tv\/de\/"},{"@type":"ListItem","position":2,"name":"Drei Finnen in der &#8222;Corona&#8220;-Bar"}]},{"@type":"WebSite","@id":"https:\/\/kulturonline.tv\/de\/#website","url":"https:\/\/kulturonline.tv\/de\/","name":"Kultur Online TV &amp; FM","description":"Wir sind Kultur 2.0 zum sehen &amp; h\u00f6ren","publisher":{"@id":"https:\/\/kulturonline.tv\/de\/#organization"},"potentialAction":[{"@type":"SearchAction","target":{"@type":"EntryPoint","urlTemplate":"https:\/\/kulturonline.tv\/de\/?s={search_term_string}"},"query-input":{"@type":"PropertyValueSpecification","valueRequired":true,"valueName":"search_term_string"}}],"inLanguage":"de"},{"@type":"Organization","@id":"https:\/\/kulturonline.tv\/de\/#organization","name":"Kultur Online TV","url":"https:\/\/kulturonline.tv\/de\/","logo":{"@type":"ImageObject","inLanguage":"de","@id":"https:\/\/kulturonline.tv\/de\/#\/schema\/logo\/image\/","url":"https:\/\/kulturonline.tv\/wp-content\/uploads\/2021\/08\/Kultur-Online-Tv-Logo-Endversion-neu.png","contentUrl":"https:\/\/kulturonline.tv\/wp-content\/uploads\/2021\/08\/Kultur-Online-Tv-Logo-Endversion-neu.png","width":200,"height":200,"caption":"Kultur Online TV"},"image":{"@id":"https:\/\/kulturonline.tv\/de\/#\/schema\/logo\/image\/"},"sameAs":["https:\/\/www.facebook.com\/kulturonline.tv","https:\/\/www.instagram.com\/kulturonline.tv"]},{"@type":"Person","@id":"https:\/\/kulturonline.tv\/de\/#\/schema\/person\/b0fac729bb9a0c193fb1df23449df4fe","name":"guenter.wolfgang"}]}},"_links":{"self":[{"href":"https:\/\/kulturonline.tv\/de\/wp-json\/wp\/v2\/posts\/20739","targetHints":{"allow":["GET"]}}],"collection":[{"href":"https:\/\/kulturonline.tv\/de\/wp-json\/wp\/v2\/posts"}],"about":[{"href":"https:\/\/kulturonline.tv\/de\/wp-json\/wp\/v2\/types\/post"}],"author":[{"embeddable":true,"href":"https:\/\/kulturonline.tv\/de\/wp-json\/wp\/v2\/users\/2"}],"replies":[{"embeddable":true,"href":"https:\/\/kulturonline.tv\/de\/wp-json\/wp\/v2\/comments?post=20739"}],"version-history":[{"count":0,"href":"https:\/\/kulturonline.tv\/de\/wp-json\/wp\/v2\/posts\/20739\/revisions"}],"wp:featuredmedia":[{"embeddable":true,"href":"https:\/\/kulturonline.tv\/de\/wp-json\/wp\/v2\/media\/20741"}],"wp:attachment":[{"href":"https:\/\/kulturonline.tv\/de\/wp-json\/wp\/v2\/media?parent=20739"}],"wp:term":[{"taxonomy":"category","embeddable":true,"href":"https:\/\/kulturonline.tv\/de\/wp-json\/wp\/v2\/categories?post=20739"},{"taxonomy":"post_tag","embeddable":true,"href":"https:\/\/kulturonline.tv\/de\/wp-json\/wp\/v2\/tags?post=20739"}],"curies":[{"name":"wp","href":"https:\/\/api.w.org\/{rel}","templated":true}]}}