{"id":2079,"date":"2021-05-08T19:51:03","date_gmt":"2021-05-08T17:51:03","guid":{"rendered":"http:\/\/kulturonline.tv\/uncategorized\/deutsches-theater-baut-aussenbuehnen"},"modified":"2021-06-09T17:47:21","modified_gmt":"2021-06-09T15:47:21","slug":"deutsches-theater-baut-aussenbuehnen","status":"publish","type":"post","link":"https:\/\/kulturonline.tv\/de\/deutsches-theater-baut-aussenbuehnen\/","title":{"rendered":"Deutsches Theater baut Au\u00dfenb\u00fchnen"},"content":{"rendered":"<p>Das Deutsche Theater in Berlin hofft darauf, in diesem Sommer doch wieder drau\u00dfen spielen zu k\u00f6nnen.<\/p>\n<p><img decoding=\"async\" aria-hidden=\"true\" data-pin-url=\"https:\/\/www.kulturonline.tv\/post\/deutsches-theater-baut-au\u00dfenb\u00fchnen\" data-pin-media=\"https:\/\/static.wixstatic.com\/media\/d1bfac_574f340417704c8c918f715164a9ebd2~mv2.jpg\/v1\/fit\/w_624{3856b621f8f9b12a9d7e530f990c7d312d5849aa5fb15fbaec4658ad8a578492}2Ch_416{3856b621f8f9b12a9d7e530f990c7d312d5849aa5fb15fbaec4658ad8a578492}2Cal_c{3856b621f8f9b12a9d7e530f990c7d312d5849aa5fb15fbaec4658ad8a578492}2Cq_80\/file.jpg\" class=\"_5JW6l _2ERz3\" src=\"http:\/\/kulturonline.tv\/wp-content\/uploads\/2021\/06\/11_file.jpg\"><\/p>\n<p>Sowohl auf dem Theatervorplatz als auch im Innenhof entstehen derzeit neue Au\u00dfenspielst\u00e4tten, wie die Sprecherin des Theaters der Deutschen Presse-Agentur mitteilte. Auf beiden Open-Air-B\u00fchnen sollen f\u00fcnf Produktionen gezeigt werden, darunter drei Premieren.<\/p>\n<p>\u00dcberschreitet der Wert an drei aufeinander folgenden Tagen die Schwelle von 100, sollen sch\u00e4rfere Ma\u00dfnahmen gelten. Dann sollen zum Beispiel Theater, Opern, Konzerth\u00e4user, Musikclubs, Kinos, Museen, Ausstellungen und Gedenkst\u00e4tten nicht \u00f6ffnen d\u00fcrfen, auch entsprechende Veranstaltungen sind dann vor\u00fcbergehend untersagt.<\/p>\n<p>Das Deutsche Theater w\u00fcrde gerne nach M\u00f6glichkeit in den Monaten Juni, Juli und August drau\u00dfen spielen, sofern es die Corona-Situation zul\u00e4sst. Bereits im vergangenen Sommer h\u00e4tten sie schnell auf die Situation reagiert und Sommertheater auf dem Vorplatz angeboten, teilte Intendant Khuon mit. \u00abDas hat sich bew\u00e4hrt.\u00bb<\/p>\n<p>Kultur Online TV<\/p>\n","protected":false},"excerpt":{"rendered":"<p>Das Deutsche Theater in Berlin hofft darauf, in diesem Sommer doch wieder drau\u00dfen spielen zu k\u00f6nnen. Sowohl auf dem Theatervorplatz als auch im Innenhof entstehen derzeit neue Au\u00dfenspielst\u00e4tten, wie die Sprecherin des Theaters der Deutschen Presse-Agentur mitteilte. Auf beiden Open-Air-B\u00fchnen sollen f\u00fcnf Produktionen gezeigt werden, darunter drei Premieren. \u00dcberschreitet der Wert an drei aufeinander folgenden [&hellip;]<\/p>\n","protected":false},"author":1,"featured_media":498,"comment_status":"closed","ping_status":"closed","sticky":false,"template":"","format":"standard","meta":{"_acf_changed":false,"footnotes":""},"categories":[3,105],"tags":[6,27],"class_list":["post-2079","post","type-post","status-publish","format-standard","has-post-thumbnail","hentry","category-newsflash","category-theater","tag-kultur","tag-theater"],"acf":[],"yoast_head":"<!-- This site is optimized with the Yoast SEO plugin v26.1.1 - https:\/\/yoast.com\/wordpress\/plugins\/seo\/ -->\n<title>Deutsches Theater baut Au\u00dfenb\u00fchnen - Kultur Online TV &amp; FM<\/title>\n<meta name=\"description\" content=\"Kultur sehen und H\u00f6ren\" \/>\n<meta name=\"robots\" content=\"index, follow, max-snippet:-1, max-image-preview:large, max-video-preview:-1\" \/>\n<link rel=\"canonical\" href=\"https:\/\/kulturonline.tv\/de\/deutsches-theater-baut-aussenbuehnen\/\" \/>\n<meta property=\"og:locale\" content=\"de_DE\" \/>\n<meta property=\"og:type\" content=\"article\" \/>\n<meta property=\"og:title\" content=\"Deutsches Theater baut Au\u00dfenb\u00fchnen - Kultur Online TV &amp; FM\" \/>\n<meta property=\"og:description\" content=\"Kultur sehen und H\u00f6ren\" \/>\n<meta property=\"og:url\" content=\"https:\/\/kulturonline.tv\/de\/deutsches-theater-baut-aussenbuehnen\/\" \/>\n<meta property=\"og:site_name\" content=\"Kultur Online TV &amp; FM\" \/>\n<meta property=\"article:publisher\" content=\"https:\/\/www.facebook.com\/kulturonline.tv\" \/>\n<meta property=\"article:published_time\" content=\"2021-05-08T17:51:03+00:00\" \/>\n<meta property=\"article:modified_time\" content=\"2021-06-09T15:47:21+00:00\" \/>\n<meta property=\"og:image\" content=\"https:\/\/kulturonline.tv\/wp-content\/uploads\/2021\/06\/d1bfac_574f340417704c8c918f715164a9ebd2~mv2.jpg\" \/>\n\t<meta property=\"og:image:width\" content=\"624\" \/>\n\t<meta property=\"og:image:height\" content=\"416\" \/>\n\t<meta property=\"og:image:type\" content=\"image\/jpeg\" \/>\n<meta name=\"author\" content=\"stefanrehbein\" \/>\n<meta name=\"twitter:card\" content=\"summary_large_image\" \/>\n<meta name=\"twitter:label1\" content=\"Verfasst von\" \/>\n\t<meta name=\"twitter:data1\" content=\"stefanrehbein\" \/>\n\t<meta name=\"twitter:label2\" content=\"Gesch\u00e4tzte Lesezeit\" \/>\n\t<meta name=\"twitter:data2\" content=\"1\u00a0Minute\" \/>\n<script type=\"application\/ld+json\" class=\"yoast-schema-graph\">{\"@context\":\"https:\/\/schema.org\",\"@graph\":[{\"@type\":\"Article\",\"@id\":\"https:\/\/kulturonline.tv\/de\/deutsches-theater-baut-aussenbuehnen\/#article\",\"isPartOf\":{\"@id\":\"https:\/\/kulturonline.tv\/de\/deutsches-theater-baut-aussenbuehnen\/\"},\"author\":{\"name\":\"stefanrehbein\",\"@id\":\"https:\/\/kulturonline.tv\/de\/#\/schema\/person\/a1ae2833a59ac52fb9a01a676de7b600\"},\"headline\":\"Deutsches Theater baut Au\u00dfenb\u00fchnen\",\"datePublished\":\"2021-05-08T17:51:03+00:00\",\"dateModified\":\"2021-06-09T15:47:21+00:00\",\"mainEntityOfPage\":{\"@id\":\"https:\/\/kulturonline.tv\/de\/deutsches-theater-baut-aussenbuehnen\/\"},\"wordCount\":159,\"publisher\":{\"@id\":\"https:\/\/kulturonline.tv\/de\/#organization\"},\"image\":{\"@id\":\"https:\/\/kulturonline.tv\/de\/deutsches-theater-baut-aussenbuehnen\/#primaryimage\"},\"thumbnailUrl\":\"https:\/\/kulturonline.tv\/wp-content\/uploads\/2021\/06\/d1bfac_574f340417704c8c918f715164a9ebd2~mv2.jpg\",\"keywords\":[\"kultur\",\"Theater\"],\"articleSection\":[\"Newsflash\",\"Theater\"],\"inLanguage\":\"de\"},{\"@type\":\"WebPage\",\"@id\":\"https:\/\/kulturonline.tv\/de\/deutsches-theater-baut-aussenbuehnen\/\",\"url\":\"https:\/\/kulturonline.tv\/de\/deutsches-theater-baut-aussenbuehnen\/\",\"name\":\"Deutsches Theater baut Au\u00dfenb\u00fchnen - Kultur Online TV &amp; FM\",\"isPartOf\":{\"@id\":\"https:\/\/kulturonline.tv\/de\/#website\"},\"primaryImageOfPage\":{\"@id\":\"https:\/\/kulturonline.tv\/de\/deutsches-theater-baut-aussenbuehnen\/#primaryimage\"},\"image\":{\"@id\":\"https:\/\/kulturonline.tv\/de\/deutsches-theater-baut-aussenbuehnen\/#primaryimage\"},\"thumbnailUrl\":\"https:\/\/kulturonline.tv\/wp-content\/uploads\/2021\/06\/d1bfac_574f340417704c8c918f715164a9ebd2~mv2.jpg\",\"datePublished\":\"2021-05-08T17:51:03+00:00\",\"dateModified\":\"2021-06-09T15:47:21+00:00\",\"description\":\"Kultur sehen und H\u00f6ren\",\"breadcrumb\":{\"@id\":\"https:\/\/kulturonline.tv\/de\/deutsches-theater-baut-aussenbuehnen\/#breadcrumb\"},\"inLanguage\":\"de\",\"potentialAction\":[{\"@type\":\"ReadAction\",\"target\":[\"https:\/\/kulturonline.tv\/de\/deutsches-theater-baut-aussenbuehnen\/\"]}]},{\"@type\":\"ImageObject\",\"inLanguage\":\"de\",\"@id\":\"https:\/\/kulturonline.tv\/de\/deutsches-theater-baut-aussenbuehnen\/#primaryimage\",\"url\":\"https:\/\/kulturonline.tv\/wp-content\/uploads\/2021\/06\/d1bfac_574f340417704c8c918f715164a9ebd2~mv2.jpg\",\"contentUrl\":\"https:\/\/kulturonline.tv\/wp-content\/uploads\/2021\/06\/d1bfac_574f340417704c8c918f715164a9ebd2~mv2.jpg\",\"width\":624,\"height\":416},{\"@type\":\"BreadcrumbList\",\"@id\":\"https:\/\/kulturonline.tv\/de\/deutsches-theater-baut-aussenbuehnen\/#breadcrumb\",\"itemListElement\":[{\"@type\":\"ListItem\",\"position\":1,\"name\":\"Startseite\",\"item\":\"https:\/\/kulturonline.tv\/de\/\"},{\"@type\":\"ListItem\",\"position\":2,\"name\":\"Deutsches Theater baut Au\u00dfenb\u00fchnen\"}]},{\"@type\":\"WebSite\",\"@id\":\"https:\/\/kulturonline.tv\/de\/#website\",\"url\":\"https:\/\/kulturonline.tv\/de\/\",\"name\":\"Kultur Online TV &amp; FM\",\"description\":\"Wir sind Kultur 2.0 zum sehen &amp; h\u00f6ren\",\"publisher\":{\"@id\":\"https:\/\/kulturonline.tv\/de\/#organization\"},\"potentialAction\":[{\"@type\":\"SearchAction\",\"target\":{\"@type\":\"EntryPoint\",\"urlTemplate\":\"https:\/\/kulturonline.tv\/de\/?s={search_term_string}\"},\"query-input\":{\"@type\":\"PropertyValueSpecification\",\"valueRequired\":true,\"valueName\":\"search_term_string\"}}],\"inLanguage\":\"de\"},{\"@type\":\"Organization\",\"@id\":\"https:\/\/kulturonline.tv\/de\/#organization\",\"name\":\"Kultur Online TV\",\"url\":\"https:\/\/kulturonline.tv\/de\/\",\"logo\":{\"@type\":\"ImageObject\",\"inLanguage\":\"de\",\"@id\":\"https:\/\/kulturonline.tv\/de\/#\/schema\/logo\/image\/\",\"url\":\"https:\/\/kulturonline.tv\/wp-content\/uploads\/2021\/08\/Kultur-Online-Tv-Logo-Endversion-neu.png\",\"contentUrl\":\"https:\/\/kulturonline.tv\/wp-content\/uploads\/2021\/08\/Kultur-Online-Tv-Logo-Endversion-neu.png\",\"width\":200,\"height\":200,\"caption\":\"Kultur Online TV\"},\"image\":{\"@id\":\"https:\/\/kulturonline.tv\/de\/#\/schema\/logo\/image\/\"},\"sameAs\":[\"https:\/\/www.facebook.com\/kulturonline.tv\",\"https:\/\/www.instagram.com\/kulturonline.tv\"]},{\"@type\":\"Person\",\"@id\":\"https:\/\/kulturonline.tv\/de\/#\/schema\/person\/a1ae2833a59ac52fb9a01a676de7b600\",\"name\":\"stefanrehbein\",\"sameAs\":[\"http:\/\/kulturonline.tv\"]}]}<\/script>\n<!-- \/ Yoast SEO plugin. -->","yoast_head_json":{"title":"Deutsches Theater baut Au\u00dfenb\u00fchnen - Kultur Online TV &amp; FM","description":"Kultur sehen und H\u00f6ren","robots":{"index":"index","follow":"follow","max-snippet":"max-snippet:-1","max-image-preview":"max-image-preview:large","max-video-preview":"max-video-preview:-1"},"canonical":"https:\/\/kulturonline.tv\/de\/deutsches-theater-baut-aussenbuehnen\/","og_locale":"de_DE","og_type":"article","og_title":"Deutsches Theater baut Au\u00dfenb\u00fchnen - Kultur Online TV &amp; FM","og_description":"Kultur sehen und H\u00f6ren","og_url":"https:\/\/kulturonline.tv\/de\/deutsches-theater-baut-aussenbuehnen\/","og_site_name":"Kultur Online TV &amp; FM","article_publisher":"https:\/\/www.facebook.com\/kulturonline.tv","article_published_time":"2021-05-08T17:51:03+00:00","article_modified_time":"2021-06-09T15:47:21+00:00","og_image":[{"width":624,"height":416,"url":"https:\/\/kulturonline.tv\/wp-content\/uploads\/2021\/06\/d1bfac_574f340417704c8c918f715164a9ebd2~mv2.jpg","type":"image\/jpeg"}],"author":"stefanrehbein","twitter_card":"summary_large_image","twitter_misc":{"Verfasst von":"stefanrehbein","Gesch\u00e4tzte Lesezeit":"1\u00a0Minute"},"schema":{"@context":"https:\/\/schema.org","@graph":[{"@type":"Article","@id":"https:\/\/kulturonline.tv\/de\/deutsches-theater-baut-aussenbuehnen\/#article","isPartOf":{"@id":"https:\/\/kulturonline.tv\/de\/deutsches-theater-baut-aussenbuehnen\/"},"author":{"name":"stefanrehbein","@id":"https:\/\/kulturonline.tv\/de\/#\/schema\/person\/a1ae2833a59ac52fb9a01a676de7b600"},"headline":"Deutsches Theater baut Au\u00dfenb\u00fchnen","datePublished":"2021-05-08T17:51:03+00:00","dateModified":"2021-06-09T15:47:21+00:00","mainEntityOfPage":{"@id":"https:\/\/kulturonline.tv\/de\/deutsches-theater-baut-aussenbuehnen\/"},"wordCount":159,"publisher":{"@id":"https:\/\/kulturonline.tv\/de\/#organization"},"image":{"@id":"https:\/\/kulturonline.tv\/de\/deutsches-theater-baut-aussenbuehnen\/#primaryimage"},"thumbnailUrl":"https:\/\/kulturonline.tv\/wp-content\/uploads\/2021\/06\/d1bfac_574f340417704c8c918f715164a9ebd2~mv2.jpg","keywords":["kultur","Theater"],"articleSection":["Newsflash","Theater"],"inLanguage":"de"},{"@type":"WebPage","@id":"https:\/\/kulturonline.tv\/de\/deutsches-theater-baut-aussenbuehnen\/","url":"https:\/\/kulturonline.tv\/de\/deutsches-theater-baut-aussenbuehnen\/","name":"Deutsches Theater baut Au\u00dfenb\u00fchnen - Kultur Online TV &amp; FM","isPartOf":{"@id":"https:\/\/kulturonline.tv\/de\/#website"},"primaryImageOfPage":{"@id":"https:\/\/kulturonline.tv\/de\/deutsches-theater-baut-aussenbuehnen\/#primaryimage"},"image":{"@id":"https:\/\/kulturonline.tv\/de\/deutsches-theater-baut-aussenbuehnen\/#primaryimage"},"thumbnailUrl":"https:\/\/kulturonline.tv\/wp-content\/uploads\/2021\/06\/d1bfac_574f340417704c8c918f715164a9ebd2~mv2.jpg","datePublished":"2021-05-08T17:51:03+00:00","dateModified":"2021-06-09T15:47:21+00:00","description":"Kultur sehen und H\u00f6ren","breadcrumb":{"@id":"https:\/\/kulturonline.tv\/de\/deutsches-theater-baut-aussenbuehnen\/#breadcrumb"},"inLanguage":"de","potentialAction":[{"@type":"ReadAction","target":["https:\/\/kulturonline.tv\/de\/deutsches-theater-baut-aussenbuehnen\/"]}]},{"@type":"ImageObject","inLanguage":"de","@id":"https:\/\/kulturonline.tv\/de\/deutsches-theater-baut-aussenbuehnen\/#primaryimage","url":"https:\/\/kulturonline.tv\/wp-content\/uploads\/2021\/06\/d1bfac_574f340417704c8c918f715164a9ebd2~mv2.jpg","contentUrl":"https:\/\/kulturonline.tv\/wp-content\/uploads\/2021\/06\/d1bfac_574f340417704c8c918f715164a9ebd2~mv2.jpg","width":624,"height":416},{"@type":"BreadcrumbList","@id":"https:\/\/kulturonline.tv\/de\/deutsches-theater-baut-aussenbuehnen\/#breadcrumb","itemListElement":[{"@type":"ListItem","position":1,"name":"Startseite","item":"https:\/\/kulturonline.tv\/de\/"},{"@type":"ListItem","position":2,"name":"Deutsches Theater baut Au\u00dfenb\u00fchnen"}]},{"@type":"WebSite","@id":"https:\/\/kulturonline.tv\/de\/#website","url":"https:\/\/kulturonline.tv\/de\/","name":"Kultur Online TV &amp; FM","description":"Wir sind Kultur 2.0 zum sehen &amp; h\u00f6ren","publisher":{"@id":"https:\/\/kulturonline.tv\/de\/#organization"},"potentialAction":[{"@type":"SearchAction","target":{"@type":"EntryPoint","urlTemplate":"https:\/\/kulturonline.tv\/de\/?s={search_term_string}"},"query-input":{"@type":"PropertyValueSpecification","valueRequired":true,"valueName":"search_term_string"}}],"inLanguage":"de"},{"@type":"Organization","@id":"https:\/\/kulturonline.tv\/de\/#organization","name":"Kultur Online TV","url":"https:\/\/kulturonline.tv\/de\/","logo":{"@type":"ImageObject","inLanguage":"de","@id":"https:\/\/kulturonline.tv\/de\/#\/schema\/logo\/image\/","url":"https:\/\/kulturonline.tv\/wp-content\/uploads\/2021\/08\/Kultur-Online-Tv-Logo-Endversion-neu.png","contentUrl":"https:\/\/kulturonline.tv\/wp-content\/uploads\/2021\/08\/Kultur-Online-Tv-Logo-Endversion-neu.png","width":200,"height":200,"caption":"Kultur Online TV"},"image":{"@id":"https:\/\/kulturonline.tv\/de\/#\/schema\/logo\/image\/"},"sameAs":["https:\/\/www.facebook.com\/kulturonline.tv","https:\/\/www.instagram.com\/kulturonline.tv"]},{"@type":"Person","@id":"https:\/\/kulturonline.tv\/de\/#\/schema\/person\/a1ae2833a59ac52fb9a01a676de7b600","name":"stefanrehbein","sameAs":["http:\/\/kulturonline.tv"]}]}},"_links":{"self":[{"href":"https:\/\/kulturonline.tv\/de\/wp-json\/wp\/v2\/posts\/2079","targetHints":{"allow":["GET"]}}],"collection":[{"href":"https:\/\/kulturonline.tv\/de\/wp-json\/wp\/v2\/posts"}],"about":[{"href":"https:\/\/kulturonline.tv\/de\/wp-json\/wp\/v2\/types\/post"}],"author":[{"embeddable":true,"href":"https:\/\/kulturonline.tv\/de\/wp-json\/wp\/v2\/users\/1"}],"replies":[{"embeddable":true,"href":"https:\/\/kulturonline.tv\/de\/wp-json\/wp\/v2\/comments?post=2079"}],"version-history":[{"count":0,"href":"https:\/\/kulturonline.tv\/de\/wp-json\/wp\/v2\/posts\/2079\/revisions"}],"wp:featuredmedia":[{"embeddable":true,"href":"https:\/\/kulturonline.tv\/de\/wp-json\/wp\/v2\/media\/498"}],"wp:attachment":[{"href":"https:\/\/kulturonline.tv\/de\/wp-json\/wp\/v2\/media?parent=2079"}],"wp:term":[{"taxonomy":"category","embeddable":true,"href":"https:\/\/kulturonline.tv\/de\/wp-json\/wp\/v2\/categories?post=2079"},{"taxonomy":"post_tag","embeddable":true,"href":"https:\/\/kulturonline.tv\/de\/wp-json\/wp\/v2\/tags?post=2079"}],"curies":[{"name":"wp","href":"https:\/\/api.w.org\/{rel}","templated":true}]}}