{"id":2080,"date":"2021-05-08T18:16:39","date_gmt":"2021-05-08T16:16:39","guid":{"rendered":"http:\/\/kulturonline.tv\/uncategorized\/und-dann-kam-david-bowie-seine-laufbahn"},"modified":"2021-06-10T12:59:20","modified_gmt":"2021-06-10T10:59:20","slug":"und-dann-kam-david-bowie-seine-laufbahn","status":"publish","type":"post","link":"https:\/\/kulturonline.tv\/de\/und-dann-kam-david-bowie-seine-laufbahn\/","title":{"rendered":"Und dann kam David Bowie- seine Laufbahn."},"content":{"rendered":"<p>Die ersten Jahre in David Bowies Laufbahn sind bis heute wenig bekannt.<\/p>\n<p>David Bowies Schaffenszeit begann nicht erst mit &#8220;Ziggy Stardust&#8221;, dem Song der ihm mit den &#8220;Spiders from Mars&#8221; 1972 zum Durchbruch verhalf. Mitten in der psychedelischen Periode und lange, bevor er David Bowie wurde, experimentierte der junge David Robert Jones mit Folk und Pop. Der Dokumentarfilm wirft mit ehemaligen Weggef\u00e4hrten einen Blick auf diese Anfangsjahre.<\/p>\n<p>Die ersten Jahre in David Bowies Laufbahn sind bis heute wenig bekannt. Doch gerade diese fr\u00fchen Erfahrungen beeinflussten David Bowies Musik, mit der ihm der internationale Durchbruch gelang. Der Tod von David Bowie im Januar 2016 bedeutete einen Einschnitt in der Musikgeschichte. Er war einer der einflussreichsten K\u00fcnstler seiner Generation. Viele seiner Songs wie \u201eLife on Mars\u201c, \u201eHeroes\u201c, \u201eStarman\u201c und \u201eLet&#8217;s Dance\u201c sind aus dem Repertoire des musikalischen Kulturerbes nicht mehr wegzudenken.<\/p>\n<p>Aber kaum einer erinnert sich an den David Robert Jones vor der Erschaffung der B\u00fchnenfigur David Bowie und ihres Alter Egos Ziggy Stardust.Der Dokumentarfilm beleuchtet die f\u00fcnf Jahre, die Bowies Selbstfindungs- und Experimentierzeit gedauert hat, vom Ende der 60er Jahre bis ins Jahr 1973, in dem er Ziggy Stardust auf der B\u00fchne symbolisch zu Grabe tragen lie\u00df.<\/p>\n<p>Der faszinierende Film zeigt, wie viele Ideen aus diesen Jahren weiter keimten und reiften, bis sie ihren Weg in Bowies k\u00fcnstlerisches und kommerziell erfolgreiches Wirken fanden. Bisher unver\u00f6ffentlichte Interviews mit Bowies ersten Wegbegleitern bieten erstmalig einen Einblick in die Anfangsjahre des sp\u00e4teren Superstars.<\/p>\n<p>Dokumentarfilm von Francis Whately (GB 2018, 91 Min)<\/p>\n<p>Kultur Online TV<\/p>\n","protected":false},"excerpt":{"rendered":"<p>Die ersten Jahre in David Bowies Laufbahn sind bis heute wenig bekannt. David Bowies Schaffenszeit begann nicht erst mit &#8220;Ziggy Stardust&#8221;, dem Song der ihm mit den &#8220;Spiders from Mars&#8221; 1972 zum Durchbruch verhalf. Mitten in der psychedelischen Periode und lange, bevor er David Bowie wurde, experimentierte der junge David Robert Jones mit Folk und [&hellip;]<\/p>\n","protected":false},"author":1,"featured_media":500,"comment_status":"closed","ping_status":"closed","sticky":false,"template":"","format":"standard","meta":{"_acf_changed":false,"footnotes":""},"categories":[19],"tags":[41,5],"class_list":["post-2080","post","type-post","status-publish","format-standard","has-post-thumbnail","hentry","category-musik","tag-music","tag-doku"],"acf":[],"yoast_head":"<!-- This site is optimized with the Yoast SEO plugin v26.1.1 - https:\/\/yoast.com\/wordpress\/plugins\/seo\/ -->\n<title>Und dann kam David Bowie- seine Laufbahn. - Kultur Online TV &amp; FM<\/title>\n<meta name=\"description\" content=\"Kultur sehen und H\u00f6ren\" \/>\n<meta name=\"robots\" content=\"index, follow, max-snippet:-1, max-image-preview:large, max-video-preview:-1\" \/>\n<link rel=\"canonical\" href=\"https:\/\/kulturonline.tv\/de\/und-dann-kam-david-bowie-seine-laufbahn\/\" \/>\n<meta property=\"og:locale\" content=\"de_DE\" \/>\n<meta property=\"og:type\" content=\"article\" \/>\n<meta property=\"og:title\" content=\"Und dann kam David Bowie- seine Laufbahn. - Kultur Online TV &amp; FM\" \/>\n<meta property=\"og:description\" content=\"Kultur sehen und H\u00f6ren\" \/>\n<meta property=\"og:url\" content=\"https:\/\/kulturonline.tv\/de\/und-dann-kam-david-bowie-seine-laufbahn\/\" \/>\n<meta property=\"og:site_name\" content=\"Kultur Online TV &amp; FM\" \/>\n<meta property=\"article:publisher\" content=\"https:\/\/www.facebook.com\/kulturonline.tv\" \/>\n<meta property=\"article:published_time\" content=\"2021-05-08T16:16:39+00:00\" \/>\n<meta property=\"article:modified_time\" content=\"2021-06-10T10:59:20+00:00\" \/>\n<meta property=\"og:image\" content=\"https:\/\/kulturonline.tv\/wp-content\/uploads\/2021\/06\/d1bfac_b12404c224a94397a6f5ad0c36c66533~mv2.png\" \/>\n\t<meta property=\"og:image:width\" content=\"1280\" \/>\n\t<meta property=\"og:image:height\" content=\"720\" \/>\n\t<meta property=\"og:image:type\" content=\"image\/png\" \/>\n<meta name=\"author\" content=\"stefanrehbein\" \/>\n<meta name=\"twitter:card\" content=\"summary_large_image\" \/>\n<meta name=\"twitter:label1\" content=\"Verfasst von\" \/>\n\t<meta name=\"twitter:data1\" content=\"stefanrehbein\" \/>\n\t<meta name=\"twitter:label2\" content=\"Gesch\u00e4tzte Lesezeit\" \/>\n\t<meta name=\"twitter:data2\" content=\"1\u00a0Minute\" \/>\n<script type=\"application\/ld+json\" class=\"yoast-schema-graph\">{\"@context\":\"https:\/\/schema.org\",\"@graph\":[{\"@type\":\"Article\",\"@id\":\"https:\/\/kulturonline.tv\/de\/und-dann-kam-david-bowie-seine-laufbahn\/#article\",\"isPartOf\":{\"@id\":\"https:\/\/kulturonline.tv\/de\/und-dann-kam-david-bowie-seine-laufbahn\/\"},\"author\":{\"name\":\"stefanrehbein\",\"@id\":\"https:\/\/kulturonline.tv\/de\/#\/schema\/person\/a1ae2833a59ac52fb9a01a676de7b600\"},\"headline\":\"Und dann kam David Bowie- seine Laufbahn.\",\"datePublished\":\"2021-05-08T16:16:39+00:00\",\"dateModified\":\"2021-06-10T10:59:20+00:00\",\"mainEntityOfPage\":{\"@id\":\"https:\/\/kulturonline.tv\/de\/und-dann-kam-david-bowie-seine-laufbahn\/\"},\"wordCount\":263,\"publisher\":{\"@id\":\"https:\/\/kulturonline.tv\/de\/#organization\"},\"image\":{\"@id\":\"https:\/\/kulturonline.tv\/de\/und-dann-kam-david-bowie-seine-laufbahn\/#primaryimage\"},\"thumbnailUrl\":\"https:\/\/kulturonline.tv\/wp-content\/uploads\/2021\/06\/d1bfac_b12404c224a94397a6f5ad0c36c66533~mv2.png\",\"keywords\":[\"#music\",\"doku\"],\"articleSection\":[\"Musik\"],\"inLanguage\":\"de\"},{\"@type\":\"WebPage\",\"@id\":\"https:\/\/kulturonline.tv\/de\/und-dann-kam-david-bowie-seine-laufbahn\/\",\"url\":\"https:\/\/kulturonline.tv\/de\/und-dann-kam-david-bowie-seine-laufbahn\/\",\"name\":\"Und dann kam David Bowie- seine Laufbahn. - Kultur Online TV &amp; FM\",\"isPartOf\":{\"@id\":\"https:\/\/kulturonline.tv\/de\/#website\"},\"primaryImageOfPage\":{\"@id\":\"https:\/\/kulturonline.tv\/de\/und-dann-kam-david-bowie-seine-laufbahn\/#primaryimage\"},\"image\":{\"@id\":\"https:\/\/kulturonline.tv\/de\/und-dann-kam-david-bowie-seine-laufbahn\/#primaryimage\"},\"thumbnailUrl\":\"https:\/\/kulturonline.tv\/wp-content\/uploads\/2021\/06\/d1bfac_b12404c224a94397a6f5ad0c36c66533~mv2.png\",\"datePublished\":\"2021-05-08T16:16:39+00:00\",\"dateModified\":\"2021-06-10T10:59:20+00:00\",\"description\":\"Kultur sehen und H\u00f6ren\",\"breadcrumb\":{\"@id\":\"https:\/\/kulturonline.tv\/de\/und-dann-kam-david-bowie-seine-laufbahn\/#breadcrumb\"},\"inLanguage\":\"de\",\"potentialAction\":[{\"@type\":\"ReadAction\",\"target\":[\"https:\/\/kulturonline.tv\/de\/und-dann-kam-david-bowie-seine-laufbahn\/\"]}]},{\"@type\":\"ImageObject\",\"inLanguage\":\"de\",\"@id\":\"https:\/\/kulturonline.tv\/de\/und-dann-kam-david-bowie-seine-laufbahn\/#primaryimage\",\"url\":\"https:\/\/kulturonline.tv\/wp-content\/uploads\/2021\/06\/d1bfac_b12404c224a94397a6f5ad0c36c66533~mv2.png\",\"contentUrl\":\"https:\/\/kulturonline.tv\/wp-content\/uploads\/2021\/06\/d1bfac_b12404c224a94397a6f5ad0c36c66533~mv2.png\",\"width\":1280,\"height\":720},{\"@type\":\"BreadcrumbList\",\"@id\":\"https:\/\/kulturonline.tv\/de\/und-dann-kam-david-bowie-seine-laufbahn\/#breadcrumb\",\"itemListElement\":[{\"@type\":\"ListItem\",\"position\":1,\"name\":\"Startseite\",\"item\":\"https:\/\/kulturonline.tv\/de\/\"},{\"@type\":\"ListItem\",\"position\":2,\"name\":\"Und dann kam David Bowie- seine Laufbahn.\"}]},{\"@type\":\"WebSite\",\"@id\":\"https:\/\/kulturonline.tv\/de\/#website\",\"url\":\"https:\/\/kulturonline.tv\/de\/\",\"name\":\"Kultur Online TV &amp; FM\",\"description\":\"Wir sind Kultur 2.0 zum sehen &amp; h\u00f6ren\",\"publisher\":{\"@id\":\"https:\/\/kulturonline.tv\/de\/#organization\"},\"potentialAction\":[{\"@type\":\"SearchAction\",\"target\":{\"@type\":\"EntryPoint\",\"urlTemplate\":\"https:\/\/kulturonline.tv\/de\/?s={search_term_string}\"},\"query-input\":{\"@type\":\"PropertyValueSpecification\",\"valueRequired\":true,\"valueName\":\"search_term_string\"}}],\"inLanguage\":\"de\"},{\"@type\":\"Organization\",\"@id\":\"https:\/\/kulturonline.tv\/de\/#organization\",\"name\":\"Kultur Online TV\",\"url\":\"https:\/\/kulturonline.tv\/de\/\",\"logo\":{\"@type\":\"ImageObject\",\"inLanguage\":\"de\",\"@id\":\"https:\/\/kulturonline.tv\/de\/#\/schema\/logo\/image\/\",\"url\":\"https:\/\/kulturonline.tv\/wp-content\/uploads\/2021\/08\/Kultur-Online-Tv-Logo-Endversion-neu.png\",\"contentUrl\":\"https:\/\/kulturonline.tv\/wp-content\/uploads\/2021\/08\/Kultur-Online-Tv-Logo-Endversion-neu.png\",\"width\":200,\"height\":200,\"caption\":\"Kultur Online TV\"},\"image\":{\"@id\":\"https:\/\/kulturonline.tv\/de\/#\/schema\/logo\/image\/\"},\"sameAs\":[\"https:\/\/www.facebook.com\/kulturonline.tv\",\"https:\/\/www.instagram.com\/kulturonline.tv\"]},{\"@type\":\"Person\",\"@id\":\"https:\/\/kulturonline.tv\/de\/#\/schema\/person\/a1ae2833a59ac52fb9a01a676de7b600\",\"name\":\"stefanrehbein\",\"sameAs\":[\"http:\/\/kulturonline.tv\"]}]}<\/script>\n<!-- \/ Yoast SEO plugin. -->","yoast_head_json":{"title":"Und dann kam David Bowie- seine Laufbahn. - Kultur Online TV &amp; FM","description":"Kultur sehen und H\u00f6ren","robots":{"index":"index","follow":"follow","max-snippet":"max-snippet:-1","max-image-preview":"max-image-preview:large","max-video-preview":"max-video-preview:-1"},"canonical":"https:\/\/kulturonline.tv\/de\/und-dann-kam-david-bowie-seine-laufbahn\/","og_locale":"de_DE","og_type":"article","og_title":"Und dann kam David Bowie- seine Laufbahn. - Kultur Online TV &amp; FM","og_description":"Kultur sehen und H\u00f6ren","og_url":"https:\/\/kulturonline.tv\/de\/und-dann-kam-david-bowie-seine-laufbahn\/","og_site_name":"Kultur Online TV &amp; FM","article_publisher":"https:\/\/www.facebook.com\/kulturonline.tv","article_published_time":"2021-05-08T16:16:39+00:00","article_modified_time":"2021-06-10T10:59:20+00:00","og_image":[{"width":1280,"height":720,"url":"https:\/\/kulturonline.tv\/wp-content\/uploads\/2021\/06\/d1bfac_b12404c224a94397a6f5ad0c36c66533~mv2.png","type":"image\/png"}],"author":"stefanrehbein","twitter_card":"summary_large_image","twitter_misc":{"Verfasst von":"stefanrehbein","Gesch\u00e4tzte Lesezeit":"1\u00a0Minute"},"schema":{"@context":"https:\/\/schema.org","@graph":[{"@type":"Article","@id":"https:\/\/kulturonline.tv\/de\/und-dann-kam-david-bowie-seine-laufbahn\/#article","isPartOf":{"@id":"https:\/\/kulturonline.tv\/de\/und-dann-kam-david-bowie-seine-laufbahn\/"},"author":{"name":"stefanrehbein","@id":"https:\/\/kulturonline.tv\/de\/#\/schema\/person\/a1ae2833a59ac52fb9a01a676de7b600"},"headline":"Und dann kam David Bowie- seine Laufbahn.","datePublished":"2021-05-08T16:16:39+00:00","dateModified":"2021-06-10T10:59:20+00:00","mainEntityOfPage":{"@id":"https:\/\/kulturonline.tv\/de\/und-dann-kam-david-bowie-seine-laufbahn\/"},"wordCount":263,"publisher":{"@id":"https:\/\/kulturonline.tv\/de\/#organization"},"image":{"@id":"https:\/\/kulturonline.tv\/de\/und-dann-kam-david-bowie-seine-laufbahn\/#primaryimage"},"thumbnailUrl":"https:\/\/kulturonline.tv\/wp-content\/uploads\/2021\/06\/d1bfac_b12404c224a94397a6f5ad0c36c66533~mv2.png","keywords":["#music","doku"],"articleSection":["Musik"],"inLanguage":"de"},{"@type":"WebPage","@id":"https:\/\/kulturonline.tv\/de\/und-dann-kam-david-bowie-seine-laufbahn\/","url":"https:\/\/kulturonline.tv\/de\/und-dann-kam-david-bowie-seine-laufbahn\/","name":"Und dann kam David Bowie- seine Laufbahn. - Kultur Online TV &amp; FM","isPartOf":{"@id":"https:\/\/kulturonline.tv\/de\/#website"},"primaryImageOfPage":{"@id":"https:\/\/kulturonline.tv\/de\/und-dann-kam-david-bowie-seine-laufbahn\/#primaryimage"},"image":{"@id":"https:\/\/kulturonline.tv\/de\/und-dann-kam-david-bowie-seine-laufbahn\/#primaryimage"},"thumbnailUrl":"https:\/\/kulturonline.tv\/wp-content\/uploads\/2021\/06\/d1bfac_b12404c224a94397a6f5ad0c36c66533~mv2.png","datePublished":"2021-05-08T16:16:39+00:00","dateModified":"2021-06-10T10:59:20+00:00","description":"Kultur sehen und H\u00f6ren","breadcrumb":{"@id":"https:\/\/kulturonline.tv\/de\/und-dann-kam-david-bowie-seine-laufbahn\/#breadcrumb"},"inLanguage":"de","potentialAction":[{"@type":"ReadAction","target":["https:\/\/kulturonline.tv\/de\/und-dann-kam-david-bowie-seine-laufbahn\/"]}]},{"@type":"ImageObject","inLanguage":"de","@id":"https:\/\/kulturonline.tv\/de\/und-dann-kam-david-bowie-seine-laufbahn\/#primaryimage","url":"https:\/\/kulturonline.tv\/wp-content\/uploads\/2021\/06\/d1bfac_b12404c224a94397a6f5ad0c36c66533~mv2.png","contentUrl":"https:\/\/kulturonline.tv\/wp-content\/uploads\/2021\/06\/d1bfac_b12404c224a94397a6f5ad0c36c66533~mv2.png","width":1280,"height":720},{"@type":"BreadcrumbList","@id":"https:\/\/kulturonline.tv\/de\/und-dann-kam-david-bowie-seine-laufbahn\/#breadcrumb","itemListElement":[{"@type":"ListItem","position":1,"name":"Startseite","item":"https:\/\/kulturonline.tv\/de\/"},{"@type":"ListItem","position":2,"name":"Und dann kam David Bowie- seine Laufbahn."}]},{"@type":"WebSite","@id":"https:\/\/kulturonline.tv\/de\/#website","url":"https:\/\/kulturonline.tv\/de\/","name":"Kultur Online TV &amp; FM","description":"Wir sind Kultur 2.0 zum sehen &amp; h\u00f6ren","publisher":{"@id":"https:\/\/kulturonline.tv\/de\/#organization"},"potentialAction":[{"@type":"SearchAction","target":{"@type":"EntryPoint","urlTemplate":"https:\/\/kulturonline.tv\/de\/?s={search_term_string}"},"query-input":{"@type":"PropertyValueSpecification","valueRequired":true,"valueName":"search_term_string"}}],"inLanguage":"de"},{"@type":"Organization","@id":"https:\/\/kulturonline.tv\/de\/#organization","name":"Kultur Online TV","url":"https:\/\/kulturonline.tv\/de\/","logo":{"@type":"ImageObject","inLanguage":"de","@id":"https:\/\/kulturonline.tv\/de\/#\/schema\/logo\/image\/","url":"https:\/\/kulturonline.tv\/wp-content\/uploads\/2021\/08\/Kultur-Online-Tv-Logo-Endversion-neu.png","contentUrl":"https:\/\/kulturonline.tv\/wp-content\/uploads\/2021\/08\/Kultur-Online-Tv-Logo-Endversion-neu.png","width":200,"height":200,"caption":"Kultur Online TV"},"image":{"@id":"https:\/\/kulturonline.tv\/de\/#\/schema\/logo\/image\/"},"sameAs":["https:\/\/www.facebook.com\/kulturonline.tv","https:\/\/www.instagram.com\/kulturonline.tv"]},{"@type":"Person","@id":"https:\/\/kulturonline.tv\/de\/#\/schema\/person\/a1ae2833a59ac52fb9a01a676de7b600","name":"stefanrehbein","sameAs":["http:\/\/kulturonline.tv"]}]}},"_links":{"self":[{"href":"https:\/\/kulturonline.tv\/de\/wp-json\/wp\/v2\/posts\/2080","targetHints":{"allow":["GET"]}}],"collection":[{"href":"https:\/\/kulturonline.tv\/de\/wp-json\/wp\/v2\/posts"}],"about":[{"href":"https:\/\/kulturonline.tv\/de\/wp-json\/wp\/v2\/types\/post"}],"author":[{"embeddable":true,"href":"https:\/\/kulturonline.tv\/de\/wp-json\/wp\/v2\/users\/1"}],"replies":[{"embeddable":true,"href":"https:\/\/kulturonline.tv\/de\/wp-json\/wp\/v2\/comments?post=2080"}],"version-history":[{"count":0,"href":"https:\/\/kulturonline.tv\/de\/wp-json\/wp\/v2\/posts\/2080\/revisions"}],"wp:featuredmedia":[{"embeddable":true,"href":"https:\/\/kulturonline.tv\/de\/wp-json\/wp\/v2\/media\/500"}],"wp:attachment":[{"href":"https:\/\/kulturonline.tv\/de\/wp-json\/wp\/v2\/media?parent=2080"}],"wp:term":[{"taxonomy":"category","embeddable":true,"href":"https:\/\/kulturonline.tv\/de\/wp-json\/wp\/v2\/categories?post=2080"},{"taxonomy":"post_tag","embeddable":true,"href":"https:\/\/kulturonline.tv\/de\/wp-json\/wp\/v2\/tags?post=2080"}],"curies":[{"name":"wp","href":"https:\/\/api.w.org\/{rel}","templated":true}]}}