{"id":2081,"date":"2021-05-08T17:56:30","date_gmt":"2021-05-08T15:56:30","guid":{"rendered":"http:\/\/kulturonline.tv\/uncategorized\/hohe-erloese-bei-auktion-von-beatles-erinnerungen"},"modified":"2021-06-09T17:47:30","modified_gmt":"2021-06-09T15:47:30","slug":"hohe-erloese-bei-auktion-von-beatles-erinnerungen","status":"publish","type":"post","link":"https:\/\/kulturonline.tv\/de\/hohe-erloese-bei-auktion-von-beatles-erinnerungen\/","title":{"rendered":"Hohe Erl\u00f6se bei Auktion von Beatles-Erinnerungen"},"content":{"rendered":"<p>Mehrere Erinnerungsst\u00fccke an den Durchbruch der legend\u00e4ren Beatles in Hamburg haben bei einer Auktion in London hohe Erl\u00f6se erzielt.<\/p>\n<p><img decoding=\"async\" aria-hidden=\"true\" data-pin-url=\"https:\/\/www.kulturonline.tv\/post\/hohe-erl\u00f6se-bei-auktion-von-beatles-erinnerungen\" data-pin-media=\"https:\/\/static.wixstatic.com\/media\/d1bfac_9fffc14556274aba8bb05f1a893f7ff0~mv2.jpg\/v1\/fit\/w_700{3856b621f8f9b12a9d7e530f990c7d312d5849aa5fb15fbaec4658ad8a578492}2Ch_394{3856b621f8f9b12a9d7e530f990c7d312d5849aa5fb15fbaec4658ad8a578492}2Cal_c{3856b621f8f9b12a9d7e530f990c7d312d5849aa5fb15fbaec4658ad8a578492}2Cq_80\/file.jpg\" class=\"_5JW6l _2ERz3\" src=\"http:\/\/kulturonline.tv\/wp-content\/uploads\/2021\/06\/13_file.jpg\"><\/p>\n<p>Die Sammlung aus mehreren Briefen, Fotos und Skizzen sei f\u00fcr insgesamt 383.823 Pfund (443.718,50 Euro) verkauft worden, teilte das Auktionshaus Bonhams mit. Das sei etwa doppelt so viel als die Summe, auf die die Kollektion vor der Versteigerung gesch\u00e4tzt wurde. Mit 137.750 Pfund war eine mehrseitige Dokumentsammlung von John Lennon inklusive mehrerer Unterschriften der teuerste Einzelposten.<\/p>\n<p>Das Verm\u00e4chtnis der Beatles ist nach wie vor stark, und das au\u00dfergew\u00f6hnliche Ergebnis hat dies bewiesen&#8221;, sagte Bonhams-Expertin Katherine Schofield der Mitteilung zufolge. Die Hamburger Phase zwischen 1960 und 1962 gilt als entscheidend f\u00fcr den Durchbruch der Band aus dem englischen Liverpool. &#8220;Die Zeit, die sie in Hamburg verbrachten, pr\u00e4gte sie sowohl als Musiker als auch als M\u00e4nner&#8221;, sagte Schofield.<\/p>\n<p>Kultur Online TV<\/p>\n","protected":false},"excerpt":{"rendered":"<p>Mehrere Erinnerungsst\u00fccke an den Durchbruch der legend\u00e4ren Beatles in Hamburg haben bei einer Auktion in London hohe Erl\u00f6se erzielt. Die Sammlung aus mehreren Briefen, Fotos und Skizzen sei f\u00fcr insgesamt 383.823 Pfund (443.718,50 Euro) verkauft worden, teilte das Auktionshaus Bonhams mit. Das sei etwa doppelt so viel als die Summe, auf die die Kollektion vor [&hellip;]<\/p>\n","protected":false},"author":1,"featured_media":502,"comment_status":"closed","ping_status":"closed","sticky":false,"template":"","format":"standard","meta":{"_acf_changed":false,"footnotes":""},"categories":[107,19,3],"tags":[29,41],"class_list":["post-2081","post","type-post","status-publish","format-standard","has-post-thumbnail","hentry","category-kunst","category-musik","category-newsflash","tag-kunst","tag-music"],"acf":[],"yoast_head":"<!-- This site is optimized with the Yoast SEO plugin v26.1.1 - https:\/\/yoast.com\/wordpress\/plugins\/seo\/ -->\n<title>Hohe Erl\u00f6se bei Auktion von Beatles-Erinnerungen - Kultur Online TV &amp; FM<\/title>\n<meta name=\"description\" content=\"Kultur sehen und H\u00f6ren\" \/>\n<meta name=\"robots\" content=\"index, follow, max-snippet:-1, max-image-preview:large, max-video-preview:-1\" \/>\n<link rel=\"canonical\" href=\"https:\/\/kulturonline.tv\/de\/hohe-erloese-bei-auktion-von-beatles-erinnerungen\/\" \/>\n<meta property=\"og:locale\" content=\"de_DE\" \/>\n<meta property=\"og:type\" content=\"article\" \/>\n<meta property=\"og:title\" content=\"Hohe Erl\u00f6se bei Auktion von Beatles-Erinnerungen - Kultur Online TV &amp; FM\" \/>\n<meta property=\"og:description\" content=\"Kultur sehen und H\u00f6ren\" \/>\n<meta property=\"og:url\" content=\"https:\/\/kulturonline.tv\/de\/hohe-erloese-bei-auktion-von-beatles-erinnerungen\/\" \/>\n<meta property=\"og:site_name\" content=\"Kultur Online TV &amp; FM\" \/>\n<meta property=\"article:publisher\" content=\"https:\/\/www.facebook.com\/kulturonline.tv\" \/>\n<meta property=\"article:published_time\" content=\"2021-05-08T15:56:30+00:00\" \/>\n<meta property=\"article:modified_time\" content=\"2021-06-09T15:47:30+00:00\" \/>\n<meta property=\"og:image\" content=\"https:\/\/kulturonline.tv\/wp-content\/uploads\/2021\/06\/d1bfac_9fffc14556274aba8bb05f1a893f7ff0~mv2.jpg\" \/>\n\t<meta property=\"og:image:width\" content=\"700\" \/>\n\t<meta property=\"og:image:height\" content=\"394\" \/>\n\t<meta property=\"og:image:type\" content=\"image\/jpeg\" \/>\n<meta name=\"author\" content=\"stefanrehbein\" \/>\n<meta name=\"twitter:card\" content=\"summary_large_image\" \/>\n<meta name=\"twitter:label1\" content=\"Verfasst von\" \/>\n\t<meta name=\"twitter:data1\" content=\"stefanrehbein\" \/>\n\t<meta name=\"twitter:label2\" content=\"Gesch\u00e4tzte Lesezeit\" \/>\n\t<meta name=\"twitter:data2\" content=\"1\u00a0Minute\" \/>\n<script type=\"application\/ld+json\" class=\"yoast-schema-graph\">{\"@context\":\"https:\/\/schema.org\",\"@graph\":[{\"@type\":\"Article\",\"@id\":\"https:\/\/kulturonline.tv\/de\/hohe-erloese-bei-auktion-von-beatles-erinnerungen\/#article\",\"isPartOf\":{\"@id\":\"https:\/\/kulturonline.tv\/de\/hohe-erloese-bei-auktion-von-beatles-erinnerungen\/\"},\"author\":{\"name\":\"stefanrehbein\",\"@id\":\"https:\/\/kulturonline.tv\/de\/#\/schema\/person\/a1ae2833a59ac52fb9a01a676de7b600\"},\"headline\":\"Hohe Erl\u00f6se bei Auktion von Beatles-Erinnerungen\",\"datePublished\":\"2021-05-08T15:56:30+00:00\",\"dateModified\":\"2021-06-09T15:47:30+00:00\",\"mainEntityOfPage\":{\"@id\":\"https:\/\/kulturonline.tv\/de\/hohe-erloese-bei-auktion-von-beatles-erinnerungen\/\"},\"wordCount\":151,\"publisher\":{\"@id\":\"https:\/\/kulturonline.tv\/de\/#organization\"},\"image\":{\"@id\":\"https:\/\/kulturonline.tv\/de\/hohe-erloese-bei-auktion-von-beatles-erinnerungen\/#primaryimage\"},\"thumbnailUrl\":\"https:\/\/kulturonline.tv\/wp-content\/uploads\/2021\/06\/d1bfac_9fffc14556274aba8bb05f1a893f7ff0~mv2.jpg\",\"keywords\":[\"#kunst\",\"#music\"],\"articleSection\":[\"Kunst\",\"Musik\",\"Newsflash\"],\"inLanguage\":\"de\"},{\"@type\":\"WebPage\",\"@id\":\"https:\/\/kulturonline.tv\/de\/hohe-erloese-bei-auktion-von-beatles-erinnerungen\/\",\"url\":\"https:\/\/kulturonline.tv\/de\/hohe-erloese-bei-auktion-von-beatles-erinnerungen\/\",\"name\":\"Hohe Erl\u00f6se bei Auktion von Beatles-Erinnerungen - Kultur Online TV &amp; FM\",\"isPartOf\":{\"@id\":\"https:\/\/kulturonline.tv\/de\/#website\"},\"primaryImageOfPage\":{\"@id\":\"https:\/\/kulturonline.tv\/de\/hohe-erloese-bei-auktion-von-beatles-erinnerungen\/#primaryimage\"},\"image\":{\"@id\":\"https:\/\/kulturonline.tv\/de\/hohe-erloese-bei-auktion-von-beatles-erinnerungen\/#primaryimage\"},\"thumbnailUrl\":\"https:\/\/kulturonline.tv\/wp-content\/uploads\/2021\/06\/d1bfac_9fffc14556274aba8bb05f1a893f7ff0~mv2.jpg\",\"datePublished\":\"2021-05-08T15:56:30+00:00\",\"dateModified\":\"2021-06-09T15:47:30+00:00\",\"description\":\"Kultur sehen und H\u00f6ren\",\"breadcrumb\":{\"@id\":\"https:\/\/kulturonline.tv\/de\/hohe-erloese-bei-auktion-von-beatles-erinnerungen\/#breadcrumb\"},\"inLanguage\":\"de\",\"potentialAction\":[{\"@type\":\"ReadAction\",\"target\":[\"https:\/\/kulturonline.tv\/de\/hohe-erloese-bei-auktion-von-beatles-erinnerungen\/\"]}]},{\"@type\":\"ImageObject\",\"inLanguage\":\"de\",\"@id\":\"https:\/\/kulturonline.tv\/de\/hohe-erloese-bei-auktion-von-beatles-erinnerungen\/#primaryimage\",\"url\":\"https:\/\/kulturonline.tv\/wp-content\/uploads\/2021\/06\/d1bfac_9fffc14556274aba8bb05f1a893f7ff0~mv2.jpg\",\"contentUrl\":\"https:\/\/kulturonline.tv\/wp-content\/uploads\/2021\/06\/d1bfac_9fffc14556274aba8bb05f1a893f7ff0~mv2.jpg\",\"width\":700,\"height\":394},{\"@type\":\"BreadcrumbList\",\"@id\":\"https:\/\/kulturonline.tv\/de\/hohe-erloese-bei-auktion-von-beatles-erinnerungen\/#breadcrumb\",\"itemListElement\":[{\"@type\":\"ListItem\",\"position\":1,\"name\":\"Startseite\",\"item\":\"https:\/\/kulturonline.tv\/de\/\"},{\"@type\":\"ListItem\",\"position\":2,\"name\":\"Hohe Erl\u00f6se bei Auktion von Beatles-Erinnerungen\"}]},{\"@type\":\"WebSite\",\"@id\":\"https:\/\/kulturonline.tv\/de\/#website\",\"url\":\"https:\/\/kulturonline.tv\/de\/\",\"name\":\"Kultur Online TV &amp; FM\",\"description\":\"Wir sind Kultur 2.0 zum sehen &amp; h\u00f6ren\",\"publisher\":{\"@id\":\"https:\/\/kulturonline.tv\/de\/#organization\"},\"potentialAction\":[{\"@type\":\"SearchAction\",\"target\":{\"@type\":\"EntryPoint\",\"urlTemplate\":\"https:\/\/kulturonline.tv\/de\/?s={search_term_string}\"},\"query-input\":{\"@type\":\"PropertyValueSpecification\",\"valueRequired\":true,\"valueName\":\"search_term_string\"}}],\"inLanguage\":\"de\"},{\"@type\":\"Organization\",\"@id\":\"https:\/\/kulturonline.tv\/de\/#organization\",\"name\":\"Kultur Online TV\",\"url\":\"https:\/\/kulturonline.tv\/de\/\",\"logo\":{\"@type\":\"ImageObject\",\"inLanguage\":\"de\",\"@id\":\"https:\/\/kulturonline.tv\/de\/#\/schema\/logo\/image\/\",\"url\":\"https:\/\/kulturonline.tv\/wp-content\/uploads\/2021\/08\/Kultur-Online-Tv-Logo-Endversion-neu.png\",\"contentUrl\":\"https:\/\/kulturonline.tv\/wp-content\/uploads\/2021\/08\/Kultur-Online-Tv-Logo-Endversion-neu.png\",\"width\":200,\"height\":200,\"caption\":\"Kultur Online TV\"},\"image\":{\"@id\":\"https:\/\/kulturonline.tv\/de\/#\/schema\/logo\/image\/\"},\"sameAs\":[\"https:\/\/www.facebook.com\/kulturonline.tv\",\"https:\/\/www.instagram.com\/kulturonline.tv\"]},{\"@type\":\"Person\",\"@id\":\"https:\/\/kulturonline.tv\/de\/#\/schema\/person\/a1ae2833a59ac52fb9a01a676de7b600\",\"name\":\"stefanrehbein\",\"sameAs\":[\"http:\/\/kulturonline.tv\"]}]}<\/script>\n<!-- \/ Yoast SEO plugin. -->","yoast_head_json":{"title":"Hohe Erl\u00f6se bei Auktion von Beatles-Erinnerungen - Kultur Online TV &amp; FM","description":"Kultur sehen und H\u00f6ren","robots":{"index":"index","follow":"follow","max-snippet":"max-snippet:-1","max-image-preview":"max-image-preview:large","max-video-preview":"max-video-preview:-1"},"canonical":"https:\/\/kulturonline.tv\/de\/hohe-erloese-bei-auktion-von-beatles-erinnerungen\/","og_locale":"de_DE","og_type":"article","og_title":"Hohe Erl\u00f6se bei Auktion von Beatles-Erinnerungen - Kultur Online TV &amp; FM","og_description":"Kultur sehen und H\u00f6ren","og_url":"https:\/\/kulturonline.tv\/de\/hohe-erloese-bei-auktion-von-beatles-erinnerungen\/","og_site_name":"Kultur Online TV &amp; FM","article_publisher":"https:\/\/www.facebook.com\/kulturonline.tv","article_published_time":"2021-05-08T15:56:30+00:00","article_modified_time":"2021-06-09T15:47:30+00:00","og_image":[{"width":700,"height":394,"url":"https:\/\/kulturonline.tv\/wp-content\/uploads\/2021\/06\/d1bfac_9fffc14556274aba8bb05f1a893f7ff0~mv2.jpg","type":"image\/jpeg"}],"author":"stefanrehbein","twitter_card":"summary_large_image","twitter_misc":{"Verfasst von":"stefanrehbein","Gesch\u00e4tzte Lesezeit":"1\u00a0Minute"},"schema":{"@context":"https:\/\/schema.org","@graph":[{"@type":"Article","@id":"https:\/\/kulturonline.tv\/de\/hohe-erloese-bei-auktion-von-beatles-erinnerungen\/#article","isPartOf":{"@id":"https:\/\/kulturonline.tv\/de\/hohe-erloese-bei-auktion-von-beatles-erinnerungen\/"},"author":{"name":"stefanrehbein","@id":"https:\/\/kulturonline.tv\/de\/#\/schema\/person\/a1ae2833a59ac52fb9a01a676de7b600"},"headline":"Hohe Erl\u00f6se bei Auktion von Beatles-Erinnerungen","datePublished":"2021-05-08T15:56:30+00:00","dateModified":"2021-06-09T15:47:30+00:00","mainEntityOfPage":{"@id":"https:\/\/kulturonline.tv\/de\/hohe-erloese-bei-auktion-von-beatles-erinnerungen\/"},"wordCount":151,"publisher":{"@id":"https:\/\/kulturonline.tv\/de\/#organization"},"image":{"@id":"https:\/\/kulturonline.tv\/de\/hohe-erloese-bei-auktion-von-beatles-erinnerungen\/#primaryimage"},"thumbnailUrl":"https:\/\/kulturonline.tv\/wp-content\/uploads\/2021\/06\/d1bfac_9fffc14556274aba8bb05f1a893f7ff0~mv2.jpg","keywords":["#kunst","#music"],"articleSection":["Kunst","Musik","Newsflash"],"inLanguage":"de"},{"@type":"WebPage","@id":"https:\/\/kulturonline.tv\/de\/hohe-erloese-bei-auktion-von-beatles-erinnerungen\/","url":"https:\/\/kulturonline.tv\/de\/hohe-erloese-bei-auktion-von-beatles-erinnerungen\/","name":"Hohe Erl\u00f6se bei Auktion von Beatles-Erinnerungen - Kultur Online TV &amp; FM","isPartOf":{"@id":"https:\/\/kulturonline.tv\/de\/#website"},"primaryImageOfPage":{"@id":"https:\/\/kulturonline.tv\/de\/hohe-erloese-bei-auktion-von-beatles-erinnerungen\/#primaryimage"},"image":{"@id":"https:\/\/kulturonline.tv\/de\/hohe-erloese-bei-auktion-von-beatles-erinnerungen\/#primaryimage"},"thumbnailUrl":"https:\/\/kulturonline.tv\/wp-content\/uploads\/2021\/06\/d1bfac_9fffc14556274aba8bb05f1a893f7ff0~mv2.jpg","datePublished":"2021-05-08T15:56:30+00:00","dateModified":"2021-06-09T15:47:30+00:00","description":"Kultur sehen und H\u00f6ren","breadcrumb":{"@id":"https:\/\/kulturonline.tv\/de\/hohe-erloese-bei-auktion-von-beatles-erinnerungen\/#breadcrumb"},"inLanguage":"de","potentialAction":[{"@type":"ReadAction","target":["https:\/\/kulturonline.tv\/de\/hohe-erloese-bei-auktion-von-beatles-erinnerungen\/"]}]},{"@type":"ImageObject","inLanguage":"de","@id":"https:\/\/kulturonline.tv\/de\/hohe-erloese-bei-auktion-von-beatles-erinnerungen\/#primaryimage","url":"https:\/\/kulturonline.tv\/wp-content\/uploads\/2021\/06\/d1bfac_9fffc14556274aba8bb05f1a893f7ff0~mv2.jpg","contentUrl":"https:\/\/kulturonline.tv\/wp-content\/uploads\/2021\/06\/d1bfac_9fffc14556274aba8bb05f1a893f7ff0~mv2.jpg","width":700,"height":394},{"@type":"BreadcrumbList","@id":"https:\/\/kulturonline.tv\/de\/hohe-erloese-bei-auktion-von-beatles-erinnerungen\/#breadcrumb","itemListElement":[{"@type":"ListItem","position":1,"name":"Startseite","item":"https:\/\/kulturonline.tv\/de\/"},{"@type":"ListItem","position":2,"name":"Hohe Erl\u00f6se bei Auktion von Beatles-Erinnerungen"}]},{"@type":"WebSite","@id":"https:\/\/kulturonline.tv\/de\/#website","url":"https:\/\/kulturonline.tv\/de\/","name":"Kultur Online TV &amp; FM","description":"Wir sind Kultur 2.0 zum sehen &amp; h\u00f6ren","publisher":{"@id":"https:\/\/kulturonline.tv\/de\/#organization"},"potentialAction":[{"@type":"SearchAction","target":{"@type":"EntryPoint","urlTemplate":"https:\/\/kulturonline.tv\/de\/?s={search_term_string}"},"query-input":{"@type":"PropertyValueSpecification","valueRequired":true,"valueName":"search_term_string"}}],"inLanguage":"de"},{"@type":"Organization","@id":"https:\/\/kulturonline.tv\/de\/#organization","name":"Kultur Online TV","url":"https:\/\/kulturonline.tv\/de\/","logo":{"@type":"ImageObject","inLanguage":"de","@id":"https:\/\/kulturonline.tv\/de\/#\/schema\/logo\/image\/","url":"https:\/\/kulturonline.tv\/wp-content\/uploads\/2021\/08\/Kultur-Online-Tv-Logo-Endversion-neu.png","contentUrl":"https:\/\/kulturonline.tv\/wp-content\/uploads\/2021\/08\/Kultur-Online-Tv-Logo-Endversion-neu.png","width":200,"height":200,"caption":"Kultur Online TV"},"image":{"@id":"https:\/\/kulturonline.tv\/de\/#\/schema\/logo\/image\/"},"sameAs":["https:\/\/www.facebook.com\/kulturonline.tv","https:\/\/www.instagram.com\/kulturonline.tv"]},{"@type":"Person","@id":"https:\/\/kulturonline.tv\/de\/#\/schema\/person\/a1ae2833a59ac52fb9a01a676de7b600","name":"stefanrehbein","sameAs":["http:\/\/kulturonline.tv"]}]}},"_links":{"self":[{"href":"https:\/\/kulturonline.tv\/de\/wp-json\/wp\/v2\/posts\/2081","targetHints":{"allow":["GET"]}}],"collection":[{"href":"https:\/\/kulturonline.tv\/de\/wp-json\/wp\/v2\/posts"}],"about":[{"href":"https:\/\/kulturonline.tv\/de\/wp-json\/wp\/v2\/types\/post"}],"author":[{"embeddable":true,"href":"https:\/\/kulturonline.tv\/de\/wp-json\/wp\/v2\/users\/1"}],"replies":[{"embeddable":true,"href":"https:\/\/kulturonline.tv\/de\/wp-json\/wp\/v2\/comments?post=2081"}],"version-history":[{"count":0,"href":"https:\/\/kulturonline.tv\/de\/wp-json\/wp\/v2\/posts\/2081\/revisions"}],"wp:featuredmedia":[{"embeddable":true,"href":"https:\/\/kulturonline.tv\/de\/wp-json\/wp\/v2\/media\/502"}],"wp:attachment":[{"href":"https:\/\/kulturonline.tv\/de\/wp-json\/wp\/v2\/media?parent=2081"}],"wp:term":[{"taxonomy":"category","embeddable":true,"href":"https:\/\/kulturonline.tv\/de\/wp-json\/wp\/v2\/categories?post=2081"},{"taxonomy":"post_tag","embeddable":true,"href":"https:\/\/kulturonline.tv\/de\/wp-json\/wp\/v2\/tags?post=2081"}],"curies":[{"name":"wp","href":"https:\/\/api.w.org\/{rel}","templated":true}]}}