{"id":2085,"date":"2021-05-08T15:26:22","date_gmt":"2021-05-08T13:26:22","guid":{"rendered":"http:\/\/kulturonline.tv\/uncategorized\/rechnungshof-zu-festspielen-reichenau"},"modified":"2021-06-08T14:28:56","modified_gmt":"2021-06-08T12:28:56","slug":"rechnungshof-zu-festspielen-reichenau","status":"publish","type":"post","link":"https:\/\/kulturonline.tv\/de\/rechnungshof-zu-festspielen-reichenau\/","title":{"rendered":"Rechnungshof zu Festspielen Reichenau"},"content":{"rendered":"<p>Rechnungshof zu Festspielen Reichenau: Land N\u00d6 soll nicht mehr weiter f\u00f6rdern,<\/p>\n<p>die Verwendung der Mittel seien als &#8220;vergaberechtswidrig, intransparent und unwirtschaftlich zu beurteilen&#8221;, hei\u00dft es im am Freitag ver\u00f6ffentlichten Bericht.<\/p>\n<p><img decoding=\"async\" aria-hidden=\"true\" data-pin-url=\"https:\/\/www.kulturonline.tv\/post\/rechnungshof-zu-festspielen-reichenau\" data-pin-media=\"https:\/\/static.wixstatic.com\/media\/d1bfac_3d5ecb5f6c3e4e4b9d0e4db94a36466d~mv2.jpg\/v1\/fit\/w_780{3856b621f8f9b12a9d7e530f990c7d312d5849aa5fb15fbaec4658ad8a578492}2Ch_440{3856b621f8f9b12a9d7e530f990c7d312d5849aa5fb15fbaec4658ad8a578492}2Cal_c{3856b621f8f9b12a9d7e530f990c7d312d5849aa5fb15fbaec4658ad8a578492}2Cq_80\/file.jpg\" class=\"_5JW6l _2ERz3\" src=\"http:\/\/kulturonline.tv\/wp-content\/uploads\/2021\/06\/17_file.jpg\"><\/p>\n<p>Der Rechnungshof (RH) empfiehlt dem Land Nieder\u00f6sterreich, von einer weiteren F\u00f6rderung der Festspiele Reichenau Ges.m.b.H. abzusehen: Die festgestellten Abl\u00e4ufe und Vertragsbeziehungen zwischen der Gesellschaft und zwei anderen, den Festspielen zugeordneten Unternehmen sowie die Verwendung der F\u00f6rdermittel seien als &#8220;vergaberechtswidrig, intransparent und unwirtschaftlich zu beurteilen&#8221;. Der Endbericht wurde gestern Freitag ver\u00f6ffentlicht.<\/p>\n<p>Der vom RH \u00fcberpr\u00fcfte Zeitraum umfasste die Jahre 2015 bis 2017. Kritik \u00fcbt man am Land Nieder\u00f6sterreich wegen unzureichender Kontrollen. &#8220;Gesch\u00e4ftsf\u00fchrung und Intendanz besorgte ein Ehepaar, das gemeinsam mit dessen Tochter noch zwei weitere Unternehmen im Zusammenhang mit den Festspielen betrieb. Ein Wirtschaftspr\u00fcfungsunternehmen hatte bereits im Jahr 2010 massive M\u00e4ngel aufgezeigt, vor allem die Gesch\u00e4ftsbeziehungen der gef\u00f6rderten Festspiele mit den beiden Unternehmen sowie zu hohe Entlohnungen&#8221;, so der RH. &#8220;Trotzdem f\u00fchrte das Land Nieder\u00f6sterreich danach keine Vor-Ort-Pr\u00fcfung durch.&#8221;<\/p>\n<p>Das Intendantenehepaar Peter und Renate Loidolt gab seinen R\u00fcckzug bekannt.<\/p>\n<p>Kultur Online TV<\/p>\n","protected":false},"excerpt":{"rendered":"<p>Rechnungshof zu Festspielen Reichenau: Land N\u00d6 soll nicht mehr weiter f\u00f6rdern, die Verwendung der Mittel seien als &#8220;vergaberechtswidrig, intransparent und unwirtschaftlich zu beurteilen&#8221;, hei\u00dft es im am Freitag ver\u00f6ffentlichten Bericht. Der Rechnungshof (RH) empfiehlt dem Land Nieder\u00f6sterreich, von einer weiteren F\u00f6rderung der Festspiele Reichenau Ges.m.b.H. abzusehen: Die festgestellten Abl\u00e4ufe und Vertragsbeziehungen zwischen der Gesellschaft und [&hellip;]<\/p>\n","protected":false},"author":1,"featured_media":510,"comment_status":"closed","ping_status":"closed","sticky":false,"template":"","format":"standard","meta":{"_acf_changed":false,"footnotes":""},"categories":[3,1],"tags":[6,27],"class_list":["post-2085","post","type-post","status-publish","format-standard","has-post-thumbnail","hentry","category-newsflash","category-unkategorisiert","tag-kultur","tag-theater"],"acf":[],"yoast_head":"<!-- This site is optimized with the Yoast SEO plugin v26.1.1 - https:\/\/yoast.com\/wordpress\/plugins\/seo\/ -->\n<title>Rechnungshof zu Festspielen Reichenau - Kultur Online TV &amp; FM<\/title>\n<meta name=\"description\" content=\"Kultur sehen und H\u00f6ren\" \/>\n<meta name=\"robots\" content=\"index, follow, max-snippet:-1, max-image-preview:large, max-video-preview:-1\" \/>\n<link rel=\"canonical\" href=\"https:\/\/kulturonline.tv\/de\/rechnungshof-zu-festspielen-reichenau\/\" \/>\n<meta property=\"og:locale\" content=\"de_DE\" \/>\n<meta property=\"og:type\" content=\"article\" \/>\n<meta property=\"og:title\" content=\"Rechnungshof zu Festspielen Reichenau - Kultur Online TV &amp; FM\" \/>\n<meta property=\"og:description\" content=\"Kultur sehen und H\u00f6ren\" \/>\n<meta property=\"og:url\" content=\"https:\/\/kulturonline.tv\/de\/rechnungshof-zu-festspielen-reichenau\/\" \/>\n<meta property=\"og:site_name\" content=\"Kultur Online TV &amp; FM\" \/>\n<meta property=\"article:publisher\" content=\"https:\/\/www.facebook.com\/kulturonline.tv\" \/>\n<meta property=\"article:published_time\" content=\"2021-05-08T13:26:22+00:00\" \/>\n<meta property=\"article:modified_time\" content=\"2021-06-08T12:28:56+00:00\" \/>\n<meta property=\"og:image\" content=\"https:\/\/kulturonline.tv\/wp-content\/uploads\/2021\/06\/d1bfac_3d5ecb5f6c3e4e4b9d0e4db94a36466d~mv2.jpg\" \/>\n\t<meta property=\"og:image:width\" content=\"780\" \/>\n\t<meta property=\"og:image:height\" content=\"440\" \/>\n\t<meta property=\"og:image:type\" content=\"image\/jpeg\" \/>\n<meta name=\"author\" content=\"stefanrehbein\" \/>\n<meta name=\"twitter:card\" content=\"summary_large_image\" \/>\n<meta name=\"twitter:label1\" content=\"Verfasst von\" \/>\n\t<meta name=\"twitter:data1\" content=\"stefanrehbein\" \/>\n\t<meta name=\"twitter:label2\" content=\"Gesch\u00e4tzte Lesezeit\" \/>\n\t<meta name=\"twitter:data2\" content=\"1\u00a0Minute\" \/>\n<script type=\"application\/ld+json\" class=\"yoast-schema-graph\">{\"@context\":\"https:\/\/schema.org\",\"@graph\":[{\"@type\":\"Article\",\"@id\":\"https:\/\/kulturonline.tv\/de\/rechnungshof-zu-festspielen-reichenau\/#article\",\"isPartOf\":{\"@id\":\"https:\/\/kulturonline.tv\/de\/rechnungshof-zu-festspielen-reichenau\/\"},\"author\":{\"name\":\"stefanrehbein\",\"@id\":\"https:\/\/kulturonline.tv\/de\/#\/schema\/person\/a1ae2833a59ac52fb9a01a676de7b600\"},\"headline\":\"Rechnungshof zu Festspielen Reichenau\",\"datePublished\":\"2021-05-08T13:26:22+00:00\",\"dateModified\":\"2021-06-08T12:28:56+00:00\",\"mainEntityOfPage\":{\"@id\":\"https:\/\/kulturonline.tv\/de\/rechnungshof-zu-festspielen-reichenau\/\"},\"wordCount\":195,\"publisher\":{\"@id\":\"https:\/\/kulturonline.tv\/de\/#organization\"},\"image\":{\"@id\":\"https:\/\/kulturonline.tv\/de\/rechnungshof-zu-festspielen-reichenau\/#primaryimage\"},\"thumbnailUrl\":\"https:\/\/kulturonline.tv\/wp-content\/uploads\/2021\/06\/d1bfac_3d5ecb5f6c3e4e4b9d0e4db94a36466d~mv2.jpg\",\"keywords\":[\"kultur\",\"Theater\"],\"articleSection\":[\"Newsflash\",\"Unkategorisiert\"],\"inLanguage\":\"de\"},{\"@type\":\"WebPage\",\"@id\":\"https:\/\/kulturonline.tv\/de\/rechnungshof-zu-festspielen-reichenau\/\",\"url\":\"https:\/\/kulturonline.tv\/de\/rechnungshof-zu-festspielen-reichenau\/\",\"name\":\"Rechnungshof zu Festspielen Reichenau - Kultur Online TV &amp; FM\",\"isPartOf\":{\"@id\":\"https:\/\/kulturonline.tv\/de\/#website\"},\"primaryImageOfPage\":{\"@id\":\"https:\/\/kulturonline.tv\/de\/rechnungshof-zu-festspielen-reichenau\/#primaryimage\"},\"image\":{\"@id\":\"https:\/\/kulturonline.tv\/de\/rechnungshof-zu-festspielen-reichenau\/#primaryimage\"},\"thumbnailUrl\":\"https:\/\/kulturonline.tv\/wp-content\/uploads\/2021\/06\/d1bfac_3d5ecb5f6c3e4e4b9d0e4db94a36466d~mv2.jpg\",\"datePublished\":\"2021-05-08T13:26:22+00:00\",\"dateModified\":\"2021-06-08T12:28:56+00:00\",\"description\":\"Kultur sehen und H\u00f6ren\",\"breadcrumb\":{\"@id\":\"https:\/\/kulturonline.tv\/de\/rechnungshof-zu-festspielen-reichenau\/#breadcrumb\"},\"inLanguage\":\"de\",\"potentialAction\":[{\"@type\":\"ReadAction\",\"target\":[\"https:\/\/kulturonline.tv\/de\/rechnungshof-zu-festspielen-reichenau\/\"]}]},{\"@type\":\"ImageObject\",\"inLanguage\":\"de\",\"@id\":\"https:\/\/kulturonline.tv\/de\/rechnungshof-zu-festspielen-reichenau\/#primaryimage\",\"url\":\"https:\/\/kulturonline.tv\/wp-content\/uploads\/2021\/06\/d1bfac_3d5ecb5f6c3e4e4b9d0e4db94a36466d~mv2.jpg\",\"contentUrl\":\"https:\/\/kulturonline.tv\/wp-content\/uploads\/2021\/06\/d1bfac_3d5ecb5f6c3e4e4b9d0e4db94a36466d~mv2.jpg\",\"width\":780,\"height\":440},{\"@type\":\"BreadcrumbList\",\"@id\":\"https:\/\/kulturonline.tv\/de\/rechnungshof-zu-festspielen-reichenau\/#breadcrumb\",\"itemListElement\":[{\"@type\":\"ListItem\",\"position\":1,\"name\":\"Startseite\",\"item\":\"https:\/\/kulturonline.tv\/de\/\"},{\"@type\":\"ListItem\",\"position\":2,\"name\":\"Rechnungshof zu Festspielen Reichenau\"}]},{\"@type\":\"WebSite\",\"@id\":\"https:\/\/kulturonline.tv\/de\/#website\",\"url\":\"https:\/\/kulturonline.tv\/de\/\",\"name\":\"Kultur Online TV &amp; FM\",\"description\":\"Wir sind Kultur 2.0 zum sehen &amp; h\u00f6ren\",\"publisher\":{\"@id\":\"https:\/\/kulturonline.tv\/de\/#organization\"},\"potentialAction\":[{\"@type\":\"SearchAction\",\"target\":{\"@type\":\"EntryPoint\",\"urlTemplate\":\"https:\/\/kulturonline.tv\/de\/?s={search_term_string}\"},\"query-input\":{\"@type\":\"PropertyValueSpecification\",\"valueRequired\":true,\"valueName\":\"search_term_string\"}}],\"inLanguage\":\"de\"},{\"@type\":\"Organization\",\"@id\":\"https:\/\/kulturonline.tv\/de\/#organization\",\"name\":\"Kultur Online TV\",\"url\":\"https:\/\/kulturonline.tv\/de\/\",\"logo\":{\"@type\":\"ImageObject\",\"inLanguage\":\"de\",\"@id\":\"https:\/\/kulturonline.tv\/de\/#\/schema\/logo\/image\/\",\"url\":\"https:\/\/kulturonline.tv\/wp-content\/uploads\/2021\/08\/Kultur-Online-Tv-Logo-Endversion-neu.png\",\"contentUrl\":\"https:\/\/kulturonline.tv\/wp-content\/uploads\/2021\/08\/Kultur-Online-Tv-Logo-Endversion-neu.png\",\"width\":200,\"height\":200,\"caption\":\"Kultur Online TV\"},\"image\":{\"@id\":\"https:\/\/kulturonline.tv\/de\/#\/schema\/logo\/image\/\"},\"sameAs\":[\"https:\/\/www.facebook.com\/kulturonline.tv\",\"https:\/\/www.instagram.com\/kulturonline.tv\"]},{\"@type\":\"Person\",\"@id\":\"https:\/\/kulturonline.tv\/de\/#\/schema\/person\/a1ae2833a59ac52fb9a01a676de7b600\",\"name\":\"stefanrehbein\",\"sameAs\":[\"http:\/\/kulturonline.tv\"]}]}<\/script>\n<!-- \/ Yoast SEO plugin. -->","yoast_head_json":{"title":"Rechnungshof zu Festspielen Reichenau - Kultur Online TV &amp; FM","description":"Kultur sehen und H\u00f6ren","robots":{"index":"index","follow":"follow","max-snippet":"max-snippet:-1","max-image-preview":"max-image-preview:large","max-video-preview":"max-video-preview:-1"},"canonical":"https:\/\/kulturonline.tv\/de\/rechnungshof-zu-festspielen-reichenau\/","og_locale":"de_DE","og_type":"article","og_title":"Rechnungshof zu Festspielen Reichenau - Kultur Online TV &amp; FM","og_description":"Kultur sehen und H\u00f6ren","og_url":"https:\/\/kulturonline.tv\/de\/rechnungshof-zu-festspielen-reichenau\/","og_site_name":"Kultur Online TV &amp; FM","article_publisher":"https:\/\/www.facebook.com\/kulturonline.tv","article_published_time":"2021-05-08T13:26:22+00:00","article_modified_time":"2021-06-08T12:28:56+00:00","og_image":[{"width":780,"height":440,"url":"https:\/\/kulturonline.tv\/wp-content\/uploads\/2021\/06\/d1bfac_3d5ecb5f6c3e4e4b9d0e4db94a36466d~mv2.jpg","type":"image\/jpeg"}],"author":"stefanrehbein","twitter_card":"summary_large_image","twitter_misc":{"Verfasst von":"stefanrehbein","Gesch\u00e4tzte Lesezeit":"1\u00a0Minute"},"schema":{"@context":"https:\/\/schema.org","@graph":[{"@type":"Article","@id":"https:\/\/kulturonline.tv\/de\/rechnungshof-zu-festspielen-reichenau\/#article","isPartOf":{"@id":"https:\/\/kulturonline.tv\/de\/rechnungshof-zu-festspielen-reichenau\/"},"author":{"name":"stefanrehbein","@id":"https:\/\/kulturonline.tv\/de\/#\/schema\/person\/a1ae2833a59ac52fb9a01a676de7b600"},"headline":"Rechnungshof zu Festspielen Reichenau","datePublished":"2021-05-08T13:26:22+00:00","dateModified":"2021-06-08T12:28:56+00:00","mainEntityOfPage":{"@id":"https:\/\/kulturonline.tv\/de\/rechnungshof-zu-festspielen-reichenau\/"},"wordCount":195,"publisher":{"@id":"https:\/\/kulturonline.tv\/de\/#organization"},"image":{"@id":"https:\/\/kulturonline.tv\/de\/rechnungshof-zu-festspielen-reichenau\/#primaryimage"},"thumbnailUrl":"https:\/\/kulturonline.tv\/wp-content\/uploads\/2021\/06\/d1bfac_3d5ecb5f6c3e4e4b9d0e4db94a36466d~mv2.jpg","keywords":["kultur","Theater"],"articleSection":["Newsflash","Unkategorisiert"],"inLanguage":"de"},{"@type":"WebPage","@id":"https:\/\/kulturonline.tv\/de\/rechnungshof-zu-festspielen-reichenau\/","url":"https:\/\/kulturonline.tv\/de\/rechnungshof-zu-festspielen-reichenau\/","name":"Rechnungshof zu Festspielen Reichenau - Kultur Online TV &amp; FM","isPartOf":{"@id":"https:\/\/kulturonline.tv\/de\/#website"},"primaryImageOfPage":{"@id":"https:\/\/kulturonline.tv\/de\/rechnungshof-zu-festspielen-reichenau\/#primaryimage"},"image":{"@id":"https:\/\/kulturonline.tv\/de\/rechnungshof-zu-festspielen-reichenau\/#primaryimage"},"thumbnailUrl":"https:\/\/kulturonline.tv\/wp-content\/uploads\/2021\/06\/d1bfac_3d5ecb5f6c3e4e4b9d0e4db94a36466d~mv2.jpg","datePublished":"2021-05-08T13:26:22+00:00","dateModified":"2021-06-08T12:28:56+00:00","description":"Kultur sehen und H\u00f6ren","breadcrumb":{"@id":"https:\/\/kulturonline.tv\/de\/rechnungshof-zu-festspielen-reichenau\/#breadcrumb"},"inLanguage":"de","potentialAction":[{"@type":"ReadAction","target":["https:\/\/kulturonline.tv\/de\/rechnungshof-zu-festspielen-reichenau\/"]}]},{"@type":"ImageObject","inLanguage":"de","@id":"https:\/\/kulturonline.tv\/de\/rechnungshof-zu-festspielen-reichenau\/#primaryimage","url":"https:\/\/kulturonline.tv\/wp-content\/uploads\/2021\/06\/d1bfac_3d5ecb5f6c3e4e4b9d0e4db94a36466d~mv2.jpg","contentUrl":"https:\/\/kulturonline.tv\/wp-content\/uploads\/2021\/06\/d1bfac_3d5ecb5f6c3e4e4b9d0e4db94a36466d~mv2.jpg","width":780,"height":440},{"@type":"BreadcrumbList","@id":"https:\/\/kulturonline.tv\/de\/rechnungshof-zu-festspielen-reichenau\/#breadcrumb","itemListElement":[{"@type":"ListItem","position":1,"name":"Startseite","item":"https:\/\/kulturonline.tv\/de\/"},{"@type":"ListItem","position":2,"name":"Rechnungshof zu Festspielen Reichenau"}]},{"@type":"WebSite","@id":"https:\/\/kulturonline.tv\/de\/#website","url":"https:\/\/kulturonline.tv\/de\/","name":"Kultur Online TV &amp; FM","description":"Wir sind Kultur 2.0 zum sehen &amp; h\u00f6ren","publisher":{"@id":"https:\/\/kulturonline.tv\/de\/#organization"},"potentialAction":[{"@type":"SearchAction","target":{"@type":"EntryPoint","urlTemplate":"https:\/\/kulturonline.tv\/de\/?s={search_term_string}"},"query-input":{"@type":"PropertyValueSpecification","valueRequired":true,"valueName":"search_term_string"}}],"inLanguage":"de"},{"@type":"Organization","@id":"https:\/\/kulturonline.tv\/de\/#organization","name":"Kultur Online TV","url":"https:\/\/kulturonline.tv\/de\/","logo":{"@type":"ImageObject","inLanguage":"de","@id":"https:\/\/kulturonline.tv\/de\/#\/schema\/logo\/image\/","url":"https:\/\/kulturonline.tv\/wp-content\/uploads\/2021\/08\/Kultur-Online-Tv-Logo-Endversion-neu.png","contentUrl":"https:\/\/kulturonline.tv\/wp-content\/uploads\/2021\/08\/Kultur-Online-Tv-Logo-Endversion-neu.png","width":200,"height":200,"caption":"Kultur Online TV"},"image":{"@id":"https:\/\/kulturonline.tv\/de\/#\/schema\/logo\/image\/"},"sameAs":["https:\/\/www.facebook.com\/kulturonline.tv","https:\/\/www.instagram.com\/kulturonline.tv"]},{"@type":"Person","@id":"https:\/\/kulturonline.tv\/de\/#\/schema\/person\/a1ae2833a59ac52fb9a01a676de7b600","name":"stefanrehbein","sameAs":["http:\/\/kulturonline.tv"]}]}},"_links":{"self":[{"href":"https:\/\/kulturonline.tv\/de\/wp-json\/wp\/v2\/posts\/2085","targetHints":{"allow":["GET"]}}],"collection":[{"href":"https:\/\/kulturonline.tv\/de\/wp-json\/wp\/v2\/posts"}],"about":[{"href":"https:\/\/kulturonline.tv\/de\/wp-json\/wp\/v2\/types\/post"}],"author":[{"embeddable":true,"href":"https:\/\/kulturonline.tv\/de\/wp-json\/wp\/v2\/users\/1"}],"replies":[{"embeddable":true,"href":"https:\/\/kulturonline.tv\/de\/wp-json\/wp\/v2\/comments?post=2085"}],"version-history":[{"count":0,"href":"https:\/\/kulturonline.tv\/de\/wp-json\/wp\/v2\/posts\/2085\/revisions"}],"wp:featuredmedia":[{"embeddable":true,"href":"https:\/\/kulturonline.tv\/de\/wp-json\/wp\/v2\/media\/510"}],"wp:attachment":[{"href":"https:\/\/kulturonline.tv\/de\/wp-json\/wp\/v2\/media?parent=2085"}],"wp:term":[{"taxonomy":"category","embeddable":true,"href":"https:\/\/kulturonline.tv\/de\/wp-json\/wp\/v2\/categories?post=2085"},{"taxonomy":"post_tag","embeddable":true,"href":"https:\/\/kulturonline.tv\/de\/wp-json\/wp\/v2\/tags?post=2085"}],"curies":[{"name":"wp","href":"https:\/\/api.w.org\/{rel}","templated":true}]}}