{"id":2086,"date":"2021-05-08T14:51:07","date_gmt":"2021-05-08T12:51:07","guid":{"rendered":"http:\/\/kulturonline.tv\/uncategorized\/die-oper-des-21-buehnenbilder-virtual-reality"},"modified":"2021-06-08T14:28:56","modified_gmt":"2021-06-08T12:28:56","slug":"die-oper-des-21-buehnenbilder-virtual-reality","status":"publish","type":"post","link":"https:\/\/kulturonline.tv\/de\/die-oper-des-21-buehnenbilder-virtual-reality\/","title":{"rendered":"Die Oper des 21. B\u00fchnenbilder Virtual Reality"},"content":{"rendered":"<p>Die Wiener Staatsoper setzt mit Hilfe des Forschungszentrums VRVis auf Virtual Reality und virtuelle B\u00fchnenplanung.<\/p>\n<p><img decoding=\"async\" aria-hidden=\"true\" data-pin-url=\"https:\/\/www.kulturonline.tv\/post\/die-oper-des-21-jahrhunderts-in-virtual-reality\" data-pin-media=\"https:\/\/static.wixstatic.com\/media\/d1bfac_d19d657722104077848e8d6e9771a6c7~mv2.jpg\/v1\/fit\/w_1000{3856b621f8f9b12a9d7e530f990c7d312d5849aa5fb15fbaec4658ad8a578492}2Ch_1000{3856b621f8f9b12a9d7e530f990c7d312d5849aa5fb15fbaec4658ad8a578492}2Cal_c{3856b621f8f9b12a9d7e530f990c7d312d5849aa5fb15fbaec4658ad8a578492}2Cq_80\/file.jpg\" class=\"_5JW6l _2ERz3\" src=\"http:\/\/kulturonline.tv\/wp-content\/uploads\/2021\/06\/18_file.jpg\"><\/p>\n<p>Die Wiener Staatsoper lebt von opulenten Bildern: Masken, Kost\u00fcme und nat\u00fcrlich das B\u00fchnenbild entf\u00fchren das Publikum in die Welten von Figaro, Elektra und Madama Butterfly. Ein gutes B\u00fchnenbild muss dabei nicht nur die k\u00fcnstlerische Vision der Regie widerspiegeln, sondern vor allem funktional sein: Praktikabler Auf- und Abbau, intelligenter Einsatz von Hebe- und Drehb\u00fchnen, Flugmaschinen, Beleuchtung, gute Sichtachsen usw. m\u00fcssen bei der Planung immer mitbedacht werden. Keine leichte Aufgabe \u2013 weswegen in den \u201eBauproben\u201c diese Konstruktionen direkt auf der B\u00fchne mit Hilfe von Mock-ups genau geplant und kollaborativ entwickelt werden. Doch in der Oper ist die B\u00fchne die kostbarste Ressource und die Zeit f\u00fcr Bauproben darum knapp bemessen. Der Einsatz von Virtual Reality bietet hier eine kosteng\u00fcnstige und vergleichsweise unaufw\u00e4ndige Alternative, um losgel\u00f6st von der realen B\u00fchne die B\u00fchnengestaltung wie in Echt zu planen.<\/p>\n<p>In Zusammenarbeit mit dem Wiener Forschungsunternehmen VRVis Zentrum f\u00fcr Virtual Reality und Visualisierung hat die Wiener Staatsoper einen ersten Schritt gesetzt, um mit Virtual Reality-Technologie B\u00fchnengestaltung auf ein neues, digitales Level zu heben. Die virtuelle Welt soll zuk\u00fcnftig die k\u00fcnstlerischen Welten schneller und einfacher real werden lassen. Denn nicht nur in Zeiten von Corona ist es wichtig, notwendige Arbeitsabl\u00e4ufe zu \u00fcberdenken und zu optimieren.<\/p>\n<p>F\u00fcr dieses in \u00d6sterreich v\u00f6llig neue Projekt wurde die B\u00fchne und der Zuschauerraum der Wiener Staatsoper mit einem Laserscanner hochaufl\u00f6send aufgenommen und eine virtuelle Kopie angefertigt. Nun kann die Entwicklung eines B\u00fchnenbildes in Form von 3D-Modellen losgel\u00f6st von Zeit, Raum und Personal passieren. Au\u00dferdem k\u00f6nnen in Virtual Reality Feinheiten und Funktionalit\u00e4ten besser geplant sowie mehr Ideen ausprobiert werden. Und auch dar\u00fcber hinaus sieht Anton Fuhrmann, VR-Experte des VRVis, viele Vorteile.<\/p>\n<p>Kultur Online TV<\/p>\n","protected":false},"excerpt":{"rendered":"<p>Die Wiener Staatsoper setzt mit Hilfe des Forschungszentrums VRVis auf Virtual Reality und virtuelle B\u00fchnenplanung. Die Wiener Staatsoper lebt von opulenten Bildern: Masken, Kost\u00fcme und nat\u00fcrlich das B\u00fchnenbild entf\u00fchren das Publikum in die Welten von Figaro, Elektra und Madama Butterfly. Ein gutes B\u00fchnenbild muss dabei nicht nur die k\u00fcnstlerische Vision der Regie widerspiegeln, sondern vor [&hellip;]<\/p>\n","protected":false},"author":1,"featured_media":512,"comment_status":"closed","ping_status":"closed","sticky":false,"template":"","format":"standard","meta":{"_acf_changed":false,"footnotes":""},"categories":[3,1],"tags":[42,43,6],"class_list":["post-2086","post","type-post","status-publish","format-standard","has-post-thumbnail","hentry","category-newsflash","category-unkategorisiert","tag-oper","tag-virtuell","tag-kultur"],"acf":[],"yoast_head":"<!-- This site is optimized with the Yoast SEO plugin v26.1.1 - https:\/\/yoast.com\/wordpress\/plugins\/seo\/ -->\n<title>Die Oper des 21. B\u00fchnenbilder Virtual Reality - Kultur Online TV &amp; FM<\/title>\n<meta name=\"description\" content=\"Kultur sehen und H\u00f6ren\" \/>\n<meta name=\"robots\" content=\"index, follow, max-snippet:-1, max-image-preview:large, max-video-preview:-1\" \/>\n<link rel=\"canonical\" href=\"https:\/\/kulturonline.tv\/de\/die-oper-des-21-buehnenbilder-virtual-reality\/\" \/>\n<meta property=\"og:locale\" content=\"de_DE\" \/>\n<meta property=\"og:type\" content=\"article\" \/>\n<meta property=\"og:title\" content=\"Die Oper des 21. B\u00fchnenbilder Virtual Reality - Kultur Online TV &amp; FM\" \/>\n<meta property=\"og:description\" content=\"Kultur sehen und H\u00f6ren\" \/>\n<meta property=\"og:url\" content=\"https:\/\/kulturonline.tv\/de\/die-oper-des-21-buehnenbilder-virtual-reality\/\" \/>\n<meta property=\"og:site_name\" content=\"Kultur Online TV &amp; FM\" \/>\n<meta property=\"article:publisher\" content=\"https:\/\/www.facebook.com\/kulturonline.tv\" \/>\n<meta property=\"article:published_time\" content=\"2021-05-08T12:51:07+00:00\" \/>\n<meta property=\"article:modified_time\" content=\"2021-06-08T12:28:56+00:00\" \/>\n<meta property=\"og:image\" content=\"https:\/\/kulturonline.tv\/wp-content\/uploads\/2021\/06\/d1bfac_d19d657722104077848e8d6e9771a6c7~mv2.jpg\" \/>\n\t<meta property=\"og:image:width\" content=\"1912\" \/>\n\t<meta property=\"og:image:height\" content=\"1075\" \/>\n\t<meta property=\"og:image:type\" content=\"image\/jpeg\" \/>\n<meta name=\"author\" content=\"stefanrehbein\" \/>\n<meta name=\"twitter:card\" content=\"summary_large_image\" \/>\n<meta name=\"twitter:label1\" content=\"Verfasst von\" \/>\n\t<meta name=\"twitter:data1\" content=\"stefanrehbein\" \/>\n\t<meta name=\"twitter:label2\" content=\"Gesch\u00e4tzte Lesezeit\" \/>\n\t<meta name=\"twitter:data2\" content=\"2\u00a0Minuten\" \/>\n<script type=\"application\/ld+json\" class=\"yoast-schema-graph\">{\"@context\":\"https:\/\/schema.org\",\"@graph\":[{\"@type\":\"Article\",\"@id\":\"https:\/\/kulturonline.tv\/de\/die-oper-des-21-buehnenbilder-virtual-reality\/#article\",\"isPartOf\":{\"@id\":\"https:\/\/kulturonline.tv\/de\/die-oper-des-21-buehnenbilder-virtual-reality\/\"},\"author\":{\"name\":\"stefanrehbein\",\"@id\":\"https:\/\/kulturonline.tv\/de\/#\/schema\/person\/a1ae2833a59ac52fb9a01a676de7b600\"},\"headline\":\"Die Oper des 21. B\u00fchnenbilder Virtual Reality\",\"datePublished\":\"2021-05-08T12:51:07+00:00\",\"dateModified\":\"2021-06-08T12:28:56+00:00\",\"mainEntityOfPage\":{\"@id\":\"https:\/\/kulturonline.tv\/de\/die-oper-des-21-buehnenbilder-virtual-reality\/\"},\"wordCount\":323,\"publisher\":{\"@id\":\"https:\/\/kulturonline.tv\/de\/#organization\"},\"image\":{\"@id\":\"https:\/\/kulturonline.tv\/de\/die-oper-des-21-buehnenbilder-virtual-reality\/#primaryimage\"},\"thumbnailUrl\":\"https:\/\/kulturonline.tv\/wp-content\/uploads\/2021\/06\/d1bfac_d19d657722104077848e8d6e9771a6c7~mv2.jpg\",\"keywords\":[\"#oper\",\"#virtuell\",\"kultur\"],\"articleSection\":[\"Newsflash\",\"Unkategorisiert\"],\"inLanguage\":\"de\"},{\"@type\":\"WebPage\",\"@id\":\"https:\/\/kulturonline.tv\/de\/die-oper-des-21-buehnenbilder-virtual-reality\/\",\"url\":\"https:\/\/kulturonline.tv\/de\/die-oper-des-21-buehnenbilder-virtual-reality\/\",\"name\":\"Die Oper des 21. B\u00fchnenbilder Virtual Reality - Kultur Online TV &amp; FM\",\"isPartOf\":{\"@id\":\"https:\/\/kulturonline.tv\/de\/#website\"},\"primaryImageOfPage\":{\"@id\":\"https:\/\/kulturonline.tv\/de\/die-oper-des-21-buehnenbilder-virtual-reality\/#primaryimage\"},\"image\":{\"@id\":\"https:\/\/kulturonline.tv\/de\/die-oper-des-21-buehnenbilder-virtual-reality\/#primaryimage\"},\"thumbnailUrl\":\"https:\/\/kulturonline.tv\/wp-content\/uploads\/2021\/06\/d1bfac_d19d657722104077848e8d6e9771a6c7~mv2.jpg\",\"datePublished\":\"2021-05-08T12:51:07+00:00\",\"dateModified\":\"2021-06-08T12:28:56+00:00\",\"description\":\"Kultur sehen und H\u00f6ren\",\"breadcrumb\":{\"@id\":\"https:\/\/kulturonline.tv\/de\/die-oper-des-21-buehnenbilder-virtual-reality\/#breadcrumb\"},\"inLanguage\":\"de\",\"potentialAction\":[{\"@type\":\"ReadAction\",\"target\":[\"https:\/\/kulturonline.tv\/de\/die-oper-des-21-buehnenbilder-virtual-reality\/\"]}]},{\"@type\":\"ImageObject\",\"inLanguage\":\"de\",\"@id\":\"https:\/\/kulturonline.tv\/de\/die-oper-des-21-buehnenbilder-virtual-reality\/#primaryimage\",\"url\":\"https:\/\/kulturonline.tv\/wp-content\/uploads\/2021\/06\/d1bfac_d19d657722104077848e8d6e9771a6c7~mv2.jpg\",\"contentUrl\":\"https:\/\/kulturonline.tv\/wp-content\/uploads\/2021\/06\/d1bfac_d19d657722104077848e8d6e9771a6c7~mv2.jpg\",\"width\":1912,\"height\":1075},{\"@type\":\"BreadcrumbList\",\"@id\":\"https:\/\/kulturonline.tv\/de\/die-oper-des-21-buehnenbilder-virtual-reality\/#breadcrumb\",\"itemListElement\":[{\"@type\":\"ListItem\",\"position\":1,\"name\":\"Startseite\",\"item\":\"https:\/\/kulturonline.tv\/de\/\"},{\"@type\":\"ListItem\",\"position\":2,\"name\":\"Die Oper des 21. B\u00fchnenbilder Virtual Reality\"}]},{\"@type\":\"WebSite\",\"@id\":\"https:\/\/kulturonline.tv\/de\/#website\",\"url\":\"https:\/\/kulturonline.tv\/de\/\",\"name\":\"Kultur Online TV &amp; FM\",\"description\":\"Wir sind Kultur 2.0 zum sehen &amp; h\u00f6ren\",\"publisher\":{\"@id\":\"https:\/\/kulturonline.tv\/de\/#organization\"},\"potentialAction\":[{\"@type\":\"SearchAction\",\"target\":{\"@type\":\"EntryPoint\",\"urlTemplate\":\"https:\/\/kulturonline.tv\/de\/?s={search_term_string}\"},\"query-input\":{\"@type\":\"PropertyValueSpecification\",\"valueRequired\":true,\"valueName\":\"search_term_string\"}}],\"inLanguage\":\"de\"},{\"@type\":\"Organization\",\"@id\":\"https:\/\/kulturonline.tv\/de\/#organization\",\"name\":\"Kultur Online TV\",\"url\":\"https:\/\/kulturonline.tv\/de\/\",\"logo\":{\"@type\":\"ImageObject\",\"inLanguage\":\"de\",\"@id\":\"https:\/\/kulturonline.tv\/de\/#\/schema\/logo\/image\/\",\"url\":\"https:\/\/kulturonline.tv\/wp-content\/uploads\/2021\/08\/Kultur-Online-Tv-Logo-Endversion-neu.png\",\"contentUrl\":\"https:\/\/kulturonline.tv\/wp-content\/uploads\/2021\/08\/Kultur-Online-Tv-Logo-Endversion-neu.png\",\"width\":200,\"height\":200,\"caption\":\"Kultur Online TV\"},\"image\":{\"@id\":\"https:\/\/kulturonline.tv\/de\/#\/schema\/logo\/image\/\"},\"sameAs\":[\"https:\/\/www.facebook.com\/kulturonline.tv\",\"https:\/\/www.instagram.com\/kulturonline.tv\"]},{\"@type\":\"Person\",\"@id\":\"https:\/\/kulturonline.tv\/de\/#\/schema\/person\/a1ae2833a59ac52fb9a01a676de7b600\",\"name\":\"stefanrehbein\",\"sameAs\":[\"http:\/\/kulturonline.tv\"]}]}<\/script>\n<!-- \/ Yoast SEO plugin. -->","yoast_head_json":{"title":"Die Oper des 21. B\u00fchnenbilder Virtual Reality - Kultur Online TV &amp; FM","description":"Kultur sehen und H\u00f6ren","robots":{"index":"index","follow":"follow","max-snippet":"max-snippet:-1","max-image-preview":"max-image-preview:large","max-video-preview":"max-video-preview:-1"},"canonical":"https:\/\/kulturonline.tv\/de\/die-oper-des-21-buehnenbilder-virtual-reality\/","og_locale":"de_DE","og_type":"article","og_title":"Die Oper des 21. B\u00fchnenbilder Virtual Reality - Kultur Online TV &amp; FM","og_description":"Kultur sehen und H\u00f6ren","og_url":"https:\/\/kulturonline.tv\/de\/die-oper-des-21-buehnenbilder-virtual-reality\/","og_site_name":"Kultur Online TV &amp; FM","article_publisher":"https:\/\/www.facebook.com\/kulturonline.tv","article_published_time":"2021-05-08T12:51:07+00:00","article_modified_time":"2021-06-08T12:28:56+00:00","og_image":[{"width":1912,"height":1075,"url":"https:\/\/kulturonline.tv\/wp-content\/uploads\/2021\/06\/d1bfac_d19d657722104077848e8d6e9771a6c7~mv2.jpg","type":"image\/jpeg"}],"author":"stefanrehbein","twitter_card":"summary_large_image","twitter_misc":{"Verfasst von":"stefanrehbein","Gesch\u00e4tzte Lesezeit":"2\u00a0Minuten"},"schema":{"@context":"https:\/\/schema.org","@graph":[{"@type":"Article","@id":"https:\/\/kulturonline.tv\/de\/die-oper-des-21-buehnenbilder-virtual-reality\/#article","isPartOf":{"@id":"https:\/\/kulturonline.tv\/de\/die-oper-des-21-buehnenbilder-virtual-reality\/"},"author":{"name":"stefanrehbein","@id":"https:\/\/kulturonline.tv\/de\/#\/schema\/person\/a1ae2833a59ac52fb9a01a676de7b600"},"headline":"Die Oper des 21. B\u00fchnenbilder Virtual Reality","datePublished":"2021-05-08T12:51:07+00:00","dateModified":"2021-06-08T12:28:56+00:00","mainEntityOfPage":{"@id":"https:\/\/kulturonline.tv\/de\/die-oper-des-21-buehnenbilder-virtual-reality\/"},"wordCount":323,"publisher":{"@id":"https:\/\/kulturonline.tv\/de\/#organization"},"image":{"@id":"https:\/\/kulturonline.tv\/de\/die-oper-des-21-buehnenbilder-virtual-reality\/#primaryimage"},"thumbnailUrl":"https:\/\/kulturonline.tv\/wp-content\/uploads\/2021\/06\/d1bfac_d19d657722104077848e8d6e9771a6c7~mv2.jpg","keywords":["#oper","#virtuell","kultur"],"articleSection":["Newsflash","Unkategorisiert"],"inLanguage":"de"},{"@type":"WebPage","@id":"https:\/\/kulturonline.tv\/de\/die-oper-des-21-buehnenbilder-virtual-reality\/","url":"https:\/\/kulturonline.tv\/de\/die-oper-des-21-buehnenbilder-virtual-reality\/","name":"Die Oper des 21. B\u00fchnenbilder Virtual Reality - Kultur Online TV &amp; FM","isPartOf":{"@id":"https:\/\/kulturonline.tv\/de\/#website"},"primaryImageOfPage":{"@id":"https:\/\/kulturonline.tv\/de\/die-oper-des-21-buehnenbilder-virtual-reality\/#primaryimage"},"image":{"@id":"https:\/\/kulturonline.tv\/de\/die-oper-des-21-buehnenbilder-virtual-reality\/#primaryimage"},"thumbnailUrl":"https:\/\/kulturonline.tv\/wp-content\/uploads\/2021\/06\/d1bfac_d19d657722104077848e8d6e9771a6c7~mv2.jpg","datePublished":"2021-05-08T12:51:07+00:00","dateModified":"2021-06-08T12:28:56+00:00","description":"Kultur sehen und H\u00f6ren","breadcrumb":{"@id":"https:\/\/kulturonline.tv\/de\/die-oper-des-21-buehnenbilder-virtual-reality\/#breadcrumb"},"inLanguage":"de","potentialAction":[{"@type":"ReadAction","target":["https:\/\/kulturonline.tv\/de\/die-oper-des-21-buehnenbilder-virtual-reality\/"]}]},{"@type":"ImageObject","inLanguage":"de","@id":"https:\/\/kulturonline.tv\/de\/die-oper-des-21-buehnenbilder-virtual-reality\/#primaryimage","url":"https:\/\/kulturonline.tv\/wp-content\/uploads\/2021\/06\/d1bfac_d19d657722104077848e8d6e9771a6c7~mv2.jpg","contentUrl":"https:\/\/kulturonline.tv\/wp-content\/uploads\/2021\/06\/d1bfac_d19d657722104077848e8d6e9771a6c7~mv2.jpg","width":1912,"height":1075},{"@type":"BreadcrumbList","@id":"https:\/\/kulturonline.tv\/de\/die-oper-des-21-buehnenbilder-virtual-reality\/#breadcrumb","itemListElement":[{"@type":"ListItem","position":1,"name":"Startseite","item":"https:\/\/kulturonline.tv\/de\/"},{"@type":"ListItem","position":2,"name":"Die Oper des 21. B\u00fchnenbilder Virtual Reality"}]},{"@type":"WebSite","@id":"https:\/\/kulturonline.tv\/de\/#website","url":"https:\/\/kulturonline.tv\/de\/","name":"Kultur Online TV &amp; FM","description":"Wir sind Kultur 2.0 zum sehen &amp; h\u00f6ren","publisher":{"@id":"https:\/\/kulturonline.tv\/de\/#organization"},"potentialAction":[{"@type":"SearchAction","target":{"@type":"EntryPoint","urlTemplate":"https:\/\/kulturonline.tv\/de\/?s={search_term_string}"},"query-input":{"@type":"PropertyValueSpecification","valueRequired":true,"valueName":"search_term_string"}}],"inLanguage":"de"},{"@type":"Organization","@id":"https:\/\/kulturonline.tv\/de\/#organization","name":"Kultur Online TV","url":"https:\/\/kulturonline.tv\/de\/","logo":{"@type":"ImageObject","inLanguage":"de","@id":"https:\/\/kulturonline.tv\/de\/#\/schema\/logo\/image\/","url":"https:\/\/kulturonline.tv\/wp-content\/uploads\/2021\/08\/Kultur-Online-Tv-Logo-Endversion-neu.png","contentUrl":"https:\/\/kulturonline.tv\/wp-content\/uploads\/2021\/08\/Kultur-Online-Tv-Logo-Endversion-neu.png","width":200,"height":200,"caption":"Kultur Online TV"},"image":{"@id":"https:\/\/kulturonline.tv\/de\/#\/schema\/logo\/image\/"},"sameAs":["https:\/\/www.facebook.com\/kulturonline.tv","https:\/\/www.instagram.com\/kulturonline.tv"]},{"@type":"Person","@id":"https:\/\/kulturonline.tv\/de\/#\/schema\/person\/a1ae2833a59ac52fb9a01a676de7b600","name":"stefanrehbein","sameAs":["http:\/\/kulturonline.tv"]}]}},"_links":{"self":[{"href":"https:\/\/kulturonline.tv\/de\/wp-json\/wp\/v2\/posts\/2086","targetHints":{"allow":["GET"]}}],"collection":[{"href":"https:\/\/kulturonline.tv\/de\/wp-json\/wp\/v2\/posts"}],"about":[{"href":"https:\/\/kulturonline.tv\/de\/wp-json\/wp\/v2\/types\/post"}],"author":[{"embeddable":true,"href":"https:\/\/kulturonline.tv\/de\/wp-json\/wp\/v2\/users\/1"}],"replies":[{"embeddable":true,"href":"https:\/\/kulturonline.tv\/de\/wp-json\/wp\/v2\/comments?post=2086"}],"version-history":[{"count":0,"href":"https:\/\/kulturonline.tv\/de\/wp-json\/wp\/v2\/posts\/2086\/revisions"}],"wp:featuredmedia":[{"embeddable":true,"href":"https:\/\/kulturonline.tv\/de\/wp-json\/wp\/v2\/media\/512"}],"wp:attachment":[{"href":"https:\/\/kulturonline.tv\/de\/wp-json\/wp\/v2\/media?parent=2086"}],"wp:term":[{"taxonomy":"category","embeddable":true,"href":"https:\/\/kulturonline.tv\/de\/wp-json\/wp\/v2\/categories?post=2086"},{"taxonomy":"post_tag","embeddable":true,"href":"https:\/\/kulturonline.tv\/de\/wp-json\/wp\/v2\/tags?post=2086"}],"curies":[{"name":"wp","href":"https:\/\/api.w.org\/{rel}","templated":true}]}}