{"id":2092,"date":"2021-05-03T06:55:04","date_gmt":"2021-05-03T04:55:04","guid":{"rendered":"http:\/\/kulturonline.tv\/uncategorized\/internationales-trickfilmfestival-online"},"modified":"2021-06-10T16:50:23","modified_gmt":"2021-06-10T14:50:23","slug":"internationales-trickfilmfestival-online","status":"publish","type":"post","link":"https:\/\/kulturonline.tv\/de\/internationales-trickfilmfestival-online\/","title":{"rendered":"Internationales Trickfilmfestival  online"},"content":{"rendered":"<p>Die Corona-Krise hat der Animations- und Gamesbranche im Gegensatz zu anderen Branchen nicht geschadet.<\/p>\n<p><img decoding=\"async\" aria-hidden=\"true\" data-pin-url=\"https:\/\/www.kulturonline.tv\/post\/internationales-trickfilmfestival-online\" data-pin-media=\"https:\/\/static.wixstatic.com\/media\/d1bfac_db1b95bab762402a977f1f4bfe4a155a~mv2.jpg\/v1\/fit\/w_600{3856b621f8f9b12a9d7e530f990c7d312d5849aa5fb15fbaec4658ad8a578492}2Ch_337{3856b621f8f9b12a9d7e530f990c7d312d5849aa5fb15fbaec4658ad8a578492}2Cal_c{3856b621f8f9b12a9d7e530f990c7d312d5849aa5fb15fbaec4658ad8a578492}2Cq_80\/file.jpg\" class=\"_5JW6l _2ERz3\" src=\"http:\/\/kulturonline.tv\/wp-content\/uploads\/2021\/06\/23_file.jpg\"><\/p>\n<p>Das Trickfilm-Festival sollte urspr\u00fcnglich vom 4. bis zum 9. Mai live stattfinden. Nun wird es eine &#8220;digitale Version&#8221; der Veranstaltung im selben Zeitraum geben. Wettbewerbsbeitr\u00e4ge sollen unter anderem als Stream abrufbar sein. Auf den verschiedenen Plattformen stehen insgesamt mehr als 400 Filme auf dem Programm, darunter etwa 20 Langfilme. Dazu z\u00e4hlen im frei verf\u00fcgbaren Live-Stream die animierte Verfilmung von Mozarts &#8220;Zauberfl\u00f6te&#8221; sowie &#8220;Heidi&#8221; und &#8220;Die Biene Maja&#8221;. Gezeigt werden zudem zahlreiche Deutschlandpremieren wie der Puppentrickfilm &#8220;Strike&#8221; aus Gro\u00dfbritannien oder &#8220;Petit Vampire&#8221; aus Belgien\/Frankreich sowie der oscarnominierte Klassiker &#8220;Das gro\u00dfe Rennen von Belleville&#8221;.<\/p>\n","protected":false},"excerpt":{"rendered":"<p>Die Corona-Krise hat der Animations- und Gamesbranche im Gegensatz zu anderen Branchen nicht geschadet. Das Trickfilm-Festival sollte urspr\u00fcnglich vom 4. bis zum 9. Mai live stattfinden. Nun wird es eine &#8220;digitale Version&#8221; der Veranstaltung im selben Zeitraum geben. Wettbewerbsbeitr\u00e4ge sollen unter anderem als Stream abrufbar sein. Auf den verschiedenen Plattformen stehen insgesamt mehr als 400 [&hellip;]<\/p>\n","protected":false},"author":1,"featured_media":525,"comment_status":"closed","ping_status":"closed","sticky":false,"template":"","format":"standard","meta":{"_acf_changed":false,"footnotes":""},"categories":[3],"tags":[32,29,49,6],"class_list":["post-2092","post","type-post","status-publish","format-standard","has-post-thumbnail","hentry","category-newsflash","tag-film","tag-kunst","tag-trickfilm","tag-kultur"],"acf":[],"yoast_head":"<!-- This site is optimized with the Yoast SEO plugin v26.1.1 - https:\/\/yoast.com\/wordpress\/plugins\/seo\/ -->\n<title>Internationales Trickfilmfestival online - Kultur Online TV &amp; FM<\/title>\n<meta name=\"description\" content=\"Kultur sehen und H\u00f6ren\" \/>\n<meta name=\"robots\" content=\"index, follow, max-snippet:-1, max-image-preview:large, max-video-preview:-1\" \/>\n<link rel=\"canonical\" href=\"https:\/\/kulturonline.tv\/de\/internationales-trickfilmfestival-online\/\" \/>\n<meta property=\"og:locale\" content=\"de_DE\" \/>\n<meta property=\"og:type\" content=\"article\" \/>\n<meta property=\"og:title\" content=\"Internationales Trickfilmfestival online - Kultur Online TV &amp; FM\" \/>\n<meta property=\"og:description\" content=\"Kultur sehen und H\u00f6ren\" \/>\n<meta property=\"og:url\" content=\"https:\/\/kulturonline.tv\/de\/internationales-trickfilmfestival-online\/\" \/>\n<meta property=\"og:site_name\" content=\"Kultur Online TV &amp; FM\" \/>\n<meta property=\"article:publisher\" content=\"https:\/\/www.facebook.com\/kulturonline.tv\" \/>\n<meta property=\"article:published_time\" content=\"2021-05-03T04:55:04+00:00\" \/>\n<meta property=\"article:modified_time\" content=\"2021-06-10T14:50:23+00:00\" \/>\n<meta property=\"og:image\" content=\"https:\/\/kulturonline.tv\/wp-content\/uploads\/2021\/06\/d1bfac_db1b95bab762402a977f1f4bfe4a155a~mv2.jpg\" \/>\n\t<meta property=\"og:image:width\" content=\"600\" \/>\n\t<meta property=\"og:image:height\" content=\"337\" \/>\n\t<meta property=\"og:image:type\" content=\"image\/jpeg\" \/>\n<meta name=\"author\" content=\"stefanrehbein\" \/>\n<meta name=\"twitter:card\" content=\"summary_large_image\" \/>\n<meta name=\"twitter:label1\" content=\"Verfasst von\" \/>\n\t<meta name=\"twitter:data1\" content=\"stefanrehbein\" \/>\n\t<meta name=\"twitter:label2\" content=\"Gesch\u00e4tzte Lesezeit\" \/>\n\t<meta name=\"twitter:data2\" content=\"1\u00a0Minute\" \/>\n<script type=\"application\/ld+json\" class=\"yoast-schema-graph\">{\"@context\":\"https:\/\/schema.org\",\"@graph\":[{\"@type\":\"Article\",\"@id\":\"https:\/\/kulturonline.tv\/de\/internationales-trickfilmfestival-online\/#article\",\"isPartOf\":{\"@id\":\"https:\/\/kulturonline.tv\/de\/internationales-trickfilmfestival-online\/\"},\"author\":{\"name\":\"stefanrehbein\",\"@id\":\"https:\/\/kulturonline.tv\/de\/#\/schema\/person\/a1ae2833a59ac52fb9a01a676de7b600\"},\"headline\":\"Internationales Trickfilmfestival online\",\"datePublished\":\"2021-05-03T04:55:04+00:00\",\"dateModified\":\"2021-06-10T14:50:23+00:00\",\"mainEntityOfPage\":{\"@id\":\"https:\/\/kulturonline.tv\/de\/internationales-trickfilmfestival-online\/\"},\"wordCount\":113,\"publisher\":{\"@id\":\"https:\/\/kulturonline.tv\/de\/#organization\"},\"image\":{\"@id\":\"https:\/\/kulturonline.tv\/de\/internationales-trickfilmfestival-online\/#primaryimage\"},\"thumbnailUrl\":\"https:\/\/kulturonline.tv\/wp-content\/uploads\/2021\/06\/d1bfac_db1b95bab762402a977f1f4bfe4a155a~mv2.jpg\",\"keywords\":[\"#film\",\"#kunst\",\"#trickfilm\",\"kultur\"],\"articleSection\":[\"Newsflash\"],\"inLanguage\":\"de\"},{\"@type\":\"WebPage\",\"@id\":\"https:\/\/kulturonline.tv\/de\/internationales-trickfilmfestival-online\/\",\"url\":\"https:\/\/kulturonline.tv\/de\/internationales-trickfilmfestival-online\/\",\"name\":\"Internationales Trickfilmfestival online - Kultur Online TV &amp; FM\",\"isPartOf\":{\"@id\":\"https:\/\/kulturonline.tv\/de\/#website\"},\"primaryImageOfPage\":{\"@id\":\"https:\/\/kulturonline.tv\/de\/internationales-trickfilmfestival-online\/#primaryimage\"},\"image\":{\"@id\":\"https:\/\/kulturonline.tv\/de\/internationales-trickfilmfestival-online\/#primaryimage\"},\"thumbnailUrl\":\"https:\/\/kulturonline.tv\/wp-content\/uploads\/2021\/06\/d1bfac_db1b95bab762402a977f1f4bfe4a155a~mv2.jpg\",\"datePublished\":\"2021-05-03T04:55:04+00:00\",\"dateModified\":\"2021-06-10T14:50:23+00:00\",\"description\":\"Kultur sehen und H\u00f6ren\",\"breadcrumb\":{\"@id\":\"https:\/\/kulturonline.tv\/de\/internationales-trickfilmfestival-online\/#breadcrumb\"},\"inLanguage\":\"de\",\"potentialAction\":[{\"@type\":\"ReadAction\",\"target\":[\"https:\/\/kulturonline.tv\/de\/internationales-trickfilmfestival-online\/\"]}]},{\"@type\":\"ImageObject\",\"inLanguage\":\"de\",\"@id\":\"https:\/\/kulturonline.tv\/de\/internationales-trickfilmfestival-online\/#primaryimage\",\"url\":\"https:\/\/kulturonline.tv\/wp-content\/uploads\/2021\/06\/d1bfac_db1b95bab762402a977f1f4bfe4a155a~mv2.jpg\",\"contentUrl\":\"https:\/\/kulturonline.tv\/wp-content\/uploads\/2021\/06\/d1bfac_db1b95bab762402a977f1f4bfe4a155a~mv2.jpg\",\"width\":600,\"height\":337},{\"@type\":\"BreadcrumbList\",\"@id\":\"https:\/\/kulturonline.tv\/de\/internationales-trickfilmfestival-online\/#breadcrumb\",\"itemListElement\":[{\"@type\":\"ListItem\",\"position\":1,\"name\":\"Startseite\",\"item\":\"https:\/\/kulturonline.tv\/de\/\"},{\"@type\":\"ListItem\",\"position\":2,\"name\":\"Internationales Trickfilmfestival online\"}]},{\"@type\":\"WebSite\",\"@id\":\"https:\/\/kulturonline.tv\/de\/#website\",\"url\":\"https:\/\/kulturonline.tv\/de\/\",\"name\":\"Kultur Online TV &amp; FM\",\"description\":\"Wir sind Kultur 2.0 zum sehen &amp; h\u00f6ren\",\"publisher\":{\"@id\":\"https:\/\/kulturonline.tv\/de\/#organization\"},\"potentialAction\":[{\"@type\":\"SearchAction\",\"target\":{\"@type\":\"EntryPoint\",\"urlTemplate\":\"https:\/\/kulturonline.tv\/de\/?s={search_term_string}\"},\"query-input\":{\"@type\":\"PropertyValueSpecification\",\"valueRequired\":true,\"valueName\":\"search_term_string\"}}],\"inLanguage\":\"de\"},{\"@type\":\"Organization\",\"@id\":\"https:\/\/kulturonline.tv\/de\/#organization\",\"name\":\"Kultur Online TV\",\"url\":\"https:\/\/kulturonline.tv\/de\/\",\"logo\":{\"@type\":\"ImageObject\",\"inLanguage\":\"de\",\"@id\":\"https:\/\/kulturonline.tv\/de\/#\/schema\/logo\/image\/\",\"url\":\"https:\/\/kulturonline.tv\/wp-content\/uploads\/2021\/08\/Kultur-Online-Tv-Logo-Endversion-neu.png\",\"contentUrl\":\"https:\/\/kulturonline.tv\/wp-content\/uploads\/2021\/08\/Kultur-Online-Tv-Logo-Endversion-neu.png\",\"width\":200,\"height\":200,\"caption\":\"Kultur Online TV\"},\"image\":{\"@id\":\"https:\/\/kulturonline.tv\/de\/#\/schema\/logo\/image\/\"},\"sameAs\":[\"https:\/\/www.facebook.com\/kulturonline.tv\",\"https:\/\/www.instagram.com\/kulturonline.tv\"]},{\"@type\":\"Person\",\"@id\":\"https:\/\/kulturonline.tv\/de\/#\/schema\/person\/a1ae2833a59ac52fb9a01a676de7b600\",\"name\":\"stefanrehbein\",\"sameAs\":[\"http:\/\/kulturonline.tv\"]}]}<\/script>\n<!-- \/ Yoast SEO plugin. -->","yoast_head_json":{"title":"Internationales Trickfilmfestival online - Kultur Online TV &amp; FM","description":"Kultur sehen und H\u00f6ren","robots":{"index":"index","follow":"follow","max-snippet":"max-snippet:-1","max-image-preview":"max-image-preview:large","max-video-preview":"max-video-preview:-1"},"canonical":"https:\/\/kulturonline.tv\/de\/internationales-trickfilmfestival-online\/","og_locale":"de_DE","og_type":"article","og_title":"Internationales Trickfilmfestival online - Kultur Online TV &amp; FM","og_description":"Kultur sehen und H\u00f6ren","og_url":"https:\/\/kulturonline.tv\/de\/internationales-trickfilmfestival-online\/","og_site_name":"Kultur Online TV &amp; FM","article_publisher":"https:\/\/www.facebook.com\/kulturonline.tv","article_published_time":"2021-05-03T04:55:04+00:00","article_modified_time":"2021-06-10T14:50:23+00:00","og_image":[{"width":600,"height":337,"url":"https:\/\/kulturonline.tv\/wp-content\/uploads\/2021\/06\/d1bfac_db1b95bab762402a977f1f4bfe4a155a~mv2.jpg","type":"image\/jpeg"}],"author":"stefanrehbein","twitter_card":"summary_large_image","twitter_misc":{"Verfasst von":"stefanrehbein","Gesch\u00e4tzte Lesezeit":"1\u00a0Minute"},"schema":{"@context":"https:\/\/schema.org","@graph":[{"@type":"Article","@id":"https:\/\/kulturonline.tv\/de\/internationales-trickfilmfestival-online\/#article","isPartOf":{"@id":"https:\/\/kulturonline.tv\/de\/internationales-trickfilmfestival-online\/"},"author":{"name":"stefanrehbein","@id":"https:\/\/kulturonline.tv\/de\/#\/schema\/person\/a1ae2833a59ac52fb9a01a676de7b600"},"headline":"Internationales Trickfilmfestival online","datePublished":"2021-05-03T04:55:04+00:00","dateModified":"2021-06-10T14:50:23+00:00","mainEntityOfPage":{"@id":"https:\/\/kulturonline.tv\/de\/internationales-trickfilmfestival-online\/"},"wordCount":113,"publisher":{"@id":"https:\/\/kulturonline.tv\/de\/#organization"},"image":{"@id":"https:\/\/kulturonline.tv\/de\/internationales-trickfilmfestival-online\/#primaryimage"},"thumbnailUrl":"https:\/\/kulturonline.tv\/wp-content\/uploads\/2021\/06\/d1bfac_db1b95bab762402a977f1f4bfe4a155a~mv2.jpg","keywords":["#film","#kunst","#trickfilm","kultur"],"articleSection":["Newsflash"],"inLanguage":"de"},{"@type":"WebPage","@id":"https:\/\/kulturonline.tv\/de\/internationales-trickfilmfestival-online\/","url":"https:\/\/kulturonline.tv\/de\/internationales-trickfilmfestival-online\/","name":"Internationales Trickfilmfestival online - Kultur Online TV &amp; FM","isPartOf":{"@id":"https:\/\/kulturonline.tv\/de\/#website"},"primaryImageOfPage":{"@id":"https:\/\/kulturonline.tv\/de\/internationales-trickfilmfestival-online\/#primaryimage"},"image":{"@id":"https:\/\/kulturonline.tv\/de\/internationales-trickfilmfestival-online\/#primaryimage"},"thumbnailUrl":"https:\/\/kulturonline.tv\/wp-content\/uploads\/2021\/06\/d1bfac_db1b95bab762402a977f1f4bfe4a155a~mv2.jpg","datePublished":"2021-05-03T04:55:04+00:00","dateModified":"2021-06-10T14:50:23+00:00","description":"Kultur sehen und H\u00f6ren","breadcrumb":{"@id":"https:\/\/kulturonline.tv\/de\/internationales-trickfilmfestival-online\/#breadcrumb"},"inLanguage":"de","potentialAction":[{"@type":"ReadAction","target":["https:\/\/kulturonline.tv\/de\/internationales-trickfilmfestival-online\/"]}]},{"@type":"ImageObject","inLanguage":"de","@id":"https:\/\/kulturonline.tv\/de\/internationales-trickfilmfestival-online\/#primaryimage","url":"https:\/\/kulturonline.tv\/wp-content\/uploads\/2021\/06\/d1bfac_db1b95bab762402a977f1f4bfe4a155a~mv2.jpg","contentUrl":"https:\/\/kulturonline.tv\/wp-content\/uploads\/2021\/06\/d1bfac_db1b95bab762402a977f1f4bfe4a155a~mv2.jpg","width":600,"height":337},{"@type":"BreadcrumbList","@id":"https:\/\/kulturonline.tv\/de\/internationales-trickfilmfestival-online\/#breadcrumb","itemListElement":[{"@type":"ListItem","position":1,"name":"Startseite","item":"https:\/\/kulturonline.tv\/de\/"},{"@type":"ListItem","position":2,"name":"Internationales Trickfilmfestival online"}]},{"@type":"WebSite","@id":"https:\/\/kulturonline.tv\/de\/#website","url":"https:\/\/kulturonline.tv\/de\/","name":"Kultur Online TV &amp; FM","description":"Wir sind Kultur 2.0 zum sehen &amp; h\u00f6ren","publisher":{"@id":"https:\/\/kulturonline.tv\/de\/#organization"},"potentialAction":[{"@type":"SearchAction","target":{"@type":"EntryPoint","urlTemplate":"https:\/\/kulturonline.tv\/de\/?s={search_term_string}"},"query-input":{"@type":"PropertyValueSpecification","valueRequired":true,"valueName":"search_term_string"}}],"inLanguage":"de"},{"@type":"Organization","@id":"https:\/\/kulturonline.tv\/de\/#organization","name":"Kultur Online TV","url":"https:\/\/kulturonline.tv\/de\/","logo":{"@type":"ImageObject","inLanguage":"de","@id":"https:\/\/kulturonline.tv\/de\/#\/schema\/logo\/image\/","url":"https:\/\/kulturonline.tv\/wp-content\/uploads\/2021\/08\/Kultur-Online-Tv-Logo-Endversion-neu.png","contentUrl":"https:\/\/kulturonline.tv\/wp-content\/uploads\/2021\/08\/Kultur-Online-Tv-Logo-Endversion-neu.png","width":200,"height":200,"caption":"Kultur Online TV"},"image":{"@id":"https:\/\/kulturonline.tv\/de\/#\/schema\/logo\/image\/"},"sameAs":["https:\/\/www.facebook.com\/kulturonline.tv","https:\/\/www.instagram.com\/kulturonline.tv"]},{"@type":"Person","@id":"https:\/\/kulturonline.tv\/de\/#\/schema\/person\/a1ae2833a59ac52fb9a01a676de7b600","name":"stefanrehbein","sameAs":["http:\/\/kulturonline.tv"]}]}},"_links":{"self":[{"href":"https:\/\/kulturonline.tv\/de\/wp-json\/wp\/v2\/posts\/2092","targetHints":{"allow":["GET"]}}],"collection":[{"href":"https:\/\/kulturonline.tv\/de\/wp-json\/wp\/v2\/posts"}],"about":[{"href":"https:\/\/kulturonline.tv\/de\/wp-json\/wp\/v2\/types\/post"}],"author":[{"embeddable":true,"href":"https:\/\/kulturonline.tv\/de\/wp-json\/wp\/v2\/users\/1"}],"replies":[{"embeddable":true,"href":"https:\/\/kulturonline.tv\/de\/wp-json\/wp\/v2\/comments?post=2092"}],"version-history":[{"count":0,"href":"https:\/\/kulturonline.tv\/de\/wp-json\/wp\/v2\/posts\/2092\/revisions"}],"wp:featuredmedia":[{"embeddable":true,"href":"https:\/\/kulturonline.tv\/de\/wp-json\/wp\/v2\/media\/525"}],"wp:attachment":[{"href":"https:\/\/kulturonline.tv\/de\/wp-json\/wp\/v2\/media?parent=2092"}],"wp:term":[{"taxonomy":"category","embeddable":true,"href":"https:\/\/kulturonline.tv\/de\/wp-json\/wp\/v2\/categories?post=2092"},{"taxonomy":"post_tag","embeddable":true,"href":"https:\/\/kulturonline.tv\/de\/wp-json\/wp\/v2\/tags?post=2092"}],"curies":[{"name":"wp","href":"https:\/\/api.w.org\/{rel}","templated":true}]}}