{"id":2096,"date":"2021-04-20T13:40:55","date_gmt":"2021-04-20T11:40:55","guid":{"rendered":"http:\/\/kulturonline.tv\/uncategorized\/radiosender-startet-aktion-fuer-die-kulturbranche"},"modified":"2021-06-08T14:28:57","modified_gmt":"2021-06-08T12:28:57","slug":"radiosender-startet-aktion-fuer-die-kulturbranche","status":"publish","type":"post","link":"https:\/\/kulturonline.tv\/de\/radiosender-startet-aktion-fuer-die-kulturbranche\/","title":{"rendered":"Radiosender startet Aktion f\u00fcr die Kulturbranche"},"content":{"rendered":"<p>Ab sofort kann jeder BerlinerIn beim Einkauf im Supermarkt die leidende Kulturbranche unterst\u00fctzen! Einfach Leergut mitnehmen und vor Ort abgeben und dann den Pfandbon in die Spendenbox neben den Flaschenautomaten stecken &#8211; fertig! Jeder Cent hilft.<\/p>\n<p><img decoding=\"async\" aria-hidden=\"true\" data-pin-url=\"https:\/\/www.kulturonline.tv\/post\/radiosender-startet-aktion-f\u00fcr-die-kulturbranche\" data-pin-media=\"https:\/\/static.wixstatic.com\/media\/d1bfac_a209f142f63141e98ea6de2764584755~mv2.jpg\/v1\/fit\/w_1000{3856b621f8f9b12a9d7e530f990c7d312d5849aa5fb15fbaec4658ad8a578492}2Ch_853{3856b621f8f9b12a9d7e530f990c7d312d5849aa5fb15fbaec4658ad8a578492}2Cal_c{3856b621f8f9b12a9d7e530f990c7d312d5849aa5fb15fbaec4658ad8a578492}2Cq_80\/file.jpg\" class=\"_5JW6l _2ERz3\" src=\"http:\/\/kulturonline.tv\/wp-content\/uploads\/2021\/06\/27_file.jpg\"><\/p>\n<p>Corona hat die Kulturbranche hart getroffen und ein Ende ist angesichts der steigenden Zahlen in der dritten Welle nicht abzusehen. Zigtausende Kulturschaffende bangen um ihre Existenz! Damit auch nach Corona wieder Konzerte, Theaterbesuche und Live-Events m\u00f6glich sind, ist es uns ein Anliegen jetzt schnell zu helfen! Gemeinsam mit unserem Verein H\u00f6rer helfen e.V. und REWE sammeln wir Geld in Form von Pfandbons, um die Kulturbranche am Leben zu erhalten.<\/p>\n<p>Der Erl\u00f6s aller eingesammelten Pfandbons geht an den Kulturschatz e.V., der K\u00fcnstler, Musiker, Schauspieler, Produzenten, Kost\u00fcmbildner, Make-Up-Artists, B\u00fchnenbauer, Techniker und viele mehr direkt und unb\u00fcrokratisch unterst\u00fctzt.<\/p>\n<p>Alle Infos und die teilnehmenden REWE-Filialen unter:<\/p>\n<p>www.spreeradio.de\/gemeinsam-helfen<\/p>\n<p>Kultur Online TV<\/p>\n","protected":false},"excerpt":{"rendered":"<p>Ab sofort kann jeder BerlinerIn beim Einkauf im Supermarkt die leidende Kulturbranche unterst\u00fctzen! Einfach Leergut mitnehmen und vor Ort abgeben und dann den Pfandbon in die Spendenbox neben den Flaschenautomaten stecken &#8211; fertig! Jeder Cent hilft. Corona hat die Kulturbranche hart getroffen und ein Ende ist angesichts der steigenden Zahlen in der dritten Welle nicht [&hellip;]<\/p>\n","protected":false},"author":1,"featured_media":533,"comment_status":"closed","ping_status":"closed","sticky":false,"template":"","format":"standard","meta":{"_acf_changed":false,"footnotes":""},"categories":[3,1],"tags":[54,53,55,6],"class_list":["post-2096","post","type-post","status-publish","format-standard","has-post-thumbnail","hentry","category-newsflash","category-unkategorisiert","tag-pfand","tag-radio","tag-spenden","tag-kultur"],"acf":[],"yoast_head":"<!-- This site is optimized with the Yoast SEO plugin v26.1.1 - https:\/\/yoast.com\/wordpress\/plugins\/seo\/ -->\n<title>Radiosender startet Aktion f\u00fcr die Kulturbranche - Kultur Online TV &amp; FM<\/title>\n<meta name=\"description\" content=\"Kultur sehen und H\u00f6ren\" \/>\n<meta name=\"robots\" content=\"index, follow, max-snippet:-1, max-image-preview:large, max-video-preview:-1\" \/>\n<link rel=\"canonical\" href=\"https:\/\/kulturonline.tv\/de\/radiosender-startet-aktion-fuer-die-kulturbranche\/\" \/>\n<meta property=\"og:locale\" content=\"de_DE\" \/>\n<meta property=\"og:type\" content=\"article\" \/>\n<meta property=\"og:title\" content=\"Radiosender startet Aktion f\u00fcr die Kulturbranche - Kultur Online TV &amp; FM\" \/>\n<meta property=\"og:description\" content=\"Kultur sehen und H\u00f6ren\" \/>\n<meta property=\"og:url\" content=\"https:\/\/kulturonline.tv\/de\/radiosender-startet-aktion-fuer-die-kulturbranche\/\" \/>\n<meta property=\"og:site_name\" content=\"Kultur Online TV &amp; FM\" \/>\n<meta property=\"article:publisher\" content=\"https:\/\/www.facebook.com\/kulturonline.tv\" \/>\n<meta property=\"article:published_time\" content=\"2021-04-20T11:40:55+00:00\" \/>\n<meta property=\"article:modified_time\" content=\"2021-06-08T12:28:57+00:00\" \/>\n<meta property=\"og:image\" content=\"https:\/\/kulturonline.tv\/wp-content\/uploads\/2021\/06\/d1bfac_a209f142f63141e98ea6de2764584755~mv2.jpg\" \/>\n\t<meta property=\"og:image:width\" content=\"1280\" \/>\n\t<meta property=\"og:image:height\" content=\"853\" \/>\n\t<meta property=\"og:image:type\" content=\"image\/jpeg\" \/>\n<meta name=\"author\" content=\"stefanrehbein\" \/>\n<meta name=\"twitter:card\" content=\"summary_large_image\" \/>\n<meta name=\"twitter:label1\" content=\"Verfasst von\" \/>\n\t<meta name=\"twitter:data1\" content=\"stefanrehbein\" \/>\n\t<meta name=\"twitter:label2\" content=\"Gesch\u00e4tzte Lesezeit\" \/>\n\t<meta name=\"twitter:data2\" content=\"1\u00a0Minute\" \/>\n<script type=\"application\/ld+json\" class=\"yoast-schema-graph\">{\"@context\":\"https:\/\/schema.org\",\"@graph\":[{\"@type\":\"Article\",\"@id\":\"https:\/\/kulturonline.tv\/de\/radiosender-startet-aktion-fuer-die-kulturbranche\/#article\",\"isPartOf\":{\"@id\":\"https:\/\/kulturonline.tv\/de\/radiosender-startet-aktion-fuer-die-kulturbranche\/\"},\"author\":{\"name\":\"stefanrehbein\",\"@id\":\"https:\/\/kulturonline.tv\/de\/#\/schema\/person\/a1ae2833a59ac52fb9a01a676de7b600\"},\"headline\":\"Radiosender startet Aktion f\u00fcr die Kulturbranche\",\"datePublished\":\"2021-04-20T11:40:55+00:00\",\"dateModified\":\"2021-06-08T12:28:57+00:00\",\"mainEntityOfPage\":{\"@id\":\"https:\/\/kulturonline.tv\/de\/radiosender-startet-aktion-fuer-die-kulturbranche\/\"},\"wordCount\":162,\"publisher\":{\"@id\":\"https:\/\/kulturonline.tv\/de\/#organization\"},\"image\":{\"@id\":\"https:\/\/kulturonline.tv\/de\/radiosender-startet-aktion-fuer-die-kulturbranche\/#primaryimage\"},\"thumbnailUrl\":\"https:\/\/kulturonline.tv\/wp-content\/uploads\/2021\/06\/d1bfac_a209f142f63141e98ea6de2764584755~mv2.jpg\",\"keywords\":[\"#pfand\",\"#radio\",\"#spenden\",\"kultur\"],\"articleSection\":[\"Newsflash\",\"Unkategorisiert\"],\"inLanguage\":\"de\"},{\"@type\":\"WebPage\",\"@id\":\"https:\/\/kulturonline.tv\/de\/radiosender-startet-aktion-fuer-die-kulturbranche\/\",\"url\":\"https:\/\/kulturonline.tv\/de\/radiosender-startet-aktion-fuer-die-kulturbranche\/\",\"name\":\"Radiosender startet Aktion f\u00fcr die Kulturbranche - Kultur Online TV &amp; FM\",\"isPartOf\":{\"@id\":\"https:\/\/kulturonline.tv\/de\/#website\"},\"primaryImageOfPage\":{\"@id\":\"https:\/\/kulturonline.tv\/de\/radiosender-startet-aktion-fuer-die-kulturbranche\/#primaryimage\"},\"image\":{\"@id\":\"https:\/\/kulturonline.tv\/de\/radiosender-startet-aktion-fuer-die-kulturbranche\/#primaryimage\"},\"thumbnailUrl\":\"https:\/\/kulturonline.tv\/wp-content\/uploads\/2021\/06\/d1bfac_a209f142f63141e98ea6de2764584755~mv2.jpg\",\"datePublished\":\"2021-04-20T11:40:55+00:00\",\"dateModified\":\"2021-06-08T12:28:57+00:00\",\"description\":\"Kultur sehen und H\u00f6ren\",\"breadcrumb\":{\"@id\":\"https:\/\/kulturonline.tv\/de\/radiosender-startet-aktion-fuer-die-kulturbranche\/#breadcrumb\"},\"inLanguage\":\"de\",\"potentialAction\":[{\"@type\":\"ReadAction\",\"target\":[\"https:\/\/kulturonline.tv\/de\/radiosender-startet-aktion-fuer-die-kulturbranche\/\"]}]},{\"@type\":\"ImageObject\",\"inLanguage\":\"de\",\"@id\":\"https:\/\/kulturonline.tv\/de\/radiosender-startet-aktion-fuer-die-kulturbranche\/#primaryimage\",\"url\":\"https:\/\/kulturonline.tv\/wp-content\/uploads\/2021\/06\/d1bfac_a209f142f63141e98ea6de2764584755~mv2.jpg\",\"contentUrl\":\"https:\/\/kulturonline.tv\/wp-content\/uploads\/2021\/06\/d1bfac_a209f142f63141e98ea6de2764584755~mv2.jpg\",\"width\":1280,\"height\":853},{\"@type\":\"BreadcrumbList\",\"@id\":\"https:\/\/kulturonline.tv\/de\/radiosender-startet-aktion-fuer-die-kulturbranche\/#breadcrumb\",\"itemListElement\":[{\"@type\":\"ListItem\",\"position\":1,\"name\":\"Startseite\",\"item\":\"https:\/\/kulturonline.tv\/de\/\"},{\"@type\":\"ListItem\",\"position\":2,\"name\":\"Radiosender startet Aktion f\u00fcr die Kulturbranche\"}]},{\"@type\":\"WebSite\",\"@id\":\"https:\/\/kulturonline.tv\/de\/#website\",\"url\":\"https:\/\/kulturonline.tv\/de\/\",\"name\":\"Kultur Online TV &amp; FM\",\"description\":\"Wir sind Kultur 2.0 zum sehen &amp; h\u00f6ren\",\"publisher\":{\"@id\":\"https:\/\/kulturonline.tv\/de\/#organization\"},\"potentialAction\":[{\"@type\":\"SearchAction\",\"target\":{\"@type\":\"EntryPoint\",\"urlTemplate\":\"https:\/\/kulturonline.tv\/de\/?s={search_term_string}\"},\"query-input\":{\"@type\":\"PropertyValueSpecification\",\"valueRequired\":true,\"valueName\":\"search_term_string\"}}],\"inLanguage\":\"de\"},{\"@type\":\"Organization\",\"@id\":\"https:\/\/kulturonline.tv\/de\/#organization\",\"name\":\"Kultur Online TV\",\"url\":\"https:\/\/kulturonline.tv\/de\/\",\"logo\":{\"@type\":\"ImageObject\",\"inLanguage\":\"de\",\"@id\":\"https:\/\/kulturonline.tv\/de\/#\/schema\/logo\/image\/\",\"url\":\"https:\/\/kulturonline.tv\/wp-content\/uploads\/2021\/08\/Kultur-Online-Tv-Logo-Endversion-neu.png\",\"contentUrl\":\"https:\/\/kulturonline.tv\/wp-content\/uploads\/2021\/08\/Kultur-Online-Tv-Logo-Endversion-neu.png\",\"width\":200,\"height\":200,\"caption\":\"Kultur Online TV\"},\"image\":{\"@id\":\"https:\/\/kulturonline.tv\/de\/#\/schema\/logo\/image\/\"},\"sameAs\":[\"https:\/\/www.facebook.com\/kulturonline.tv\",\"https:\/\/www.instagram.com\/kulturonline.tv\"]},{\"@type\":\"Person\",\"@id\":\"https:\/\/kulturonline.tv\/de\/#\/schema\/person\/a1ae2833a59ac52fb9a01a676de7b600\",\"name\":\"stefanrehbein\",\"sameAs\":[\"http:\/\/kulturonline.tv\"]}]}<\/script>\n<!-- \/ Yoast SEO plugin. -->","yoast_head_json":{"title":"Radiosender startet Aktion f\u00fcr die Kulturbranche - Kultur Online TV &amp; FM","description":"Kultur sehen und H\u00f6ren","robots":{"index":"index","follow":"follow","max-snippet":"max-snippet:-1","max-image-preview":"max-image-preview:large","max-video-preview":"max-video-preview:-1"},"canonical":"https:\/\/kulturonline.tv\/de\/radiosender-startet-aktion-fuer-die-kulturbranche\/","og_locale":"de_DE","og_type":"article","og_title":"Radiosender startet Aktion f\u00fcr die Kulturbranche - Kultur Online TV &amp; FM","og_description":"Kultur sehen und H\u00f6ren","og_url":"https:\/\/kulturonline.tv\/de\/radiosender-startet-aktion-fuer-die-kulturbranche\/","og_site_name":"Kultur Online TV &amp; FM","article_publisher":"https:\/\/www.facebook.com\/kulturonline.tv","article_published_time":"2021-04-20T11:40:55+00:00","article_modified_time":"2021-06-08T12:28:57+00:00","og_image":[{"width":1280,"height":853,"url":"https:\/\/kulturonline.tv\/wp-content\/uploads\/2021\/06\/d1bfac_a209f142f63141e98ea6de2764584755~mv2.jpg","type":"image\/jpeg"}],"author":"stefanrehbein","twitter_card":"summary_large_image","twitter_misc":{"Verfasst von":"stefanrehbein","Gesch\u00e4tzte Lesezeit":"1\u00a0Minute"},"schema":{"@context":"https:\/\/schema.org","@graph":[{"@type":"Article","@id":"https:\/\/kulturonline.tv\/de\/radiosender-startet-aktion-fuer-die-kulturbranche\/#article","isPartOf":{"@id":"https:\/\/kulturonline.tv\/de\/radiosender-startet-aktion-fuer-die-kulturbranche\/"},"author":{"name":"stefanrehbein","@id":"https:\/\/kulturonline.tv\/de\/#\/schema\/person\/a1ae2833a59ac52fb9a01a676de7b600"},"headline":"Radiosender startet Aktion f\u00fcr die Kulturbranche","datePublished":"2021-04-20T11:40:55+00:00","dateModified":"2021-06-08T12:28:57+00:00","mainEntityOfPage":{"@id":"https:\/\/kulturonline.tv\/de\/radiosender-startet-aktion-fuer-die-kulturbranche\/"},"wordCount":162,"publisher":{"@id":"https:\/\/kulturonline.tv\/de\/#organization"},"image":{"@id":"https:\/\/kulturonline.tv\/de\/radiosender-startet-aktion-fuer-die-kulturbranche\/#primaryimage"},"thumbnailUrl":"https:\/\/kulturonline.tv\/wp-content\/uploads\/2021\/06\/d1bfac_a209f142f63141e98ea6de2764584755~mv2.jpg","keywords":["#pfand","#radio","#spenden","kultur"],"articleSection":["Newsflash","Unkategorisiert"],"inLanguage":"de"},{"@type":"WebPage","@id":"https:\/\/kulturonline.tv\/de\/radiosender-startet-aktion-fuer-die-kulturbranche\/","url":"https:\/\/kulturonline.tv\/de\/radiosender-startet-aktion-fuer-die-kulturbranche\/","name":"Radiosender startet Aktion f\u00fcr die Kulturbranche - Kultur Online TV &amp; FM","isPartOf":{"@id":"https:\/\/kulturonline.tv\/de\/#website"},"primaryImageOfPage":{"@id":"https:\/\/kulturonline.tv\/de\/radiosender-startet-aktion-fuer-die-kulturbranche\/#primaryimage"},"image":{"@id":"https:\/\/kulturonline.tv\/de\/radiosender-startet-aktion-fuer-die-kulturbranche\/#primaryimage"},"thumbnailUrl":"https:\/\/kulturonline.tv\/wp-content\/uploads\/2021\/06\/d1bfac_a209f142f63141e98ea6de2764584755~mv2.jpg","datePublished":"2021-04-20T11:40:55+00:00","dateModified":"2021-06-08T12:28:57+00:00","description":"Kultur sehen und H\u00f6ren","breadcrumb":{"@id":"https:\/\/kulturonline.tv\/de\/radiosender-startet-aktion-fuer-die-kulturbranche\/#breadcrumb"},"inLanguage":"de","potentialAction":[{"@type":"ReadAction","target":["https:\/\/kulturonline.tv\/de\/radiosender-startet-aktion-fuer-die-kulturbranche\/"]}]},{"@type":"ImageObject","inLanguage":"de","@id":"https:\/\/kulturonline.tv\/de\/radiosender-startet-aktion-fuer-die-kulturbranche\/#primaryimage","url":"https:\/\/kulturonline.tv\/wp-content\/uploads\/2021\/06\/d1bfac_a209f142f63141e98ea6de2764584755~mv2.jpg","contentUrl":"https:\/\/kulturonline.tv\/wp-content\/uploads\/2021\/06\/d1bfac_a209f142f63141e98ea6de2764584755~mv2.jpg","width":1280,"height":853},{"@type":"BreadcrumbList","@id":"https:\/\/kulturonline.tv\/de\/radiosender-startet-aktion-fuer-die-kulturbranche\/#breadcrumb","itemListElement":[{"@type":"ListItem","position":1,"name":"Startseite","item":"https:\/\/kulturonline.tv\/de\/"},{"@type":"ListItem","position":2,"name":"Radiosender startet Aktion f\u00fcr die Kulturbranche"}]},{"@type":"WebSite","@id":"https:\/\/kulturonline.tv\/de\/#website","url":"https:\/\/kulturonline.tv\/de\/","name":"Kultur Online TV &amp; FM","description":"Wir sind Kultur 2.0 zum sehen &amp; h\u00f6ren","publisher":{"@id":"https:\/\/kulturonline.tv\/de\/#organization"},"potentialAction":[{"@type":"SearchAction","target":{"@type":"EntryPoint","urlTemplate":"https:\/\/kulturonline.tv\/de\/?s={search_term_string}"},"query-input":{"@type":"PropertyValueSpecification","valueRequired":true,"valueName":"search_term_string"}}],"inLanguage":"de"},{"@type":"Organization","@id":"https:\/\/kulturonline.tv\/de\/#organization","name":"Kultur Online TV","url":"https:\/\/kulturonline.tv\/de\/","logo":{"@type":"ImageObject","inLanguage":"de","@id":"https:\/\/kulturonline.tv\/de\/#\/schema\/logo\/image\/","url":"https:\/\/kulturonline.tv\/wp-content\/uploads\/2021\/08\/Kultur-Online-Tv-Logo-Endversion-neu.png","contentUrl":"https:\/\/kulturonline.tv\/wp-content\/uploads\/2021\/08\/Kultur-Online-Tv-Logo-Endversion-neu.png","width":200,"height":200,"caption":"Kultur Online TV"},"image":{"@id":"https:\/\/kulturonline.tv\/de\/#\/schema\/logo\/image\/"},"sameAs":["https:\/\/www.facebook.com\/kulturonline.tv","https:\/\/www.instagram.com\/kulturonline.tv"]},{"@type":"Person","@id":"https:\/\/kulturonline.tv\/de\/#\/schema\/person\/a1ae2833a59ac52fb9a01a676de7b600","name":"stefanrehbein","sameAs":["http:\/\/kulturonline.tv"]}]}},"_links":{"self":[{"href":"https:\/\/kulturonline.tv\/de\/wp-json\/wp\/v2\/posts\/2096","targetHints":{"allow":["GET"]}}],"collection":[{"href":"https:\/\/kulturonline.tv\/de\/wp-json\/wp\/v2\/posts"}],"about":[{"href":"https:\/\/kulturonline.tv\/de\/wp-json\/wp\/v2\/types\/post"}],"author":[{"embeddable":true,"href":"https:\/\/kulturonline.tv\/de\/wp-json\/wp\/v2\/users\/1"}],"replies":[{"embeddable":true,"href":"https:\/\/kulturonline.tv\/de\/wp-json\/wp\/v2\/comments?post=2096"}],"version-history":[{"count":0,"href":"https:\/\/kulturonline.tv\/de\/wp-json\/wp\/v2\/posts\/2096\/revisions"}],"wp:featuredmedia":[{"embeddable":true,"href":"https:\/\/kulturonline.tv\/de\/wp-json\/wp\/v2\/media\/533"}],"wp:attachment":[{"href":"https:\/\/kulturonline.tv\/de\/wp-json\/wp\/v2\/media?parent=2096"}],"wp:term":[{"taxonomy":"category","embeddable":true,"href":"https:\/\/kulturonline.tv\/de\/wp-json\/wp\/v2\/categories?post=2096"},{"taxonomy":"post_tag","embeddable":true,"href":"https:\/\/kulturonline.tv\/de\/wp-json\/wp\/v2\/tags?post=2096"}],"curies":[{"name":"wp","href":"https:\/\/api.w.org\/{rel}","templated":true}]}}