{"id":20970,"date":"2022-01-26T17:02:02","date_gmt":"2022-01-26T16:02:02","guid":{"rendered":"https:\/\/kulturonline.tv\/?p=20970"},"modified":"2022-01-26T17:02:04","modified_gmt":"2022-01-26T16:02:04","slug":"verpflichtung-zur-praktischen-grossherzigkeit","status":"publish","type":"post","link":"https:\/\/kulturonline.tv\/de\/verpflichtung-zur-praktischen-grossherzigkeit\/","title":{"rendered":"Verpflichtung zur praktischen Gro\u00dfherzigkeit"},"content":{"rendered":"\n<p>Robert Brandom hat Hegels &#8222;Ph\u00e4nomenologie des Geistes&#8220; neu gelesen und besteht darauf, dass wir nur durch systematische Philosophie zu besseren Menschen werden.<\/p>\n\n\n\n<figure class=\"wp-block-image size-full\"><img fetchpriority=\"high\" decoding=\"async\" width=\"1099\" height=\"618\" src=\"https:\/\/kulturonline.tv\/wp-content\/uploads\/2022\/01\/1408x792-17-edited.webp\" alt=\"\" class=\"wp-image-20975\" srcset=\"https:\/\/kulturonline.tv\/wp-content\/uploads\/2022\/01\/1408x792-17-edited.webp 1099w, https:\/\/kulturonline.tv\/wp-content\/uploads\/2022\/01\/1408x792-17-edited-600x337.webp 600w, https:\/\/kulturonline.tv\/wp-content\/uploads\/2022\/01\/1408x792-17-edited-800x450.webp 800w, https:\/\/kulturonline.tv\/wp-content\/uploads\/2022\/01\/1408x792-17-edited-768x432.webp 768w\" sizes=\"(max-width: 1099px) 100vw, 1099px\" \/><figcaption>\u00a9 Suhrkamp Verlag<\/figcaption><\/figure>\n\n\n\n<p>Vierzig Jahre lang hat der Philosoph Robert Brandom an seiner lang erwarteten und bahnbrechenden Neuinterpretation von Hegels\u00a0Ph\u00e4nomenologie des Geistes\u00a0gearbeitet. Indem er analytische, kontinentale und historische Traditionen verbindet, zeigt er, welche Herausforderung Hegels philosophisches Denken selbst heute noch darstellt.\u00a0Im Geiste des Vertrauens\u00a0handelt von der massiven historischen Ver\u00e4nderung im Leben der Menschheit, welche die Moderne darstellt.<\/p>\n\n\n\n<p>Robert Brandom besteht darauf, dass wir nur durch systematische Philosophie zu besseren Menschen werden. \u201eBrandom seinerseits ist ausdr\u00fccklich &#8222;erbaulich&#8220; und behandelt Philosophie entgegen allen Transparenzversicherungen als &#8222;esoterisches Besitzthum einiger Einzelnen&#8220;. All das nicht zum Schaden m\u00f6glicher Leser, aber man sollte eben wissen, worauf man sich einl\u00e4sst. <\/p>\n\n\n\n<p>Eine W\u00fcrdigung von \u201eIm Geiste des Vertrauens\u201c muss die beiden \u00dcbersetzer unbedingt einschlie\u00dfen. Sebastian Koth und Aaron Shoichet haben die Begriffs- und Argumentationswelt Brandoms konsequent und koh\u00e4rent in ein elastisches Deutsch umgegossen.\u201c<\/p>\n\n\n\n<p>Kultur Online TV<\/p>\n\n\n\n<p>#literatur #kultur <\/p>\n","protected":false},"excerpt":{"rendered":"<p>Robert Brandom hat Hegels &#8222;Ph\u00e4nomenologie des Geistes&#8220; neu gelesen und besteht darauf, dass wir nur durch systematische Philosophie zu besseren Menschen werden. Vierzig Jahre lang hat der Philosoph Robert Brandom an seiner lang erwarteten und bahnbrechenden Neuinterpretation von Hegels\u00a0Ph\u00e4nomenologie des Geistes\u00a0gearbeitet. Indem er analytische, kontinentale und historische Traditionen verbindet, zeigt er, welche Herausforderung Hegels philosophisches [&hellip;]<\/p>\n","protected":false},"author":2,"featured_media":20975,"comment_status":"closed","ping_status":"closed","sticky":false,"template":"","format":"standard","meta":{"_acf_changed":false,"footnotes":""},"categories":[106],"tags":[],"class_list":["post-20970","post","type-post","status-publish","format-standard","has-post-thumbnail","hentry","category-literatur"],"acf":[],"yoast_head":"<!-- This site is optimized with the Yoast SEO plugin v26.1.1 - https:\/\/yoast.com\/wordpress\/plugins\/seo\/ -->\n<title>Verpflichtung zur praktischen Gro\u00dfherzigkeit - Kultur Online TV &amp; FM<\/title>\n<meta name=\"description\" content=\"Kultur sehen und H\u00f6ren\" \/>\n<meta name=\"robots\" content=\"index, follow, max-snippet:-1, max-image-preview:large, max-video-preview:-1\" \/>\n<link rel=\"canonical\" href=\"https:\/\/kulturonline.tv\/de\/verpflichtung-zur-praktischen-grossherzigkeit\/\" \/>\n<meta property=\"og:locale\" content=\"de_DE\" \/>\n<meta property=\"og:type\" content=\"article\" \/>\n<meta property=\"og:title\" content=\"Verpflichtung zur praktischen Gro\u00dfherzigkeit - Kultur Online TV &amp; FM\" \/>\n<meta property=\"og:description\" content=\"Kultur sehen und H\u00f6ren\" \/>\n<meta property=\"og:url\" content=\"https:\/\/kulturonline.tv\/de\/verpflichtung-zur-praktischen-grossherzigkeit\/\" \/>\n<meta property=\"og:site_name\" content=\"Kultur Online TV &amp; FM\" \/>\n<meta property=\"article:publisher\" content=\"https:\/\/www.facebook.com\/kulturonline.tv\" \/>\n<meta property=\"article:published_time\" content=\"2022-01-26T16:02:02+00:00\" \/>\n<meta property=\"article:modified_time\" content=\"2022-01-26T16:02:04+00:00\" \/>\n<meta property=\"og:image\" content=\"https:\/\/kulturonline.tv\/wp-content\/uploads\/2022\/01\/1408x792-17-edited.webp\" \/>\n\t<meta property=\"og:image:width\" content=\"1099\" \/>\n\t<meta property=\"og:image:height\" content=\"618\" \/>\n\t<meta property=\"og:image:type\" content=\"image\/webp\" \/>\n<meta name=\"author\" content=\"guenter.wolfgang\" \/>\n<meta name=\"twitter:card\" content=\"summary_large_image\" \/>\n<meta name=\"twitter:label1\" content=\"Verfasst von\" \/>\n\t<meta name=\"twitter:data1\" content=\"guenter.wolfgang\" \/>\n\t<meta name=\"twitter:label2\" content=\"Gesch\u00e4tzte Lesezeit\" \/>\n\t<meta name=\"twitter:data2\" content=\"2\u00a0Minuten\" \/>\n<script type=\"application\/ld+json\" class=\"yoast-schema-graph\">{\"@context\":\"https:\/\/schema.org\",\"@graph\":[{\"@type\":\"Article\",\"@id\":\"https:\/\/kulturonline.tv\/de\/verpflichtung-zur-praktischen-grossherzigkeit\/#article\",\"isPartOf\":{\"@id\":\"https:\/\/kulturonline.tv\/de\/verpflichtung-zur-praktischen-grossherzigkeit\/\"},\"author\":{\"name\":\"guenter.wolfgang\",\"@id\":\"https:\/\/kulturonline.tv\/de\/#\/schema\/person\/b0fac729bb9a0c193fb1df23449df4fe\"},\"headline\":\"Verpflichtung zur praktischen Gro\u00dfherzigkeit\",\"datePublished\":\"2022-01-26T16:02:02+00:00\",\"dateModified\":\"2022-01-26T16:02:04+00:00\",\"mainEntityOfPage\":{\"@id\":\"https:\/\/kulturonline.tv\/de\/verpflichtung-zur-praktischen-grossherzigkeit\/\"},\"wordCount\":179,\"publisher\":{\"@id\":\"https:\/\/kulturonline.tv\/de\/#organization\"},\"image\":{\"@id\":\"https:\/\/kulturonline.tv\/de\/verpflichtung-zur-praktischen-grossherzigkeit\/#primaryimage\"},\"thumbnailUrl\":\"https:\/\/kulturonline.tv\/wp-content\/uploads\/2022\/01\/1408x792-17-edited.webp\",\"articleSection\":[\"Literatur\"],\"inLanguage\":\"de\"},{\"@type\":\"WebPage\",\"@id\":\"https:\/\/kulturonline.tv\/de\/verpflichtung-zur-praktischen-grossherzigkeit\/\",\"url\":\"https:\/\/kulturonline.tv\/de\/verpflichtung-zur-praktischen-grossherzigkeit\/\",\"name\":\"Verpflichtung zur praktischen Gro\u00dfherzigkeit - Kultur Online TV &amp; FM\",\"isPartOf\":{\"@id\":\"https:\/\/kulturonline.tv\/de\/#website\"},\"primaryImageOfPage\":{\"@id\":\"https:\/\/kulturonline.tv\/de\/verpflichtung-zur-praktischen-grossherzigkeit\/#primaryimage\"},\"image\":{\"@id\":\"https:\/\/kulturonline.tv\/de\/verpflichtung-zur-praktischen-grossherzigkeit\/#primaryimage\"},\"thumbnailUrl\":\"https:\/\/kulturonline.tv\/wp-content\/uploads\/2022\/01\/1408x792-17-edited.webp\",\"datePublished\":\"2022-01-26T16:02:02+00:00\",\"dateModified\":\"2022-01-26T16:02:04+00:00\",\"description\":\"Kultur sehen und H\u00f6ren\",\"breadcrumb\":{\"@id\":\"https:\/\/kulturonline.tv\/de\/verpflichtung-zur-praktischen-grossherzigkeit\/#breadcrumb\"},\"inLanguage\":\"de\",\"potentialAction\":[{\"@type\":\"ReadAction\",\"target\":[\"https:\/\/kulturonline.tv\/de\/verpflichtung-zur-praktischen-grossherzigkeit\/\"]}]},{\"@type\":\"ImageObject\",\"inLanguage\":\"de\",\"@id\":\"https:\/\/kulturonline.tv\/de\/verpflichtung-zur-praktischen-grossherzigkeit\/#primaryimage\",\"url\":\"https:\/\/kulturonline.tv\/wp-content\/uploads\/2022\/01\/1408x792-17-edited.webp\",\"contentUrl\":\"https:\/\/kulturonline.tv\/wp-content\/uploads\/2022\/01\/1408x792-17-edited.webp\",\"width\":1099,\"height\":618},{\"@type\":\"BreadcrumbList\",\"@id\":\"https:\/\/kulturonline.tv\/de\/verpflichtung-zur-praktischen-grossherzigkeit\/#breadcrumb\",\"itemListElement\":[{\"@type\":\"ListItem\",\"position\":1,\"name\":\"Startseite\",\"item\":\"https:\/\/kulturonline.tv\/de\/\"},{\"@type\":\"ListItem\",\"position\":2,\"name\":\"Verpflichtung zur praktischen Gro\u00dfherzigkeit\"}]},{\"@type\":\"WebSite\",\"@id\":\"https:\/\/kulturonline.tv\/de\/#website\",\"url\":\"https:\/\/kulturonline.tv\/de\/\",\"name\":\"Kultur Online TV &amp; FM\",\"description\":\"Wir sind Kultur 2.0 zum sehen &amp; h\u00f6ren\",\"publisher\":{\"@id\":\"https:\/\/kulturonline.tv\/de\/#organization\"},\"potentialAction\":[{\"@type\":\"SearchAction\",\"target\":{\"@type\":\"EntryPoint\",\"urlTemplate\":\"https:\/\/kulturonline.tv\/de\/?s={search_term_string}\"},\"query-input\":{\"@type\":\"PropertyValueSpecification\",\"valueRequired\":true,\"valueName\":\"search_term_string\"}}],\"inLanguage\":\"de\"},{\"@type\":\"Organization\",\"@id\":\"https:\/\/kulturonline.tv\/de\/#organization\",\"name\":\"Kultur Online TV\",\"url\":\"https:\/\/kulturonline.tv\/de\/\",\"logo\":{\"@type\":\"ImageObject\",\"inLanguage\":\"de\",\"@id\":\"https:\/\/kulturonline.tv\/de\/#\/schema\/logo\/image\/\",\"url\":\"https:\/\/kulturonline.tv\/wp-content\/uploads\/2021\/08\/Kultur-Online-Tv-Logo-Endversion-neu.png\",\"contentUrl\":\"https:\/\/kulturonline.tv\/wp-content\/uploads\/2021\/08\/Kultur-Online-Tv-Logo-Endversion-neu.png\",\"width\":200,\"height\":200,\"caption\":\"Kultur Online TV\"},\"image\":{\"@id\":\"https:\/\/kulturonline.tv\/de\/#\/schema\/logo\/image\/\"},\"sameAs\":[\"https:\/\/www.facebook.com\/kulturonline.tv\",\"https:\/\/www.instagram.com\/kulturonline.tv\"]},{\"@type\":\"Person\",\"@id\":\"https:\/\/kulturonline.tv\/de\/#\/schema\/person\/b0fac729bb9a0c193fb1df23449df4fe\",\"name\":\"guenter.wolfgang\"}]}<\/script>\n<!-- \/ Yoast SEO plugin. -->","yoast_head_json":{"title":"Verpflichtung zur praktischen Gro\u00dfherzigkeit - Kultur Online TV &amp; FM","description":"Kultur sehen und H\u00f6ren","robots":{"index":"index","follow":"follow","max-snippet":"max-snippet:-1","max-image-preview":"max-image-preview:large","max-video-preview":"max-video-preview:-1"},"canonical":"https:\/\/kulturonline.tv\/de\/verpflichtung-zur-praktischen-grossherzigkeit\/","og_locale":"de_DE","og_type":"article","og_title":"Verpflichtung zur praktischen Gro\u00dfherzigkeit - Kultur Online TV &amp; FM","og_description":"Kultur sehen und H\u00f6ren","og_url":"https:\/\/kulturonline.tv\/de\/verpflichtung-zur-praktischen-grossherzigkeit\/","og_site_name":"Kultur Online TV &amp; FM","article_publisher":"https:\/\/www.facebook.com\/kulturonline.tv","article_published_time":"2022-01-26T16:02:02+00:00","article_modified_time":"2022-01-26T16:02:04+00:00","og_image":[{"width":1099,"height":618,"url":"https:\/\/kulturonline.tv\/wp-content\/uploads\/2022\/01\/1408x792-17-edited.webp","type":"image\/webp"}],"author":"guenter.wolfgang","twitter_card":"summary_large_image","twitter_misc":{"Verfasst von":"guenter.wolfgang","Gesch\u00e4tzte Lesezeit":"2\u00a0Minuten"},"schema":{"@context":"https:\/\/schema.org","@graph":[{"@type":"Article","@id":"https:\/\/kulturonline.tv\/de\/verpflichtung-zur-praktischen-grossherzigkeit\/#article","isPartOf":{"@id":"https:\/\/kulturonline.tv\/de\/verpflichtung-zur-praktischen-grossherzigkeit\/"},"author":{"name":"guenter.wolfgang","@id":"https:\/\/kulturonline.tv\/de\/#\/schema\/person\/b0fac729bb9a0c193fb1df23449df4fe"},"headline":"Verpflichtung zur praktischen Gro\u00dfherzigkeit","datePublished":"2022-01-26T16:02:02+00:00","dateModified":"2022-01-26T16:02:04+00:00","mainEntityOfPage":{"@id":"https:\/\/kulturonline.tv\/de\/verpflichtung-zur-praktischen-grossherzigkeit\/"},"wordCount":179,"publisher":{"@id":"https:\/\/kulturonline.tv\/de\/#organization"},"image":{"@id":"https:\/\/kulturonline.tv\/de\/verpflichtung-zur-praktischen-grossherzigkeit\/#primaryimage"},"thumbnailUrl":"https:\/\/kulturonline.tv\/wp-content\/uploads\/2022\/01\/1408x792-17-edited.webp","articleSection":["Literatur"],"inLanguage":"de"},{"@type":"WebPage","@id":"https:\/\/kulturonline.tv\/de\/verpflichtung-zur-praktischen-grossherzigkeit\/","url":"https:\/\/kulturonline.tv\/de\/verpflichtung-zur-praktischen-grossherzigkeit\/","name":"Verpflichtung zur praktischen Gro\u00dfherzigkeit - Kultur Online TV &amp; FM","isPartOf":{"@id":"https:\/\/kulturonline.tv\/de\/#website"},"primaryImageOfPage":{"@id":"https:\/\/kulturonline.tv\/de\/verpflichtung-zur-praktischen-grossherzigkeit\/#primaryimage"},"image":{"@id":"https:\/\/kulturonline.tv\/de\/verpflichtung-zur-praktischen-grossherzigkeit\/#primaryimage"},"thumbnailUrl":"https:\/\/kulturonline.tv\/wp-content\/uploads\/2022\/01\/1408x792-17-edited.webp","datePublished":"2022-01-26T16:02:02+00:00","dateModified":"2022-01-26T16:02:04+00:00","description":"Kultur sehen und H\u00f6ren","breadcrumb":{"@id":"https:\/\/kulturonline.tv\/de\/verpflichtung-zur-praktischen-grossherzigkeit\/#breadcrumb"},"inLanguage":"de","potentialAction":[{"@type":"ReadAction","target":["https:\/\/kulturonline.tv\/de\/verpflichtung-zur-praktischen-grossherzigkeit\/"]}]},{"@type":"ImageObject","inLanguage":"de","@id":"https:\/\/kulturonline.tv\/de\/verpflichtung-zur-praktischen-grossherzigkeit\/#primaryimage","url":"https:\/\/kulturonline.tv\/wp-content\/uploads\/2022\/01\/1408x792-17-edited.webp","contentUrl":"https:\/\/kulturonline.tv\/wp-content\/uploads\/2022\/01\/1408x792-17-edited.webp","width":1099,"height":618},{"@type":"BreadcrumbList","@id":"https:\/\/kulturonline.tv\/de\/verpflichtung-zur-praktischen-grossherzigkeit\/#breadcrumb","itemListElement":[{"@type":"ListItem","position":1,"name":"Startseite","item":"https:\/\/kulturonline.tv\/de\/"},{"@type":"ListItem","position":2,"name":"Verpflichtung zur praktischen Gro\u00dfherzigkeit"}]},{"@type":"WebSite","@id":"https:\/\/kulturonline.tv\/de\/#website","url":"https:\/\/kulturonline.tv\/de\/","name":"Kultur Online TV &amp; FM","description":"Wir sind Kultur 2.0 zum sehen &amp; h\u00f6ren","publisher":{"@id":"https:\/\/kulturonline.tv\/de\/#organization"},"potentialAction":[{"@type":"SearchAction","target":{"@type":"EntryPoint","urlTemplate":"https:\/\/kulturonline.tv\/de\/?s={search_term_string}"},"query-input":{"@type":"PropertyValueSpecification","valueRequired":true,"valueName":"search_term_string"}}],"inLanguage":"de"},{"@type":"Organization","@id":"https:\/\/kulturonline.tv\/de\/#organization","name":"Kultur Online TV","url":"https:\/\/kulturonline.tv\/de\/","logo":{"@type":"ImageObject","inLanguage":"de","@id":"https:\/\/kulturonline.tv\/de\/#\/schema\/logo\/image\/","url":"https:\/\/kulturonline.tv\/wp-content\/uploads\/2021\/08\/Kultur-Online-Tv-Logo-Endversion-neu.png","contentUrl":"https:\/\/kulturonline.tv\/wp-content\/uploads\/2021\/08\/Kultur-Online-Tv-Logo-Endversion-neu.png","width":200,"height":200,"caption":"Kultur Online TV"},"image":{"@id":"https:\/\/kulturonline.tv\/de\/#\/schema\/logo\/image\/"},"sameAs":["https:\/\/www.facebook.com\/kulturonline.tv","https:\/\/www.instagram.com\/kulturonline.tv"]},{"@type":"Person","@id":"https:\/\/kulturonline.tv\/de\/#\/schema\/person\/b0fac729bb9a0c193fb1df23449df4fe","name":"guenter.wolfgang"}]}},"_links":{"self":[{"href":"https:\/\/kulturonline.tv\/de\/wp-json\/wp\/v2\/posts\/20970","targetHints":{"allow":["GET"]}}],"collection":[{"href":"https:\/\/kulturonline.tv\/de\/wp-json\/wp\/v2\/posts"}],"about":[{"href":"https:\/\/kulturonline.tv\/de\/wp-json\/wp\/v2\/types\/post"}],"author":[{"embeddable":true,"href":"https:\/\/kulturonline.tv\/de\/wp-json\/wp\/v2\/users\/2"}],"replies":[{"embeddable":true,"href":"https:\/\/kulturonline.tv\/de\/wp-json\/wp\/v2\/comments?post=20970"}],"version-history":[{"count":0,"href":"https:\/\/kulturonline.tv\/de\/wp-json\/wp\/v2\/posts\/20970\/revisions"}],"wp:featuredmedia":[{"embeddable":true,"href":"https:\/\/kulturonline.tv\/de\/wp-json\/wp\/v2\/media\/20975"}],"wp:attachment":[{"href":"https:\/\/kulturonline.tv\/de\/wp-json\/wp\/v2\/media?parent=20970"}],"wp:term":[{"taxonomy":"category","embeddable":true,"href":"https:\/\/kulturonline.tv\/de\/wp-json\/wp\/v2\/categories?post=20970"},{"taxonomy":"post_tag","embeddable":true,"href":"https:\/\/kulturonline.tv\/de\/wp-json\/wp\/v2\/tags?post=20970"}],"curies":[{"name":"wp","href":"https:\/\/api.w.org\/{rel}","templated":true}]}}