{"id":2099,"date":"2021-04-20T12:50:50","date_gmt":"2021-04-20T10:50:50","guid":{"rendered":"http:\/\/kulturonline.tv\/uncategorized\/aller-guten-dinge-sind-zwei"},"modified":"2021-06-08T14:28:57","modified_gmt":"2021-06-08T12:28:57","slug":"aller-guten-dinge-sind-zwei","status":"publish","type":"post","link":"https:\/\/kulturonline.tv\/de\/aller-guten-dinge-sind-zwei\/","title":{"rendered":"Aller guten Dinge sind zwei"},"content":{"rendered":"<p>Ein gebrochenes Herz, ein zweifelhafter Ruf und ein fast perfekter Plan:Der humorvolle Liebesroman der britischen Bestseller-Autorin Mhairi McFarlane begeistert mit flotten Dialogen und ganz viel Gef\u00fchl.<\/p>\n<p><img decoding=\"async\" aria-hidden=\"true\" data-pin-url=\"https:\/\/www.kulturonline.tv\/post\/aller-guten-dinge-sind-zwei\" data-pin-media=\"https:\/\/static.wixstatic.com\/media\/d1bfac_948f3bb708fe4904bc1b2f213332e994~mv2.png\/v1\/fit\/w_1000{3856b621f8f9b12a9d7e530f990c7d312d5849aa5fb15fbaec4658ad8a578492}2Ch_1000{3856b621f8f9b12a9d7e530f990c7d312d5849aa5fb15fbaec4658ad8a578492}2Cal_c\/file.png\" class=\"_5JW6l _2ERz3\" src=\"http:\/\/kulturonline.tv\/wp-content\/uploads\/2021\/06\/3_file.png\"><\/p>\n<p>Von einem Tag auf den anderen steht die 36-j\u00e4hrige Laurie vor den Scherben ihres ganzen Gl\u00fccks: Ihre gro\u00dfe Liebe Dan trennt sich von ihr. Um sich selbst neu zu finden, wie er sagt &#8211; eine Neue hat er allerdings auch schon gefunden. Als w\u00e4re das nicht schlimm genug, ist die Neue bald darauf schwanger von Dan, der Lauries Kinderwunsch seit Jahren abgeschmettert hat. Dass Dan und Laurie in derselben Anwaltskanzlei arbeiten und ihre Kollegen bald kein anderes Thema mehr kennen als das Liebes-Aus des einstigen Vorzeige-P\u00e4rchens, macht es f\u00fcr Laurie nicht leichter.<\/p>\n<p>Ausgerechnet mit ihrem als Weiberheld verrufenen Kollegen Jamie bleibt Laurie eines Abends im Fahrstuhl stecken. Gezwungenerma\u00dfen kommen die beiden ins Gespr\u00e4ch &#8211; und stellen fest, dass sie einander n\u00fctzlich sein k\u00f6nnten. Es geht ja nur um ein bisschen Schauspielerei. Oder?Schon nach wenigen Seiten ihres humorvollen Liebesromans f\u00fchlen Mhairi McFarlanes Figuren sich wie Freunde an: Mit treffsicheren Dialogen voller Wortwitz erweckt die Bestseller-Autorin Laurie und Jamie zum Leben und sorgt daf\u00fcr, dass neben Herz-Schmerz und Romantik auch der typisch britische Humor nicht zu kurz kommt.<\/p>\n<p>Entdecken Sie auch die anderen humorvollen Liebesromane von Mhairi McFarlane:- Wir in drei Worten- Vielleicht mag ich dich morgen- Es muss wohl an dir liegen- Irgendwie hatte ich mir das anders vorgestellt- Sowas kann auch nur mir passieren.<\/p>\n<p>Kultur Online TV<\/p>\n","protected":false},"excerpt":{"rendered":"<p>Ein gebrochenes Herz, ein zweifelhafter Ruf und ein fast perfekter Plan:Der humorvolle Liebesroman der britischen Bestseller-Autorin Mhairi McFarlane begeistert mit flotten Dialogen und ganz viel Gef\u00fchl. Von einem Tag auf den anderen steht die 36-j\u00e4hrige Laurie vor den Scherben ihres ganzen Gl\u00fccks: Ihre gro\u00dfe Liebe Dan trennt sich von ihr. Um sich selbst neu zu [&hellip;]<\/p>\n","protected":false},"author":1,"featured_media":539,"comment_status":"closed","ping_status":"closed","sticky":false,"template":"","format":"standard","meta":{"_acf_changed":false,"footnotes":""},"categories":[3,1],"tags":[58,57,59,26],"class_list":["post-2099","post","type-post","status-publish","format-standard","has-post-thumbnail","hentry","category-newsflash","category-unkategorisiert","tag-buch","tag-lesen","tag-tipp","tag-literatur"],"acf":[],"yoast_head":"<!-- This site is optimized with the Yoast SEO plugin v26.1.1 - https:\/\/yoast.com\/wordpress\/plugins\/seo\/ -->\n<title>Aller guten Dinge sind zwei - Kultur Online TV &amp; FM<\/title>\n<meta name=\"description\" content=\"Kultur sehen und H\u00f6ren\" \/>\n<meta name=\"robots\" content=\"index, follow, max-snippet:-1, max-image-preview:large, max-video-preview:-1\" \/>\n<link rel=\"canonical\" href=\"https:\/\/kulturonline.tv\/de\/aller-guten-dinge-sind-zwei\/\" \/>\n<meta property=\"og:locale\" content=\"de_DE\" \/>\n<meta property=\"og:type\" content=\"article\" \/>\n<meta property=\"og:title\" content=\"Aller guten Dinge sind zwei - Kultur Online TV &amp; FM\" \/>\n<meta property=\"og:description\" content=\"Kultur sehen und H\u00f6ren\" \/>\n<meta property=\"og:url\" content=\"https:\/\/kulturonline.tv\/de\/aller-guten-dinge-sind-zwei\/\" \/>\n<meta property=\"og:site_name\" content=\"Kultur Online TV &amp; FM\" \/>\n<meta property=\"article:publisher\" content=\"https:\/\/www.facebook.com\/kulturonline.tv\" \/>\n<meta property=\"article:published_time\" content=\"2021-04-20T10:50:50+00:00\" \/>\n<meta property=\"article:modified_time\" content=\"2021-06-08T12:28:57+00:00\" \/>\n<meta property=\"og:image\" content=\"https:\/\/kulturonline.tv\/wp-content\/uploads\/2021\/06\/d1bfac_948f3bb708fe4904bc1b2f213332e994~mv2.png\" \/>\n\t<meta property=\"og:image:width\" content=\"1080\" \/>\n\t<meta property=\"og:image:height\" content=\"1080\" \/>\n\t<meta property=\"og:image:type\" content=\"image\/png\" \/>\n<meta name=\"author\" content=\"stefanrehbein\" \/>\n<meta name=\"twitter:card\" content=\"summary_large_image\" \/>\n<meta name=\"twitter:label1\" content=\"Verfasst von\" \/>\n\t<meta name=\"twitter:data1\" content=\"stefanrehbein\" \/>\n\t<meta name=\"twitter:label2\" content=\"Gesch\u00e4tzte Lesezeit\" \/>\n\t<meta name=\"twitter:data2\" content=\"1\u00a0Minute\" \/>\n<script type=\"application\/ld+json\" class=\"yoast-schema-graph\">{\"@context\":\"https:\/\/schema.org\",\"@graph\":[{\"@type\":\"Article\",\"@id\":\"https:\/\/kulturonline.tv\/de\/aller-guten-dinge-sind-zwei\/#article\",\"isPartOf\":{\"@id\":\"https:\/\/kulturonline.tv\/de\/aller-guten-dinge-sind-zwei\/\"},\"author\":{\"name\":\"stefanrehbein\",\"@id\":\"https:\/\/kulturonline.tv\/de\/#\/schema\/person\/a1ae2833a59ac52fb9a01a676de7b600\"},\"headline\":\"Aller guten Dinge sind zwei\",\"datePublished\":\"2021-04-20T10:50:50+00:00\",\"dateModified\":\"2021-06-08T12:28:57+00:00\",\"mainEntityOfPage\":{\"@id\":\"https:\/\/kulturonline.tv\/de\/aller-guten-dinge-sind-zwei\/\"},\"wordCount\":262,\"publisher\":{\"@id\":\"https:\/\/kulturonline.tv\/de\/#organization\"},\"image\":{\"@id\":\"https:\/\/kulturonline.tv\/de\/aller-guten-dinge-sind-zwei\/#primaryimage\"},\"thumbnailUrl\":\"https:\/\/kulturonline.tv\/wp-content\/uploads\/2021\/06\/d1bfac_948f3bb708fe4904bc1b2f213332e994~mv2.png\",\"keywords\":[\"#buch\",\"#lesen\",\"#tipp\",\"Literatur\"],\"articleSection\":[\"Newsflash\",\"Unkategorisiert\"],\"inLanguage\":\"de\"},{\"@type\":\"WebPage\",\"@id\":\"https:\/\/kulturonline.tv\/de\/aller-guten-dinge-sind-zwei\/\",\"url\":\"https:\/\/kulturonline.tv\/de\/aller-guten-dinge-sind-zwei\/\",\"name\":\"Aller guten Dinge sind zwei - Kultur Online TV &amp; FM\",\"isPartOf\":{\"@id\":\"https:\/\/kulturonline.tv\/de\/#website\"},\"primaryImageOfPage\":{\"@id\":\"https:\/\/kulturonline.tv\/de\/aller-guten-dinge-sind-zwei\/#primaryimage\"},\"image\":{\"@id\":\"https:\/\/kulturonline.tv\/de\/aller-guten-dinge-sind-zwei\/#primaryimage\"},\"thumbnailUrl\":\"https:\/\/kulturonline.tv\/wp-content\/uploads\/2021\/06\/d1bfac_948f3bb708fe4904bc1b2f213332e994~mv2.png\",\"datePublished\":\"2021-04-20T10:50:50+00:00\",\"dateModified\":\"2021-06-08T12:28:57+00:00\",\"description\":\"Kultur sehen und H\u00f6ren\",\"breadcrumb\":{\"@id\":\"https:\/\/kulturonline.tv\/de\/aller-guten-dinge-sind-zwei\/#breadcrumb\"},\"inLanguage\":\"de\",\"potentialAction\":[{\"@type\":\"ReadAction\",\"target\":[\"https:\/\/kulturonline.tv\/de\/aller-guten-dinge-sind-zwei\/\"]}]},{\"@type\":\"ImageObject\",\"inLanguage\":\"de\",\"@id\":\"https:\/\/kulturonline.tv\/de\/aller-guten-dinge-sind-zwei\/#primaryimage\",\"url\":\"https:\/\/kulturonline.tv\/wp-content\/uploads\/2021\/06\/d1bfac_948f3bb708fe4904bc1b2f213332e994~mv2.png\",\"contentUrl\":\"https:\/\/kulturonline.tv\/wp-content\/uploads\/2021\/06\/d1bfac_948f3bb708fe4904bc1b2f213332e994~mv2.png\",\"width\":1080,\"height\":1080},{\"@type\":\"BreadcrumbList\",\"@id\":\"https:\/\/kulturonline.tv\/de\/aller-guten-dinge-sind-zwei\/#breadcrumb\",\"itemListElement\":[{\"@type\":\"ListItem\",\"position\":1,\"name\":\"Startseite\",\"item\":\"https:\/\/kulturonline.tv\/de\/\"},{\"@type\":\"ListItem\",\"position\":2,\"name\":\"Aller guten Dinge sind zwei\"}]},{\"@type\":\"WebSite\",\"@id\":\"https:\/\/kulturonline.tv\/de\/#website\",\"url\":\"https:\/\/kulturonline.tv\/de\/\",\"name\":\"Kultur Online TV &amp; FM\",\"description\":\"Wir sind Kultur 2.0 zum sehen &amp; h\u00f6ren\",\"publisher\":{\"@id\":\"https:\/\/kulturonline.tv\/de\/#organization\"},\"potentialAction\":[{\"@type\":\"SearchAction\",\"target\":{\"@type\":\"EntryPoint\",\"urlTemplate\":\"https:\/\/kulturonline.tv\/de\/?s={search_term_string}\"},\"query-input\":{\"@type\":\"PropertyValueSpecification\",\"valueRequired\":true,\"valueName\":\"search_term_string\"}}],\"inLanguage\":\"de\"},{\"@type\":\"Organization\",\"@id\":\"https:\/\/kulturonline.tv\/de\/#organization\",\"name\":\"Kultur Online TV\",\"url\":\"https:\/\/kulturonline.tv\/de\/\",\"logo\":{\"@type\":\"ImageObject\",\"inLanguage\":\"de\",\"@id\":\"https:\/\/kulturonline.tv\/de\/#\/schema\/logo\/image\/\",\"url\":\"https:\/\/kulturonline.tv\/wp-content\/uploads\/2021\/08\/Kultur-Online-Tv-Logo-Endversion-neu.png\",\"contentUrl\":\"https:\/\/kulturonline.tv\/wp-content\/uploads\/2021\/08\/Kultur-Online-Tv-Logo-Endversion-neu.png\",\"width\":200,\"height\":200,\"caption\":\"Kultur Online TV\"},\"image\":{\"@id\":\"https:\/\/kulturonline.tv\/de\/#\/schema\/logo\/image\/\"},\"sameAs\":[\"https:\/\/www.facebook.com\/kulturonline.tv\",\"https:\/\/www.instagram.com\/kulturonline.tv\"]},{\"@type\":\"Person\",\"@id\":\"https:\/\/kulturonline.tv\/de\/#\/schema\/person\/a1ae2833a59ac52fb9a01a676de7b600\",\"name\":\"stefanrehbein\",\"sameAs\":[\"http:\/\/kulturonline.tv\"]}]}<\/script>\n<!-- \/ Yoast SEO plugin. -->","yoast_head_json":{"title":"Aller guten Dinge sind zwei - Kultur Online TV &amp; FM","description":"Kultur sehen und H\u00f6ren","robots":{"index":"index","follow":"follow","max-snippet":"max-snippet:-1","max-image-preview":"max-image-preview:large","max-video-preview":"max-video-preview:-1"},"canonical":"https:\/\/kulturonline.tv\/de\/aller-guten-dinge-sind-zwei\/","og_locale":"de_DE","og_type":"article","og_title":"Aller guten Dinge sind zwei - Kultur Online TV &amp; FM","og_description":"Kultur sehen und H\u00f6ren","og_url":"https:\/\/kulturonline.tv\/de\/aller-guten-dinge-sind-zwei\/","og_site_name":"Kultur Online TV &amp; FM","article_publisher":"https:\/\/www.facebook.com\/kulturonline.tv","article_published_time":"2021-04-20T10:50:50+00:00","article_modified_time":"2021-06-08T12:28:57+00:00","og_image":[{"width":1080,"height":1080,"url":"https:\/\/kulturonline.tv\/wp-content\/uploads\/2021\/06\/d1bfac_948f3bb708fe4904bc1b2f213332e994~mv2.png","type":"image\/png"}],"author":"stefanrehbein","twitter_card":"summary_large_image","twitter_misc":{"Verfasst von":"stefanrehbein","Gesch\u00e4tzte Lesezeit":"1\u00a0Minute"},"schema":{"@context":"https:\/\/schema.org","@graph":[{"@type":"Article","@id":"https:\/\/kulturonline.tv\/de\/aller-guten-dinge-sind-zwei\/#article","isPartOf":{"@id":"https:\/\/kulturonline.tv\/de\/aller-guten-dinge-sind-zwei\/"},"author":{"name":"stefanrehbein","@id":"https:\/\/kulturonline.tv\/de\/#\/schema\/person\/a1ae2833a59ac52fb9a01a676de7b600"},"headline":"Aller guten Dinge sind zwei","datePublished":"2021-04-20T10:50:50+00:00","dateModified":"2021-06-08T12:28:57+00:00","mainEntityOfPage":{"@id":"https:\/\/kulturonline.tv\/de\/aller-guten-dinge-sind-zwei\/"},"wordCount":262,"publisher":{"@id":"https:\/\/kulturonline.tv\/de\/#organization"},"image":{"@id":"https:\/\/kulturonline.tv\/de\/aller-guten-dinge-sind-zwei\/#primaryimage"},"thumbnailUrl":"https:\/\/kulturonline.tv\/wp-content\/uploads\/2021\/06\/d1bfac_948f3bb708fe4904bc1b2f213332e994~mv2.png","keywords":["#buch","#lesen","#tipp","Literatur"],"articleSection":["Newsflash","Unkategorisiert"],"inLanguage":"de"},{"@type":"WebPage","@id":"https:\/\/kulturonline.tv\/de\/aller-guten-dinge-sind-zwei\/","url":"https:\/\/kulturonline.tv\/de\/aller-guten-dinge-sind-zwei\/","name":"Aller guten Dinge sind zwei - Kultur Online TV &amp; FM","isPartOf":{"@id":"https:\/\/kulturonline.tv\/de\/#website"},"primaryImageOfPage":{"@id":"https:\/\/kulturonline.tv\/de\/aller-guten-dinge-sind-zwei\/#primaryimage"},"image":{"@id":"https:\/\/kulturonline.tv\/de\/aller-guten-dinge-sind-zwei\/#primaryimage"},"thumbnailUrl":"https:\/\/kulturonline.tv\/wp-content\/uploads\/2021\/06\/d1bfac_948f3bb708fe4904bc1b2f213332e994~mv2.png","datePublished":"2021-04-20T10:50:50+00:00","dateModified":"2021-06-08T12:28:57+00:00","description":"Kultur sehen und H\u00f6ren","breadcrumb":{"@id":"https:\/\/kulturonline.tv\/de\/aller-guten-dinge-sind-zwei\/#breadcrumb"},"inLanguage":"de","potentialAction":[{"@type":"ReadAction","target":["https:\/\/kulturonline.tv\/de\/aller-guten-dinge-sind-zwei\/"]}]},{"@type":"ImageObject","inLanguage":"de","@id":"https:\/\/kulturonline.tv\/de\/aller-guten-dinge-sind-zwei\/#primaryimage","url":"https:\/\/kulturonline.tv\/wp-content\/uploads\/2021\/06\/d1bfac_948f3bb708fe4904bc1b2f213332e994~mv2.png","contentUrl":"https:\/\/kulturonline.tv\/wp-content\/uploads\/2021\/06\/d1bfac_948f3bb708fe4904bc1b2f213332e994~mv2.png","width":1080,"height":1080},{"@type":"BreadcrumbList","@id":"https:\/\/kulturonline.tv\/de\/aller-guten-dinge-sind-zwei\/#breadcrumb","itemListElement":[{"@type":"ListItem","position":1,"name":"Startseite","item":"https:\/\/kulturonline.tv\/de\/"},{"@type":"ListItem","position":2,"name":"Aller guten Dinge sind zwei"}]},{"@type":"WebSite","@id":"https:\/\/kulturonline.tv\/de\/#website","url":"https:\/\/kulturonline.tv\/de\/","name":"Kultur Online TV &amp; FM","description":"Wir sind Kultur 2.0 zum sehen &amp; h\u00f6ren","publisher":{"@id":"https:\/\/kulturonline.tv\/de\/#organization"},"potentialAction":[{"@type":"SearchAction","target":{"@type":"EntryPoint","urlTemplate":"https:\/\/kulturonline.tv\/de\/?s={search_term_string}"},"query-input":{"@type":"PropertyValueSpecification","valueRequired":true,"valueName":"search_term_string"}}],"inLanguage":"de"},{"@type":"Organization","@id":"https:\/\/kulturonline.tv\/de\/#organization","name":"Kultur Online TV","url":"https:\/\/kulturonline.tv\/de\/","logo":{"@type":"ImageObject","inLanguage":"de","@id":"https:\/\/kulturonline.tv\/de\/#\/schema\/logo\/image\/","url":"https:\/\/kulturonline.tv\/wp-content\/uploads\/2021\/08\/Kultur-Online-Tv-Logo-Endversion-neu.png","contentUrl":"https:\/\/kulturonline.tv\/wp-content\/uploads\/2021\/08\/Kultur-Online-Tv-Logo-Endversion-neu.png","width":200,"height":200,"caption":"Kultur Online TV"},"image":{"@id":"https:\/\/kulturonline.tv\/de\/#\/schema\/logo\/image\/"},"sameAs":["https:\/\/www.facebook.com\/kulturonline.tv","https:\/\/www.instagram.com\/kulturonline.tv"]},{"@type":"Person","@id":"https:\/\/kulturonline.tv\/de\/#\/schema\/person\/a1ae2833a59ac52fb9a01a676de7b600","name":"stefanrehbein","sameAs":["http:\/\/kulturonline.tv"]}]}},"_links":{"self":[{"href":"https:\/\/kulturonline.tv\/de\/wp-json\/wp\/v2\/posts\/2099","targetHints":{"allow":["GET"]}}],"collection":[{"href":"https:\/\/kulturonline.tv\/de\/wp-json\/wp\/v2\/posts"}],"about":[{"href":"https:\/\/kulturonline.tv\/de\/wp-json\/wp\/v2\/types\/post"}],"author":[{"embeddable":true,"href":"https:\/\/kulturonline.tv\/de\/wp-json\/wp\/v2\/users\/1"}],"replies":[{"embeddable":true,"href":"https:\/\/kulturonline.tv\/de\/wp-json\/wp\/v2\/comments?post=2099"}],"version-history":[{"count":0,"href":"https:\/\/kulturonline.tv\/de\/wp-json\/wp\/v2\/posts\/2099\/revisions"}],"wp:featuredmedia":[{"embeddable":true,"href":"https:\/\/kulturonline.tv\/de\/wp-json\/wp\/v2\/media\/539"}],"wp:attachment":[{"href":"https:\/\/kulturonline.tv\/de\/wp-json\/wp\/v2\/media?parent=2099"}],"wp:term":[{"taxonomy":"category","embeddable":true,"href":"https:\/\/kulturonline.tv\/de\/wp-json\/wp\/v2\/categories?post=2099"},{"taxonomy":"post_tag","embeddable":true,"href":"https:\/\/kulturonline.tv\/de\/wp-json\/wp\/v2\/tags?post=2099"}],"curies":[{"name":"wp","href":"https:\/\/api.w.org\/{rel}","templated":true}]}}