{"id":20995,"date":"2022-01-26T17:19:39","date_gmt":"2022-01-26T16:19:39","guid":{"rendered":"https:\/\/kulturonline.tv\/?p=20995"},"modified":"2022-01-26T17:19:40","modified_gmt":"2022-01-26T16:19:40","slug":"von-kaltherzigen-kali-klauern","status":"publish","type":"post","link":"https:\/\/kulturonline.tv\/de\/von-kaltherzigen-kali-klauern\/","title":{"rendered":"Von kaltherzigen Kali-Klauern"},"content":{"rendered":"\n<p>Held oder nicht Held, das ist hier die Frage: Das Deutsche Nationaltheater in Weimar arbeitet mit \u201eTreuhandkriegspanorama\u201c den Umbruch im Osten auf.<\/p>\n\n\n\n<figure class=\"wp-block-image size-full is-resized\"><img fetchpriority=\"high\" decoding=\"async\" src=\"https:\/\/kulturonline.tv\/wp-content\/uploads\/2022\/01\/unbefangen-ambivalent-das-1-edited.jpg\" alt=\"\" class=\"wp-image-20999\" width=\"839\" height=\"472\" srcset=\"https:\/\/kulturonline.tv\/wp-content\/uploads\/2022\/01\/unbefangen-ambivalent-das-1-edited.jpg 610w, https:\/\/kulturonline.tv\/wp-content\/uploads\/2022\/01\/unbefangen-ambivalent-das-1-edited-600x337.jpg 600w\" sizes=\"(max-width: 839px) 100vw, 839px\" \/><figcaption>\u00a9 CANDY WELZ<\/figcaption><\/figure>\n\n\n\n<p>Im Sommer 1993 halten in Bischofferode 40 hungerstreikende Kalikumpel drei Monate lang die Republik in Atem. Die Weltpresse sendet live aus dem kleinen Ort im Eichsfeld im Nordwesten Th\u00fcringens, der zum Symbol f\u00fcr den Umgang der Treuhand mit einstigen DDR-Unternehmen wird. <\/p>\n\n\n\n<p>Erstmals nimmt nun auch die \u00d6ffentlichkeit im Westen wahr, was sich seit drei Jahren im Osten abspielt, und die Politik \u2013 damals noch im fernen Bonn \u2013 versucht, von den Bildern aufgeschreckt, den Kurs zu korrigieren. <\/p>\n\n\n\n<p>Allein: es ist zu sp\u00e4t, denn zu der Zeit hat die von Westdeutschen gef\u00fchrte Treuhand bereits den gr\u00f6\u00dften Teil der ihr unterstellten 8500 Betriebe mit rund vier Millionen Besch\u00e4ftigten privatisiert oder \u2013 in den meisten F\u00e4llen \u2013 abgewickelt. Es ist eine in Friedenszeiten nie gekannte Umw\u00e4lzung, die zu enormen Verwerfungen f\u00fchrt, die bis in die heutige Zeit reichen.<\/p>\n\n\n\n<p>Im Hier und Jetzt beginnt auch das St\u00fcck, das Thomas Freyer (Autor) und Jan Gehler (Regie) am Deutschen Nationaltheater Weimar auf die B\u00fchne bringen. Beide stammen aus Th\u00fcringen und haben die Transformationszeit als Jugendliche miterlebt. Im St\u00fcck kehrt der 40 Jahre alte Sohn zur\u00fcck ins Eichsfeld zu den Eltern.<\/p>\n\n\n\n<p>Der Vater, einst ein um seinen Job k\u00e4mpfender Kalikumpel, liegt mit Lungenembolie im Koma. Die Mutter, gelernte Erzieherin, verdingte sich nach dem Umbruch notgedrungen an einer Baumarktkasse. 30 Jahre sp\u00e4ter gr\u00e4bt sich nun der Sohn ein in das penibel gef\u00fchrte Archiv des Vaters, forscht in der famili\u00e4ren Vergangenheit, will wissen, wie seine Eltern die Transformationszeit erlebt haben und warum es ihnen so schwerf\u00e4llt, damit ihren Frieden zu machen.<\/p>\n\n\n\n<p>Unter Verwendung dokumentarischer Quellen und anhand zentraler Motive des 1722 Quadratmeter gro\u00dfen Panoramagem\u00e4ldes &#8222;Fr\u00fchb\u00fcrgerliche Revolution in Deutschland&#8220; von Werner T\u00fcbke entwickelte der Dramatiker Thomas Freyer dieses Auftragswerk f\u00fcr das DNT. <\/p>\n\n\n\n<p>Er verbindet einen fiktionalen Erz\u00e4hlstrang mit dokumentarischen Quellen zu einem ambivalenten, vielleicht widerspr\u00fcchlichen Bild der Treuhand und den Auswirkungen ihrer T\u00e4tigkeit in Nordth\u00fcringen. Ein Bild, in dem kontr\u00e4re Meinungen und Erfahrungen Platz haben. Regisseur Jan Gehler \u2013 so wie der Autor in Th\u00fcringen aufgewachsen \u2013 zeigt hiermit seine erste Arbeit in Weimar.<\/p>\n\n\n\n<p>Kultur Online TV<\/p>\n\n\n\n<p>#kultur #theater<\/p>\n","protected":false},"excerpt":{"rendered":"<p>Held oder nicht Held, das ist hier die Frage: Das Deutsche Nationaltheater in Weimar arbeitet mit \u201eTreuhandkriegspanorama\u201c den Umbruch im Osten auf. Im Sommer 1993 halten in Bischofferode 40 hungerstreikende Kalikumpel drei Monate lang die Republik in Atem. Die Weltpresse sendet live aus dem kleinen Ort im Eichsfeld im Nordwesten Th\u00fcringens, der zum Symbol f\u00fcr [&hellip;]<\/p>\n","protected":false},"author":2,"featured_media":20999,"comment_status":"closed","ping_status":"closed","sticky":false,"template":"","format":"standard","meta":{"_acf_changed":false,"footnotes":""},"categories":[105],"tags":[],"class_list":["post-20995","post","type-post","status-publish","format-standard","has-post-thumbnail","hentry","category-theater"],"acf":[],"yoast_head":"<!-- This site is optimized with the Yoast SEO plugin v26.1.1 - https:\/\/yoast.com\/wordpress\/plugins\/seo\/ -->\n<title>Von kaltherzigen Kali-Klauern - Kultur Online TV &amp; FM<\/title>\n<meta name=\"description\" content=\"Kultur sehen und H\u00f6ren\" \/>\n<meta name=\"robots\" content=\"index, follow, max-snippet:-1, max-image-preview:large, max-video-preview:-1\" \/>\n<link rel=\"canonical\" href=\"https:\/\/kulturonline.tv\/de\/von-kaltherzigen-kali-klauern\/\" \/>\n<meta property=\"og:locale\" content=\"de_DE\" \/>\n<meta property=\"og:type\" content=\"article\" \/>\n<meta property=\"og:title\" content=\"Von kaltherzigen Kali-Klauern - Kultur Online TV &amp; FM\" \/>\n<meta property=\"og:description\" content=\"Kultur sehen und H\u00f6ren\" \/>\n<meta property=\"og:url\" content=\"https:\/\/kulturonline.tv\/de\/von-kaltherzigen-kali-klauern\/\" \/>\n<meta property=\"og:site_name\" content=\"Kultur Online TV &amp; FM\" \/>\n<meta property=\"article:publisher\" content=\"https:\/\/www.facebook.com\/kulturonline.tv\" \/>\n<meta property=\"article:published_time\" content=\"2022-01-26T16:19:39+00:00\" \/>\n<meta property=\"article:modified_time\" content=\"2022-01-26T16:19:40+00:00\" \/>\n<meta property=\"og:image\" content=\"https:\/\/kulturonline.tv\/wp-content\/uploads\/2022\/01\/unbefangen-ambivalent-das-1-edited.jpg\" \/>\n\t<meta property=\"og:image:width\" content=\"610\" \/>\n\t<meta property=\"og:image:height\" content=\"343\" \/>\n\t<meta property=\"og:image:type\" content=\"image\/jpeg\" \/>\n<meta name=\"author\" content=\"guenter.wolfgang\" \/>\n<meta name=\"twitter:card\" content=\"summary_large_image\" \/>\n<meta name=\"twitter:label1\" content=\"Verfasst von\" \/>\n\t<meta name=\"twitter:data1\" content=\"guenter.wolfgang\" \/>\n\t<meta name=\"twitter:label2\" content=\"Gesch\u00e4tzte Lesezeit\" \/>\n\t<meta name=\"twitter:data2\" content=\"3\u00a0Minuten\" \/>\n<script type=\"application\/ld+json\" class=\"yoast-schema-graph\">{\"@context\":\"https:\/\/schema.org\",\"@graph\":[{\"@type\":\"Article\",\"@id\":\"https:\/\/kulturonline.tv\/de\/von-kaltherzigen-kali-klauern\/#article\",\"isPartOf\":{\"@id\":\"https:\/\/kulturonline.tv\/de\/von-kaltherzigen-kali-klauern\/\"},\"author\":{\"name\":\"guenter.wolfgang\",\"@id\":\"https:\/\/kulturonline.tv\/de\/#\/schema\/person\/b0fac729bb9a0c193fb1df23449df4fe\"},\"headline\":\"Von kaltherzigen Kali-Klauern\",\"datePublished\":\"2022-01-26T16:19:39+00:00\",\"dateModified\":\"2022-01-26T16:19:40+00:00\",\"mainEntityOfPage\":{\"@id\":\"https:\/\/kulturonline.tv\/de\/von-kaltherzigen-kali-klauern\/\"},\"wordCount\":386,\"publisher\":{\"@id\":\"https:\/\/kulturonline.tv\/de\/#organization\"},\"image\":{\"@id\":\"https:\/\/kulturonline.tv\/de\/von-kaltherzigen-kali-klauern\/#primaryimage\"},\"thumbnailUrl\":\"https:\/\/kulturonline.tv\/wp-content\/uploads\/2022\/01\/unbefangen-ambivalent-das-1-edited.jpg\",\"articleSection\":[\"Theater\"],\"inLanguage\":\"de\"},{\"@type\":\"WebPage\",\"@id\":\"https:\/\/kulturonline.tv\/de\/von-kaltherzigen-kali-klauern\/\",\"url\":\"https:\/\/kulturonline.tv\/de\/von-kaltherzigen-kali-klauern\/\",\"name\":\"Von kaltherzigen Kali-Klauern - Kultur Online TV &amp; FM\",\"isPartOf\":{\"@id\":\"https:\/\/kulturonline.tv\/de\/#website\"},\"primaryImageOfPage\":{\"@id\":\"https:\/\/kulturonline.tv\/de\/von-kaltherzigen-kali-klauern\/#primaryimage\"},\"image\":{\"@id\":\"https:\/\/kulturonline.tv\/de\/von-kaltherzigen-kali-klauern\/#primaryimage\"},\"thumbnailUrl\":\"https:\/\/kulturonline.tv\/wp-content\/uploads\/2022\/01\/unbefangen-ambivalent-das-1-edited.jpg\",\"datePublished\":\"2022-01-26T16:19:39+00:00\",\"dateModified\":\"2022-01-26T16:19:40+00:00\",\"description\":\"Kultur sehen und H\u00f6ren\",\"breadcrumb\":{\"@id\":\"https:\/\/kulturonline.tv\/de\/von-kaltherzigen-kali-klauern\/#breadcrumb\"},\"inLanguage\":\"de\",\"potentialAction\":[{\"@type\":\"ReadAction\",\"target\":[\"https:\/\/kulturonline.tv\/de\/von-kaltherzigen-kali-klauern\/\"]}]},{\"@type\":\"ImageObject\",\"inLanguage\":\"de\",\"@id\":\"https:\/\/kulturonline.tv\/de\/von-kaltherzigen-kali-klauern\/#primaryimage\",\"url\":\"https:\/\/kulturonline.tv\/wp-content\/uploads\/2022\/01\/unbefangen-ambivalent-das-1-edited.jpg\",\"contentUrl\":\"https:\/\/kulturonline.tv\/wp-content\/uploads\/2022\/01\/unbefangen-ambivalent-das-1-edited.jpg\",\"width\":610,\"height\":343},{\"@type\":\"BreadcrumbList\",\"@id\":\"https:\/\/kulturonline.tv\/de\/von-kaltherzigen-kali-klauern\/#breadcrumb\",\"itemListElement\":[{\"@type\":\"ListItem\",\"position\":1,\"name\":\"Startseite\",\"item\":\"https:\/\/kulturonline.tv\/de\/\"},{\"@type\":\"ListItem\",\"position\":2,\"name\":\"Von kaltherzigen Kali-Klauern\"}]},{\"@type\":\"WebSite\",\"@id\":\"https:\/\/kulturonline.tv\/de\/#website\",\"url\":\"https:\/\/kulturonline.tv\/de\/\",\"name\":\"Kultur Online TV &amp; FM\",\"description\":\"Wir sind Kultur 2.0 zum sehen &amp; h\u00f6ren\",\"publisher\":{\"@id\":\"https:\/\/kulturonline.tv\/de\/#organization\"},\"potentialAction\":[{\"@type\":\"SearchAction\",\"target\":{\"@type\":\"EntryPoint\",\"urlTemplate\":\"https:\/\/kulturonline.tv\/de\/?s={search_term_string}\"},\"query-input\":{\"@type\":\"PropertyValueSpecification\",\"valueRequired\":true,\"valueName\":\"search_term_string\"}}],\"inLanguage\":\"de\"},{\"@type\":\"Organization\",\"@id\":\"https:\/\/kulturonline.tv\/de\/#organization\",\"name\":\"Kultur Online TV\",\"url\":\"https:\/\/kulturonline.tv\/de\/\",\"logo\":{\"@type\":\"ImageObject\",\"inLanguage\":\"de\",\"@id\":\"https:\/\/kulturonline.tv\/de\/#\/schema\/logo\/image\/\",\"url\":\"https:\/\/kulturonline.tv\/wp-content\/uploads\/2021\/08\/Kultur-Online-Tv-Logo-Endversion-neu.png\",\"contentUrl\":\"https:\/\/kulturonline.tv\/wp-content\/uploads\/2021\/08\/Kultur-Online-Tv-Logo-Endversion-neu.png\",\"width\":200,\"height\":200,\"caption\":\"Kultur Online TV\"},\"image\":{\"@id\":\"https:\/\/kulturonline.tv\/de\/#\/schema\/logo\/image\/\"},\"sameAs\":[\"https:\/\/www.facebook.com\/kulturonline.tv\",\"https:\/\/www.instagram.com\/kulturonline.tv\"]},{\"@type\":\"Person\",\"@id\":\"https:\/\/kulturonline.tv\/de\/#\/schema\/person\/b0fac729bb9a0c193fb1df23449df4fe\",\"name\":\"guenter.wolfgang\"}]}<\/script>\n<!-- \/ Yoast SEO plugin. -->","yoast_head_json":{"title":"Von kaltherzigen Kali-Klauern - Kultur Online TV &amp; FM","description":"Kultur sehen und H\u00f6ren","robots":{"index":"index","follow":"follow","max-snippet":"max-snippet:-1","max-image-preview":"max-image-preview:large","max-video-preview":"max-video-preview:-1"},"canonical":"https:\/\/kulturonline.tv\/de\/von-kaltherzigen-kali-klauern\/","og_locale":"de_DE","og_type":"article","og_title":"Von kaltherzigen Kali-Klauern - Kultur Online TV &amp; FM","og_description":"Kultur sehen und H\u00f6ren","og_url":"https:\/\/kulturonline.tv\/de\/von-kaltherzigen-kali-klauern\/","og_site_name":"Kultur Online TV &amp; FM","article_publisher":"https:\/\/www.facebook.com\/kulturonline.tv","article_published_time":"2022-01-26T16:19:39+00:00","article_modified_time":"2022-01-26T16:19:40+00:00","og_image":[{"width":610,"height":343,"url":"https:\/\/kulturonline.tv\/wp-content\/uploads\/2022\/01\/unbefangen-ambivalent-das-1-edited.jpg","type":"image\/jpeg"}],"author":"guenter.wolfgang","twitter_card":"summary_large_image","twitter_misc":{"Verfasst von":"guenter.wolfgang","Gesch\u00e4tzte Lesezeit":"3\u00a0Minuten"},"schema":{"@context":"https:\/\/schema.org","@graph":[{"@type":"Article","@id":"https:\/\/kulturonline.tv\/de\/von-kaltherzigen-kali-klauern\/#article","isPartOf":{"@id":"https:\/\/kulturonline.tv\/de\/von-kaltherzigen-kali-klauern\/"},"author":{"name":"guenter.wolfgang","@id":"https:\/\/kulturonline.tv\/de\/#\/schema\/person\/b0fac729bb9a0c193fb1df23449df4fe"},"headline":"Von kaltherzigen Kali-Klauern","datePublished":"2022-01-26T16:19:39+00:00","dateModified":"2022-01-26T16:19:40+00:00","mainEntityOfPage":{"@id":"https:\/\/kulturonline.tv\/de\/von-kaltherzigen-kali-klauern\/"},"wordCount":386,"publisher":{"@id":"https:\/\/kulturonline.tv\/de\/#organization"},"image":{"@id":"https:\/\/kulturonline.tv\/de\/von-kaltherzigen-kali-klauern\/#primaryimage"},"thumbnailUrl":"https:\/\/kulturonline.tv\/wp-content\/uploads\/2022\/01\/unbefangen-ambivalent-das-1-edited.jpg","articleSection":["Theater"],"inLanguage":"de"},{"@type":"WebPage","@id":"https:\/\/kulturonline.tv\/de\/von-kaltherzigen-kali-klauern\/","url":"https:\/\/kulturonline.tv\/de\/von-kaltherzigen-kali-klauern\/","name":"Von kaltherzigen Kali-Klauern - Kultur Online TV &amp; FM","isPartOf":{"@id":"https:\/\/kulturonline.tv\/de\/#website"},"primaryImageOfPage":{"@id":"https:\/\/kulturonline.tv\/de\/von-kaltherzigen-kali-klauern\/#primaryimage"},"image":{"@id":"https:\/\/kulturonline.tv\/de\/von-kaltherzigen-kali-klauern\/#primaryimage"},"thumbnailUrl":"https:\/\/kulturonline.tv\/wp-content\/uploads\/2022\/01\/unbefangen-ambivalent-das-1-edited.jpg","datePublished":"2022-01-26T16:19:39+00:00","dateModified":"2022-01-26T16:19:40+00:00","description":"Kultur sehen und H\u00f6ren","breadcrumb":{"@id":"https:\/\/kulturonline.tv\/de\/von-kaltherzigen-kali-klauern\/#breadcrumb"},"inLanguage":"de","potentialAction":[{"@type":"ReadAction","target":["https:\/\/kulturonline.tv\/de\/von-kaltherzigen-kali-klauern\/"]}]},{"@type":"ImageObject","inLanguage":"de","@id":"https:\/\/kulturonline.tv\/de\/von-kaltherzigen-kali-klauern\/#primaryimage","url":"https:\/\/kulturonline.tv\/wp-content\/uploads\/2022\/01\/unbefangen-ambivalent-das-1-edited.jpg","contentUrl":"https:\/\/kulturonline.tv\/wp-content\/uploads\/2022\/01\/unbefangen-ambivalent-das-1-edited.jpg","width":610,"height":343},{"@type":"BreadcrumbList","@id":"https:\/\/kulturonline.tv\/de\/von-kaltherzigen-kali-klauern\/#breadcrumb","itemListElement":[{"@type":"ListItem","position":1,"name":"Startseite","item":"https:\/\/kulturonline.tv\/de\/"},{"@type":"ListItem","position":2,"name":"Von kaltherzigen Kali-Klauern"}]},{"@type":"WebSite","@id":"https:\/\/kulturonline.tv\/de\/#website","url":"https:\/\/kulturonline.tv\/de\/","name":"Kultur Online TV &amp; FM","description":"Wir sind Kultur 2.0 zum sehen &amp; h\u00f6ren","publisher":{"@id":"https:\/\/kulturonline.tv\/de\/#organization"},"potentialAction":[{"@type":"SearchAction","target":{"@type":"EntryPoint","urlTemplate":"https:\/\/kulturonline.tv\/de\/?s={search_term_string}"},"query-input":{"@type":"PropertyValueSpecification","valueRequired":true,"valueName":"search_term_string"}}],"inLanguage":"de"},{"@type":"Organization","@id":"https:\/\/kulturonline.tv\/de\/#organization","name":"Kultur Online TV","url":"https:\/\/kulturonline.tv\/de\/","logo":{"@type":"ImageObject","inLanguage":"de","@id":"https:\/\/kulturonline.tv\/de\/#\/schema\/logo\/image\/","url":"https:\/\/kulturonline.tv\/wp-content\/uploads\/2021\/08\/Kultur-Online-Tv-Logo-Endversion-neu.png","contentUrl":"https:\/\/kulturonline.tv\/wp-content\/uploads\/2021\/08\/Kultur-Online-Tv-Logo-Endversion-neu.png","width":200,"height":200,"caption":"Kultur Online TV"},"image":{"@id":"https:\/\/kulturonline.tv\/de\/#\/schema\/logo\/image\/"},"sameAs":["https:\/\/www.facebook.com\/kulturonline.tv","https:\/\/www.instagram.com\/kulturonline.tv"]},{"@type":"Person","@id":"https:\/\/kulturonline.tv\/de\/#\/schema\/person\/b0fac729bb9a0c193fb1df23449df4fe","name":"guenter.wolfgang"}]}},"_links":{"self":[{"href":"https:\/\/kulturonline.tv\/de\/wp-json\/wp\/v2\/posts\/20995","targetHints":{"allow":["GET"]}}],"collection":[{"href":"https:\/\/kulturonline.tv\/de\/wp-json\/wp\/v2\/posts"}],"about":[{"href":"https:\/\/kulturonline.tv\/de\/wp-json\/wp\/v2\/types\/post"}],"author":[{"embeddable":true,"href":"https:\/\/kulturonline.tv\/de\/wp-json\/wp\/v2\/users\/2"}],"replies":[{"embeddable":true,"href":"https:\/\/kulturonline.tv\/de\/wp-json\/wp\/v2\/comments?post=20995"}],"version-history":[{"count":0,"href":"https:\/\/kulturonline.tv\/de\/wp-json\/wp\/v2\/posts\/20995\/revisions"}],"wp:featuredmedia":[{"embeddable":true,"href":"https:\/\/kulturonline.tv\/de\/wp-json\/wp\/v2\/media\/20999"}],"wp:attachment":[{"href":"https:\/\/kulturonline.tv\/de\/wp-json\/wp\/v2\/media?parent=20995"}],"wp:term":[{"taxonomy":"category","embeddable":true,"href":"https:\/\/kulturonline.tv\/de\/wp-json\/wp\/v2\/categories?post=20995"},{"taxonomy":"post_tag","embeddable":true,"href":"https:\/\/kulturonline.tv\/de\/wp-json\/wp\/v2\/tags?post=20995"}],"curies":[{"name":"wp","href":"https:\/\/api.w.org\/{rel}","templated":true}]}}