{"id":21007,"date":"2022-01-26T18:45:11","date_gmt":"2022-01-26T17:45:11","guid":{"rendered":"https:\/\/kulturonline.tv\/?p=21007"},"modified":"2022-01-26T18:50:02","modified_gmt":"2022-01-26T17:50:02","slug":"der-mann-der-sein-leben-vermarktet","status":"publish","type":"post","link":"https:\/\/kulturonline.tv\/de\/der-mann-der-sein-leben-vermarktet\/","title":{"rendered":"Der Mann, der sein Leben vermarktet"},"content":{"rendered":"\n<p>Hermann Scherer geh\u00f6rt zu den gefragtesten Vortragsrednern in Deutschland. Er verdient gut daran, seinen Zuh\u00f6rern zu erz\u00e4hlen, sie sollten ihr Leben nicht vergeuden. Dabei wei\u00df er selbst nicht, ob ihm das gelingt.<\/p>\n\n\n\n<figure class=\"wp-block-image size-full\"><img fetchpriority=\"high\" decoding=\"async\" width=\"1024\" height=\"576\" src=\"https:\/\/kulturonline.tv\/wp-content\/uploads\/2022\/01\/Bild_HS_2-1-1024x683-1-edited-1.jpg\" alt=\"\" class=\"wp-image-21018\" srcset=\"https:\/\/kulturonline.tv\/wp-content\/uploads\/2022\/01\/Bild_HS_2-1-1024x683-1-edited-1.jpg 1024w, https:\/\/kulturonline.tv\/wp-content\/uploads\/2022\/01\/Bild_HS_2-1-1024x683-1-edited-1-600x338.jpg 600w, https:\/\/kulturonline.tv\/wp-content\/uploads\/2022\/01\/Bild_HS_2-1-1024x683-1-edited-1-800x450.jpg 800w, https:\/\/kulturonline.tv\/wp-content\/uploads\/2022\/01\/Bild_HS_2-1-1024x683-1-edited-1-768x432.jpg 768w\" sizes=\"(max-width: 1024px) 100vw, 1024px\" \/><\/figure>\n\n\n\n<p>Hermann Scherer hat seine Zuschauer in der Osnabr\u00fccker Stadthalle im Griff. Er hat Studien zitiert, Witze erz\u00e4hlt, Videos vorgef\u00fchrt, mit pers\u00f6nlichen Anekdoten kokettiert &#8211; und das Publikum gut unterhalten. Gleich ist der Vortrag zu Ende, da senkt Scherer die Stimme:<\/p>\n\n\n\n<p>&#8222;Ich hatte gestern das schreckliche Erlebnis, dass mein Vater gestorben ist.&#8220;<\/p>\n\n\n\n<p>Die 500 Menschen im Saal scharren mit den F\u00fc\u00dfen. Dar\u00fcber macht man doch nun wirklich keine Scherze. &#8222;Ich habe zwei Dinge gelernt&#8220;, sagt der Mann von der B\u00fchne herunter. Dass Sterben so friedlich sein k\u00f6nne. Und dass er das Gef\u00fchl nicht loswerde, dass sein Vater sehr, sehr viele Tr\u00e4ume mitgenommen habe. Kunstpause. Das Publikum schaut betroffen drein. &#8222;Denken Sie bitte daran, Ihre Tr\u00e4ume voranzutreiben.&#8220; Kunstpause. &#8222;Wenn Sie Fragen \u00fcber Ihre Tr\u00e4ume haben, rufen Sie mich an.&#8220;<\/p>\n\n\n\n<p>Hermann Scherer, Bestseller-Autor, gefragter Vortragsredner und &#8222;Business Expert&#8220;, denkt hauptberuflich dar\u00fcber nach, worum es denn eigentlich gehen sollte im Leben. Er spricht und schreibt immer auch \u00fcber sich selbst. Seine privaten Erfahrungen sind die Grundlage seines gesch\u00e4ftlichen Erfolgs. Und so muss es auch nicht immer logisch sein, was er sagt: <\/p>\n\n\n\n<p>Ist sein Vater nun friedlich und zufrieden gestorben, oder hat er damit gehadert, sich nicht alle Tr\u00e4ume erf\u00fcllt zu haben? Scherer beantwortet diese Frage nicht, und den Zuh\u00f6rern f\u00e4llt es nicht auf. Das Leben ist und bleibt widerspr\u00fcchlich, auch wenn man sich vornimmt, nun an jedem Tag an der Erf\u00fcllung seiner Tr\u00e4ume zu arbeiten.<\/p>\n\n\n\n<p>Ganz nach seinem Motte: &#8222;Lebe dein Leben und erreiche deine Tr\u00e4ume mit mehr Fokus&#8220; <\/p>\n\n\n\n<div class=\"wp-block-media-text alignwide is-stacked-on-mobile is-vertically-aligned-top\" style=\"grid-template-columns:34% auto\"><figure class=\"wp-block-media-text__media\"><a href=\"ore24.com\/redir\/280711\/kulturonlinetv\"><img decoding=\"async\" width=\"264\" height=\"420\" src=\"https:\/\/kulturonline.tv\/wp-content\/uploads\/2022\/01\/45000900z.jpg\" alt=\"\" class=\"wp-image-21009 size-full\"\/><\/a><\/figure><div class=\"wp-block-media-text__content\">\n<p class=\"has-medium-font-size\">Wenn es ein Leben vor dem Tod gibt, warum leben wir es dann eigentlich nicht? Der Bestsellerautor Hermann Scherer gibt in seinem Buch eine ehrliche Antwort auf diese Frage und macht uns klar: Wir lassen unser Leben einfach geschehen, sind meist fremdbestimmt und unzufrieden. <\/p>\n\n\n\n<p class=\"has-medium-font-size\">Doch das muss nicht sein. Gewohnt inspirierend h\u00e4lt Scherer uns den Spiegel vor. Und er zeigt, wie wir es besser machen k\u00f6nnen:<\/p>\n\n\n\n<p class=\"has-medium-font-size\"><br>&#8211; wie wir gro\u00df denken,<br>&#8211; wie wir unsere selbst gesetzten Grenzen \u00fcberwinden,<br>&#8211; wie wir uns\u00a0zu\u00a0selbstbestimmten Menschen entfalten<\/p>\n\n\n\n<p class=\"has-medium-font-size\">In Scherers neuem gro\u00dfen Wurf geht es um Probleme, Angst, gebrochene Versprechen und ums Sich-selbst-Kleinmachen &#8211; aber noch viel mehr um Probleml\u00f6sung, Mut, Selbstbestimmung, Freiheit und unendlich viel Gl\u00fcck!<\/p>\n<\/div><\/div>\n\n\n\n<p><\/p>\n\n\n\n<p class=\"has-medium-font-size\">Sein Spiegelbestseller &#8222;Fokus&#8220; gibt es bei uns kostenfrei erh\u00e4ltlich und unter folgendem Link zu finden:<\/p>\n\n\n\n<p><a href=\"https:\/\/www.digistore24.com\/redir\/280711\/kulturonlinetv\/\">https:\/\/www.digistore24.com\/redir\/280711\/kulturonlinetv<\/a><\/p>\n\n\n\n<p>&#8211; Werbung &#8211; <\/p>\n\n\n\n<p>Kultur Online TV<\/p>\n\n\n\n<p>#literatur #buch #kultur <\/p>\n","protected":false},"excerpt":{"rendered":"<p>Hermann Scherer geh\u00f6rt zu den gefragtesten Vortragsrednern in Deutschland. Er verdient gut daran, seinen Zuh\u00f6rern zu erz\u00e4hlen, sie sollten ihr Leben nicht vergeuden. Dabei wei\u00df er selbst nicht, ob ihm das gelingt. Hermann Scherer hat seine Zuschauer in der Osnabr\u00fccker Stadthalle im Griff. Er hat Studien zitiert, Witze erz\u00e4hlt, Videos vorgef\u00fchrt, mit pers\u00f6nlichen Anekdoten kokettiert [&hellip;]<\/p>\n","protected":false},"author":2,"featured_media":21018,"comment_status":"closed","ping_status":"closed","sticky":false,"template":"","format":"standard","meta":{"_acf_changed":false,"footnotes":""},"categories":[106,3],"tags":[],"class_list":["post-21007","post","type-post","status-publish","format-standard","has-post-thumbnail","hentry","category-literatur","category-newsflash"],"acf":[],"yoast_head":"<!-- This site is optimized with the Yoast SEO plugin v26.1.1 - https:\/\/yoast.com\/wordpress\/plugins\/seo\/ -->\n<title>Der Mann, der sein Leben vermarktet - Kultur Online TV &amp; FM<\/title>\n<meta name=\"description\" content=\"Kultur sehen und H\u00f6ren\" \/>\n<meta name=\"robots\" content=\"index, follow, max-snippet:-1, max-image-preview:large, max-video-preview:-1\" \/>\n<link rel=\"canonical\" href=\"https:\/\/kulturonline.tv\/de\/der-mann-der-sein-leben-vermarktet\/\" \/>\n<meta property=\"og:locale\" content=\"de_DE\" \/>\n<meta property=\"og:type\" content=\"article\" \/>\n<meta property=\"og:title\" content=\"Der Mann, der sein Leben vermarktet - Kultur Online TV &amp; FM\" \/>\n<meta property=\"og:description\" content=\"Kultur sehen und H\u00f6ren\" \/>\n<meta property=\"og:url\" content=\"https:\/\/kulturonline.tv\/de\/der-mann-der-sein-leben-vermarktet\/\" \/>\n<meta property=\"og:site_name\" content=\"Kultur Online TV &amp; FM\" \/>\n<meta property=\"article:publisher\" content=\"https:\/\/www.facebook.com\/kulturonline.tv\" \/>\n<meta property=\"article:published_time\" content=\"2022-01-26T17:45:11+00:00\" \/>\n<meta property=\"article:modified_time\" content=\"2022-01-26T17:50:02+00:00\" \/>\n<meta property=\"og:image\" content=\"https:\/\/kulturonline.tv\/wp-content\/uploads\/2022\/01\/Bild_HS_2-1-1024x683-1-edited-1.jpg\" \/>\n\t<meta property=\"og:image:width\" content=\"1024\" \/>\n\t<meta property=\"og:image:height\" content=\"576\" \/>\n\t<meta property=\"og:image:type\" content=\"image\/jpeg\" \/>\n<meta name=\"author\" content=\"guenter.wolfgang\" \/>\n<meta name=\"twitter:card\" content=\"summary_large_image\" \/>\n<meta name=\"twitter:label1\" content=\"Verfasst von\" \/>\n\t<meta name=\"twitter:data1\" content=\"guenter.wolfgang\" \/>\n\t<meta name=\"twitter:label2\" content=\"Gesch\u00e4tzte Lesezeit\" \/>\n\t<meta name=\"twitter:data2\" content=\"3\u00a0Minuten\" \/>\n<script type=\"application\/ld+json\" class=\"yoast-schema-graph\">{\"@context\":\"https:\/\/schema.org\",\"@graph\":[{\"@type\":\"Article\",\"@id\":\"https:\/\/kulturonline.tv\/de\/der-mann-der-sein-leben-vermarktet\/#article\",\"isPartOf\":{\"@id\":\"https:\/\/kulturonline.tv\/de\/der-mann-der-sein-leben-vermarktet\/\"},\"author\":{\"name\":\"guenter.wolfgang\",\"@id\":\"https:\/\/kulturonline.tv\/de\/#\/schema\/person\/b0fac729bb9a0c193fb1df23449df4fe\"},\"headline\":\"Der Mann, der sein Leben vermarktet\",\"datePublished\":\"2022-01-26T17:45:11+00:00\",\"dateModified\":\"2022-01-26T17:50:02+00:00\",\"mainEntityOfPage\":{\"@id\":\"https:\/\/kulturonline.tv\/de\/der-mann-der-sein-leben-vermarktet\/\"},\"wordCount\":459,\"publisher\":{\"@id\":\"https:\/\/kulturonline.tv\/de\/#organization\"},\"image\":{\"@id\":\"https:\/\/kulturonline.tv\/de\/der-mann-der-sein-leben-vermarktet\/#primaryimage\"},\"thumbnailUrl\":\"https:\/\/kulturonline.tv\/wp-content\/uploads\/2022\/01\/Bild_HS_2-1-1024x683-1-edited-1.jpg\",\"articleSection\":[\"Literatur\",\"Newsflash\"],\"inLanguage\":\"de\"},{\"@type\":\"WebPage\",\"@id\":\"https:\/\/kulturonline.tv\/de\/der-mann-der-sein-leben-vermarktet\/\",\"url\":\"https:\/\/kulturonline.tv\/de\/der-mann-der-sein-leben-vermarktet\/\",\"name\":\"Der Mann, der sein Leben vermarktet - Kultur Online TV &amp; FM\",\"isPartOf\":{\"@id\":\"https:\/\/kulturonline.tv\/de\/#website\"},\"primaryImageOfPage\":{\"@id\":\"https:\/\/kulturonline.tv\/de\/der-mann-der-sein-leben-vermarktet\/#primaryimage\"},\"image\":{\"@id\":\"https:\/\/kulturonline.tv\/de\/der-mann-der-sein-leben-vermarktet\/#primaryimage\"},\"thumbnailUrl\":\"https:\/\/kulturonline.tv\/wp-content\/uploads\/2022\/01\/Bild_HS_2-1-1024x683-1-edited-1.jpg\",\"datePublished\":\"2022-01-26T17:45:11+00:00\",\"dateModified\":\"2022-01-26T17:50:02+00:00\",\"description\":\"Kultur sehen und H\u00f6ren\",\"breadcrumb\":{\"@id\":\"https:\/\/kulturonline.tv\/de\/der-mann-der-sein-leben-vermarktet\/#breadcrumb\"},\"inLanguage\":\"de\",\"potentialAction\":[{\"@type\":\"ReadAction\",\"target\":[\"https:\/\/kulturonline.tv\/de\/der-mann-der-sein-leben-vermarktet\/\"]}]},{\"@type\":\"ImageObject\",\"inLanguage\":\"de\",\"@id\":\"https:\/\/kulturonline.tv\/de\/der-mann-der-sein-leben-vermarktet\/#primaryimage\",\"url\":\"https:\/\/kulturonline.tv\/wp-content\/uploads\/2022\/01\/Bild_HS_2-1-1024x683-1-edited-1.jpg\",\"contentUrl\":\"https:\/\/kulturonline.tv\/wp-content\/uploads\/2022\/01\/Bild_HS_2-1-1024x683-1-edited-1.jpg\",\"width\":1024,\"height\":576},{\"@type\":\"BreadcrumbList\",\"@id\":\"https:\/\/kulturonline.tv\/de\/der-mann-der-sein-leben-vermarktet\/#breadcrumb\",\"itemListElement\":[{\"@type\":\"ListItem\",\"position\":1,\"name\":\"Startseite\",\"item\":\"https:\/\/kulturonline.tv\/de\/\"},{\"@type\":\"ListItem\",\"position\":2,\"name\":\"Der Mann, der sein Leben vermarktet\"}]},{\"@type\":\"WebSite\",\"@id\":\"https:\/\/kulturonline.tv\/de\/#website\",\"url\":\"https:\/\/kulturonline.tv\/de\/\",\"name\":\"Kultur Online TV &amp; FM\",\"description\":\"Wir sind Kultur 2.0 zum sehen &amp; h\u00f6ren\",\"publisher\":{\"@id\":\"https:\/\/kulturonline.tv\/de\/#organization\"},\"potentialAction\":[{\"@type\":\"SearchAction\",\"target\":{\"@type\":\"EntryPoint\",\"urlTemplate\":\"https:\/\/kulturonline.tv\/de\/?s={search_term_string}\"},\"query-input\":{\"@type\":\"PropertyValueSpecification\",\"valueRequired\":true,\"valueName\":\"search_term_string\"}}],\"inLanguage\":\"de\"},{\"@type\":\"Organization\",\"@id\":\"https:\/\/kulturonline.tv\/de\/#organization\",\"name\":\"Kultur Online TV\",\"url\":\"https:\/\/kulturonline.tv\/de\/\",\"logo\":{\"@type\":\"ImageObject\",\"inLanguage\":\"de\",\"@id\":\"https:\/\/kulturonline.tv\/de\/#\/schema\/logo\/image\/\",\"url\":\"https:\/\/kulturonline.tv\/wp-content\/uploads\/2021\/08\/Kultur-Online-Tv-Logo-Endversion-neu.png\",\"contentUrl\":\"https:\/\/kulturonline.tv\/wp-content\/uploads\/2021\/08\/Kultur-Online-Tv-Logo-Endversion-neu.png\",\"width\":200,\"height\":200,\"caption\":\"Kultur Online TV\"},\"image\":{\"@id\":\"https:\/\/kulturonline.tv\/de\/#\/schema\/logo\/image\/\"},\"sameAs\":[\"https:\/\/www.facebook.com\/kulturonline.tv\",\"https:\/\/www.instagram.com\/kulturonline.tv\"]},{\"@type\":\"Person\",\"@id\":\"https:\/\/kulturonline.tv\/de\/#\/schema\/person\/b0fac729bb9a0c193fb1df23449df4fe\",\"name\":\"guenter.wolfgang\"}]}<\/script>\n<!-- \/ Yoast SEO plugin. -->","yoast_head_json":{"title":"Der Mann, der sein Leben vermarktet - Kultur Online TV &amp; FM","description":"Kultur sehen und H\u00f6ren","robots":{"index":"index","follow":"follow","max-snippet":"max-snippet:-1","max-image-preview":"max-image-preview:large","max-video-preview":"max-video-preview:-1"},"canonical":"https:\/\/kulturonline.tv\/de\/der-mann-der-sein-leben-vermarktet\/","og_locale":"de_DE","og_type":"article","og_title":"Der Mann, der sein Leben vermarktet - Kultur Online TV &amp; FM","og_description":"Kultur sehen und H\u00f6ren","og_url":"https:\/\/kulturonline.tv\/de\/der-mann-der-sein-leben-vermarktet\/","og_site_name":"Kultur Online TV &amp; FM","article_publisher":"https:\/\/www.facebook.com\/kulturonline.tv","article_published_time":"2022-01-26T17:45:11+00:00","article_modified_time":"2022-01-26T17:50:02+00:00","og_image":[{"width":1024,"height":576,"url":"https:\/\/kulturonline.tv\/wp-content\/uploads\/2022\/01\/Bild_HS_2-1-1024x683-1-edited-1.jpg","type":"image\/jpeg"}],"author":"guenter.wolfgang","twitter_card":"summary_large_image","twitter_misc":{"Verfasst von":"guenter.wolfgang","Gesch\u00e4tzte Lesezeit":"3\u00a0Minuten"},"schema":{"@context":"https:\/\/schema.org","@graph":[{"@type":"Article","@id":"https:\/\/kulturonline.tv\/de\/der-mann-der-sein-leben-vermarktet\/#article","isPartOf":{"@id":"https:\/\/kulturonline.tv\/de\/der-mann-der-sein-leben-vermarktet\/"},"author":{"name":"guenter.wolfgang","@id":"https:\/\/kulturonline.tv\/de\/#\/schema\/person\/b0fac729bb9a0c193fb1df23449df4fe"},"headline":"Der Mann, der sein Leben vermarktet","datePublished":"2022-01-26T17:45:11+00:00","dateModified":"2022-01-26T17:50:02+00:00","mainEntityOfPage":{"@id":"https:\/\/kulturonline.tv\/de\/der-mann-der-sein-leben-vermarktet\/"},"wordCount":459,"publisher":{"@id":"https:\/\/kulturonline.tv\/de\/#organization"},"image":{"@id":"https:\/\/kulturonline.tv\/de\/der-mann-der-sein-leben-vermarktet\/#primaryimage"},"thumbnailUrl":"https:\/\/kulturonline.tv\/wp-content\/uploads\/2022\/01\/Bild_HS_2-1-1024x683-1-edited-1.jpg","articleSection":["Literatur","Newsflash"],"inLanguage":"de"},{"@type":"WebPage","@id":"https:\/\/kulturonline.tv\/de\/der-mann-der-sein-leben-vermarktet\/","url":"https:\/\/kulturonline.tv\/de\/der-mann-der-sein-leben-vermarktet\/","name":"Der Mann, der sein Leben vermarktet - Kultur Online TV &amp; FM","isPartOf":{"@id":"https:\/\/kulturonline.tv\/de\/#website"},"primaryImageOfPage":{"@id":"https:\/\/kulturonline.tv\/de\/der-mann-der-sein-leben-vermarktet\/#primaryimage"},"image":{"@id":"https:\/\/kulturonline.tv\/de\/der-mann-der-sein-leben-vermarktet\/#primaryimage"},"thumbnailUrl":"https:\/\/kulturonline.tv\/wp-content\/uploads\/2022\/01\/Bild_HS_2-1-1024x683-1-edited-1.jpg","datePublished":"2022-01-26T17:45:11+00:00","dateModified":"2022-01-26T17:50:02+00:00","description":"Kultur sehen und H\u00f6ren","breadcrumb":{"@id":"https:\/\/kulturonline.tv\/de\/der-mann-der-sein-leben-vermarktet\/#breadcrumb"},"inLanguage":"de","potentialAction":[{"@type":"ReadAction","target":["https:\/\/kulturonline.tv\/de\/der-mann-der-sein-leben-vermarktet\/"]}]},{"@type":"ImageObject","inLanguage":"de","@id":"https:\/\/kulturonline.tv\/de\/der-mann-der-sein-leben-vermarktet\/#primaryimage","url":"https:\/\/kulturonline.tv\/wp-content\/uploads\/2022\/01\/Bild_HS_2-1-1024x683-1-edited-1.jpg","contentUrl":"https:\/\/kulturonline.tv\/wp-content\/uploads\/2022\/01\/Bild_HS_2-1-1024x683-1-edited-1.jpg","width":1024,"height":576},{"@type":"BreadcrumbList","@id":"https:\/\/kulturonline.tv\/de\/der-mann-der-sein-leben-vermarktet\/#breadcrumb","itemListElement":[{"@type":"ListItem","position":1,"name":"Startseite","item":"https:\/\/kulturonline.tv\/de\/"},{"@type":"ListItem","position":2,"name":"Der Mann, der sein Leben vermarktet"}]},{"@type":"WebSite","@id":"https:\/\/kulturonline.tv\/de\/#website","url":"https:\/\/kulturonline.tv\/de\/","name":"Kultur Online TV &amp; FM","description":"Wir sind Kultur 2.0 zum sehen &amp; h\u00f6ren","publisher":{"@id":"https:\/\/kulturonline.tv\/de\/#organization"},"potentialAction":[{"@type":"SearchAction","target":{"@type":"EntryPoint","urlTemplate":"https:\/\/kulturonline.tv\/de\/?s={search_term_string}"},"query-input":{"@type":"PropertyValueSpecification","valueRequired":true,"valueName":"search_term_string"}}],"inLanguage":"de"},{"@type":"Organization","@id":"https:\/\/kulturonline.tv\/de\/#organization","name":"Kultur Online TV","url":"https:\/\/kulturonline.tv\/de\/","logo":{"@type":"ImageObject","inLanguage":"de","@id":"https:\/\/kulturonline.tv\/de\/#\/schema\/logo\/image\/","url":"https:\/\/kulturonline.tv\/wp-content\/uploads\/2021\/08\/Kultur-Online-Tv-Logo-Endversion-neu.png","contentUrl":"https:\/\/kulturonline.tv\/wp-content\/uploads\/2021\/08\/Kultur-Online-Tv-Logo-Endversion-neu.png","width":200,"height":200,"caption":"Kultur Online TV"},"image":{"@id":"https:\/\/kulturonline.tv\/de\/#\/schema\/logo\/image\/"},"sameAs":["https:\/\/www.facebook.com\/kulturonline.tv","https:\/\/www.instagram.com\/kulturonline.tv"]},{"@type":"Person","@id":"https:\/\/kulturonline.tv\/de\/#\/schema\/person\/b0fac729bb9a0c193fb1df23449df4fe","name":"guenter.wolfgang"}]}},"_links":{"self":[{"href":"https:\/\/kulturonline.tv\/de\/wp-json\/wp\/v2\/posts\/21007","targetHints":{"allow":["GET"]}}],"collection":[{"href":"https:\/\/kulturonline.tv\/de\/wp-json\/wp\/v2\/posts"}],"about":[{"href":"https:\/\/kulturonline.tv\/de\/wp-json\/wp\/v2\/types\/post"}],"author":[{"embeddable":true,"href":"https:\/\/kulturonline.tv\/de\/wp-json\/wp\/v2\/users\/2"}],"replies":[{"embeddable":true,"href":"https:\/\/kulturonline.tv\/de\/wp-json\/wp\/v2\/comments?post=21007"}],"version-history":[{"count":0,"href":"https:\/\/kulturonline.tv\/de\/wp-json\/wp\/v2\/posts\/21007\/revisions"}],"wp:featuredmedia":[{"embeddable":true,"href":"https:\/\/kulturonline.tv\/de\/wp-json\/wp\/v2\/media\/21018"}],"wp:attachment":[{"href":"https:\/\/kulturonline.tv\/de\/wp-json\/wp\/v2\/media?parent=21007"}],"wp:term":[{"taxonomy":"category","embeddable":true,"href":"https:\/\/kulturonline.tv\/de\/wp-json\/wp\/v2\/categories?post=21007"},{"taxonomy":"post_tag","embeddable":true,"href":"https:\/\/kulturonline.tv\/de\/wp-json\/wp\/v2\/tags?post=21007"}],"curies":[{"name":"wp","href":"https:\/\/api.w.org\/{rel}","templated":true}]}}