{"id":2101,"date":"2021-04-20T11:52:06","date_gmt":"2021-04-20T09:52:06","guid":{"rendered":"http:\/\/kulturonline.tv\/uncategorized\/gallery-weekend-berlin-2021mit-digitalem-auftritt"},"modified":"2021-06-08T14:28:57","modified_gmt":"2021-06-08T12:28:57","slug":"gallery-weekend-berlin-2021mit-digitalem-auftritt","status":"publish","type":"post","link":"https:\/\/kulturonline.tv\/de\/gallery-weekend-berlin-2021mit-digitalem-auftritt\/","title":{"rendered":"Gallery Weekend Berlin 2021mit digitalem Auftritt"},"content":{"rendered":"<p>Zum 17. Mal pr\u00e4sentieren Berliner Galerien junge und etablierte K\u00fcnstler*innen in zahlreichen Ausstellungen. Los geht es am Freitag, den 30.April bis Sontag, den<\/p>\n<p>2. Mai 2021<\/p>\n<p><img decoding=\"async\" aria-hidden=\"true\" data-pin-url=\"https:\/\/www.kulturonline.tv\/post\/gallery-weekend-berlin-2021mit-digitalem-auftritt\" data-pin-media=\"https:\/\/static.wixstatic.com\/media\/d1bfac_f21d55c75a4c4d08b1269a97dd352859~mv2.jpg\/v1\/fit\/w_1000{3856b621f8f9b12a9d7e530f990c7d312d5849aa5fb15fbaec4658ad8a578492}2Ch_768{3856b621f8f9b12a9d7e530f990c7d312d5849aa5fb15fbaec4658ad8a578492}2Cal_c{3856b621f8f9b12a9d7e530f990c7d312d5849aa5fb15fbaec4658ad8a578492}2Cq_80\/file.jpg\" class=\"_5JW6l _2ERz3\" src=\"http:\/\/kulturonline.tv\/wp-content\/uploads\/2021\/06\/28_file.jpg\"><\/p>\n<p>F\u00fcr den Fall, dass Galerien Ende April noch nicht \u00f6ffnen k\u00f6nnen, bietet Gallery Weekend Berlin digitale M\u00f6glichkeiten an. F\u00fcr das Publikum werden Live Tours, Einblicke in Galerien sowie Gespr\u00e4che mit K\u00fcnstler*innen erm\u00f6glicht.<\/p>\n<p>Kultur Online TV<\/p>\n","protected":false},"excerpt":{"rendered":"<p>Zum 17. Mal pr\u00e4sentieren Berliner Galerien junge und etablierte K\u00fcnstler*innen in zahlreichen Ausstellungen. Los geht es am Freitag, den 30.April bis Sontag, den 2. Mai 2021 F\u00fcr den Fall, dass Galerien Ende April noch nicht \u00f6ffnen k\u00f6nnen, bietet Gallery Weekend Berlin digitale M\u00f6glichkeiten an. F\u00fcr das Publikum werden Live Tours, Einblicke in Galerien sowie Gespr\u00e4che [&hellip;]<\/p>\n","protected":false},"author":1,"featured_media":543,"comment_status":"closed","ping_status":"closed","sticky":false,"template":"","format":"standard","meta":{"_acf_changed":false,"footnotes":""},"categories":[3,1],"tags":[63,62,37,61],"class_list":["post-2101","post","type-post","status-publish","format-standard","has-post-thumbnail","hentry","category-newsflash","category-unkategorisiert","tag-digital","tag-events","tag-gallery","tag-kutlur"],"acf":[],"yoast_head":"<!-- This site is optimized with the Yoast SEO plugin v26.1.1 - https:\/\/yoast.com\/wordpress\/plugins\/seo\/ -->\n<title>Gallery Weekend Berlin 2021mit digitalem Auftritt - Kultur Online TV &amp; FM<\/title>\n<meta name=\"description\" content=\"Kultur sehen und H\u00f6ren\" \/>\n<meta name=\"robots\" content=\"index, follow, max-snippet:-1, max-image-preview:large, max-video-preview:-1\" \/>\n<link rel=\"canonical\" href=\"https:\/\/kulturonline.tv\/de\/gallery-weekend-berlin-2021mit-digitalem-auftritt\/\" \/>\n<meta property=\"og:locale\" content=\"de_DE\" \/>\n<meta property=\"og:type\" content=\"article\" \/>\n<meta property=\"og:title\" content=\"Gallery Weekend Berlin 2021mit digitalem Auftritt - Kultur Online TV &amp; FM\" \/>\n<meta property=\"og:description\" content=\"Kultur sehen und H\u00f6ren\" \/>\n<meta property=\"og:url\" content=\"https:\/\/kulturonline.tv\/de\/gallery-weekend-berlin-2021mit-digitalem-auftritt\/\" \/>\n<meta property=\"og:site_name\" content=\"Kultur Online TV &amp; FM\" \/>\n<meta property=\"article:publisher\" content=\"https:\/\/www.facebook.com\/kulturonline.tv\" \/>\n<meta property=\"article:published_time\" content=\"2021-04-20T09:52:06+00:00\" \/>\n<meta property=\"article:modified_time\" content=\"2021-06-08T12:28:57+00:00\" \/>\n<meta property=\"og:image\" content=\"https:\/\/kulturonline.tv\/wp-content\/uploads\/2021\/06\/d1bfac_f21d55c75a4c4d08b1269a97dd352859~mv2.jpg\" \/>\n\t<meta property=\"og:image:width\" content=\"1024\" \/>\n\t<meta property=\"og:image:height\" content=\"768\" \/>\n\t<meta property=\"og:image:type\" content=\"image\/jpeg\" \/>\n<meta name=\"author\" content=\"stefanrehbein\" \/>\n<meta name=\"twitter:card\" content=\"summary_large_image\" \/>\n<meta name=\"twitter:label1\" content=\"Verfasst von\" \/>\n\t<meta name=\"twitter:data1\" content=\"stefanrehbein\" \/>\n<script type=\"application\/ld+json\" class=\"yoast-schema-graph\">{\"@context\":\"https:\/\/schema.org\",\"@graph\":[{\"@type\":\"Article\",\"@id\":\"https:\/\/kulturonline.tv\/de\/gallery-weekend-berlin-2021mit-digitalem-auftritt\/#article\",\"isPartOf\":{\"@id\":\"https:\/\/kulturonline.tv\/de\/gallery-weekend-berlin-2021mit-digitalem-auftritt\/\"},\"author\":{\"name\":\"stefanrehbein\",\"@id\":\"https:\/\/kulturonline.tv\/de\/#\/schema\/person\/a1ae2833a59ac52fb9a01a676de7b600\"},\"headline\":\"Gallery Weekend Berlin 2021mit digitalem Auftritt\",\"datePublished\":\"2021-04-20T09:52:06+00:00\",\"dateModified\":\"2021-06-08T12:28:57+00:00\",\"mainEntityOfPage\":{\"@id\":\"https:\/\/kulturonline.tv\/de\/gallery-weekend-berlin-2021mit-digitalem-auftritt\/\"},\"wordCount\":75,\"publisher\":{\"@id\":\"https:\/\/kulturonline.tv\/de\/#organization\"},\"image\":{\"@id\":\"https:\/\/kulturonline.tv\/de\/gallery-weekend-berlin-2021mit-digitalem-auftritt\/#primaryimage\"},\"thumbnailUrl\":\"https:\/\/kulturonline.tv\/wp-content\/uploads\/2021\/06\/d1bfac_f21d55c75a4c4d08b1269a97dd352859~mv2.jpg\",\"keywords\":[\"#digital\",\"#events\",\"#gallery\",\"#kutlur\"],\"articleSection\":[\"Newsflash\",\"Unkategorisiert\"],\"inLanguage\":\"de\"},{\"@type\":\"WebPage\",\"@id\":\"https:\/\/kulturonline.tv\/de\/gallery-weekend-berlin-2021mit-digitalem-auftritt\/\",\"url\":\"https:\/\/kulturonline.tv\/de\/gallery-weekend-berlin-2021mit-digitalem-auftritt\/\",\"name\":\"Gallery Weekend Berlin 2021mit digitalem Auftritt - Kultur Online TV &amp; FM\",\"isPartOf\":{\"@id\":\"https:\/\/kulturonline.tv\/de\/#website\"},\"primaryImageOfPage\":{\"@id\":\"https:\/\/kulturonline.tv\/de\/gallery-weekend-berlin-2021mit-digitalem-auftritt\/#primaryimage\"},\"image\":{\"@id\":\"https:\/\/kulturonline.tv\/de\/gallery-weekend-berlin-2021mit-digitalem-auftritt\/#primaryimage\"},\"thumbnailUrl\":\"https:\/\/kulturonline.tv\/wp-content\/uploads\/2021\/06\/d1bfac_f21d55c75a4c4d08b1269a97dd352859~mv2.jpg\",\"datePublished\":\"2021-04-20T09:52:06+00:00\",\"dateModified\":\"2021-06-08T12:28:57+00:00\",\"description\":\"Kultur sehen und H\u00f6ren\",\"breadcrumb\":{\"@id\":\"https:\/\/kulturonline.tv\/de\/gallery-weekend-berlin-2021mit-digitalem-auftritt\/#breadcrumb\"},\"inLanguage\":\"de\",\"potentialAction\":[{\"@type\":\"ReadAction\",\"target\":[\"https:\/\/kulturonline.tv\/de\/gallery-weekend-berlin-2021mit-digitalem-auftritt\/\"]}]},{\"@type\":\"ImageObject\",\"inLanguage\":\"de\",\"@id\":\"https:\/\/kulturonline.tv\/de\/gallery-weekend-berlin-2021mit-digitalem-auftritt\/#primaryimage\",\"url\":\"https:\/\/kulturonline.tv\/wp-content\/uploads\/2021\/06\/d1bfac_f21d55c75a4c4d08b1269a97dd352859~mv2.jpg\",\"contentUrl\":\"https:\/\/kulturonline.tv\/wp-content\/uploads\/2021\/06\/d1bfac_f21d55c75a4c4d08b1269a97dd352859~mv2.jpg\",\"width\":1024,\"height\":768},{\"@type\":\"BreadcrumbList\",\"@id\":\"https:\/\/kulturonline.tv\/de\/gallery-weekend-berlin-2021mit-digitalem-auftritt\/#breadcrumb\",\"itemListElement\":[{\"@type\":\"ListItem\",\"position\":1,\"name\":\"Startseite\",\"item\":\"https:\/\/kulturonline.tv\/de\/\"},{\"@type\":\"ListItem\",\"position\":2,\"name\":\"Gallery Weekend Berlin 2021mit digitalem Auftritt\"}]},{\"@type\":\"WebSite\",\"@id\":\"https:\/\/kulturonline.tv\/de\/#website\",\"url\":\"https:\/\/kulturonline.tv\/de\/\",\"name\":\"Kultur Online TV &amp; FM\",\"description\":\"Wir sind Kultur 2.0 zum sehen &amp; h\u00f6ren\",\"publisher\":{\"@id\":\"https:\/\/kulturonline.tv\/de\/#organization\"},\"potentialAction\":[{\"@type\":\"SearchAction\",\"target\":{\"@type\":\"EntryPoint\",\"urlTemplate\":\"https:\/\/kulturonline.tv\/de\/?s={search_term_string}\"},\"query-input\":{\"@type\":\"PropertyValueSpecification\",\"valueRequired\":true,\"valueName\":\"search_term_string\"}}],\"inLanguage\":\"de\"},{\"@type\":\"Organization\",\"@id\":\"https:\/\/kulturonline.tv\/de\/#organization\",\"name\":\"Kultur Online TV\",\"url\":\"https:\/\/kulturonline.tv\/de\/\",\"logo\":{\"@type\":\"ImageObject\",\"inLanguage\":\"de\",\"@id\":\"https:\/\/kulturonline.tv\/de\/#\/schema\/logo\/image\/\",\"url\":\"https:\/\/kulturonline.tv\/wp-content\/uploads\/2021\/08\/Kultur-Online-Tv-Logo-Endversion-neu.png\",\"contentUrl\":\"https:\/\/kulturonline.tv\/wp-content\/uploads\/2021\/08\/Kultur-Online-Tv-Logo-Endversion-neu.png\",\"width\":200,\"height\":200,\"caption\":\"Kultur Online TV\"},\"image\":{\"@id\":\"https:\/\/kulturonline.tv\/de\/#\/schema\/logo\/image\/\"},\"sameAs\":[\"https:\/\/www.facebook.com\/kulturonline.tv\",\"https:\/\/www.instagram.com\/kulturonline.tv\"]},{\"@type\":\"Person\",\"@id\":\"https:\/\/kulturonline.tv\/de\/#\/schema\/person\/a1ae2833a59ac52fb9a01a676de7b600\",\"name\":\"stefanrehbein\",\"sameAs\":[\"http:\/\/kulturonline.tv\"]}]}<\/script>\n<!-- \/ Yoast SEO plugin. -->","yoast_head_json":{"title":"Gallery Weekend Berlin 2021mit digitalem Auftritt - Kultur Online TV &amp; FM","description":"Kultur sehen und H\u00f6ren","robots":{"index":"index","follow":"follow","max-snippet":"max-snippet:-1","max-image-preview":"max-image-preview:large","max-video-preview":"max-video-preview:-1"},"canonical":"https:\/\/kulturonline.tv\/de\/gallery-weekend-berlin-2021mit-digitalem-auftritt\/","og_locale":"de_DE","og_type":"article","og_title":"Gallery Weekend Berlin 2021mit digitalem Auftritt - Kultur Online TV &amp; FM","og_description":"Kultur sehen und H\u00f6ren","og_url":"https:\/\/kulturonline.tv\/de\/gallery-weekend-berlin-2021mit-digitalem-auftritt\/","og_site_name":"Kultur Online TV &amp; FM","article_publisher":"https:\/\/www.facebook.com\/kulturonline.tv","article_published_time":"2021-04-20T09:52:06+00:00","article_modified_time":"2021-06-08T12:28:57+00:00","og_image":[{"width":1024,"height":768,"url":"https:\/\/kulturonline.tv\/wp-content\/uploads\/2021\/06\/d1bfac_f21d55c75a4c4d08b1269a97dd352859~mv2.jpg","type":"image\/jpeg"}],"author":"stefanrehbein","twitter_card":"summary_large_image","twitter_misc":{"Verfasst von":"stefanrehbein"},"schema":{"@context":"https:\/\/schema.org","@graph":[{"@type":"Article","@id":"https:\/\/kulturonline.tv\/de\/gallery-weekend-berlin-2021mit-digitalem-auftritt\/#article","isPartOf":{"@id":"https:\/\/kulturonline.tv\/de\/gallery-weekend-berlin-2021mit-digitalem-auftritt\/"},"author":{"name":"stefanrehbein","@id":"https:\/\/kulturonline.tv\/de\/#\/schema\/person\/a1ae2833a59ac52fb9a01a676de7b600"},"headline":"Gallery Weekend Berlin 2021mit digitalem Auftritt","datePublished":"2021-04-20T09:52:06+00:00","dateModified":"2021-06-08T12:28:57+00:00","mainEntityOfPage":{"@id":"https:\/\/kulturonline.tv\/de\/gallery-weekend-berlin-2021mit-digitalem-auftritt\/"},"wordCount":75,"publisher":{"@id":"https:\/\/kulturonline.tv\/de\/#organization"},"image":{"@id":"https:\/\/kulturonline.tv\/de\/gallery-weekend-berlin-2021mit-digitalem-auftritt\/#primaryimage"},"thumbnailUrl":"https:\/\/kulturonline.tv\/wp-content\/uploads\/2021\/06\/d1bfac_f21d55c75a4c4d08b1269a97dd352859~mv2.jpg","keywords":["#digital","#events","#gallery","#kutlur"],"articleSection":["Newsflash","Unkategorisiert"],"inLanguage":"de"},{"@type":"WebPage","@id":"https:\/\/kulturonline.tv\/de\/gallery-weekend-berlin-2021mit-digitalem-auftritt\/","url":"https:\/\/kulturonline.tv\/de\/gallery-weekend-berlin-2021mit-digitalem-auftritt\/","name":"Gallery Weekend Berlin 2021mit digitalem Auftritt - Kultur Online TV &amp; FM","isPartOf":{"@id":"https:\/\/kulturonline.tv\/de\/#website"},"primaryImageOfPage":{"@id":"https:\/\/kulturonline.tv\/de\/gallery-weekend-berlin-2021mit-digitalem-auftritt\/#primaryimage"},"image":{"@id":"https:\/\/kulturonline.tv\/de\/gallery-weekend-berlin-2021mit-digitalem-auftritt\/#primaryimage"},"thumbnailUrl":"https:\/\/kulturonline.tv\/wp-content\/uploads\/2021\/06\/d1bfac_f21d55c75a4c4d08b1269a97dd352859~mv2.jpg","datePublished":"2021-04-20T09:52:06+00:00","dateModified":"2021-06-08T12:28:57+00:00","description":"Kultur sehen und H\u00f6ren","breadcrumb":{"@id":"https:\/\/kulturonline.tv\/de\/gallery-weekend-berlin-2021mit-digitalem-auftritt\/#breadcrumb"},"inLanguage":"de","potentialAction":[{"@type":"ReadAction","target":["https:\/\/kulturonline.tv\/de\/gallery-weekend-berlin-2021mit-digitalem-auftritt\/"]}]},{"@type":"ImageObject","inLanguage":"de","@id":"https:\/\/kulturonline.tv\/de\/gallery-weekend-berlin-2021mit-digitalem-auftritt\/#primaryimage","url":"https:\/\/kulturonline.tv\/wp-content\/uploads\/2021\/06\/d1bfac_f21d55c75a4c4d08b1269a97dd352859~mv2.jpg","contentUrl":"https:\/\/kulturonline.tv\/wp-content\/uploads\/2021\/06\/d1bfac_f21d55c75a4c4d08b1269a97dd352859~mv2.jpg","width":1024,"height":768},{"@type":"BreadcrumbList","@id":"https:\/\/kulturonline.tv\/de\/gallery-weekend-berlin-2021mit-digitalem-auftritt\/#breadcrumb","itemListElement":[{"@type":"ListItem","position":1,"name":"Startseite","item":"https:\/\/kulturonline.tv\/de\/"},{"@type":"ListItem","position":2,"name":"Gallery Weekend Berlin 2021mit digitalem Auftritt"}]},{"@type":"WebSite","@id":"https:\/\/kulturonline.tv\/de\/#website","url":"https:\/\/kulturonline.tv\/de\/","name":"Kultur Online TV &amp; FM","description":"Wir sind Kultur 2.0 zum sehen &amp; h\u00f6ren","publisher":{"@id":"https:\/\/kulturonline.tv\/de\/#organization"},"potentialAction":[{"@type":"SearchAction","target":{"@type":"EntryPoint","urlTemplate":"https:\/\/kulturonline.tv\/de\/?s={search_term_string}"},"query-input":{"@type":"PropertyValueSpecification","valueRequired":true,"valueName":"search_term_string"}}],"inLanguage":"de"},{"@type":"Organization","@id":"https:\/\/kulturonline.tv\/de\/#organization","name":"Kultur Online TV","url":"https:\/\/kulturonline.tv\/de\/","logo":{"@type":"ImageObject","inLanguage":"de","@id":"https:\/\/kulturonline.tv\/de\/#\/schema\/logo\/image\/","url":"https:\/\/kulturonline.tv\/wp-content\/uploads\/2021\/08\/Kultur-Online-Tv-Logo-Endversion-neu.png","contentUrl":"https:\/\/kulturonline.tv\/wp-content\/uploads\/2021\/08\/Kultur-Online-Tv-Logo-Endversion-neu.png","width":200,"height":200,"caption":"Kultur Online TV"},"image":{"@id":"https:\/\/kulturonline.tv\/de\/#\/schema\/logo\/image\/"},"sameAs":["https:\/\/www.facebook.com\/kulturonline.tv","https:\/\/www.instagram.com\/kulturonline.tv"]},{"@type":"Person","@id":"https:\/\/kulturonline.tv\/de\/#\/schema\/person\/a1ae2833a59ac52fb9a01a676de7b600","name":"stefanrehbein","sameAs":["http:\/\/kulturonline.tv"]}]}},"_links":{"self":[{"href":"https:\/\/kulturonline.tv\/de\/wp-json\/wp\/v2\/posts\/2101","targetHints":{"allow":["GET"]}}],"collection":[{"href":"https:\/\/kulturonline.tv\/de\/wp-json\/wp\/v2\/posts"}],"about":[{"href":"https:\/\/kulturonline.tv\/de\/wp-json\/wp\/v2\/types\/post"}],"author":[{"embeddable":true,"href":"https:\/\/kulturonline.tv\/de\/wp-json\/wp\/v2\/users\/1"}],"replies":[{"embeddable":true,"href":"https:\/\/kulturonline.tv\/de\/wp-json\/wp\/v2\/comments?post=2101"}],"version-history":[{"count":0,"href":"https:\/\/kulturonline.tv\/de\/wp-json\/wp\/v2\/posts\/2101\/revisions"}],"wp:featuredmedia":[{"embeddable":true,"href":"https:\/\/kulturonline.tv\/de\/wp-json\/wp\/v2\/media\/543"}],"wp:attachment":[{"href":"https:\/\/kulturonline.tv\/de\/wp-json\/wp\/v2\/media?parent=2101"}],"wp:term":[{"taxonomy":"category","embeddable":true,"href":"https:\/\/kulturonline.tv\/de\/wp-json\/wp\/v2\/categories?post=2101"},{"taxonomy":"post_tag","embeddable":true,"href":"https:\/\/kulturonline.tv\/de\/wp-json\/wp\/v2\/tags?post=2101"}],"curies":[{"name":"wp","href":"https:\/\/api.w.org\/{rel}","templated":true}]}}