{"id":2102,"date":"2021-04-20T11:38:43","date_gmt":"2021-04-20T09:38:43","guid":{"rendered":"http:\/\/kulturonline.tv\/uncategorized\/kulturveranstaltungen-unter-freiem-himmel"},"modified":"2021-06-08T14:28:57","modified_gmt":"2021-06-08T12:28:57","slug":"kulturveranstaltungen-unter-freiem-himmel","status":"publish","type":"post","link":"https:\/\/kulturonline.tv\/de\/kulturveranstaltungen-unter-freiem-himmel\/","title":{"rendered":"Kulturveranstaltungen unter freiem Himmel?"},"content":{"rendered":"<p>Am Donnerstag, den 22.04.2021 wird ab 11.00 Uhr der Bundesrat in einer Sondersitzung \u00fcber das Infektionsschutzgesetz beraten. Nach der Ausfertigung des Gesetzes durch den Bundespr\u00e4sidenten soll das Infektionsschutzgesetz am darauffolgenden Tag in Kraft treten.<\/p>\n<p><img decoding=\"async\" aria-hidden=\"true\" data-pin-url=\"https:\/\/www.kulturonline.tv\/post\/keine-kulturveranstaltungen-unter-freiem-himmel\" data-pin-media=\"https:\/\/static.wixstatic.com\/media\/d1bfac_b07114ba3d5b4903b5409d8a1fe58c18~mv2.jpg\/v1\/fit\/w_1000{3856b621f8f9b12a9d7e530f990c7d312d5849aa5fb15fbaec4658ad8a578492}2Ch_853{3856b621f8f9b12a9d7e530f990c7d312d5849aa5fb15fbaec4658ad8a578492}2Cal_c{3856b621f8f9b12a9d7e530f990c7d312d5849aa5fb15fbaec4658ad8a578492}2Cq_80\/file.jpg\" class=\"_5JW6l _2ERz3\" src=\"http:\/\/kulturonline.tv\/wp-content\/uploads\/2021\/06\/29_file.jpg\"><\/p>\n<p>F\u00fcr den Deutschen Kulturrat ist klar, wir brauchen bundesweite strenge Regelungen, um das Virus endlich besiegen zu k\u00f6nnen. Aber diese Regelungen m\u00fcssen auch sinnvoll sein. Dass bei einer Inzidenz von mehr 100 grunds\u00e4tzlich keine Open-Air-Kulturveranstaltungen, selbst unter strengsten Hygienevorgaben, durchgef\u00fchrt werden d\u00fcrfen, ist nicht nachvollziehbar.<\/p>\n<p>Der Gesch\u00e4ftsf\u00fchrer des Deutschen Kulturrates, Olaf Zimmermann, sagte: \u201eEs sieht so aus, dass das neue Infektionsschutzgesetz selbst unter strengsten Hygienebedingungen keine Kulturveranstaltungen unter freiem Himmel zul\u00e4sst, wenn in einer Kommune oder einem Landkreis der Inzidenzwert \u00fcber 100 liegt. Das ist in seiner Grunds\u00e4tzlichkeit nicht nachvollziehbar! Die Menschen in unserem Land fiebern auf die Open-Air-Saison hin, um endlich wieder, nat\u00fcrlich in geringem Umfang und unter strengen Sicherheitsvorkehrungen, Kultur live zu erleben. Wir appellieren an die Abgeordneten des Deutschen Bundestags, die T\u00fcre zur Kultur nicht vollst\u00e4ndig zu zuwerfen. Gerade weil wir gemeinsam das Virus bek\u00e4mpfen wollen, braucht es ein Mindestma\u00df an Kulturangeboten. Ohne Kultur verliert man die Hoffnung.\u201c<\/p>\n<p>Kultur Online TV<\/p>\n","protected":false},"excerpt":{"rendered":"<p>Am Donnerstag, den 22.04.2021 wird ab 11.00 Uhr der Bundesrat in einer Sondersitzung \u00fcber das Infektionsschutzgesetz beraten. Nach der Ausfertigung des Gesetzes durch den Bundespr\u00e4sidenten soll das Infektionsschutzgesetz am darauffolgenden Tag in Kraft treten. F\u00fcr den Deutschen Kulturrat ist klar, wir brauchen bundesweite strenge Regelungen, um das Virus endlich besiegen zu k\u00f6nnen. Aber diese Regelungen [&hellip;]<\/p>\n","protected":false},"author":1,"featured_media":545,"comment_status":"closed","ping_status":"closed","sticky":false,"template":"","format":"standard","meta":{"_acf_changed":false,"footnotes":""},"categories":[3,1],"tags":[62,64,6],"class_list":["post-2102","post","type-post","status-publish","format-standard","has-post-thumbnail","hentry","category-newsflash","category-unkategorisiert","tag-events","tag-konzert","tag-kultur"],"acf":[],"yoast_head":"<!-- This site is optimized with the Yoast SEO plugin v26.1.1 - https:\/\/yoast.com\/wordpress\/plugins\/seo\/ -->\n<title>Kulturveranstaltungen unter freiem Himmel? - Kultur Online TV &amp; FM<\/title>\n<meta name=\"description\" content=\"Kultur sehen und H\u00f6ren\" \/>\n<meta name=\"robots\" content=\"index, follow, max-snippet:-1, max-image-preview:large, max-video-preview:-1\" \/>\n<link rel=\"canonical\" href=\"https:\/\/kulturonline.tv\/de\/kulturveranstaltungen-unter-freiem-himmel\/\" \/>\n<meta property=\"og:locale\" content=\"de_DE\" \/>\n<meta property=\"og:type\" content=\"article\" \/>\n<meta property=\"og:title\" content=\"Kulturveranstaltungen unter freiem Himmel? - Kultur Online TV &amp; FM\" \/>\n<meta property=\"og:description\" content=\"Kultur sehen und H\u00f6ren\" \/>\n<meta property=\"og:url\" content=\"https:\/\/kulturonline.tv\/de\/kulturveranstaltungen-unter-freiem-himmel\/\" \/>\n<meta property=\"og:site_name\" content=\"Kultur Online TV &amp; FM\" \/>\n<meta property=\"article:publisher\" content=\"https:\/\/www.facebook.com\/kulturonline.tv\" \/>\n<meta property=\"article:published_time\" content=\"2021-04-20T09:38:43+00:00\" \/>\n<meta property=\"article:modified_time\" content=\"2021-06-08T12:28:57+00:00\" \/>\n<meta property=\"og:image\" content=\"https:\/\/kulturonline.tv\/wp-content\/uploads\/2021\/06\/d1bfac_b07114ba3d5b4903b5409d8a1fe58c18~mv2.jpg\" \/>\n\t<meta property=\"og:image:width\" content=\"1280\" \/>\n\t<meta property=\"og:image:height\" content=\"853\" \/>\n\t<meta property=\"og:image:type\" content=\"image\/jpeg\" \/>\n<meta name=\"author\" content=\"stefanrehbein\" \/>\n<meta name=\"twitter:card\" content=\"summary_large_image\" \/>\n<meta name=\"twitter:label1\" content=\"Verfasst von\" \/>\n\t<meta name=\"twitter:data1\" content=\"stefanrehbein\" \/>\n\t<meta name=\"twitter:label2\" content=\"Gesch\u00e4tzte Lesezeit\" \/>\n\t<meta name=\"twitter:data2\" content=\"1\u00a0Minute\" \/>\n<script type=\"application\/ld+json\" class=\"yoast-schema-graph\">{\"@context\":\"https:\/\/schema.org\",\"@graph\":[{\"@type\":\"Article\",\"@id\":\"https:\/\/kulturonline.tv\/de\/kulturveranstaltungen-unter-freiem-himmel\/#article\",\"isPartOf\":{\"@id\":\"https:\/\/kulturonline.tv\/de\/kulturveranstaltungen-unter-freiem-himmel\/\"},\"author\":{\"name\":\"stefanrehbein\",\"@id\":\"https:\/\/kulturonline.tv\/de\/#\/schema\/person\/a1ae2833a59ac52fb9a01a676de7b600\"},\"headline\":\"Kulturveranstaltungen unter freiem Himmel?\",\"datePublished\":\"2021-04-20T09:38:43+00:00\",\"dateModified\":\"2021-06-08T12:28:57+00:00\",\"mainEntityOfPage\":{\"@id\":\"https:\/\/kulturonline.tv\/de\/kulturveranstaltungen-unter-freiem-himmel\/\"},\"wordCount\":203,\"publisher\":{\"@id\":\"https:\/\/kulturonline.tv\/de\/#organization\"},\"image\":{\"@id\":\"https:\/\/kulturonline.tv\/de\/kulturveranstaltungen-unter-freiem-himmel\/#primaryimage\"},\"thumbnailUrl\":\"https:\/\/kulturonline.tv\/wp-content\/uploads\/2021\/06\/d1bfac_b07114ba3d5b4903b5409d8a1fe58c18~mv2.jpg\",\"keywords\":[\"#events\",\"#konzert\",\"kultur\"],\"articleSection\":[\"Newsflash\",\"Unkategorisiert\"],\"inLanguage\":\"de\"},{\"@type\":\"WebPage\",\"@id\":\"https:\/\/kulturonline.tv\/de\/kulturveranstaltungen-unter-freiem-himmel\/\",\"url\":\"https:\/\/kulturonline.tv\/de\/kulturveranstaltungen-unter-freiem-himmel\/\",\"name\":\"Kulturveranstaltungen unter freiem Himmel? - Kultur Online TV &amp; FM\",\"isPartOf\":{\"@id\":\"https:\/\/kulturonline.tv\/de\/#website\"},\"primaryImageOfPage\":{\"@id\":\"https:\/\/kulturonline.tv\/de\/kulturveranstaltungen-unter-freiem-himmel\/#primaryimage\"},\"image\":{\"@id\":\"https:\/\/kulturonline.tv\/de\/kulturveranstaltungen-unter-freiem-himmel\/#primaryimage\"},\"thumbnailUrl\":\"https:\/\/kulturonline.tv\/wp-content\/uploads\/2021\/06\/d1bfac_b07114ba3d5b4903b5409d8a1fe58c18~mv2.jpg\",\"datePublished\":\"2021-04-20T09:38:43+00:00\",\"dateModified\":\"2021-06-08T12:28:57+00:00\",\"description\":\"Kultur sehen und H\u00f6ren\",\"breadcrumb\":{\"@id\":\"https:\/\/kulturonline.tv\/de\/kulturveranstaltungen-unter-freiem-himmel\/#breadcrumb\"},\"inLanguage\":\"de\",\"potentialAction\":[{\"@type\":\"ReadAction\",\"target\":[\"https:\/\/kulturonline.tv\/de\/kulturveranstaltungen-unter-freiem-himmel\/\"]}]},{\"@type\":\"ImageObject\",\"inLanguage\":\"de\",\"@id\":\"https:\/\/kulturonline.tv\/de\/kulturveranstaltungen-unter-freiem-himmel\/#primaryimage\",\"url\":\"https:\/\/kulturonline.tv\/wp-content\/uploads\/2021\/06\/d1bfac_b07114ba3d5b4903b5409d8a1fe58c18~mv2.jpg\",\"contentUrl\":\"https:\/\/kulturonline.tv\/wp-content\/uploads\/2021\/06\/d1bfac_b07114ba3d5b4903b5409d8a1fe58c18~mv2.jpg\",\"width\":1280,\"height\":853},{\"@type\":\"BreadcrumbList\",\"@id\":\"https:\/\/kulturonline.tv\/de\/kulturveranstaltungen-unter-freiem-himmel\/#breadcrumb\",\"itemListElement\":[{\"@type\":\"ListItem\",\"position\":1,\"name\":\"Startseite\",\"item\":\"https:\/\/kulturonline.tv\/de\/\"},{\"@type\":\"ListItem\",\"position\":2,\"name\":\"Kulturveranstaltungen unter freiem Himmel?\"}]},{\"@type\":\"WebSite\",\"@id\":\"https:\/\/kulturonline.tv\/de\/#website\",\"url\":\"https:\/\/kulturonline.tv\/de\/\",\"name\":\"Kultur Online TV &amp; FM\",\"description\":\"Wir sind Kultur 2.0 zum sehen &amp; h\u00f6ren\",\"publisher\":{\"@id\":\"https:\/\/kulturonline.tv\/de\/#organization\"},\"potentialAction\":[{\"@type\":\"SearchAction\",\"target\":{\"@type\":\"EntryPoint\",\"urlTemplate\":\"https:\/\/kulturonline.tv\/de\/?s={search_term_string}\"},\"query-input\":{\"@type\":\"PropertyValueSpecification\",\"valueRequired\":true,\"valueName\":\"search_term_string\"}}],\"inLanguage\":\"de\"},{\"@type\":\"Organization\",\"@id\":\"https:\/\/kulturonline.tv\/de\/#organization\",\"name\":\"Kultur Online TV\",\"url\":\"https:\/\/kulturonline.tv\/de\/\",\"logo\":{\"@type\":\"ImageObject\",\"inLanguage\":\"de\",\"@id\":\"https:\/\/kulturonline.tv\/de\/#\/schema\/logo\/image\/\",\"url\":\"https:\/\/kulturonline.tv\/wp-content\/uploads\/2021\/08\/Kultur-Online-Tv-Logo-Endversion-neu.png\",\"contentUrl\":\"https:\/\/kulturonline.tv\/wp-content\/uploads\/2021\/08\/Kultur-Online-Tv-Logo-Endversion-neu.png\",\"width\":200,\"height\":200,\"caption\":\"Kultur Online TV\"},\"image\":{\"@id\":\"https:\/\/kulturonline.tv\/de\/#\/schema\/logo\/image\/\"},\"sameAs\":[\"https:\/\/www.facebook.com\/kulturonline.tv\",\"https:\/\/www.instagram.com\/kulturonline.tv\"]},{\"@type\":\"Person\",\"@id\":\"https:\/\/kulturonline.tv\/de\/#\/schema\/person\/a1ae2833a59ac52fb9a01a676de7b600\",\"name\":\"stefanrehbein\",\"sameAs\":[\"http:\/\/kulturonline.tv\"]}]}<\/script>\n<!-- \/ Yoast SEO plugin. -->","yoast_head_json":{"title":"Kulturveranstaltungen unter freiem Himmel? - Kultur Online TV &amp; FM","description":"Kultur sehen und H\u00f6ren","robots":{"index":"index","follow":"follow","max-snippet":"max-snippet:-1","max-image-preview":"max-image-preview:large","max-video-preview":"max-video-preview:-1"},"canonical":"https:\/\/kulturonline.tv\/de\/kulturveranstaltungen-unter-freiem-himmel\/","og_locale":"de_DE","og_type":"article","og_title":"Kulturveranstaltungen unter freiem Himmel? - Kultur Online TV &amp; FM","og_description":"Kultur sehen und H\u00f6ren","og_url":"https:\/\/kulturonline.tv\/de\/kulturveranstaltungen-unter-freiem-himmel\/","og_site_name":"Kultur Online TV &amp; FM","article_publisher":"https:\/\/www.facebook.com\/kulturonline.tv","article_published_time":"2021-04-20T09:38:43+00:00","article_modified_time":"2021-06-08T12:28:57+00:00","og_image":[{"width":1280,"height":853,"url":"https:\/\/kulturonline.tv\/wp-content\/uploads\/2021\/06\/d1bfac_b07114ba3d5b4903b5409d8a1fe58c18~mv2.jpg","type":"image\/jpeg"}],"author":"stefanrehbein","twitter_card":"summary_large_image","twitter_misc":{"Verfasst von":"stefanrehbein","Gesch\u00e4tzte Lesezeit":"1\u00a0Minute"},"schema":{"@context":"https:\/\/schema.org","@graph":[{"@type":"Article","@id":"https:\/\/kulturonline.tv\/de\/kulturveranstaltungen-unter-freiem-himmel\/#article","isPartOf":{"@id":"https:\/\/kulturonline.tv\/de\/kulturveranstaltungen-unter-freiem-himmel\/"},"author":{"name":"stefanrehbein","@id":"https:\/\/kulturonline.tv\/de\/#\/schema\/person\/a1ae2833a59ac52fb9a01a676de7b600"},"headline":"Kulturveranstaltungen unter freiem Himmel?","datePublished":"2021-04-20T09:38:43+00:00","dateModified":"2021-06-08T12:28:57+00:00","mainEntityOfPage":{"@id":"https:\/\/kulturonline.tv\/de\/kulturveranstaltungen-unter-freiem-himmel\/"},"wordCount":203,"publisher":{"@id":"https:\/\/kulturonline.tv\/de\/#organization"},"image":{"@id":"https:\/\/kulturonline.tv\/de\/kulturveranstaltungen-unter-freiem-himmel\/#primaryimage"},"thumbnailUrl":"https:\/\/kulturonline.tv\/wp-content\/uploads\/2021\/06\/d1bfac_b07114ba3d5b4903b5409d8a1fe58c18~mv2.jpg","keywords":["#events","#konzert","kultur"],"articleSection":["Newsflash","Unkategorisiert"],"inLanguage":"de"},{"@type":"WebPage","@id":"https:\/\/kulturonline.tv\/de\/kulturveranstaltungen-unter-freiem-himmel\/","url":"https:\/\/kulturonline.tv\/de\/kulturveranstaltungen-unter-freiem-himmel\/","name":"Kulturveranstaltungen unter freiem Himmel? - Kultur Online TV &amp; FM","isPartOf":{"@id":"https:\/\/kulturonline.tv\/de\/#website"},"primaryImageOfPage":{"@id":"https:\/\/kulturonline.tv\/de\/kulturveranstaltungen-unter-freiem-himmel\/#primaryimage"},"image":{"@id":"https:\/\/kulturonline.tv\/de\/kulturveranstaltungen-unter-freiem-himmel\/#primaryimage"},"thumbnailUrl":"https:\/\/kulturonline.tv\/wp-content\/uploads\/2021\/06\/d1bfac_b07114ba3d5b4903b5409d8a1fe58c18~mv2.jpg","datePublished":"2021-04-20T09:38:43+00:00","dateModified":"2021-06-08T12:28:57+00:00","description":"Kultur sehen und H\u00f6ren","breadcrumb":{"@id":"https:\/\/kulturonline.tv\/de\/kulturveranstaltungen-unter-freiem-himmel\/#breadcrumb"},"inLanguage":"de","potentialAction":[{"@type":"ReadAction","target":["https:\/\/kulturonline.tv\/de\/kulturveranstaltungen-unter-freiem-himmel\/"]}]},{"@type":"ImageObject","inLanguage":"de","@id":"https:\/\/kulturonline.tv\/de\/kulturveranstaltungen-unter-freiem-himmel\/#primaryimage","url":"https:\/\/kulturonline.tv\/wp-content\/uploads\/2021\/06\/d1bfac_b07114ba3d5b4903b5409d8a1fe58c18~mv2.jpg","contentUrl":"https:\/\/kulturonline.tv\/wp-content\/uploads\/2021\/06\/d1bfac_b07114ba3d5b4903b5409d8a1fe58c18~mv2.jpg","width":1280,"height":853},{"@type":"BreadcrumbList","@id":"https:\/\/kulturonline.tv\/de\/kulturveranstaltungen-unter-freiem-himmel\/#breadcrumb","itemListElement":[{"@type":"ListItem","position":1,"name":"Startseite","item":"https:\/\/kulturonline.tv\/de\/"},{"@type":"ListItem","position":2,"name":"Kulturveranstaltungen unter freiem Himmel?"}]},{"@type":"WebSite","@id":"https:\/\/kulturonline.tv\/de\/#website","url":"https:\/\/kulturonline.tv\/de\/","name":"Kultur Online TV &amp; FM","description":"Wir sind Kultur 2.0 zum sehen &amp; h\u00f6ren","publisher":{"@id":"https:\/\/kulturonline.tv\/de\/#organization"},"potentialAction":[{"@type":"SearchAction","target":{"@type":"EntryPoint","urlTemplate":"https:\/\/kulturonline.tv\/de\/?s={search_term_string}"},"query-input":{"@type":"PropertyValueSpecification","valueRequired":true,"valueName":"search_term_string"}}],"inLanguage":"de"},{"@type":"Organization","@id":"https:\/\/kulturonline.tv\/de\/#organization","name":"Kultur Online TV","url":"https:\/\/kulturonline.tv\/de\/","logo":{"@type":"ImageObject","inLanguage":"de","@id":"https:\/\/kulturonline.tv\/de\/#\/schema\/logo\/image\/","url":"https:\/\/kulturonline.tv\/wp-content\/uploads\/2021\/08\/Kultur-Online-Tv-Logo-Endversion-neu.png","contentUrl":"https:\/\/kulturonline.tv\/wp-content\/uploads\/2021\/08\/Kultur-Online-Tv-Logo-Endversion-neu.png","width":200,"height":200,"caption":"Kultur Online TV"},"image":{"@id":"https:\/\/kulturonline.tv\/de\/#\/schema\/logo\/image\/"},"sameAs":["https:\/\/www.facebook.com\/kulturonline.tv","https:\/\/www.instagram.com\/kulturonline.tv"]},{"@type":"Person","@id":"https:\/\/kulturonline.tv\/de\/#\/schema\/person\/a1ae2833a59ac52fb9a01a676de7b600","name":"stefanrehbein","sameAs":["http:\/\/kulturonline.tv"]}]}},"_links":{"self":[{"href":"https:\/\/kulturonline.tv\/de\/wp-json\/wp\/v2\/posts\/2102","targetHints":{"allow":["GET"]}}],"collection":[{"href":"https:\/\/kulturonline.tv\/de\/wp-json\/wp\/v2\/posts"}],"about":[{"href":"https:\/\/kulturonline.tv\/de\/wp-json\/wp\/v2\/types\/post"}],"author":[{"embeddable":true,"href":"https:\/\/kulturonline.tv\/de\/wp-json\/wp\/v2\/users\/1"}],"replies":[{"embeddable":true,"href":"https:\/\/kulturonline.tv\/de\/wp-json\/wp\/v2\/comments?post=2102"}],"version-history":[{"count":0,"href":"https:\/\/kulturonline.tv\/de\/wp-json\/wp\/v2\/posts\/2102\/revisions"}],"wp:featuredmedia":[{"embeddable":true,"href":"https:\/\/kulturonline.tv\/de\/wp-json\/wp\/v2\/media\/545"}],"wp:attachment":[{"href":"https:\/\/kulturonline.tv\/de\/wp-json\/wp\/v2\/media?parent=2102"}],"wp:term":[{"taxonomy":"category","embeddable":true,"href":"https:\/\/kulturonline.tv\/de\/wp-json\/wp\/v2\/categories?post=2102"},{"taxonomy":"post_tag","embeddable":true,"href":"https:\/\/kulturonline.tv\/de\/wp-json\/wp\/v2\/tags?post=2102"}],"curies":[{"name":"wp","href":"https:\/\/api.w.org\/{rel}","templated":true}]}}