{"id":2106,"date":"2021-04-12T07:21:48","date_gmt":"2021-04-12T05:21:48","guid":{"rendered":"http:\/\/kulturonline.tv\/uncategorized\/kunstschaffende-verlieren-krankenversicherung"},"modified":"2021-06-08T14:28:58","modified_gmt":"2021-06-08T12:28:58","slug":"kunstschaffende-verlieren-krankenversicherung","status":"publish","type":"post","link":"https:\/\/kulturonline.tv\/de\/kunstschaffende-verlieren-krankenversicherung\/","title":{"rendered":"Kunstschaffende verlieren Krankenversicherung"},"content":{"rendered":"<p>K\u00fcnstlerinnen und K\u00fcnstler verlieren Krankenversicherung &#8211; Politik muss jetzt handeln<\/p>\n<p>Deutscher Kulturrat fordert Sozialminister Heil und Gesundheitsminister Spahn auf, umgehend t\u00e4tig zu werden.<\/p>\n<p><img decoding=\"async\" aria-hidden=\"true\" data-pin-url=\"https:\/\/www.kulturonline.tv\/post\/kunstschaffende-verlieren-krankenversicherung\" data-pin-media=\"https:\/\/static.wixstatic.com\/media\/d1bfac_31a5a1179a0043a1ab6d01645fdb7712~mv2.jpg\/v1\/fit\/w_1000{3856b621f8f9b12a9d7e530f990c7d312d5849aa5fb15fbaec4658ad8a578492}2Ch_853{3856b621f8f9b12a9d7e530f990c7d312d5849aa5fb15fbaec4658ad8a578492}2Cal_c{3856b621f8f9b12a9d7e530f990c7d312d5849aa5fb15fbaec4658ad8a578492}2Cq_80\/file.jpg\" class=\"_5JW6l _2ERz3\" src=\"http:\/\/kulturonline.tv\/wp-content\/uploads\/2021\/06\/31_file.jpg\"><\/p>\n<p>Die Corona-Pandemie hat viele K\u00fcnstlerinnen und K\u00fcnstler ihrer \u00f6konomischen Grundlage beraubt. Auftritte, Veranstaltungen, Lesungen, Ausstellungen, k\u00fcnstlerische Lehre und anderes mehr sind bereits seit einem Jahr nicht m\u00f6glich.<\/p>\n<p>Viele Versicherte in der K\u00fcnstlersozialkasse haben zus\u00e4tzlich zu ihrer k\u00fcnstlerischen T\u00e4tigkeit eine andere selbst\u00e4ndige T\u00e4tigkeit aufgenommen, um \u00fcber die Runden zu kommen. Diese andere selbst\u00e4ndige T\u00e4tigkeit l\u00e4sst teilweise tempor\u00e4r die eigentliche k\u00fcnstlerische oder publizistische T\u00e4tigkeit in den Hintergrund treten, was zum Verlust der Kranken- und Pflegeversicherung durch die K\u00fcnstlersozialkasse (KSK) f\u00fchrt.<\/p>\n<p>Der Deutsche Kulturrat fordert das Bundesministerium f\u00fcr Arbeit und Soziales sowie das Bundesministerium f\u00fcr Gesundheit auf, f\u00fcr die Zeit der Corona-Pandemie befristet eine schnelle und praktikable L\u00f6sung zur Bestandsgarantie f\u00fcr KSK-Versicherte in der Kranken- und Pflegeversicherung zu finden.<\/p>\n<p>Der Gesch\u00e4ftsf\u00fchrer des Deutschen Kulturrates, Olaf Zimmermann, sagte: &#8220;Kein gesellschaftlicher Bereich in Deutschland ist l\u00e4nger von den Lockdown-Ma\u00dfnahmen zum Schutz vor dem Corona-Virus betroffen wie der Kulturbereich. Die Not ist f\u00fcr viele K\u00fcnstlerinnern und K\u00fcnstler extrem gro\u00df. Viele K\u00fcnstlerinnen und K\u00fcnstler geben aber nicht auf, sondern nehmen ihr \u00f6konomisches Schicksal selbst in die Hand, sie warten nicht auf \u00f6ffentliche Unterst\u00fctzung, sondern arbeiten freiberuflich au\u00dferhalb ihrer k\u00fcnstlerischen T\u00e4tigkeit. Doch statt dass sie f\u00fcr ihre Eigeninitiative gelobt werden, verlieren sie unter Umst\u00e4nden ihre Kranken- und Pflegeversicherung durch die K\u00fcnstlersozialkasse. Das darf nicht sein. Deshalb fordern wir Sozialminister Hubertus Heil und Gesundheitsminister Jens Spahn auf, hier umgehend t\u00e4tig zu werden, damit Eigeninitiative der K\u00fcnstlerinnen und K\u00fcnstler nicht auch noch bestraft wird.&#8221;<\/p>\n<p>Kultur Online TV<\/p>\n","protected":false},"excerpt":{"rendered":"<p>K\u00fcnstlerinnen und K\u00fcnstler verlieren Krankenversicherung &#8211; Politik muss jetzt handeln Deutscher Kulturrat fordert Sozialminister Heil und Gesundheitsminister Spahn auf, umgehend t\u00e4tig zu werden. Die Corona-Pandemie hat viele K\u00fcnstlerinnen und K\u00fcnstler ihrer \u00f6konomischen Grundlage beraubt. Auftritte, Veranstaltungen, Lesungen, Ausstellungen, k\u00fcnstlerische Lehre und anderes mehr sind bereits seit einem Jahr nicht m\u00f6glich. Viele Versicherte in der K\u00fcnstlersozialkasse [&hellip;]<\/p>\n","protected":false},"author":1,"featured_media":553,"comment_status":"closed","ping_status":"closed","sticky":false,"template":"","format":"standard","meta":{"_acf_changed":false,"footnotes":""},"categories":[3,1],"tags":[],"class_list":["post-2106","post","type-post","status-publish","format-standard","has-post-thumbnail","hentry","category-newsflash","category-unkategorisiert"],"acf":[],"yoast_head":"<!-- This site is optimized with the Yoast SEO plugin v26.1.1 - https:\/\/yoast.com\/wordpress\/plugins\/seo\/ -->\n<title>Kunstschaffende verlieren Krankenversicherung - Kultur Online TV &amp; FM<\/title>\n<meta name=\"description\" content=\"Kultur sehen und H\u00f6ren\" \/>\n<meta name=\"robots\" content=\"index, follow, max-snippet:-1, max-image-preview:large, max-video-preview:-1\" \/>\n<link rel=\"canonical\" href=\"https:\/\/kulturonline.tv\/de\/kunstschaffende-verlieren-krankenversicherung\/\" \/>\n<meta property=\"og:locale\" content=\"de_DE\" \/>\n<meta property=\"og:type\" content=\"article\" \/>\n<meta property=\"og:title\" content=\"Kunstschaffende verlieren Krankenversicherung - Kultur Online TV &amp; FM\" \/>\n<meta property=\"og:description\" content=\"Kultur sehen und H\u00f6ren\" \/>\n<meta property=\"og:url\" content=\"https:\/\/kulturonline.tv\/de\/kunstschaffende-verlieren-krankenversicherung\/\" \/>\n<meta property=\"og:site_name\" content=\"Kultur Online TV &amp; FM\" \/>\n<meta property=\"article:publisher\" content=\"https:\/\/www.facebook.com\/kulturonline.tv\" \/>\n<meta property=\"article:published_time\" content=\"2021-04-12T05:21:48+00:00\" \/>\n<meta property=\"article:modified_time\" content=\"2021-06-08T12:28:58+00:00\" \/>\n<meta property=\"og:image\" content=\"https:\/\/kulturonline.tv\/wp-content\/uploads\/2021\/06\/d1bfac_31a5a1179a0043a1ab6d01645fdb7712~mv2.jpg\" \/>\n\t<meta property=\"og:image:width\" content=\"1280\" \/>\n\t<meta property=\"og:image:height\" content=\"853\" \/>\n\t<meta property=\"og:image:type\" content=\"image\/jpeg\" \/>\n<meta name=\"author\" content=\"stefanrehbein\" \/>\n<meta name=\"twitter:card\" content=\"summary_large_image\" \/>\n<meta name=\"twitter:label1\" content=\"Verfasst von\" \/>\n\t<meta name=\"twitter:data1\" content=\"stefanrehbein\" \/>\n\t<meta name=\"twitter:label2\" content=\"Gesch\u00e4tzte Lesezeit\" \/>\n\t<meta name=\"twitter:data2\" content=\"2\u00a0Minuten\" \/>\n<script type=\"application\/ld+json\" class=\"yoast-schema-graph\">{\"@context\":\"https:\/\/schema.org\",\"@graph\":[{\"@type\":\"Article\",\"@id\":\"https:\/\/kulturonline.tv\/de\/kunstschaffende-verlieren-krankenversicherung\/#article\",\"isPartOf\":{\"@id\":\"https:\/\/kulturonline.tv\/de\/kunstschaffende-verlieren-krankenversicherung\/\"},\"author\":{\"name\":\"stefanrehbein\",\"@id\":\"https:\/\/kulturonline.tv\/de\/#\/schema\/person\/a1ae2833a59ac52fb9a01a676de7b600\"},\"headline\":\"Kunstschaffende verlieren Krankenversicherung\",\"datePublished\":\"2021-04-12T05:21:48+00:00\",\"dateModified\":\"2021-06-08T12:28:58+00:00\",\"mainEntityOfPage\":{\"@id\":\"https:\/\/kulturonline.tv\/de\/kunstschaffende-verlieren-krankenversicherung\/\"},\"wordCount\":307,\"publisher\":{\"@id\":\"https:\/\/kulturonline.tv\/de\/#organization\"},\"image\":{\"@id\":\"https:\/\/kulturonline.tv\/de\/kunstschaffende-verlieren-krankenversicherung\/#primaryimage\"},\"thumbnailUrl\":\"https:\/\/kulturonline.tv\/wp-content\/uploads\/2021\/06\/d1bfac_31a5a1179a0043a1ab6d01645fdb7712~mv2.jpg\",\"articleSection\":[\"Newsflash\",\"Unkategorisiert\"],\"inLanguage\":\"de\"},{\"@type\":\"WebPage\",\"@id\":\"https:\/\/kulturonline.tv\/de\/kunstschaffende-verlieren-krankenversicherung\/\",\"url\":\"https:\/\/kulturonline.tv\/de\/kunstschaffende-verlieren-krankenversicherung\/\",\"name\":\"Kunstschaffende verlieren Krankenversicherung - Kultur Online TV &amp; FM\",\"isPartOf\":{\"@id\":\"https:\/\/kulturonline.tv\/de\/#website\"},\"primaryImageOfPage\":{\"@id\":\"https:\/\/kulturonline.tv\/de\/kunstschaffende-verlieren-krankenversicherung\/#primaryimage\"},\"image\":{\"@id\":\"https:\/\/kulturonline.tv\/de\/kunstschaffende-verlieren-krankenversicherung\/#primaryimage\"},\"thumbnailUrl\":\"https:\/\/kulturonline.tv\/wp-content\/uploads\/2021\/06\/d1bfac_31a5a1179a0043a1ab6d01645fdb7712~mv2.jpg\",\"datePublished\":\"2021-04-12T05:21:48+00:00\",\"dateModified\":\"2021-06-08T12:28:58+00:00\",\"description\":\"Kultur sehen und H\u00f6ren\",\"breadcrumb\":{\"@id\":\"https:\/\/kulturonline.tv\/de\/kunstschaffende-verlieren-krankenversicherung\/#breadcrumb\"},\"inLanguage\":\"de\",\"potentialAction\":[{\"@type\":\"ReadAction\",\"target\":[\"https:\/\/kulturonline.tv\/de\/kunstschaffende-verlieren-krankenversicherung\/\"]}]},{\"@type\":\"ImageObject\",\"inLanguage\":\"de\",\"@id\":\"https:\/\/kulturonline.tv\/de\/kunstschaffende-verlieren-krankenversicherung\/#primaryimage\",\"url\":\"https:\/\/kulturonline.tv\/wp-content\/uploads\/2021\/06\/d1bfac_31a5a1179a0043a1ab6d01645fdb7712~mv2.jpg\",\"contentUrl\":\"https:\/\/kulturonline.tv\/wp-content\/uploads\/2021\/06\/d1bfac_31a5a1179a0043a1ab6d01645fdb7712~mv2.jpg\",\"width\":1280,\"height\":853},{\"@type\":\"BreadcrumbList\",\"@id\":\"https:\/\/kulturonline.tv\/de\/kunstschaffende-verlieren-krankenversicherung\/#breadcrumb\",\"itemListElement\":[{\"@type\":\"ListItem\",\"position\":1,\"name\":\"Startseite\",\"item\":\"https:\/\/kulturonline.tv\/de\/\"},{\"@type\":\"ListItem\",\"position\":2,\"name\":\"Kunstschaffende verlieren Krankenversicherung\"}]},{\"@type\":\"WebSite\",\"@id\":\"https:\/\/kulturonline.tv\/de\/#website\",\"url\":\"https:\/\/kulturonline.tv\/de\/\",\"name\":\"Kultur Online TV &amp; FM\",\"description\":\"Wir sind Kultur 2.0 zum sehen &amp; h\u00f6ren\",\"publisher\":{\"@id\":\"https:\/\/kulturonline.tv\/de\/#organization\"},\"potentialAction\":[{\"@type\":\"SearchAction\",\"target\":{\"@type\":\"EntryPoint\",\"urlTemplate\":\"https:\/\/kulturonline.tv\/de\/?s={search_term_string}\"},\"query-input\":{\"@type\":\"PropertyValueSpecification\",\"valueRequired\":true,\"valueName\":\"search_term_string\"}}],\"inLanguage\":\"de\"},{\"@type\":\"Organization\",\"@id\":\"https:\/\/kulturonline.tv\/de\/#organization\",\"name\":\"Kultur Online TV\",\"url\":\"https:\/\/kulturonline.tv\/de\/\",\"logo\":{\"@type\":\"ImageObject\",\"inLanguage\":\"de\",\"@id\":\"https:\/\/kulturonline.tv\/de\/#\/schema\/logo\/image\/\",\"url\":\"https:\/\/kulturonline.tv\/wp-content\/uploads\/2021\/08\/Kultur-Online-Tv-Logo-Endversion-neu.png\",\"contentUrl\":\"https:\/\/kulturonline.tv\/wp-content\/uploads\/2021\/08\/Kultur-Online-Tv-Logo-Endversion-neu.png\",\"width\":200,\"height\":200,\"caption\":\"Kultur Online TV\"},\"image\":{\"@id\":\"https:\/\/kulturonline.tv\/de\/#\/schema\/logo\/image\/\"},\"sameAs\":[\"https:\/\/www.facebook.com\/kulturonline.tv\",\"https:\/\/www.instagram.com\/kulturonline.tv\"]},{\"@type\":\"Person\",\"@id\":\"https:\/\/kulturonline.tv\/de\/#\/schema\/person\/a1ae2833a59ac52fb9a01a676de7b600\",\"name\":\"stefanrehbein\",\"sameAs\":[\"http:\/\/kulturonline.tv\"]}]}<\/script>\n<!-- \/ Yoast SEO plugin. -->","yoast_head_json":{"title":"Kunstschaffende verlieren Krankenversicherung - Kultur Online TV &amp; FM","description":"Kultur sehen und H\u00f6ren","robots":{"index":"index","follow":"follow","max-snippet":"max-snippet:-1","max-image-preview":"max-image-preview:large","max-video-preview":"max-video-preview:-1"},"canonical":"https:\/\/kulturonline.tv\/de\/kunstschaffende-verlieren-krankenversicherung\/","og_locale":"de_DE","og_type":"article","og_title":"Kunstschaffende verlieren Krankenversicherung - Kultur Online TV &amp; FM","og_description":"Kultur sehen und H\u00f6ren","og_url":"https:\/\/kulturonline.tv\/de\/kunstschaffende-verlieren-krankenversicherung\/","og_site_name":"Kultur Online TV &amp; FM","article_publisher":"https:\/\/www.facebook.com\/kulturonline.tv","article_published_time":"2021-04-12T05:21:48+00:00","article_modified_time":"2021-06-08T12:28:58+00:00","og_image":[{"width":1280,"height":853,"url":"https:\/\/kulturonline.tv\/wp-content\/uploads\/2021\/06\/d1bfac_31a5a1179a0043a1ab6d01645fdb7712~mv2.jpg","type":"image\/jpeg"}],"author":"stefanrehbein","twitter_card":"summary_large_image","twitter_misc":{"Verfasst von":"stefanrehbein","Gesch\u00e4tzte Lesezeit":"2\u00a0Minuten"},"schema":{"@context":"https:\/\/schema.org","@graph":[{"@type":"Article","@id":"https:\/\/kulturonline.tv\/de\/kunstschaffende-verlieren-krankenversicherung\/#article","isPartOf":{"@id":"https:\/\/kulturonline.tv\/de\/kunstschaffende-verlieren-krankenversicherung\/"},"author":{"name":"stefanrehbein","@id":"https:\/\/kulturonline.tv\/de\/#\/schema\/person\/a1ae2833a59ac52fb9a01a676de7b600"},"headline":"Kunstschaffende verlieren Krankenversicherung","datePublished":"2021-04-12T05:21:48+00:00","dateModified":"2021-06-08T12:28:58+00:00","mainEntityOfPage":{"@id":"https:\/\/kulturonline.tv\/de\/kunstschaffende-verlieren-krankenversicherung\/"},"wordCount":307,"publisher":{"@id":"https:\/\/kulturonline.tv\/de\/#organization"},"image":{"@id":"https:\/\/kulturonline.tv\/de\/kunstschaffende-verlieren-krankenversicherung\/#primaryimage"},"thumbnailUrl":"https:\/\/kulturonline.tv\/wp-content\/uploads\/2021\/06\/d1bfac_31a5a1179a0043a1ab6d01645fdb7712~mv2.jpg","articleSection":["Newsflash","Unkategorisiert"],"inLanguage":"de"},{"@type":"WebPage","@id":"https:\/\/kulturonline.tv\/de\/kunstschaffende-verlieren-krankenversicherung\/","url":"https:\/\/kulturonline.tv\/de\/kunstschaffende-verlieren-krankenversicherung\/","name":"Kunstschaffende verlieren Krankenversicherung - Kultur Online TV &amp; FM","isPartOf":{"@id":"https:\/\/kulturonline.tv\/de\/#website"},"primaryImageOfPage":{"@id":"https:\/\/kulturonline.tv\/de\/kunstschaffende-verlieren-krankenversicherung\/#primaryimage"},"image":{"@id":"https:\/\/kulturonline.tv\/de\/kunstschaffende-verlieren-krankenversicherung\/#primaryimage"},"thumbnailUrl":"https:\/\/kulturonline.tv\/wp-content\/uploads\/2021\/06\/d1bfac_31a5a1179a0043a1ab6d01645fdb7712~mv2.jpg","datePublished":"2021-04-12T05:21:48+00:00","dateModified":"2021-06-08T12:28:58+00:00","description":"Kultur sehen und H\u00f6ren","breadcrumb":{"@id":"https:\/\/kulturonline.tv\/de\/kunstschaffende-verlieren-krankenversicherung\/#breadcrumb"},"inLanguage":"de","potentialAction":[{"@type":"ReadAction","target":["https:\/\/kulturonline.tv\/de\/kunstschaffende-verlieren-krankenversicherung\/"]}]},{"@type":"ImageObject","inLanguage":"de","@id":"https:\/\/kulturonline.tv\/de\/kunstschaffende-verlieren-krankenversicherung\/#primaryimage","url":"https:\/\/kulturonline.tv\/wp-content\/uploads\/2021\/06\/d1bfac_31a5a1179a0043a1ab6d01645fdb7712~mv2.jpg","contentUrl":"https:\/\/kulturonline.tv\/wp-content\/uploads\/2021\/06\/d1bfac_31a5a1179a0043a1ab6d01645fdb7712~mv2.jpg","width":1280,"height":853},{"@type":"BreadcrumbList","@id":"https:\/\/kulturonline.tv\/de\/kunstschaffende-verlieren-krankenversicherung\/#breadcrumb","itemListElement":[{"@type":"ListItem","position":1,"name":"Startseite","item":"https:\/\/kulturonline.tv\/de\/"},{"@type":"ListItem","position":2,"name":"Kunstschaffende verlieren Krankenversicherung"}]},{"@type":"WebSite","@id":"https:\/\/kulturonline.tv\/de\/#website","url":"https:\/\/kulturonline.tv\/de\/","name":"Kultur Online TV &amp; FM","description":"Wir sind Kultur 2.0 zum sehen &amp; h\u00f6ren","publisher":{"@id":"https:\/\/kulturonline.tv\/de\/#organization"},"potentialAction":[{"@type":"SearchAction","target":{"@type":"EntryPoint","urlTemplate":"https:\/\/kulturonline.tv\/de\/?s={search_term_string}"},"query-input":{"@type":"PropertyValueSpecification","valueRequired":true,"valueName":"search_term_string"}}],"inLanguage":"de"},{"@type":"Organization","@id":"https:\/\/kulturonline.tv\/de\/#organization","name":"Kultur Online TV","url":"https:\/\/kulturonline.tv\/de\/","logo":{"@type":"ImageObject","inLanguage":"de","@id":"https:\/\/kulturonline.tv\/de\/#\/schema\/logo\/image\/","url":"https:\/\/kulturonline.tv\/wp-content\/uploads\/2021\/08\/Kultur-Online-Tv-Logo-Endversion-neu.png","contentUrl":"https:\/\/kulturonline.tv\/wp-content\/uploads\/2021\/08\/Kultur-Online-Tv-Logo-Endversion-neu.png","width":200,"height":200,"caption":"Kultur Online TV"},"image":{"@id":"https:\/\/kulturonline.tv\/de\/#\/schema\/logo\/image\/"},"sameAs":["https:\/\/www.facebook.com\/kulturonline.tv","https:\/\/www.instagram.com\/kulturonline.tv"]},{"@type":"Person","@id":"https:\/\/kulturonline.tv\/de\/#\/schema\/person\/a1ae2833a59ac52fb9a01a676de7b600","name":"stefanrehbein","sameAs":["http:\/\/kulturonline.tv"]}]}},"_links":{"self":[{"href":"https:\/\/kulturonline.tv\/de\/wp-json\/wp\/v2\/posts\/2106","targetHints":{"allow":["GET"]}}],"collection":[{"href":"https:\/\/kulturonline.tv\/de\/wp-json\/wp\/v2\/posts"}],"about":[{"href":"https:\/\/kulturonline.tv\/de\/wp-json\/wp\/v2\/types\/post"}],"author":[{"embeddable":true,"href":"https:\/\/kulturonline.tv\/de\/wp-json\/wp\/v2\/users\/1"}],"replies":[{"embeddable":true,"href":"https:\/\/kulturonline.tv\/de\/wp-json\/wp\/v2\/comments?post=2106"}],"version-history":[{"count":0,"href":"https:\/\/kulturonline.tv\/de\/wp-json\/wp\/v2\/posts\/2106\/revisions"}],"wp:featuredmedia":[{"embeddable":true,"href":"https:\/\/kulturonline.tv\/de\/wp-json\/wp\/v2\/media\/553"}],"wp:attachment":[{"href":"https:\/\/kulturonline.tv\/de\/wp-json\/wp\/v2\/media?parent=2106"}],"wp:term":[{"taxonomy":"category","embeddable":true,"href":"https:\/\/kulturonline.tv\/de\/wp-json\/wp\/v2\/categories?post=2106"},{"taxonomy":"post_tag","embeddable":true,"href":"https:\/\/kulturonline.tv\/de\/wp-json\/wp\/v2\/tags?post=2106"}],"curies":[{"name":"wp","href":"https:\/\/api.w.org\/{rel}","templated":true}]}}