{"id":2107,"date":"2021-04-07T19:17:28","date_gmt":"2021-04-07T17:17:28","guid":{"rendered":"http:\/\/kulturonline.tv\/uncategorized\/festspielhaus-st-poelten-und-museum-noe"},"modified":"2021-06-08T14:28:58","modified_gmt":"2021-06-08T12:28:58","slug":"festspielhaus-st-poelten-und-museum-noe","status":"publish","type":"post","link":"https:\/\/kulturonline.tv\/de\/festspielhaus-st-poelten-und-museum-noe\/","title":{"rendered":"Festspielhaus St. P\u00f6lten und Museum N\u00d6"},"content":{"rendered":"<p>Ab Freitag, 9. April, um 8 Uhr streamt das Festspielhaus St. P\u00f6lten eine Filmaufzeichnung von \u201eCirkopolis\u201c, einem multimedialen Circus-Klassiker der kanadischen Compagnie Cirque \u00c9loize, der mithilfe von Videoprojektionen und B\u00fchnenbildern in einen futuristisch anmutenden Gro\u00dfstadtdschungel zwischen Traum und Realit\u00e4t entf\u00fchrt.<\/p>\n<p><img decoding=\"async\" aria-hidden=\"true\" data-pin-url=\"https:\/\/www.kulturonline.tv\/post\/festspielhaus-st-p\u00f6lten-und-museum-nieder\u00f6sterreich\" data-pin-media=\"https:\/\/static.wixstatic.com\/media\/d1bfac_aa4e94ec999f4e26853abdc4ea03ffe1~mv2.jpg\/v1\/fit\/w_780{3856b621f8f9b12a9d7e530f990c7d312d5849aa5fb15fbaec4658ad8a578492}2Ch_440{3856b621f8f9b12a9d7e530f990c7d312d5849aa5fb15fbaec4658ad8a578492}2Cal_c{3856b621f8f9b12a9d7e530f990c7d312d5849aa5fb15fbaec4658ad8a578492}2Cq_80\/file.jpg\" class=\"_5JW6l _2ERz3\" src=\"http:\/\/kulturonline.tv\/wp-content\/uploads\/2021\/06\/32_file.jpg\"><\/p>\n<p>Unter der k\u00fcnstlerischen Leitung von Jeannot Painchaud, in einer Choreographie von Dave St. Pierre und inspiriert von Fritz Langs Stummfilmklassiker \u201eMetropolis\u201c entsteht so eine au\u00dfergew\u00f6hnliche Kulisse f\u00fcr die artistischen H\u00f6chstleistungen bei Spr\u00fcngen, Seiltanz und Reifenakrobatik. Der Online-Stream steht bis Freitag, 16. April, um 8 Uhr auf www.festspielhaus.at zur Verf\u00fcgung; n\u00e4here Informationen beim Festspielhaus St. P\u00f6lten unter 02742\/908080-600 und www.festspielhaus.at.<\/p>\n<p>Im Museum Nieder\u00f6sterreich in St. P\u00f6lten widmet sich das erste Diskussions-Forum \u201eErlebte Natur\u201c am Dienstag, 13. April, einem umweltpolitisch h\u00f6chst brisanten Thema: Ab 18.30 Uhr diskutieren Doris Burger, Leiterin des Fachbereichs Aviation &#038; Operational Excellence der Donau-Universit\u00e4t Krems, und Gerhard Stadler, Senior Consultant der European Aviation Safety Agency der Europ\u00e4ischen Union, im Haus f\u00fcr Natur mit Manfred Rosenberger via Livestream \u00fcber das Thema \u201eKlima &#038; Fliegen\u201c. Die Diskussion zur Luftfahrt im Spannungsfeld zwischen Umwelt und Wirtschaft geht dabei u. a. Fragen nach, ob die Pandemie das private und berufliche Reiseverhalten nachhaltig zugunsten des Klimas ver\u00e4ndern wird und welche technologischen Fortschritte sich in der Luftfahrt als einem zentralen Element bei der Bew\u00e4ltigung der Klimakrise abzeichnen. Anmeldungen und Tickets zum Livestream unter 02742\/908090-998 und e-mail anmeldung@museumnoe.at; n\u00e4here Informationen unter www.museumnoe.at\/digitalesmuseum.<\/p>\n<p>Kultur Online TV<\/p>\n","protected":false},"excerpt":{"rendered":"<p>Ab Freitag, 9. April, um 8 Uhr streamt das Festspielhaus St. P\u00f6lten eine Filmaufzeichnung von \u201eCirkopolis\u201c, einem multimedialen Circus-Klassiker der kanadischen Compagnie Cirque \u00c9loize, der mithilfe von Videoprojektionen und B\u00fchnenbildern in einen futuristisch anmutenden Gro\u00dfstadtdschungel zwischen Traum und Realit\u00e4t entf\u00fchrt. Unter der k\u00fcnstlerischen Leitung von Jeannot Painchaud, in einer Choreographie von Dave St. Pierre und [&hellip;]<\/p>\n","protected":false},"author":1,"featured_media":555,"comment_status":"closed","ping_status":"closed","sticky":false,"template":"","format":"standard","meta":{"_acf_changed":false,"footnotes":""},"categories":[3,1],"tags":[],"class_list":["post-2107","post","type-post","status-publish","format-standard","has-post-thumbnail","hentry","category-newsflash","category-unkategorisiert"],"acf":[],"yoast_head":"<!-- This site is optimized with the Yoast SEO plugin v26.1.1 - https:\/\/yoast.com\/wordpress\/plugins\/seo\/ -->\n<title>Festspielhaus St. P\u00f6lten und Museum N\u00d6 - Kultur Online TV &amp; FM<\/title>\n<meta name=\"description\" content=\"Kultur sehen und H\u00f6ren\" \/>\n<meta name=\"robots\" content=\"index, follow, max-snippet:-1, max-image-preview:large, max-video-preview:-1\" \/>\n<link rel=\"canonical\" href=\"https:\/\/kulturonline.tv\/de\/festspielhaus-st-poelten-und-museum-noe\/\" \/>\n<meta property=\"og:locale\" content=\"de_DE\" \/>\n<meta property=\"og:type\" content=\"article\" \/>\n<meta property=\"og:title\" content=\"Festspielhaus St. P\u00f6lten und Museum N\u00d6 - Kultur Online TV &amp; FM\" \/>\n<meta property=\"og:description\" content=\"Kultur sehen und H\u00f6ren\" \/>\n<meta property=\"og:url\" content=\"https:\/\/kulturonline.tv\/de\/festspielhaus-st-poelten-und-museum-noe\/\" \/>\n<meta property=\"og:site_name\" content=\"Kultur Online TV &amp; FM\" \/>\n<meta property=\"article:publisher\" content=\"https:\/\/www.facebook.com\/kulturonline.tv\" \/>\n<meta property=\"article:published_time\" content=\"2021-04-07T17:17:28+00:00\" \/>\n<meta property=\"article:modified_time\" content=\"2021-06-08T12:28:58+00:00\" \/>\n<meta property=\"og:image\" content=\"https:\/\/kulturonline.tv\/wp-content\/uploads\/2021\/06\/d1bfac_aa4e94ec999f4e26853abdc4ea03ffe1~mv2.jpg\" \/>\n\t<meta property=\"og:image:width\" content=\"780\" \/>\n\t<meta property=\"og:image:height\" content=\"440\" \/>\n\t<meta property=\"og:image:type\" content=\"image\/jpeg\" \/>\n<meta name=\"author\" content=\"stefanrehbein\" \/>\n<meta name=\"twitter:card\" content=\"summary_large_image\" \/>\n<meta name=\"twitter:label1\" content=\"Verfasst von\" \/>\n\t<meta name=\"twitter:data1\" content=\"stefanrehbein\" \/>\n\t<meta name=\"twitter:label2\" content=\"Gesch\u00e4tzte Lesezeit\" \/>\n\t<meta name=\"twitter:data2\" content=\"1\u00a0Minute\" \/>\n<script type=\"application\/ld+json\" class=\"yoast-schema-graph\">{\"@context\":\"https:\/\/schema.org\",\"@graph\":[{\"@type\":\"Article\",\"@id\":\"https:\/\/kulturonline.tv\/de\/festspielhaus-st-poelten-und-museum-noe\/#article\",\"isPartOf\":{\"@id\":\"https:\/\/kulturonline.tv\/de\/festspielhaus-st-poelten-und-museum-noe\/\"},\"author\":{\"name\":\"stefanrehbein\",\"@id\":\"https:\/\/kulturonline.tv\/de\/#\/schema\/person\/a1ae2833a59ac52fb9a01a676de7b600\"},\"headline\":\"Festspielhaus St. P\u00f6lten und Museum N\u00d6\",\"datePublished\":\"2021-04-07T17:17:28+00:00\",\"dateModified\":\"2021-06-08T12:28:58+00:00\",\"mainEntityOfPage\":{\"@id\":\"https:\/\/kulturonline.tv\/de\/festspielhaus-st-poelten-und-museum-noe\/\"},\"wordCount\":261,\"publisher\":{\"@id\":\"https:\/\/kulturonline.tv\/de\/#organization\"},\"image\":{\"@id\":\"https:\/\/kulturonline.tv\/de\/festspielhaus-st-poelten-und-museum-noe\/#primaryimage\"},\"thumbnailUrl\":\"https:\/\/kulturonline.tv\/wp-content\/uploads\/2021\/06\/d1bfac_aa4e94ec999f4e26853abdc4ea03ffe1~mv2.jpg\",\"articleSection\":[\"Newsflash\",\"Unkategorisiert\"],\"inLanguage\":\"de\"},{\"@type\":\"WebPage\",\"@id\":\"https:\/\/kulturonline.tv\/de\/festspielhaus-st-poelten-und-museum-noe\/\",\"url\":\"https:\/\/kulturonline.tv\/de\/festspielhaus-st-poelten-und-museum-noe\/\",\"name\":\"Festspielhaus St. P\u00f6lten und Museum N\u00d6 - Kultur Online TV &amp; FM\",\"isPartOf\":{\"@id\":\"https:\/\/kulturonline.tv\/de\/#website\"},\"primaryImageOfPage\":{\"@id\":\"https:\/\/kulturonline.tv\/de\/festspielhaus-st-poelten-und-museum-noe\/#primaryimage\"},\"image\":{\"@id\":\"https:\/\/kulturonline.tv\/de\/festspielhaus-st-poelten-und-museum-noe\/#primaryimage\"},\"thumbnailUrl\":\"https:\/\/kulturonline.tv\/wp-content\/uploads\/2021\/06\/d1bfac_aa4e94ec999f4e26853abdc4ea03ffe1~mv2.jpg\",\"datePublished\":\"2021-04-07T17:17:28+00:00\",\"dateModified\":\"2021-06-08T12:28:58+00:00\",\"description\":\"Kultur sehen und H\u00f6ren\",\"breadcrumb\":{\"@id\":\"https:\/\/kulturonline.tv\/de\/festspielhaus-st-poelten-und-museum-noe\/#breadcrumb\"},\"inLanguage\":\"de\",\"potentialAction\":[{\"@type\":\"ReadAction\",\"target\":[\"https:\/\/kulturonline.tv\/de\/festspielhaus-st-poelten-und-museum-noe\/\"]}]},{\"@type\":\"ImageObject\",\"inLanguage\":\"de\",\"@id\":\"https:\/\/kulturonline.tv\/de\/festspielhaus-st-poelten-und-museum-noe\/#primaryimage\",\"url\":\"https:\/\/kulturonline.tv\/wp-content\/uploads\/2021\/06\/d1bfac_aa4e94ec999f4e26853abdc4ea03ffe1~mv2.jpg\",\"contentUrl\":\"https:\/\/kulturonline.tv\/wp-content\/uploads\/2021\/06\/d1bfac_aa4e94ec999f4e26853abdc4ea03ffe1~mv2.jpg\",\"width\":780,\"height\":440},{\"@type\":\"BreadcrumbList\",\"@id\":\"https:\/\/kulturonline.tv\/de\/festspielhaus-st-poelten-und-museum-noe\/#breadcrumb\",\"itemListElement\":[{\"@type\":\"ListItem\",\"position\":1,\"name\":\"Startseite\",\"item\":\"https:\/\/kulturonline.tv\/de\/\"},{\"@type\":\"ListItem\",\"position\":2,\"name\":\"Festspielhaus St. P\u00f6lten und Museum N\u00d6\"}]},{\"@type\":\"WebSite\",\"@id\":\"https:\/\/kulturonline.tv\/de\/#website\",\"url\":\"https:\/\/kulturonline.tv\/de\/\",\"name\":\"Kultur Online TV &amp; FM\",\"description\":\"Wir sind Kultur 2.0 zum sehen &amp; h\u00f6ren\",\"publisher\":{\"@id\":\"https:\/\/kulturonline.tv\/de\/#organization\"},\"potentialAction\":[{\"@type\":\"SearchAction\",\"target\":{\"@type\":\"EntryPoint\",\"urlTemplate\":\"https:\/\/kulturonline.tv\/de\/?s={search_term_string}\"},\"query-input\":{\"@type\":\"PropertyValueSpecification\",\"valueRequired\":true,\"valueName\":\"search_term_string\"}}],\"inLanguage\":\"de\"},{\"@type\":\"Organization\",\"@id\":\"https:\/\/kulturonline.tv\/de\/#organization\",\"name\":\"Kultur Online TV\",\"url\":\"https:\/\/kulturonline.tv\/de\/\",\"logo\":{\"@type\":\"ImageObject\",\"inLanguage\":\"de\",\"@id\":\"https:\/\/kulturonline.tv\/de\/#\/schema\/logo\/image\/\",\"url\":\"https:\/\/kulturonline.tv\/wp-content\/uploads\/2021\/08\/Kultur-Online-Tv-Logo-Endversion-neu.png\",\"contentUrl\":\"https:\/\/kulturonline.tv\/wp-content\/uploads\/2021\/08\/Kultur-Online-Tv-Logo-Endversion-neu.png\",\"width\":200,\"height\":200,\"caption\":\"Kultur Online TV\"},\"image\":{\"@id\":\"https:\/\/kulturonline.tv\/de\/#\/schema\/logo\/image\/\"},\"sameAs\":[\"https:\/\/www.facebook.com\/kulturonline.tv\",\"https:\/\/www.instagram.com\/kulturonline.tv\"]},{\"@type\":\"Person\",\"@id\":\"https:\/\/kulturonline.tv\/de\/#\/schema\/person\/a1ae2833a59ac52fb9a01a676de7b600\",\"name\":\"stefanrehbein\",\"sameAs\":[\"http:\/\/kulturonline.tv\"]}]}<\/script>\n<!-- \/ Yoast SEO plugin. -->","yoast_head_json":{"title":"Festspielhaus St. P\u00f6lten und Museum N\u00d6 - Kultur Online TV &amp; FM","description":"Kultur sehen und H\u00f6ren","robots":{"index":"index","follow":"follow","max-snippet":"max-snippet:-1","max-image-preview":"max-image-preview:large","max-video-preview":"max-video-preview:-1"},"canonical":"https:\/\/kulturonline.tv\/de\/festspielhaus-st-poelten-und-museum-noe\/","og_locale":"de_DE","og_type":"article","og_title":"Festspielhaus St. P\u00f6lten und Museum N\u00d6 - Kultur Online TV &amp; FM","og_description":"Kultur sehen und H\u00f6ren","og_url":"https:\/\/kulturonline.tv\/de\/festspielhaus-st-poelten-und-museum-noe\/","og_site_name":"Kultur Online TV &amp; FM","article_publisher":"https:\/\/www.facebook.com\/kulturonline.tv","article_published_time":"2021-04-07T17:17:28+00:00","article_modified_time":"2021-06-08T12:28:58+00:00","og_image":[{"width":780,"height":440,"url":"https:\/\/kulturonline.tv\/wp-content\/uploads\/2021\/06\/d1bfac_aa4e94ec999f4e26853abdc4ea03ffe1~mv2.jpg","type":"image\/jpeg"}],"author":"stefanrehbein","twitter_card":"summary_large_image","twitter_misc":{"Verfasst von":"stefanrehbein","Gesch\u00e4tzte Lesezeit":"1\u00a0Minute"},"schema":{"@context":"https:\/\/schema.org","@graph":[{"@type":"Article","@id":"https:\/\/kulturonline.tv\/de\/festspielhaus-st-poelten-und-museum-noe\/#article","isPartOf":{"@id":"https:\/\/kulturonline.tv\/de\/festspielhaus-st-poelten-und-museum-noe\/"},"author":{"name":"stefanrehbein","@id":"https:\/\/kulturonline.tv\/de\/#\/schema\/person\/a1ae2833a59ac52fb9a01a676de7b600"},"headline":"Festspielhaus St. P\u00f6lten und Museum N\u00d6","datePublished":"2021-04-07T17:17:28+00:00","dateModified":"2021-06-08T12:28:58+00:00","mainEntityOfPage":{"@id":"https:\/\/kulturonline.tv\/de\/festspielhaus-st-poelten-und-museum-noe\/"},"wordCount":261,"publisher":{"@id":"https:\/\/kulturonline.tv\/de\/#organization"},"image":{"@id":"https:\/\/kulturonline.tv\/de\/festspielhaus-st-poelten-und-museum-noe\/#primaryimage"},"thumbnailUrl":"https:\/\/kulturonline.tv\/wp-content\/uploads\/2021\/06\/d1bfac_aa4e94ec999f4e26853abdc4ea03ffe1~mv2.jpg","articleSection":["Newsflash","Unkategorisiert"],"inLanguage":"de"},{"@type":"WebPage","@id":"https:\/\/kulturonline.tv\/de\/festspielhaus-st-poelten-und-museum-noe\/","url":"https:\/\/kulturonline.tv\/de\/festspielhaus-st-poelten-und-museum-noe\/","name":"Festspielhaus St. P\u00f6lten und Museum N\u00d6 - Kultur Online TV &amp; FM","isPartOf":{"@id":"https:\/\/kulturonline.tv\/de\/#website"},"primaryImageOfPage":{"@id":"https:\/\/kulturonline.tv\/de\/festspielhaus-st-poelten-und-museum-noe\/#primaryimage"},"image":{"@id":"https:\/\/kulturonline.tv\/de\/festspielhaus-st-poelten-und-museum-noe\/#primaryimage"},"thumbnailUrl":"https:\/\/kulturonline.tv\/wp-content\/uploads\/2021\/06\/d1bfac_aa4e94ec999f4e26853abdc4ea03ffe1~mv2.jpg","datePublished":"2021-04-07T17:17:28+00:00","dateModified":"2021-06-08T12:28:58+00:00","description":"Kultur sehen und H\u00f6ren","breadcrumb":{"@id":"https:\/\/kulturonline.tv\/de\/festspielhaus-st-poelten-und-museum-noe\/#breadcrumb"},"inLanguage":"de","potentialAction":[{"@type":"ReadAction","target":["https:\/\/kulturonline.tv\/de\/festspielhaus-st-poelten-und-museum-noe\/"]}]},{"@type":"ImageObject","inLanguage":"de","@id":"https:\/\/kulturonline.tv\/de\/festspielhaus-st-poelten-und-museum-noe\/#primaryimage","url":"https:\/\/kulturonline.tv\/wp-content\/uploads\/2021\/06\/d1bfac_aa4e94ec999f4e26853abdc4ea03ffe1~mv2.jpg","contentUrl":"https:\/\/kulturonline.tv\/wp-content\/uploads\/2021\/06\/d1bfac_aa4e94ec999f4e26853abdc4ea03ffe1~mv2.jpg","width":780,"height":440},{"@type":"BreadcrumbList","@id":"https:\/\/kulturonline.tv\/de\/festspielhaus-st-poelten-und-museum-noe\/#breadcrumb","itemListElement":[{"@type":"ListItem","position":1,"name":"Startseite","item":"https:\/\/kulturonline.tv\/de\/"},{"@type":"ListItem","position":2,"name":"Festspielhaus St. P\u00f6lten und Museum N\u00d6"}]},{"@type":"WebSite","@id":"https:\/\/kulturonline.tv\/de\/#website","url":"https:\/\/kulturonline.tv\/de\/","name":"Kultur Online TV &amp; FM","description":"Wir sind Kultur 2.0 zum sehen &amp; h\u00f6ren","publisher":{"@id":"https:\/\/kulturonline.tv\/de\/#organization"},"potentialAction":[{"@type":"SearchAction","target":{"@type":"EntryPoint","urlTemplate":"https:\/\/kulturonline.tv\/de\/?s={search_term_string}"},"query-input":{"@type":"PropertyValueSpecification","valueRequired":true,"valueName":"search_term_string"}}],"inLanguage":"de"},{"@type":"Organization","@id":"https:\/\/kulturonline.tv\/de\/#organization","name":"Kultur Online TV","url":"https:\/\/kulturonline.tv\/de\/","logo":{"@type":"ImageObject","inLanguage":"de","@id":"https:\/\/kulturonline.tv\/de\/#\/schema\/logo\/image\/","url":"https:\/\/kulturonline.tv\/wp-content\/uploads\/2021\/08\/Kultur-Online-Tv-Logo-Endversion-neu.png","contentUrl":"https:\/\/kulturonline.tv\/wp-content\/uploads\/2021\/08\/Kultur-Online-Tv-Logo-Endversion-neu.png","width":200,"height":200,"caption":"Kultur Online TV"},"image":{"@id":"https:\/\/kulturonline.tv\/de\/#\/schema\/logo\/image\/"},"sameAs":["https:\/\/www.facebook.com\/kulturonline.tv","https:\/\/www.instagram.com\/kulturonline.tv"]},{"@type":"Person","@id":"https:\/\/kulturonline.tv\/de\/#\/schema\/person\/a1ae2833a59ac52fb9a01a676de7b600","name":"stefanrehbein","sameAs":["http:\/\/kulturonline.tv"]}]}},"_links":{"self":[{"href":"https:\/\/kulturonline.tv\/de\/wp-json\/wp\/v2\/posts\/2107","targetHints":{"allow":["GET"]}}],"collection":[{"href":"https:\/\/kulturonline.tv\/de\/wp-json\/wp\/v2\/posts"}],"about":[{"href":"https:\/\/kulturonline.tv\/de\/wp-json\/wp\/v2\/types\/post"}],"author":[{"embeddable":true,"href":"https:\/\/kulturonline.tv\/de\/wp-json\/wp\/v2\/users\/1"}],"replies":[{"embeddable":true,"href":"https:\/\/kulturonline.tv\/de\/wp-json\/wp\/v2\/comments?post=2107"}],"version-history":[{"count":0,"href":"https:\/\/kulturonline.tv\/de\/wp-json\/wp\/v2\/posts\/2107\/revisions"}],"wp:featuredmedia":[{"embeddable":true,"href":"https:\/\/kulturonline.tv\/de\/wp-json\/wp\/v2\/media\/555"}],"wp:attachment":[{"href":"https:\/\/kulturonline.tv\/de\/wp-json\/wp\/v2\/media?parent=2107"}],"wp:term":[{"taxonomy":"category","embeddable":true,"href":"https:\/\/kulturonline.tv\/de\/wp-json\/wp\/v2\/categories?post=2107"},{"taxonomy":"post_tag","embeddable":true,"href":"https:\/\/kulturonline.tv\/de\/wp-json\/wp\/v2\/tags?post=2107"}],"curies":[{"name":"wp","href":"https:\/\/api.w.org\/{rel}","templated":true}]}}