{"id":2112,"date":"2021-03-29T16:10:12","date_gmt":"2021-03-29T14:10:12","guid":{"rendered":"http:\/\/kulturonline.tv\/uncategorized\/osterfestspiele-in-erl-tirol-mussten-abgesagt-werden"},"modified":"2021-06-08T14:28:58","modified_gmt":"2021-06-08T12:28:58","slug":"osterfestspiele-in-erl-tirol-mussten-abgesagt-werden","status":"publish","type":"post","link":"https:\/\/kulturonline.tv\/de\/osterfestspiele-in-erl-tirol-mussten-abgesagt-werden\/","title":{"rendered":"Osterfestspiele in Erl Tirol mussten abgesagt werden"},"content":{"rendered":"<p>Die Tiroler Festspiele Erl mussten sich dem immer noch anhaltenden Lockdown geschlagen geben.<\/p>\n<p><img decoding=\"async\" aria-hidden=\"true\" data-pin-url=\"https:\/\/www.kulturonline.tv\/post\/osterfestspiele-in-erl-tirol-mussten-abgesagt-werden\" data-pin-media=\"https:\/\/static.wixstatic.com\/media\/d1bfac_55e913ab854d48a5a9bfe618fb9ce70f~mv2.jpg\/v1\/fit\/w_858{3856b621f8f9b12a9d7e530f990c7d312d5849aa5fb15fbaec4658ad8a578492}2Ch_539{3856b621f8f9b12a9d7e530f990c7d312d5849aa5fb15fbaec4658ad8a578492}2Cal_c{3856b621f8f9b12a9d7e530f990c7d312d5849aa5fb15fbaec4658ad8a578492}2Cq_80\/file.jpg\" class=\"_5JW6l _2ERz3\" src=\"http:\/\/kulturonline.tv\/wp-content\/uploads\/2021\/06\/36_file.jpg\"><\/p>\n<p>Die Festspiele wurden nun komplett gecancelt. Einen kleinen Lichtblick gibt es sich die Matth\u00e4us-Passion aus dem Festspielhaus Erl am Karsamstag im TV und als Livestream auf ORF III um 09.10h ansehen zu k\u00f6nnen.<\/p>\n<p>Bereits Gekaufte oder reservierte Karten werden automatisch storniert und auf das entsprechende Kundenkonto gutgeschrieben. Das Guthaben kann dann f\u00fcr zuk\u00fcnftige Vorstellungen der Festspiele verwendet, oder auf Wunsch auch r\u00fcckerstattet werden. Die bereits zugesendeten Karten m\u00fcssen nicht retourniert werden.<\/p>\n<p>Kultur Online TV<\/p>\n","protected":false},"excerpt":{"rendered":"<p>Die Tiroler Festspiele Erl mussten sich dem immer noch anhaltenden Lockdown geschlagen geben. Die Festspiele wurden nun komplett gecancelt. Einen kleinen Lichtblick gibt es sich die Matth\u00e4us-Passion aus dem Festspielhaus Erl am Karsamstag im TV und als Livestream auf ORF III um 09.10h ansehen zu k\u00f6nnen. Bereits Gekaufte oder reservierte Karten werden automatisch storniert und [&hellip;]<\/p>\n","protected":false},"author":1,"featured_media":565,"comment_status":"closed","ping_status":"closed","sticky":false,"template":"","format":"standard","meta":{"_acf_changed":false,"footnotes":""},"categories":[3,1],"tags":[65],"class_list":["post-2112","post","type-post","status-publish","format-standard","has-post-thumbnail","hentry","category-newsflash","category-unkategorisiert","tag-tirol"],"acf":[],"yoast_head":"<!-- This site is optimized with the Yoast SEO plugin v26.1.1 - https:\/\/yoast.com\/wordpress\/plugins\/seo\/ -->\n<title>Osterfestspiele in Erl Tirol mussten abgesagt werden - Kultur Online TV &amp; FM<\/title>\n<meta name=\"description\" content=\"Kultur sehen und H\u00f6ren\" \/>\n<meta name=\"robots\" content=\"index, follow, max-snippet:-1, max-image-preview:large, max-video-preview:-1\" \/>\n<link rel=\"canonical\" href=\"https:\/\/kulturonline.tv\/de\/osterfestspiele-in-erl-tirol-mussten-abgesagt-werden\/\" \/>\n<meta property=\"og:locale\" content=\"de_DE\" \/>\n<meta property=\"og:type\" content=\"article\" \/>\n<meta property=\"og:title\" content=\"Osterfestspiele in Erl Tirol mussten abgesagt werden - Kultur Online TV &amp; FM\" \/>\n<meta property=\"og:description\" content=\"Kultur sehen und H\u00f6ren\" \/>\n<meta property=\"og:url\" content=\"https:\/\/kulturonline.tv\/de\/osterfestspiele-in-erl-tirol-mussten-abgesagt-werden\/\" \/>\n<meta property=\"og:site_name\" content=\"Kultur Online TV &amp; FM\" \/>\n<meta property=\"article:publisher\" content=\"https:\/\/www.facebook.com\/kulturonline.tv\" \/>\n<meta property=\"article:published_time\" content=\"2021-03-29T14:10:12+00:00\" \/>\n<meta property=\"article:modified_time\" content=\"2021-06-08T12:28:58+00:00\" \/>\n<meta property=\"og:image\" content=\"https:\/\/kulturonline.tv\/wp-content\/uploads\/2021\/06\/d1bfac_55e913ab854d48a5a9bfe618fb9ce70f~mv2.jpg\" \/>\n\t<meta property=\"og:image:width\" content=\"858\" \/>\n\t<meta property=\"og:image:height\" content=\"539\" \/>\n\t<meta property=\"og:image:type\" content=\"image\/jpeg\" \/>\n<meta name=\"author\" content=\"stefanrehbein\" \/>\n<meta name=\"twitter:card\" content=\"summary_large_image\" \/>\n<meta name=\"twitter:label1\" content=\"Verfasst von\" \/>\n\t<meta name=\"twitter:data1\" content=\"stefanrehbein\" \/>\n<script type=\"application\/ld+json\" class=\"yoast-schema-graph\">{\"@context\":\"https:\/\/schema.org\",\"@graph\":[{\"@type\":\"Article\",\"@id\":\"https:\/\/kulturonline.tv\/de\/osterfestspiele-in-erl-tirol-mussten-abgesagt-werden\/#article\",\"isPartOf\":{\"@id\":\"https:\/\/kulturonline.tv\/de\/osterfestspiele-in-erl-tirol-mussten-abgesagt-werden\/\"},\"author\":{\"name\":\"stefanrehbein\",\"@id\":\"https:\/\/kulturonline.tv\/de\/#\/schema\/person\/a1ae2833a59ac52fb9a01a676de7b600\"},\"headline\":\"Osterfestspiele in Erl Tirol mussten abgesagt werden\",\"datePublished\":\"2021-03-29T14:10:12+00:00\",\"dateModified\":\"2021-06-08T12:28:58+00:00\",\"mainEntityOfPage\":{\"@id\":\"https:\/\/kulturonline.tv\/de\/osterfestspiele-in-erl-tirol-mussten-abgesagt-werden\/\"},\"wordCount\":100,\"publisher\":{\"@id\":\"https:\/\/kulturonline.tv\/de\/#organization\"},\"image\":{\"@id\":\"https:\/\/kulturonline.tv\/de\/osterfestspiele-in-erl-tirol-mussten-abgesagt-werden\/#primaryimage\"},\"thumbnailUrl\":\"https:\/\/kulturonline.tv\/wp-content\/uploads\/2021\/06\/d1bfac_55e913ab854d48a5a9bfe618fb9ce70f~mv2.jpg\",\"keywords\":[\"#tirol\"],\"articleSection\":[\"Newsflash\",\"Unkategorisiert\"],\"inLanguage\":\"de\"},{\"@type\":\"WebPage\",\"@id\":\"https:\/\/kulturonline.tv\/de\/osterfestspiele-in-erl-tirol-mussten-abgesagt-werden\/\",\"url\":\"https:\/\/kulturonline.tv\/de\/osterfestspiele-in-erl-tirol-mussten-abgesagt-werden\/\",\"name\":\"Osterfestspiele in Erl Tirol mussten abgesagt werden - Kultur Online TV &amp; FM\",\"isPartOf\":{\"@id\":\"https:\/\/kulturonline.tv\/de\/#website\"},\"primaryImageOfPage\":{\"@id\":\"https:\/\/kulturonline.tv\/de\/osterfestspiele-in-erl-tirol-mussten-abgesagt-werden\/#primaryimage\"},\"image\":{\"@id\":\"https:\/\/kulturonline.tv\/de\/osterfestspiele-in-erl-tirol-mussten-abgesagt-werden\/#primaryimage\"},\"thumbnailUrl\":\"https:\/\/kulturonline.tv\/wp-content\/uploads\/2021\/06\/d1bfac_55e913ab854d48a5a9bfe618fb9ce70f~mv2.jpg\",\"datePublished\":\"2021-03-29T14:10:12+00:00\",\"dateModified\":\"2021-06-08T12:28:58+00:00\",\"description\":\"Kultur sehen und H\u00f6ren\",\"breadcrumb\":{\"@id\":\"https:\/\/kulturonline.tv\/de\/osterfestspiele-in-erl-tirol-mussten-abgesagt-werden\/#breadcrumb\"},\"inLanguage\":\"de\",\"potentialAction\":[{\"@type\":\"ReadAction\",\"target\":[\"https:\/\/kulturonline.tv\/de\/osterfestspiele-in-erl-tirol-mussten-abgesagt-werden\/\"]}]},{\"@type\":\"ImageObject\",\"inLanguage\":\"de\",\"@id\":\"https:\/\/kulturonline.tv\/de\/osterfestspiele-in-erl-tirol-mussten-abgesagt-werden\/#primaryimage\",\"url\":\"https:\/\/kulturonline.tv\/wp-content\/uploads\/2021\/06\/d1bfac_55e913ab854d48a5a9bfe618fb9ce70f~mv2.jpg\",\"contentUrl\":\"https:\/\/kulturonline.tv\/wp-content\/uploads\/2021\/06\/d1bfac_55e913ab854d48a5a9bfe618fb9ce70f~mv2.jpg\",\"width\":858,\"height\":539},{\"@type\":\"BreadcrumbList\",\"@id\":\"https:\/\/kulturonline.tv\/de\/osterfestspiele-in-erl-tirol-mussten-abgesagt-werden\/#breadcrumb\",\"itemListElement\":[{\"@type\":\"ListItem\",\"position\":1,\"name\":\"Startseite\",\"item\":\"https:\/\/kulturonline.tv\/de\/\"},{\"@type\":\"ListItem\",\"position\":2,\"name\":\"Osterfestspiele in Erl Tirol mussten abgesagt werden\"}]},{\"@type\":\"WebSite\",\"@id\":\"https:\/\/kulturonline.tv\/de\/#website\",\"url\":\"https:\/\/kulturonline.tv\/de\/\",\"name\":\"Kultur Online TV &amp; FM\",\"description\":\"Wir sind Kultur 2.0 zum sehen &amp; h\u00f6ren\",\"publisher\":{\"@id\":\"https:\/\/kulturonline.tv\/de\/#organization\"},\"potentialAction\":[{\"@type\":\"SearchAction\",\"target\":{\"@type\":\"EntryPoint\",\"urlTemplate\":\"https:\/\/kulturonline.tv\/de\/?s={search_term_string}\"},\"query-input\":{\"@type\":\"PropertyValueSpecification\",\"valueRequired\":true,\"valueName\":\"search_term_string\"}}],\"inLanguage\":\"de\"},{\"@type\":\"Organization\",\"@id\":\"https:\/\/kulturonline.tv\/de\/#organization\",\"name\":\"Kultur Online TV\",\"url\":\"https:\/\/kulturonline.tv\/de\/\",\"logo\":{\"@type\":\"ImageObject\",\"inLanguage\":\"de\",\"@id\":\"https:\/\/kulturonline.tv\/de\/#\/schema\/logo\/image\/\",\"url\":\"https:\/\/kulturonline.tv\/wp-content\/uploads\/2021\/08\/Kultur-Online-Tv-Logo-Endversion-neu.png\",\"contentUrl\":\"https:\/\/kulturonline.tv\/wp-content\/uploads\/2021\/08\/Kultur-Online-Tv-Logo-Endversion-neu.png\",\"width\":200,\"height\":200,\"caption\":\"Kultur Online TV\"},\"image\":{\"@id\":\"https:\/\/kulturonline.tv\/de\/#\/schema\/logo\/image\/\"},\"sameAs\":[\"https:\/\/www.facebook.com\/kulturonline.tv\",\"https:\/\/www.instagram.com\/kulturonline.tv\"]},{\"@type\":\"Person\",\"@id\":\"https:\/\/kulturonline.tv\/de\/#\/schema\/person\/a1ae2833a59ac52fb9a01a676de7b600\",\"name\":\"stefanrehbein\",\"sameAs\":[\"http:\/\/kulturonline.tv\"]}]}<\/script>\n<!-- \/ Yoast SEO plugin. -->","yoast_head_json":{"title":"Osterfestspiele in Erl Tirol mussten abgesagt werden - Kultur Online TV &amp; FM","description":"Kultur sehen und H\u00f6ren","robots":{"index":"index","follow":"follow","max-snippet":"max-snippet:-1","max-image-preview":"max-image-preview:large","max-video-preview":"max-video-preview:-1"},"canonical":"https:\/\/kulturonline.tv\/de\/osterfestspiele-in-erl-tirol-mussten-abgesagt-werden\/","og_locale":"de_DE","og_type":"article","og_title":"Osterfestspiele in Erl Tirol mussten abgesagt werden - Kultur Online TV &amp; FM","og_description":"Kultur sehen und H\u00f6ren","og_url":"https:\/\/kulturonline.tv\/de\/osterfestspiele-in-erl-tirol-mussten-abgesagt-werden\/","og_site_name":"Kultur Online TV &amp; FM","article_publisher":"https:\/\/www.facebook.com\/kulturonline.tv","article_published_time":"2021-03-29T14:10:12+00:00","article_modified_time":"2021-06-08T12:28:58+00:00","og_image":[{"width":858,"height":539,"url":"https:\/\/kulturonline.tv\/wp-content\/uploads\/2021\/06\/d1bfac_55e913ab854d48a5a9bfe618fb9ce70f~mv2.jpg","type":"image\/jpeg"}],"author":"stefanrehbein","twitter_card":"summary_large_image","twitter_misc":{"Verfasst von":"stefanrehbein"},"schema":{"@context":"https:\/\/schema.org","@graph":[{"@type":"Article","@id":"https:\/\/kulturonline.tv\/de\/osterfestspiele-in-erl-tirol-mussten-abgesagt-werden\/#article","isPartOf":{"@id":"https:\/\/kulturonline.tv\/de\/osterfestspiele-in-erl-tirol-mussten-abgesagt-werden\/"},"author":{"name":"stefanrehbein","@id":"https:\/\/kulturonline.tv\/de\/#\/schema\/person\/a1ae2833a59ac52fb9a01a676de7b600"},"headline":"Osterfestspiele in Erl Tirol mussten abgesagt werden","datePublished":"2021-03-29T14:10:12+00:00","dateModified":"2021-06-08T12:28:58+00:00","mainEntityOfPage":{"@id":"https:\/\/kulturonline.tv\/de\/osterfestspiele-in-erl-tirol-mussten-abgesagt-werden\/"},"wordCount":100,"publisher":{"@id":"https:\/\/kulturonline.tv\/de\/#organization"},"image":{"@id":"https:\/\/kulturonline.tv\/de\/osterfestspiele-in-erl-tirol-mussten-abgesagt-werden\/#primaryimage"},"thumbnailUrl":"https:\/\/kulturonline.tv\/wp-content\/uploads\/2021\/06\/d1bfac_55e913ab854d48a5a9bfe618fb9ce70f~mv2.jpg","keywords":["#tirol"],"articleSection":["Newsflash","Unkategorisiert"],"inLanguage":"de"},{"@type":"WebPage","@id":"https:\/\/kulturonline.tv\/de\/osterfestspiele-in-erl-tirol-mussten-abgesagt-werden\/","url":"https:\/\/kulturonline.tv\/de\/osterfestspiele-in-erl-tirol-mussten-abgesagt-werden\/","name":"Osterfestspiele in Erl Tirol mussten abgesagt werden - Kultur Online TV &amp; FM","isPartOf":{"@id":"https:\/\/kulturonline.tv\/de\/#website"},"primaryImageOfPage":{"@id":"https:\/\/kulturonline.tv\/de\/osterfestspiele-in-erl-tirol-mussten-abgesagt-werden\/#primaryimage"},"image":{"@id":"https:\/\/kulturonline.tv\/de\/osterfestspiele-in-erl-tirol-mussten-abgesagt-werden\/#primaryimage"},"thumbnailUrl":"https:\/\/kulturonline.tv\/wp-content\/uploads\/2021\/06\/d1bfac_55e913ab854d48a5a9bfe618fb9ce70f~mv2.jpg","datePublished":"2021-03-29T14:10:12+00:00","dateModified":"2021-06-08T12:28:58+00:00","description":"Kultur sehen und H\u00f6ren","breadcrumb":{"@id":"https:\/\/kulturonline.tv\/de\/osterfestspiele-in-erl-tirol-mussten-abgesagt-werden\/#breadcrumb"},"inLanguage":"de","potentialAction":[{"@type":"ReadAction","target":["https:\/\/kulturonline.tv\/de\/osterfestspiele-in-erl-tirol-mussten-abgesagt-werden\/"]}]},{"@type":"ImageObject","inLanguage":"de","@id":"https:\/\/kulturonline.tv\/de\/osterfestspiele-in-erl-tirol-mussten-abgesagt-werden\/#primaryimage","url":"https:\/\/kulturonline.tv\/wp-content\/uploads\/2021\/06\/d1bfac_55e913ab854d48a5a9bfe618fb9ce70f~mv2.jpg","contentUrl":"https:\/\/kulturonline.tv\/wp-content\/uploads\/2021\/06\/d1bfac_55e913ab854d48a5a9bfe618fb9ce70f~mv2.jpg","width":858,"height":539},{"@type":"BreadcrumbList","@id":"https:\/\/kulturonline.tv\/de\/osterfestspiele-in-erl-tirol-mussten-abgesagt-werden\/#breadcrumb","itemListElement":[{"@type":"ListItem","position":1,"name":"Startseite","item":"https:\/\/kulturonline.tv\/de\/"},{"@type":"ListItem","position":2,"name":"Osterfestspiele in Erl Tirol mussten abgesagt werden"}]},{"@type":"WebSite","@id":"https:\/\/kulturonline.tv\/de\/#website","url":"https:\/\/kulturonline.tv\/de\/","name":"Kultur Online TV &amp; FM","description":"Wir sind Kultur 2.0 zum sehen &amp; h\u00f6ren","publisher":{"@id":"https:\/\/kulturonline.tv\/de\/#organization"},"potentialAction":[{"@type":"SearchAction","target":{"@type":"EntryPoint","urlTemplate":"https:\/\/kulturonline.tv\/de\/?s={search_term_string}"},"query-input":{"@type":"PropertyValueSpecification","valueRequired":true,"valueName":"search_term_string"}}],"inLanguage":"de"},{"@type":"Organization","@id":"https:\/\/kulturonline.tv\/de\/#organization","name":"Kultur Online TV","url":"https:\/\/kulturonline.tv\/de\/","logo":{"@type":"ImageObject","inLanguage":"de","@id":"https:\/\/kulturonline.tv\/de\/#\/schema\/logo\/image\/","url":"https:\/\/kulturonline.tv\/wp-content\/uploads\/2021\/08\/Kultur-Online-Tv-Logo-Endversion-neu.png","contentUrl":"https:\/\/kulturonline.tv\/wp-content\/uploads\/2021\/08\/Kultur-Online-Tv-Logo-Endversion-neu.png","width":200,"height":200,"caption":"Kultur Online TV"},"image":{"@id":"https:\/\/kulturonline.tv\/de\/#\/schema\/logo\/image\/"},"sameAs":["https:\/\/www.facebook.com\/kulturonline.tv","https:\/\/www.instagram.com\/kulturonline.tv"]},{"@type":"Person","@id":"https:\/\/kulturonline.tv\/de\/#\/schema\/person\/a1ae2833a59ac52fb9a01a676de7b600","name":"stefanrehbein","sameAs":["http:\/\/kulturonline.tv"]}]}},"_links":{"self":[{"href":"https:\/\/kulturonline.tv\/de\/wp-json\/wp\/v2\/posts\/2112","targetHints":{"allow":["GET"]}}],"collection":[{"href":"https:\/\/kulturonline.tv\/de\/wp-json\/wp\/v2\/posts"}],"about":[{"href":"https:\/\/kulturonline.tv\/de\/wp-json\/wp\/v2\/types\/post"}],"author":[{"embeddable":true,"href":"https:\/\/kulturonline.tv\/de\/wp-json\/wp\/v2\/users\/1"}],"replies":[{"embeddable":true,"href":"https:\/\/kulturonline.tv\/de\/wp-json\/wp\/v2\/comments?post=2112"}],"version-history":[{"count":0,"href":"https:\/\/kulturonline.tv\/de\/wp-json\/wp\/v2\/posts\/2112\/revisions"}],"wp:featuredmedia":[{"embeddable":true,"href":"https:\/\/kulturonline.tv\/de\/wp-json\/wp\/v2\/media\/565"}],"wp:attachment":[{"href":"https:\/\/kulturonline.tv\/de\/wp-json\/wp\/v2\/media?parent=2112"}],"wp:term":[{"taxonomy":"category","embeddable":true,"href":"https:\/\/kulturonline.tv\/de\/wp-json\/wp\/v2\/categories?post=2112"},{"taxonomy":"post_tag","embeddable":true,"href":"https:\/\/kulturonline.tv\/de\/wp-json\/wp\/v2\/tags?post=2112"}],"curies":[{"name":"wp","href":"https:\/\/api.w.org\/{rel}","templated":true}]}}