{"id":2113,"date":"2021-03-29T07:36:02","date_gmt":"2021-03-29T05:36:02","guid":{"rendered":"http:\/\/kulturonline.tv\/uncategorized\/kulturprojekte-in-berlin-werden-gestoppt"},"modified":"2021-06-08T14:28:58","modified_gmt":"2021-06-08T12:28:58","slug":"kulturprojekte-in-berlin-werden-gestoppt","status":"publish","type":"post","link":"https:\/\/kulturonline.tv\/de\/kulturprojekte-in-berlin-werden-gestoppt\/","title":{"rendered":"Kulturprojekte in Berlin werden gestoppt"},"content":{"rendered":"<p>Wegen steigender Coronazahlen werden Pilotprojekte f\u00fcr Kultur- oder Sportveranstaltungen mit Zuschauern in Berlin gestoppt.<\/p>\n<p><img decoding=\"async\" aria-hidden=\"true\" data-pin-url=\"https:\/\/www.kulturonline.tv\/post\/kulturprojekte-in-berlin-werden-gestoppt\" data-pin-media=\"https:\/\/static.wixstatic.com\/media\/d1bfac_aaf99d05c76c42fe87047f28dfafcef7~mv2.jpg\/v1\/fit\/w_1000{3856b621f8f9b12a9d7e530f990c7d312d5849aa5fb15fbaec4658ad8a578492}2Ch_688{3856b621f8f9b12a9d7e530f990c7d312d5849aa5fb15fbaec4658ad8a578492}2Cal_c{3856b621f8f9b12a9d7e530f990c7d312d5849aa5fb15fbaec4658ad8a578492}2Cq_80\/file.jpg\" class=\"_5JW6l _2ERz3\" src=\"http:\/\/kulturonline.tv\/wp-content\/uploads\/2021\/06\/37_file.jpg\"><\/p>\n<p>Es ist v\u00f6llig klar, dass die Modellprojekte, die wir uns vorgenommen haben, f\u00fcr Kultur, f\u00fcr Sport, m\u00f6glicherweise f\u00fcr Gastronomie, so jetzt nicht weiter umgesetzt werden k\u00f6nnen&#8221;, sagte der regierende B\u00fcrgermeister von Berlin.<\/p>\n<p>Bisherige Projekte wie das Konzert in der Berliner Philharmonie mit 1.000 Besuchern oder ein Theaterabend im Berliner Ensemble vor einer Woche seien sehr erfolgreich umgesetzt worden, so M\u00fcller. &#8220;Ich finde es auch richtig, dass man immer wieder guckt, wie man mit zus\u00e4tzlichen M\u00f6glichkeiten beim Impfen und beim Testen Dinge auch erm\u00f6glicht. Aber wir sind im Moment in einer Situation, wo man das nicht nahtlos weiterf\u00fchren kann.&#8221;<\/p>\n<p>Bisherige Projekte wie das Konzert in der Berliner Philharmonie mit 1.000 Besuchern oder ein Theaterabend im Berliner Ensemble vor einer Woche seien sehr erfolgreich umgesetzt worden, so M\u00fcller. &#8220;Ich finde es auch richtig, dass man immer wieder guckt, wie man mit zus\u00e4tzlichen M\u00f6glichkeiten beim Impfen und beim Testen Dinge auch erm\u00f6glicht. Aber wir sind im Moment in einer Situation, wo man das nicht nahtlos weiterf\u00fchren kann.&#8221;<\/p>\n<p>Kultur Online TV<\/p>\n<p>Kultur Online TV<\/p><\/p>\n","protected":false},"excerpt":{"rendered":"<p>Wegen steigender Coronazahlen werden Pilotprojekte f\u00fcr Kultur- oder Sportveranstaltungen mit Zuschauern in Berlin gestoppt. Es ist v\u00f6llig klar, dass die Modellprojekte, die wir uns vorgenommen haben, f\u00fcr Kultur, f\u00fcr Sport, m\u00f6glicherweise f\u00fcr Gastronomie, so jetzt nicht weiter umgesetzt werden k\u00f6nnen&#8221;, sagte der regierende B\u00fcrgermeister von Berlin. Bisherige Projekte wie das Konzert in der Berliner Philharmonie [&hellip;]<\/p>\n","protected":false},"author":1,"featured_media":567,"comment_status":"closed","ping_status":"closed","sticky":false,"template":"","format":"standard","meta":{"_acf_changed":false,"footnotes":""},"categories":[3,1],"tags":[66,62,67],"class_list":["post-2113","post","type-post","status-publish","format-standard","has-post-thumbnail","hentry","category-newsflash","category-unkategorisiert","tag-berlin","tag-events","tag-veranstaltungen"],"acf":[],"yoast_head":"<!-- This site is optimized with the Yoast SEO plugin v26.1.1 - https:\/\/yoast.com\/wordpress\/plugins\/seo\/ -->\n<title>Kulturprojekte in Berlin werden gestoppt - Kultur Online TV &amp; FM<\/title>\n<meta name=\"description\" content=\"Kultur sehen und H\u00f6ren\" \/>\n<meta name=\"robots\" content=\"index, follow, max-snippet:-1, max-image-preview:large, max-video-preview:-1\" \/>\n<link rel=\"canonical\" href=\"https:\/\/kulturonline.tv\/de\/kulturprojekte-in-berlin-werden-gestoppt\/\" \/>\n<meta property=\"og:locale\" content=\"de_DE\" \/>\n<meta property=\"og:type\" content=\"article\" \/>\n<meta property=\"og:title\" content=\"Kulturprojekte in Berlin werden gestoppt - Kultur Online TV &amp; FM\" \/>\n<meta property=\"og:description\" content=\"Kultur sehen und H\u00f6ren\" \/>\n<meta property=\"og:url\" content=\"https:\/\/kulturonline.tv\/de\/kulturprojekte-in-berlin-werden-gestoppt\/\" \/>\n<meta property=\"og:site_name\" content=\"Kultur Online TV &amp; FM\" \/>\n<meta property=\"article:publisher\" content=\"https:\/\/www.facebook.com\/kulturonline.tv\" \/>\n<meta property=\"article:published_time\" content=\"2021-03-29T05:36:02+00:00\" \/>\n<meta property=\"article:modified_time\" content=\"2021-06-08T12:28:58+00:00\" \/>\n<meta property=\"og:image\" content=\"https:\/\/kulturonline.tv\/wp-content\/uploads\/2021\/06\/d1bfac_aaf99d05c76c42fe87047f28dfafcef7~mv2.jpg\" \/>\n\t<meta property=\"og:image:width\" content=\"1080\" \/>\n\t<meta property=\"og:image:height\" content=\"688\" \/>\n\t<meta property=\"og:image:type\" content=\"image\/jpeg\" \/>\n<meta name=\"author\" content=\"stefanrehbein\" \/>\n<meta name=\"twitter:card\" content=\"summary_large_image\" \/>\n<meta name=\"twitter:label1\" content=\"Verfasst von\" \/>\n\t<meta name=\"twitter:data1\" content=\"stefanrehbein\" \/>\n\t<meta name=\"twitter:label2\" content=\"Gesch\u00e4tzte Lesezeit\" \/>\n\t<meta name=\"twitter:data2\" content=\"1\u00a0Minute\" \/>\n<script type=\"application\/ld+json\" class=\"yoast-schema-graph\">{\"@context\":\"https:\/\/schema.org\",\"@graph\":[{\"@type\":\"Article\",\"@id\":\"https:\/\/kulturonline.tv\/de\/kulturprojekte-in-berlin-werden-gestoppt\/#article\",\"isPartOf\":{\"@id\":\"https:\/\/kulturonline.tv\/de\/kulturprojekte-in-berlin-werden-gestoppt\/\"},\"author\":{\"name\":\"stefanrehbein\",\"@id\":\"https:\/\/kulturonline.tv\/de\/#\/schema\/person\/a1ae2833a59ac52fb9a01a676de7b600\"},\"headline\":\"Kulturprojekte in Berlin werden gestoppt\",\"datePublished\":\"2021-03-29T05:36:02+00:00\",\"dateModified\":\"2021-06-08T12:28:58+00:00\",\"mainEntityOfPage\":{\"@id\":\"https:\/\/kulturonline.tv\/de\/kulturprojekte-in-berlin-werden-gestoppt\/\"},\"wordCount\":205,\"publisher\":{\"@id\":\"https:\/\/kulturonline.tv\/de\/#organization\"},\"image\":{\"@id\":\"https:\/\/kulturonline.tv\/de\/kulturprojekte-in-berlin-werden-gestoppt\/#primaryimage\"},\"thumbnailUrl\":\"https:\/\/kulturonline.tv\/wp-content\/uploads\/2021\/06\/d1bfac_aaf99d05c76c42fe87047f28dfafcef7~mv2.jpg\",\"keywords\":[\"#berlin\",\"#events\",\"#veranstaltungen\"],\"articleSection\":[\"Newsflash\",\"Unkategorisiert\"],\"inLanguage\":\"de\"},{\"@type\":\"WebPage\",\"@id\":\"https:\/\/kulturonline.tv\/de\/kulturprojekte-in-berlin-werden-gestoppt\/\",\"url\":\"https:\/\/kulturonline.tv\/de\/kulturprojekte-in-berlin-werden-gestoppt\/\",\"name\":\"Kulturprojekte in Berlin werden gestoppt - Kultur Online TV &amp; FM\",\"isPartOf\":{\"@id\":\"https:\/\/kulturonline.tv\/de\/#website\"},\"primaryImageOfPage\":{\"@id\":\"https:\/\/kulturonline.tv\/de\/kulturprojekte-in-berlin-werden-gestoppt\/#primaryimage\"},\"image\":{\"@id\":\"https:\/\/kulturonline.tv\/de\/kulturprojekte-in-berlin-werden-gestoppt\/#primaryimage\"},\"thumbnailUrl\":\"https:\/\/kulturonline.tv\/wp-content\/uploads\/2021\/06\/d1bfac_aaf99d05c76c42fe87047f28dfafcef7~mv2.jpg\",\"datePublished\":\"2021-03-29T05:36:02+00:00\",\"dateModified\":\"2021-06-08T12:28:58+00:00\",\"description\":\"Kultur sehen und H\u00f6ren\",\"breadcrumb\":{\"@id\":\"https:\/\/kulturonline.tv\/de\/kulturprojekte-in-berlin-werden-gestoppt\/#breadcrumb\"},\"inLanguage\":\"de\",\"potentialAction\":[{\"@type\":\"ReadAction\",\"target\":[\"https:\/\/kulturonline.tv\/de\/kulturprojekte-in-berlin-werden-gestoppt\/\"]}]},{\"@type\":\"ImageObject\",\"inLanguage\":\"de\",\"@id\":\"https:\/\/kulturonline.tv\/de\/kulturprojekte-in-berlin-werden-gestoppt\/#primaryimage\",\"url\":\"https:\/\/kulturonline.tv\/wp-content\/uploads\/2021\/06\/d1bfac_aaf99d05c76c42fe87047f28dfafcef7~mv2.jpg\",\"contentUrl\":\"https:\/\/kulturonline.tv\/wp-content\/uploads\/2021\/06\/d1bfac_aaf99d05c76c42fe87047f28dfafcef7~mv2.jpg\",\"width\":1080,\"height\":688},{\"@type\":\"BreadcrumbList\",\"@id\":\"https:\/\/kulturonline.tv\/de\/kulturprojekte-in-berlin-werden-gestoppt\/#breadcrumb\",\"itemListElement\":[{\"@type\":\"ListItem\",\"position\":1,\"name\":\"Startseite\",\"item\":\"https:\/\/kulturonline.tv\/de\/\"},{\"@type\":\"ListItem\",\"position\":2,\"name\":\"Kulturprojekte in Berlin werden gestoppt\"}]},{\"@type\":\"WebSite\",\"@id\":\"https:\/\/kulturonline.tv\/de\/#website\",\"url\":\"https:\/\/kulturonline.tv\/de\/\",\"name\":\"Kultur Online TV &amp; FM\",\"description\":\"Wir sind Kultur 2.0 zum sehen &amp; h\u00f6ren\",\"publisher\":{\"@id\":\"https:\/\/kulturonline.tv\/de\/#organization\"},\"potentialAction\":[{\"@type\":\"SearchAction\",\"target\":{\"@type\":\"EntryPoint\",\"urlTemplate\":\"https:\/\/kulturonline.tv\/de\/?s={search_term_string}\"},\"query-input\":{\"@type\":\"PropertyValueSpecification\",\"valueRequired\":true,\"valueName\":\"search_term_string\"}}],\"inLanguage\":\"de\"},{\"@type\":\"Organization\",\"@id\":\"https:\/\/kulturonline.tv\/de\/#organization\",\"name\":\"Kultur Online TV\",\"url\":\"https:\/\/kulturonline.tv\/de\/\",\"logo\":{\"@type\":\"ImageObject\",\"inLanguage\":\"de\",\"@id\":\"https:\/\/kulturonline.tv\/de\/#\/schema\/logo\/image\/\",\"url\":\"https:\/\/kulturonline.tv\/wp-content\/uploads\/2021\/08\/Kultur-Online-Tv-Logo-Endversion-neu.png\",\"contentUrl\":\"https:\/\/kulturonline.tv\/wp-content\/uploads\/2021\/08\/Kultur-Online-Tv-Logo-Endversion-neu.png\",\"width\":200,\"height\":200,\"caption\":\"Kultur Online TV\"},\"image\":{\"@id\":\"https:\/\/kulturonline.tv\/de\/#\/schema\/logo\/image\/\"},\"sameAs\":[\"https:\/\/www.facebook.com\/kulturonline.tv\",\"https:\/\/www.instagram.com\/kulturonline.tv\"]},{\"@type\":\"Person\",\"@id\":\"https:\/\/kulturonline.tv\/de\/#\/schema\/person\/a1ae2833a59ac52fb9a01a676de7b600\",\"name\":\"stefanrehbein\",\"sameAs\":[\"http:\/\/kulturonline.tv\"]}]}<\/script>\n<!-- \/ Yoast SEO plugin. -->","yoast_head_json":{"title":"Kulturprojekte in Berlin werden gestoppt - Kultur Online TV &amp; FM","description":"Kultur sehen und H\u00f6ren","robots":{"index":"index","follow":"follow","max-snippet":"max-snippet:-1","max-image-preview":"max-image-preview:large","max-video-preview":"max-video-preview:-1"},"canonical":"https:\/\/kulturonline.tv\/de\/kulturprojekte-in-berlin-werden-gestoppt\/","og_locale":"de_DE","og_type":"article","og_title":"Kulturprojekte in Berlin werden gestoppt - Kultur Online TV &amp; FM","og_description":"Kultur sehen und H\u00f6ren","og_url":"https:\/\/kulturonline.tv\/de\/kulturprojekte-in-berlin-werden-gestoppt\/","og_site_name":"Kultur Online TV &amp; FM","article_publisher":"https:\/\/www.facebook.com\/kulturonline.tv","article_published_time":"2021-03-29T05:36:02+00:00","article_modified_time":"2021-06-08T12:28:58+00:00","og_image":[{"width":1080,"height":688,"url":"https:\/\/kulturonline.tv\/wp-content\/uploads\/2021\/06\/d1bfac_aaf99d05c76c42fe87047f28dfafcef7~mv2.jpg","type":"image\/jpeg"}],"author":"stefanrehbein","twitter_card":"summary_large_image","twitter_misc":{"Verfasst von":"stefanrehbein","Gesch\u00e4tzte Lesezeit":"1\u00a0Minute"},"schema":{"@context":"https:\/\/schema.org","@graph":[{"@type":"Article","@id":"https:\/\/kulturonline.tv\/de\/kulturprojekte-in-berlin-werden-gestoppt\/#article","isPartOf":{"@id":"https:\/\/kulturonline.tv\/de\/kulturprojekte-in-berlin-werden-gestoppt\/"},"author":{"name":"stefanrehbein","@id":"https:\/\/kulturonline.tv\/de\/#\/schema\/person\/a1ae2833a59ac52fb9a01a676de7b600"},"headline":"Kulturprojekte in Berlin werden gestoppt","datePublished":"2021-03-29T05:36:02+00:00","dateModified":"2021-06-08T12:28:58+00:00","mainEntityOfPage":{"@id":"https:\/\/kulturonline.tv\/de\/kulturprojekte-in-berlin-werden-gestoppt\/"},"wordCount":205,"publisher":{"@id":"https:\/\/kulturonline.tv\/de\/#organization"},"image":{"@id":"https:\/\/kulturonline.tv\/de\/kulturprojekte-in-berlin-werden-gestoppt\/#primaryimage"},"thumbnailUrl":"https:\/\/kulturonline.tv\/wp-content\/uploads\/2021\/06\/d1bfac_aaf99d05c76c42fe87047f28dfafcef7~mv2.jpg","keywords":["#berlin","#events","#veranstaltungen"],"articleSection":["Newsflash","Unkategorisiert"],"inLanguage":"de"},{"@type":"WebPage","@id":"https:\/\/kulturonline.tv\/de\/kulturprojekte-in-berlin-werden-gestoppt\/","url":"https:\/\/kulturonline.tv\/de\/kulturprojekte-in-berlin-werden-gestoppt\/","name":"Kulturprojekte in Berlin werden gestoppt - Kultur Online TV &amp; FM","isPartOf":{"@id":"https:\/\/kulturonline.tv\/de\/#website"},"primaryImageOfPage":{"@id":"https:\/\/kulturonline.tv\/de\/kulturprojekte-in-berlin-werden-gestoppt\/#primaryimage"},"image":{"@id":"https:\/\/kulturonline.tv\/de\/kulturprojekte-in-berlin-werden-gestoppt\/#primaryimage"},"thumbnailUrl":"https:\/\/kulturonline.tv\/wp-content\/uploads\/2021\/06\/d1bfac_aaf99d05c76c42fe87047f28dfafcef7~mv2.jpg","datePublished":"2021-03-29T05:36:02+00:00","dateModified":"2021-06-08T12:28:58+00:00","description":"Kultur sehen und H\u00f6ren","breadcrumb":{"@id":"https:\/\/kulturonline.tv\/de\/kulturprojekte-in-berlin-werden-gestoppt\/#breadcrumb"},"inLanguage":"de","potentialAction":[{"@type":"ReadAction","target":["https:\/\/kulturonline.tv\/de\/kulturprojekte-in-berlin-werden-gestoppt\/"]}]},{"@type":"ImageObject","inLanguage":"de","@id":"https:\/\/kulturonline.tv\/de\/kulturprojekte-in-berlin-werden-gestoppt\/#primaryimage","url":"https:\/\/kulturonline.tv\/wp-content\/uploads\/2021\/06\/d1bfac_aaf99d05c76c42fe87047f28dfafcef7~mv2.jpg","contentUrl":"https:\/\/kulturonline.tv\/wp-content\/uploads\/2021\/06\/d1bfac_aaf99d05c76c42fe87047f28dfafcef7~mv2.jpg","width":1080,"height":688},{"@type":"BreadcrumbList","@id":"https:\/\/kulturonline.tv\/de\/kulturprojekte-in-berlin-werden-gestoppt\/#breadcrumb","itemListElement":[{"@type":"ListItem","position":1,"name":"Startseite","item":"https:\/\/kulturonline.tv\/de\/"},{"@type":"ListItem","position":2,"name":"Kulturprojekte in Berlin werden gestoppt"}]},{"@type":"WebSite","@id":"https:\/\/kulturonline.tv\/de\/#website","url":"https:\/\/kulturonline.tv\/de\/","name":"Kultur Online TV &amp; FM","description":"Wir sind Kultur 2.0 zum sehen &amp; h\u00f6ren","publisher":{"@id":"https:\/\/kulturonline.tv\/de\/#organization"},"potentialAction":[{"@type":"SearchAction","target":{"@type":"EntryPoint","urlTemplate":"https:\/\/kulturonline.tv\/de\/?s={search_term_string}"},"query-input":{"@type":"PropertyValueSpecification","valueRequired":true,"valueName":"search_term_string"}}],"inLanguage":"de"},{"@type":"Organization","@id":"https:\/\/kulturonline.tv\/de\/#organization","name":"Kultur Online TV","url":"https:\/\/kulturonline.tv\/de\/","logo":{"@type":"ImageObject","inLanguage":"de","@id":"https:\/\/kulturonline.tv\/de\/#\/schema\/logo\/image\/","url":"https:\/\/kulturonline.tv\/wp-content\/uploads\/2021\/08\/Kultur-Online-Tv-Logo-Endversion-neu.png","contentUrl":"https:\/\/kulturonline.tv\/wp-content\/uploads\/2021\/08\/Kultur-Online-Tv-Logo-Endversion-neu.png","width":200,"height":200,"caption":"Kultur Online TV"},"image":{"@id":"https:\/\/kulturonline.tv\/de\/#\/schema\/logo\/image\/"},"sameAs":["https:\/\/www.facebook.com\/kulturonline.tv","https:\/\/www.instagram.com\/kulturonline.tv"]},{"@type":"Person","@id":"https:\/\/kulturonline.tv\/de\/#\/schema\/person\/a1ae2833a59ac52fb9a01a676de7b600","name":"stefanrehbein","sameAs":["http:\/\/kulturonline.tv"]}]}},"_links":{"self":[{"href":"https:\/\/kulturonline.tv\/de\/wp-json\/wp\/v2\/posts\/2113","targetHints":{"allow":["GET"]}}],"collection":[{"href":"https:\/\/kulturonline.tv\/de\/wp-json\/wp\/v2\/posts"}],"about":[{"href":"https:\/\/kulturonline.tv\/de\/wp-json\/wp\/v2\/types\/post"}],"author":[{"embeddable":true,"href":"https:\/\/kulturonline.tv\/de\/wp-json\/wp\/v2\/users\/1"}],"replies":[{"embeddable":true,"href":"https:\/\/kulturonline.tv\/de\/wp-json\/wp\/v2\/comments?post=2113"}],"version-history":[{"count":0,"href":"https:\/\/kulturonline.tv\/de\/wp-json\/wp\/v2\/posts\/2113\/revisions"}],"wp:featuredmedia":[{"embeddable":true,"href":"https:\/\/kulturonline.tv\/de\/wp-json\/wp\/v2\/media\/567"}],"wp:attachment":[{"href":"https:\/\/kulturonline.tv\/de\/wp-json\/wp\/v2\/media?parent=2113"}],"wp:term":[{"taxonomy":"category","embeddable":true,"href":"https:\/\/kulturonline.tv\/de\/wp-json\/wp\/v2\/categories?post=2113"},{"taxonomy":"post_tag","embeddable":true,"href":"https:\/\/kulturonline.tv\/de\/wp-json\/wp\/v2\/tags?post=2113"}],"curies":[{"name":"wp","href":"https:\/\/api.w.org\/{rel}","templated":true}]}}