{"id":2120,"date":"2021-03-28T11:25:13","date_gmt":"2021-03-28T09:25:13","guid":{"rendered":"http:\/\/kulturonline.tv\/uncategorized\/fusion-festival-soll-mit-pcr-tests-stattfinden"},"modified":"2021-06-08T14:28:58","modified_gmt":"2021-06-08T12:28:58","slug":"fusion-festival-soll-mit-pcr-tests-stattfinden","status":"publish","type":"post","link":"https:\/\/kulturonline.tv\/de\/fusion-festival-soll-mit-pcr-tests-stattfinden\/","title":{"rendered":"Fusion-Festival soll mit PCR-Tests stattfinden"},"content":{"rendered":"<p>An zwei Wochenenden mit je 35 000 G\u00e4sten: Die Veranstalter haben ihre Pl\u00e4ne f\u00fcr Ende Juni angemeldet. Nun pr\u00fcfen die Beh\u00f6rden das Konzept.<\/p>\n<p><img decoding=\"async\" aria-hidden=\"true\" data-pin-url=\"https:\/\/www.kulturonline.tv\/post\/fusion-festival-soll-mit-pcr-tests-stattfinden\" data-pin-media=\"https:\/\/static.wixstatic.com\/media\/d1bfac_007dee6548984f06abb05a5d0800e1e1~mv2.jpg\/v1\/fit\/w_960{3856b621f8f9b12a9d7e530f990c7d312d5849aa5fb15fbaec4658ad8a578492}2Ch_720{3856b621f8f9b12a9d7e530f990c7d312d5849aa5fb15fbaec4658ad8a578492}2Cal_c{3856b621f8f9b12a9d7e530f990c7d312d5849aa5fb15fbaec4658ad8a578492}2Cq_80\/file.jpg\" class=\"_5JW6l _2ERz3\" src=\"http:\/\/kulturonline.tv\/wp-content\/uploads\/2021\/06\/42_file.jpg\"><\/p>\n<p>Die Veranstalter des &#8220;Fusion&#8221;-Festivals in L\u00e4rz (Mecklenburgische Seenplatte) haben ihre Unterlagen zur Genehmigung eingereicht, erkl\u00e4rte eine Sprecherin des Amtes in R\u00f6bel an der M\u00fcritz am Donnerstag. Das Festival mit zuletzt rund 70 000 Besuchern war 2020 ausgefallen.<\/p>\n<p>2021 soll es vom 24. Juni bis 4. Juli an zwei Wochenenden mit je 35 000 G\u00e4sten stattfinden. Dazu will der Veranstalterverein Kulturkosmos an mindestens mehreren Stellen, darunter in Berlin, Hamburg und L\u00e4rz, Teststellen mit PCR-Tests einrichten.<\/p>\n<p>&#8220;Wenn Massentourismus auch 2021 zur Festivalzeit wieder m\u00f6glich ist, dann k\u00f6nnen und werden wir mit unserem richtungsweisenden Test- und Hygienekonzept auch die Fusion feiern&#8221;, teilte der Verein auf seiner Internetseite mit.<\/p>\n<p>Man rechne mit etwa 180 000 n\u00f6tigen Tests und hoffe zugleich auf Fortschritte bei der Impfkampagne.<\/p>\n<p>Ob das Festival-Hygienkonzept wirklich genehmigt wird, ist noch offen.<\/p>\n<p>Kultur Online TV<\/p>\n","protected":false},"excerpt":{"rendered":"<p>An zwei Wochenenden mit je 35 000 G\u00e4sten: Die Veranstalter haben ihre Pl\u00e4ne f\u00fcr Ende Juni angemeldet. Nun pr\u00fcfen die Beh\u00f6rden das Konzept. Die Veranstalter des &#8220;Fusion&#8221;-Festivals in L\u00e4rz (Mecklenburgische Seenplatte) haben ihre Unterlagen zur Genehmigung eingereicht, erkl\u00e4rte eine Sprecherin des Amtes in R\u00f6bel an der M\u00fcritz am Donnerstag. Das Festival mit zuletzt rund 70 [&hellip;]<\/p>\n","protected":false},"author":1,"featured_media":577,"comment_status":"closed","ping_status":"closed","sticky":false,"template":"","format":"standard","meta":{"_acf_changed":false,"footnotes":""},"categories":[3,1],"tags":[],"class_list":["post-2120","post","type-post","status-publish","format-standard","has-post-thumbnail","hentry","category-newsflash","category-unkategorisiert"],"acf":[],"yoast_head":"<!-- This site is optimized with the Yoast SEO plugin v26.1.1 - https:\/\/yoast.com\/wordpress\/plugins\/seo\/ -->\n<title>Fusion-Festival soll mit PCR-Tests stattfinden - Kultur Online TV &amp; FM<\/title>\n<meta name=\"description\" content=\"Kultur sehen und H\u00f6ren\" \/>\n<meta name=\"robots\" content=\"index, follow, max-snippet:-1, max-image-preview:large, max-video-preview:-1\" \/>\n<link rel=\"canonical\" href=\"https:\/\/kulturonline.tv\/de\/fusion-festival-soll-mit-pcr-tests-stattfinden\/\" \/>\n<meta property=\"og:locale\" content=\"de_DE\" \/>\n<meta property=\"og:type\" content=\"article\" \/>\n<meta property=\"og:title\" content=\"Fusion-Festival soll mit PCR-Tests stattfinden - Kultur Online TV &amp; FM\" \/>\n<meta property=\"og:description\" content=\"Kultur sehen und H\u00f6ren\" \/>\n<meta property=\"og:url\" content=\"https:\/\/kulturonline.tv\/de\/fusion-festival-soll-mit-pcr-tests-stattfinden\/\" \/>\n<meta property=\"og:site_name\" content=\"Kultur Online TV &amp; FM\" \/>\n<meta property=\"article:publisher\" content=\"https:\/\/www.facebook.com\/kulturonline.tv\" \/>\n<meta property=\"article:published_time\" content=\"2021-03-28T09:25:13+00:00\" \/>\n<meta property=\"article:modified_time\" content=\"2021-06-08T12:28:58+00:00\" \/>\n<meta property=\"og:image\" content=\"https:\/\/kulturonline.tv\/wp-content\/uploads\/2021\/06\/d1bfac_007dee6548984f06abb05a5d0800e1e1~mv2.jpg\" \/>\n\t<meta property=\"og:image:width\" content=\"960\" \/>\n\t<meta property=\"og:image:height\" content=\"720\" \/>\n\t<meta property=\"og:image:type\" content=\"image\/jpeg\" \/>\n<meta name=\"author\" content=\"stefanrehbein\" \/>\n<meta name=\"twitter:card\" content=\"summary_large_image\" \/>\n<meta name=\"twitter:label1\" content=\"Verfasst von\" \/>\n\t<meta name=\"twitter:data1\" content=\"stefanrehbein\" \/>\n\t<meta name=\"twitter:label2\" content=\"Gesch\u00e4tzte Lesezeit\" \/>\n\t<meta name=\"twitter:data2\" content=\"1\u00a0Minute\" \/>\n<script type=\"application\/ld+json\" class=\"yoast-schema-graph\">{\"@context\":\"https:\/\/schema.org\",\"@graph\":[{\"@type\":\"Article\",\"@id\":\"https:\/\/kulturonline.tv\/de\/fusion-festival-soll-mit-pcr-tests-stattfinden\/#article\",\"isPartOf\":{\"@id\":\"https:\/\/kulturonline.tv\/de\/fusion-festival-soll-mit-pcr-tests-stattfinden\/\"},\"author\":{\"name\":\"stefanrehbein\",\"@id\":\"https:\/\/kulturonline.tv\/de\/#\/schema\/person\/a1ae2833a59ac52fb9a01a676de7b600\"},\"headline\":\"Fusion-Festival soll mit PCR-Tests stattfinden\",\"datePublished\":\"2021-03-28T09:25:13+00:00\",\"dateModified\":\"2021-06-08T12:28:58+00:00\",\"mainEntityOfPage\":{\"@id\":\"https:\/\/kulturonline.tv\/de\/fusion-festival-soll-mit-pcr-tests-stattfinden\/\"},\"wordCount\":163,\"publisher\":{\"@id\":\"https:\/\/kulturonline.tv\/de\/#organization\"},\"image\":{\"@id\":\"https:\/\/kulturonline.tv\/de\/fusion-festival-soll-mit-pcr-tests-stattfinden\/#primaryimage\"},\"thumbnailUrl\":\"https:\/\/kulturonline.tv\/wp-content\/uploads\/2021\/06\/d1bfac_007dee6548984f06abb05a5d0800e1e1~mv2.jpg\",\"articleSection\":[\"Newsflash\",\"Unkategorisiert\"],\"inLanguage\":\"de\"},{\"@type\":\"WebPage\",\"@id\":\"https:\/\/kulturonline.tv\/de\/fusion-festival-soll-mit-pcr-tests-stattfinden\/\",\"url\":\"https:\/\/kulturonline.tv\/de\/fusion-festival-soll-mit-pcr-tests-stattfinden\/\",\"name\":\"Fusion-Festival soll mit PCR-Tests stattfinden - Kultur Online TV &amp; FM\",\"isPartOf\":{\"@id\":\"https:\/\/kulturonline.tv\/de\/#website\"},\"primaryImageOfPage\":{\"@id\":\"https:\/\/kulturonline.tv\/de\/fusion-festival-soll-mit-pcr-tests-stattfinden\/#primaryimage\"},\"image\":{\"@id\":\"https:\/\/kulturonline.tv\/de\/fusion-festival-soll-mit-pcr-tests-stattfinden\/#primaryimage\"},\"thumbnailUrl\":\"https:\/\/kulturonline.tv\/wp-content\/uploads\/2021\/06\/d1bfac_007dee6548984f06abb05a5d0800e1e1~mv2.jpg\",\"datePublished\":\"2021-03-28T09:25:13+00:00\",\"dateModified\":\"2021-06-08T12:28:58+00:00\",\"description\":\"Kultur sehen und H\u00f6ren\",\"breadcrumb\":{\"@id\":\"https:\/\/kulturonline.tv\/de\/fusion-festival-soll-mit-pcr-tests-stattfinden\/#breadcrumb\"},\"inLanguage\":\"de\",\"potentialAction\":[{\"@type\":\"ReadAction\",\"target\":[\"https:\/\/kulturonline.tv\/de\/fusion-festival-soll-mit-pcr-tests-stattfinden\/\"]}]},{\"@type\":\"ImageObject\",\"inLanguage\":\"de\",\"@id\":\"https:\/\/kulturonline.tv\/de\/fusion-festival-soll-mit-pcr-tests-stattfinden\/#primaryimage\",\"url\":\"https:\/\/kulturonline.tv\/wp-content\/uploads\/2021\/06\/d1bfac_007dee6548984f06abb05a5d0800e1e1~mv2.jpg\",\"contentUrl\":\"https:\/\/kulturonline.tv\/wp-content\/uploads\/2021\/06\/d1bfac_007dee6548984f06abb05a5d0800e1e1~mv2.jpg\",\"width\":960,\"height\":720},{\"@type\":\"BreadcrumbList\",\"@id\":\"https:\/\/kulturonline.tv\/de\/fusion-festival-soll-mit-pcr-tests-stattfinden\/#breadcrumb\",\"itemListElement\":[{\"@type\":\"ListItem\",\"position\":1,\"name\":\"Startseite\",\"item\":\"https:\/\/kulturonline.tv\/de\/\"},{\"@type\":\"ListItem\",\"position\":2,\"name\":\"Fusion-Festival soll mit PCR-Tests stattfinden\"}]},{\"@type\":\"WebSite\",\"@id\":\"https:\/\/kulturonline.tv\/de\/#website\",\"url\":\"https:\/\/kulturonline.tv\/de\/\",\"name\":\"Kultur Online TV &amp; FM\",\"description\":\"Wir sind Kultur 2.0 zum sehen &amp; h\u00f6ren\",\"publisher\":{\"@id\":\"https:\/\/kulturonline.tv\/de\/#organization\"},\"potentialAction\":[{\"@type\":\"SearchAction\",\"target\":{\"@type\":\"EntryPoint\",\"urlTemplate\":\"https:\/\/kulturonline.tv\/de\/?s={search_term_string}\"},\"query-input\":{\"@type\":\"PropertyValueSpecification\",\"valueRequired\":true,\"valueName\":\"search_term_string\"}}],\"inLanguage\":\"de\"},{\"@type\":\"Organization\",\"@id\":\"https:\/\/kulturonline.tv\/de\/#organization\",\"name\":\"Kultur Online TV\",\"url\":\"https:\/\/kulturonline.tv\/de\/\",\"logo\":{\"@type\":\"ImageObject\",\"inLanguage\":\"de\",\"@id\":\"https:\/\/kulturonline.tv\/de\/#\/schema\/logo\/image\/\",\"url\":\"https:\/\/kulturonline.tv\/wp-content\/uploads\/2021\/08\/Kultur-Online-Tv-Logo-Endversion-neu.png\",\"contentUrl\":\"https:\/\/kulturonline.tv\/wp-content\/uploads\/2021\/08\/Kultur-Online-Tv-Logo-Endversion-neu.png\",\"width\":200,\"height\":200,\"caption\":\"Kultur Online TV\"},\"image\":{\"@id\":\"https:\/\/kulturonline.tv\/de\/#\/schema\/logo\/image\/\"},\"sameAs\":[\"https:\/\/www.facebook.com\/kulturonline.tv\",\"https:\/\/www.instagram.com\/kulturonline.tv\"]},{\"@type\":\"Person\",\"@id\":\"https:\/\/kulturonline.tv\/de\/#\/schema\/person\/a1ae2833a59ac52fb9a01a676de7b600\",\"name\":\"stefanrehbein\",\"sameAs\":[\"http:\/\/kulturonline.tv\"]}]}<\/script>\n<!-- \/ Yoast SEO plugin. -->","yoast_head_json":{"title":"Fusion-Festival soll mit PCR-Tests stattfinden - Kultur Online TV &amp; FM","description":"Kultur sehen und H\u00f6ren","robots":{"index":"index","follow":"follow","max-snippet":"max-snippet:-1","max-image-preview":"max-image-preview:large","max-video-preview":"max-video-preview:-1"},"canonical":"https:\/\/kulturonline.tv\/de\/fusion-festival-soll-mit-pcr-tests-stattfinden\/","og_locale":"de_DE","og_type":"article","og_title":"Fusion-Festival soll mit PCR-Tests stattfinden - Kultur Online TV &amp; FM","og_description":"Kultur sehen und H\u00f6ren","og_url":"https:\/\/kulturonline.tv\/de\/fusion-festival-soll-mit-pcr-tests-stattfinden\/","og_site_name":"Kultur Online TV &amp; FM","article_publisher":"https:\/\/www.facebook.com\/kulturonline.tv","article_published_time":"2021-03-28T09:25:13+00:00","article_modified_time":"2021-06-08T12:28:58+00:00","og_image":[{"width":960,"height":720,"url":"https:\/\/kulturonline.tv\/wp-content\/uploads\/2021\/06\/d1bfac_007dee6548984f06abb05a5d0800e1e1~mv2.jpg","type":"image\/jpeg"}],"author":"stefanrehbein","twitter_card":"summary_large_image","twitter_misc":{"Verfasst von":"stefanrehbein","Gesch\u00e4tzte Lesezeit":"1\u00a0Minute"},"schema":{"@context":"https:\/\/schema.org","@graph":[{"@type":"Article","@id":"https:\/\/kulturonline.tv\/de\/fusion-festival-soll-mit-pcr-tests-stattfinden\/#article","isPartOf":{"@id":"https:\/\/kulturonline.tv\/de\/fusion-festival-soll-mit-pcr-tests-stattfinden\/"},"author":{"name":"stefanrehbein","@id":"https:\/\/kulturonline.tv\/de\/#\/schema\/person\/a1ae2833a59ac52fb9a01a676de7b600"},"headline":"Fusion-Festival soll mit PCR-Tests stattfinden","datePublished":"2021-03-28T09:25:13+00:00","dateModified":"2021-06-08T12:28:58+00:00","mainEntityOfPage":{"@id":"https:\/\/kulturonline.tv\/de\/fusion-festival-soll-mit-pcr-tests-stattfinden\/"},"wordCount":163,"publisher":{"@id":"https:\/\/kulturonline.tv\/de\/#organization"},"image":{"@id":"https:\/\/kulturonline.tv\/de\/fusion-festival-soll-mit-pcr-tests-stattfinden\/#primaryimage"},"thumbnailUrl":"https:\/\/kulturonline.tv\/wp-content\/uploads\/2021\/06\/d1bfac_007dee6548984f06abb05a5d0800e1e1~mv2.jpg","articleSection":["Newsflash","Unkategorisiert"],"inLanguage":"de"},{"@type":"WebPage","@id":"https:\/\/kulturonline.tv\/de\/fusion-festival-soll-mit-pcr-tests-stattfinden\/","url":"https:\/\/kulturonline.tv\/de\/fusion-festival-soll-mit-pcr-tests-stattfinden\/","name":"Fusion-Festival soll mit PCR-Tests stattfinden - Kultur Online TV &amp; FM","isPartOf":{"@id":"https:\/\/kulturonline.tv\/de\/#website"},"primaryImageOfPage":{"@id":"https:\/\/kulturonline.tv\/de\/fusion-festival-soll-mit-pcr-tests-stattfinden\/#primaryimage"},"image":{"@id":"https:\/\/kulturonline.tv\/de\/fusion-festival-soll-mit-pcr-tests-stattfinden\/#primaryimage"},"thumbnailUrl":"https:\/\/kulturonline.tv\/wp-content\/uploads\/2021\/06\/d1bfac_007dee6548984f06abb05a5d0800e1e1~mv2.jpg","datePublished":"2021-03-28T09:25:13+00:00","dateModified":"2021-06-08T12:28:58+00:00","description":"Kultur sehen und H\u00f6ren","breadcrumb":{"@id":"https:\/\/kulturonline.tv\/de\/fusion-festival-soll-mit-pcr-tests-stattfinden\/#breadcrumb"},"inLanguage":"de","potentialAction":[{"@type":"ReadAction","target":["https:\/\/kulturonline.tv\/de\/fusion-festival-soll-mit-pcr-tests-stattfinden\/"]}]},{"@type":"ImageObject","inLanguage":"de","@id":"https:\/\/kulturonline.tv\/de\/fusion-festival-soll-mit-pcr-tests-stattfinden\/#primaryimage","url":"https:\/\/kulturonline.tv\/wp-content\/uploads\/2021\/06\/d1bfac_007dee6548984f06abb05a5d0800e1e1~mv2.jpg","contentUrl":"https:\/\/kulturonline.tv\/wp-content\/uploads\/2021\/06\/d1bfac_007dee6548984f06abb05a5d0800e1e1~mv2.jpg","width":960,"height":720},{"@type":"BreadcrumbList","@id":"https:\/\/kulturonline.tv\/de\/fusion-festival-soll-mit-pcr-tests-stattfinden\/#breadcrumb","itemListElement":[{"@type":"ListItem","position":1,"name":"Startseite","item":"https:\/\/kulturonline.tv\/de\/"},{"@type":"ListItem","position":2,"name":"Fusion-Festival soll mit PCR-Tests stattfinden"}]},{"@type":"WebSite","@id":"https:\/\/kulturonline.tv\/de\/#website","url":"https:\/\/kulturonline.tv\/de\/","name":"Kultur Online TV &amp; FM","description":"Wir sind Kultur 2.0 zum sehen &amp; h\u00f6ren","publisher":{"@id":"https:\/\/kulturonline.tv\/de\/#organization"},"potentialAction":[{"@type":"SearchAction","target":{"@type":"EntryPoint","urlTemplate":"https:\/\/kulturonline.tv\/de\/?s={search_term_string}"},"query-input":{"@type":"PropertyValueSpecification","valueRequired":true,"valueName":"search_term_string"}}],"inLanguage":"de"},{"@type":"Organization","@id":"https:\/\/kulturonline.tv\/de\/#organization","name":"Kultur Online TV","url":"https:\/\/kulturonline.tv\/de\/","logo":{"@type":"ImageObject","inLanguage":"de","@id":"https:\/\/kulturonline.tv\/de\/#\/schema\/logo\/image\/","url":"https:\/\/kulturonline.tv\/wp-content\/uploads\/2021\/08\/Kultur-Online-Tv-Logo-Endversion-neu.png","contentUrl":"https:\/\/kulturonline.tv\/wp-content\/uploads\/2021\/08\/Kultur-Online-Tv-Logo-Endversion-neu.png","width":200,"height":200,"caption":"Kultur Online TV"},"image":{"@id":"https:\/\/kulturonline.tv\/de\/#\/schema\/logo\/image\/"},"sameAs":["https:\/\/www.facebook.com\/kulturonline.tv","https:\/\/www.instagram.com\/kulturonline.tv"]},{"@type":"Person","@id":"https:\/\/kulturonline.tv\/de\/#\/schema\/person\/a1ae2833a59ac52fb9a01a676de7b600","name":"stefanrehbein","sameAs":["http:\/\/kulturonline.tv"]}]}},"_links":{"self":[{"href":"https:\/\/kulturonline.tv\/de\/wp-json\/wp\/v2\/posts\/2120","targetHints":{"allow":["GET"]}}],"collection":[{"href":"https:\/\/kulturonline.tv\/de\/wp-json\/wp\/v2\/posts"}],"about":[{"href":"https:\/\/kulturonline.tv\/de\/wp-json\/wp\/v2\/types\/post"}],"author":[{"embeddable":true,"href":"https:\/\/kulturonline.tv\/de\/wp-json\/wp\/v2\/users\/1"}],"replies":[{"embeddable":true,"href":"https:\/\/kulturonline.tv\/de\/wp-json\/wp\/v2\/comments?post=2120"}],"version-history":[{"count":0,"href":"https:\/\/kulturonline.tv\/de\/wp-json\/wp\/v2\/posts\/2120\/revisions"}],"wp:featuredmedia":[{"embeddable":true,"href":"https:\/\/kulturonline.tv\/de\/wp-json\/wp\/v2\/media\/577"}],"wp:attachment":[{"href":"https:\/\/kulturonline.tv\/de\/wp-json\/wp\/v2\/media?parent=2120"}],"wp:term":[{"taxonomy":"category","embeddable":true,"href":"https:\/\/kulturonline.tv\/de\/wp-json\/wp\/v2\/categories?post=2120"},{"taxonomy":"post_tag","embeddable":true,"href":"https:\/\/kulturonline.tv\/de\/wp-json\/wp\/v2\/tags?post=2120"}],"curies":[{"name":"wp","href":"https:\/\/api.w.org\/{rel}","templated":true}]}}