{"id":2122,"date":"2021-03-28T10:39:01","date_gmt":"2021-03-28T08:39:01","guid":{"rendered":"http:\/\/kulturonline.tv\/uncategorized\/bolschoi-theater-ballett-zum-ersten-mal-online"},"modified":"2021-06-08T14:28:59","modified_gmt":"2021-06-08T12:28:59","slug":"bolschoi-theater-ballett-zum-ersten-mal-online","status":"publish","type":"post","link":"https:\/\/kulturonline.tv\/de\/bolschoi-theater-ballett-zum-ersten-mal-online\/","title":{"rendered":"Bolschoi Theater Ballett zum ersten mal online"},"content":{"rendered":"<p>Die T\u00e4nzerinnen und T\u00e4nzer am Moskauer Bolschoi-Theater suchen nach neuen Wegen in der Corona-Pandemie.<\/p>\n<p><img decoding=\"async\" aria-hidden=\"true\" data-pin-url=\"https:\/\/www.kulturonline.tv\/post\/bolschoi-theater-zeigt-ballett-zum-ersten-mal-online\" data-pin-media=\"https:\/\/static.wixstatic.com\/media\/d1bfac_9b2b321da4184195824c3c040f752fcd~mv2.jpg\/v1\/fit\/w_1000{3856b621f8f9b12a9d7e530f990c7d312d5849aa5fb15fbaec4658ad8a578492}2Ch_854{3856b621f8f9b12a9d7e530f990c7d312d5849aa5fb15fbaec4658ad8a578492}2Cal_c{3856b621f8f9b12a9d7e530f990c7d312d5849aa5fb15fbaec4658ad8a578492}2Cq_80\/file.jpg\" class=\"_5JW6l _2ERz3\" src=\"http:\/\/kulturonline.tv\/wp-content\/uploads\/2021\/06\/44_file.jpg\"><\/p>\n<p>Das Bolschoi Theater in Moskau zeigt zum ersten Mal \u00fcberhaupt einige seiner Auff\u00fchrungen im Internet.<\/p>\n<p>Zum Start zeigt stand zum Welttheatertag \u201eSchwanensee\u201c auf dem Programm des Youtube-Kanals des legend\u00e4ren russischen Staatstheaters. An diesem Samstag folgt der Kassenschlager des Spitzenballetts: \u201eDornr\u00f6schen\u201c. Start ist jeweils abends \u2013 mit 24 Stunden Abrufbarkeit. Bis zum 10. April gibt es auch \u201eNussknacker\u201c in einer historischen Auff\u00fchrung sowie die Nationaloper \u201eBoris Godunow\u201c.<\/p>\n<p>Vor dem Start der Auff\u00fchrungen gibt es jeweils eine 30-min\u00fctige Unterhaltung mit verschiedenen K\u00fcnstlern des Theaters. Das Haus teilte mit, f\u00fcr das Bolschoi sei dies in Zeiten, da viele wegen des Coronavirus daheim bleiben m\u00fcssten, eine v\u00f6llig neue Form der Zuschauerbindung. Derzeit sind in Moskau wegen der Corona-Pandemie alle Theater geschlossen.<\/p>\n<p>Kultur Online TV<\/p>\n<p>Quelle:<\/p>\n<p>Diese Nachricht wurde am 28.03.2021 im Programm des Deutschlandfunk gesendet.<\/p>\n","protected":false},"excerpt":{"rendered":"<p>Die T\u00e4nzerinnen und T\u00e4nzer am Moskauer Bolschoi-Theater suchen nach neuen Wegen in der Corona-Pandemie. Das Bolschoi Theater in Moskau zeigt zum ersten Mal \u00fcberhaupt einige seiner Auff\u00fchrungen im Internet. Zum Start zeigt stand zum Welttheatertag \u201eSchwanensee\u201c auf dem Programm des Youtube-Kanals des legend\u00e4ren russischen Staatstheaters. An diesem Samstag folgt der Kassenschlager des Spitzenballetts: \u201eDornr\u00f6schen\u201c. Start [&hellip;]<\/p>\n","protected":false},"author":1,"featured_media":581,"comment_status":"closed","ping_status":"closed","sticky":false,"template":"","format":"standard","meta":{"_acf_changed":false,"footnotes":""},"categories":[3,1],"tags":[],"class_list":["post-2122","post","type-post","status-publish","format-standard","has-post-thumbnail","hentry","category-newsflash","category-unkategorisiert"],"acf":[],"yoast_head":"<!-- This site is optimized with the Yoast SEO plugin v26.1.1 - https:\/\/yoast.com\/wordpress\/plugins\/seo\/ -->\n<title>Bolschoi Theater Ballett zum ersten mal online - Kultur Online TV &amp; FM<\/title>\n<meta name=\"description\" content=\"Kultur sehen und H\u00f6ren\" \/>\n<meta name=\"robots\" content=\"index, follow, max-snippet:-1, max-image-preview:large, max-video-preview:-1\" \/>\n<link rel=\"canonical\" href=\"https:\/\/kulturonline.tv\/de\/bolschoi-theater-ballett-zum-ersten-mal-online\/\" \/>\n<meta property=\"og:locale\" content=\"de_DE\" \/>\n<meta property=\"og:type\" content=\"article\" \/>\n<meta property=\"og:title\" content=\"Bolschoi Theater Ballett zum ersten mal online - Kultur Online TV &amp; FM\" \/>\n<meta property=\"og:description\" content=\"Kultur sehen und H\u00f6ren\" \/>\n<meta property=\"og:url\" content=\"https:\/\/kulturonline.tv\/de\/bolschoi-theater-ballett-zum-ersten-mal-online\/\" \/>\n<meta property=\"og:site_name\" content=\"Kultur Online TV &amp; FM\" \/>\n<meta property=\"article:publisher\" content=\"https:\/\/www.facebook.com\/kulturonline.tv\" \/>\n<meta property=\"article:published_time\" content=\"2021-03-28T08:39:01+00:00\" \/>\n<meta property=\"article:modified_time\" content=\"2021-06-08T12:28:59+00:00\" \/>\n<meta property=\"og:image\" content=\"https:\/\/kulturonline.tv\/wp-content\/uploads\/2021\/06\/d1bfac_9b2b321da4184195824c3c040f752fcd~mv2.jpg\" \/>\n\t<meta property=\"og:image:width\" content=\"1280\" \/>\n\t<meta property=\"og:image:height\" content=\"854\" \/>\n\t<meta property=\"og:image:type\" content=\"image\/jpeg\" \/>\n<meta name=\"author\" content=\"stefanrehbein\" \/>\n<meta name=\"twitter:card\" content=\"summary_large_image\" \/>\n<meta name=\"twitter:label1\" content=\"Verfasst von\" \/>\n\t<meta name=\"twitter:data1\" content=\"stefanrehbein\" \/>\n\t<meta name=\"twitter:label2\" content=\"Gesch\u00e4tzte Lesezeit\" \/>\n\t<meta name=\"twitter:data2\" content=\"1\u00a0Minute\" \/>\n<script type=\"application\/ld+json\" class=\"yoast-schema-graph\">{\"@context\":\"https:\/\/schema.org\",\"@graph\":[{\"@type\":\"Article\",\"@id\":\"https:\/\/kulturonline.tv\/de\/bolschoi-theater-ballett-zum-ersten-mal-online\/#article\",\"isPartOf\":{\"@id\":\"https:\/\/kulturonline.tv\/de\/bolschoi-theater-ballett-zum-ersten-mal-online\/\"},\"author\":{\"name\":\"stefanrehbein\",\"@id\":\"https:\/\/kulturonline.tv\/de\/#\/schema\/person\/a1ae2833a59ac52fb9a01a676de7b600\"},\"headline\":\"Bolschoi Theater Ballett zum ersten mal online\",\"datePublished\":\"2021-03-28T08:39:01+00:00\",\"dateModified\":\"2021-06-08T12:28:59+00:00\",\"mainEntityOfPage\":{\"@id\":\"https:\/\/kulturonline.tv\/de\/bolschoi-theater-ballett-zum-ersten-mal-online\/\"},\"wordCount\":160,\"publisher\":{\"@id\":\"https:\/\/kulturonline.tv\/de\/#organization\"},\"image\":{\"@id\":\"https:\/\/kulturonline.tv\/de\/bolschoi-theater-ballett-zum-ersten-mal-online\/#primaryimage\"},\"thumbnailUrl\":\"https:\/\/kulturonline.tv\/wp-content\/uploads\/2021\/06\/d1bfac_9b2b321da4184195824c3c040f752fcd~mv2.jpg\",\"articleSection\":[\"Newsflash\",\"Unkategorisiert\"],\"inLanguage\":\"de\"},{\"@type\":\"WebPage\",\"@id\":\"https:\/\/kulturonline.tv\/de\/bolschoi-theater-ballett-zum-ersten-mal-online\/\",\"url\":\"https:\/\/kulturonline.tv\/de\/bolschoi-theater-ballett-zum-ersten-mal-online\/\",\"name\":\"Bolschoi Theater Ballett zum ersten mal online - Kultur Online TV &amp; FM\",\"isPartOf\":{\"@id\":\"https:\/\/kulturonline.tv\/de\/#website\"},\"primaryImageOfPage\":{\"@id\":\"https:\/\/kulturonline.tv\/de\/bolschoi-theater-ballett-zum-ersten-mal-online\/#primaryimage\"},\"image\":{\"@id\":\"https:\/\/kulturonline.tv\/de\/bolschoi-theater-ballett-zum-ersten-mal-online\/#primaryimage\"},\"thumbnailUrl\":\"https:\/\/kulturonline.tv\/wp-content\/uploads\/2021\/06\/d1bfac_9b2b321da4184195824c3c040f752fcd~mv2.jpg\",\"datePublished\":\"2021-03-28T08:39:01+00:00\",\"dateModified\":\"2021-06-08T12:28:59+00:00\",\"description\":\"Kultur sehen und H\u00f6ren\",\"breadcrumb\":{\"@id\":\"https:\/\/kulturonline.tv\/de\/bolschoi-theater-ballett-zum-ersten-mal-online\/#breadcrumb\"},\"inLanguage\":\"de\",\"potentialAction\":[{\"@type\":\"ReadAction\",\"target\":[\"https:\/\/kulturonline.tv\/de\/bolschoi-theater-ballett-zum-ersten-mal-online\/\"]}]},{\"@type\":\"ImageObject\",\"inLanguage\":\"de\",\"@id\":\"https:\/\/kulturonline.tv\/de\/bolschoi-theater-ballett-zum-ersten-mal-online\/#primaryimage\",\"url\":\"https:\/\/kulturonline.tv\/wp-content\/uploads\/2021\/06\/d1bfac_9b2b321da4184195824c3c040f752fcd~mv2.jpg\",\"contentUrl\":\"https:\/\/kulturonline.tv\/wp-content\/uploads\/2021\/06\/d1bfac_9b2b321da4184195824c3c040f752fcd~mv2.jpg\",\"width\":1280,\"height\":854},{\"@type\":\"BreadcrumbList\",\"@id\":\"https:\/\/kulturonline.tv\/de\/bolschoi-theater-ballett-zum-ersten-mal-online\/#breadcrumb\",\"itemListElement\":[{\"@type\":\"ListItem\",\"position\":1,\"name\":\"Startseite\",\"item\":\"https:\/\/kulturonline.tv\/de\/\"},{\"@type\":\"ListItem\",\"position\":2,\"name\":\"Bolschoi Theater Ballett zum ersten mal online\"}]},{\"@type\":\"WebSite\",\"@id\":\"https:\/\/kulturonline.tv\/de\/#website\",\"url\":\"https:\/\/kulturonline.tv\/de\/\",\"name\":\"Kultur Online TV &amp; FM\",\"description\":\"Wir sind Kultur 2.0 zum sehen &amp; h\u00f6ren\",\"publisher\":{\"@id\":\"https:\/\/kulturonline.tv\/de\/#organization\"},\"potentialAction\":[{\"@type\":\"SearchAction\",\"target\":{\"@type\":\"EntryPoint\",\"urlTemplate\":\"https:\/\/kulturonline.tv\/de\/?s={search_term_string}\"},\"query-input\":{\"@type\":\"PropertyValueSpecification\",\"valueRequired\":true,\"valueName\":\"search_term_string\"}}],\"inLanguage\":\"de\"},{\"@type\":\"Organization\",\"@id\":\"https:\/\/kulturonline.tv\/de\/#organization\",\"name\":\"Kultur Online TV\",\"url\":\"https:\/\/kulturonline.tv\/de\/\",\"logo\":{\"@type\":\"ImageObject\",\"inLanguage\":\"de\",\"@id\":\"https:\/\/kulturonline.tv\/de\/#\/schema\/logo\/image\/\",\"url\":\"https:\/\/kulturonline.tv\/wp-content\/uploads\/2021\/08\/Kultur-Online-Tv-Logo-Endversion-neu.png\",\"contentUrl\":\"https:\/\/kulturonline.tv\/wp-content\/uploads\/2021\/08\/Kultur-Online-Tv-Logo-Endversion-neu.png\",\"width\":200,\"height\":200,\"caption\":\"Kultur Online TV\"},\"image\":{\"@id\":\"https:\/\/kulturonline.tv\/de\/#\/schema\/logo\/image\/\"},\"sameAs\":[\"https:\/\/www.facebook.com\/kulturonline.tv\",\"https:\/\/www.instagram.com\/kulturonline.tv\"]},{\"@type\":\"Person\",\"@id\":\"https:\/\/kulturonline.tv\/de\/#\/schema\/person\/a1ae2833a59ac52fb9a01a676de7b600\",\"name\":\"stefanrehbein\",\"sameAs\":[\"http:\/\/kulturonline.tv\"]}]}<\/script>\n<!-- \/ Yoast SEO plugin. -->","yoast_head_json":{"title":"Bolschoi Theater Ballett zum ersten mal online - Kultur Online TV &amp; FM","description":"Kultur sehen und H\u00f6ren","robots":{"index":"index","follow":"follow","max-snippet":"max-snippet:-1","max-image-preview":"max-image-preview:large","max-video-preview":"max-video-preview:-1"},"canonical":"https:\/\/kulturonline.tv\/de\/bolschoi-theater-ballett-zum-ersten-mal-online\/","og_locale":"de_DE","og_type":"article","og_title":"Bolschoi Theater Ballett zum ersten mal online - Kultur Online TV &amp; FM","og_description":"Kultur sehen und H\u00f6ren","og_url":"https:\/\/kulturonline.tv\/de\/bolschoi-theater-ballett-zum-ersten-mal-online\/","og_site_name":"Kultur Online TV &amp; FM","article_publisher":"https:\/\/www.facebook.com\/kulturonline.tv","article_published_time":"2021-03-28T08:39:01+00:00","article_modified_time":"2021-06-08T12:28:59+00:00","og_image":[{"width":1280,"height":854,"url":"https:\/\/kulturonline.tv\/wp-content\/uploads\/2021\/06\/d1bfac_9b2b321da4184195824c3c040f752fcd~mv2.jpg","type":"image\/jpeg"}],"author":"stefanrehbein","twitter_card":"summary_large_image","twitter_misc":{"Verfasst von":"stefanrehbein","Gesch\u00e4tzte Lesezeit":"1\u00a0Minute"},"schema":{"@context":"https:\/\/schema.org","@graph":[{"@type":"Article","@id":"https:\/\/kulturonline.tv\/de\/bolschoi-theater-ballett-zum-ersten-mal-online\/#article","isPartOf":{"@id":"https:\/\/kulturonline.tv\/de\/bolschoi-theater-ballett-zum-ersten-mal-online\/"},"author":{"name":"stefanrehbein","@id":"https:\/\/kulturonline.tv\/de\/#\/schema\/person\/a1ae2833a59ac52fb9a01a676de7b600"},"headline":"Bolschoi Theater Ballett zum ersten mal online","datePublished":"2021-03-28T08:39:01+00:00","dateModified":"2021-06-08T12:28:59+00:00","mainEntityOfPage":{"@id":"https:\/\/kulturonline.tv\/de\/bolschoi-theater-ballett-zum-ersten-mal-online\/"},"wordCount":160,"publisher":{"@id":"https:\/\/kulturonline.tv\/de\/#organization"},"image":{"@id":"https:\/\/kulturonline.tv\/de\/bolschoi-theater-ballett-zum-ersten-mal-online\/#primaryimage"},"thumbnailUrl":"https:\/\/kulturonline.tv\/wp-content\/uploads\/2021\/06\/d1bfac_9b2b321da4184195824c3c040f752fcd~mv2.jpg","articleSection":["Newsflash","Unkategorisiert"],"inLanguage":"de"},{"@type":"WebPage","@id":"https:\/\/kulturonline.tv\/de\/bolschoi-theater-ballett-zum-ersten-mal-online\/","url":"https:\/\/kulturonline.tv\/de\/bolschoi-theater-ballett-zum-ersten-mal-online\/","name":"Bolschoi Theater Ballett zum ersten mal online - Kultur Online TV &amp; FM","isPartOf":{"@id":"https:\/\/kulturonline.tv\/de\/#website"},"primaryImageOfPage":{"@id":"https:\/\/kulturonline.tv\/de\/bolschoi-theater-ballett-zum-ersten-mal-online\/#primaryimage"},"image":{"@id":"https:\/\/kulturonline.tv\/de\/bolschoi-theater-ballett-zum-ersten-mal-online\/#primaryimage"},"thumbnailUrl":"https:\/\/kulturonline.tv\/wp-content\/uploads\/2021\/06\/d1bfac_9b2b321da4184195824c3c040f752fcd~mv2.jpg","datePublished":"2021-03-28T08:39:01+00:00","dateModified":"2021-06-08T12:28:59+00:00","description":"Kultur sehen und H\u00f6ren","breadcrumb":{"@id":"https:\/\/kulturonline.tv\/de\/bolschoi-theater-ballett-zum-ersten-mal-online\/#breadcrumb"},"inLanguage":"de","potentialAction":[{"@type":"ReadAction","target":["https:\/\/kulturonline.tv\/de\/bolschoi-theater-ballett-zum-ersten-mal-online\/"]}]},{"@type":"ImageObject","inLanguage":"de","@id":"https:\/\/kulturonline.tv\/de\/bolschoi-theater-ballett-zum-ersten-mal-online\/#primaryimage","url":"https:\/\/kulturonline.tv\/wp-content\/uploads\/2021\/06\/d1bfac_9b2b321da4184195824c3c040f752fcd~mv2.jpg","contentUrl":"https:\/\/kulturonline.tv\/wp-content\/uploads\/2021\/06\/d1bfac_9b2b321da4184195824c3c040f752fcd~mv2.jpg","width":1280,"height":854},{"@type":"BreadcrumbList","@id":"https:\/\/kulturonline.tv\/de\/bolschoi-theater-ballett-zum-ersten-mal-online\/#breadcrumb","itemListElement":[{"@type":"ListItem","position":1,"name":"Startseite","item":"https:\/\/kulturonline.tv\/de\/"},{"@type":"ListItem","position":2,"name":"Bolschoi Theater Ballett zum ersten mal online"}]},{"@type":"WebSite","@id":"https:\/\/kulturonline.tv\/de\/#website","url":"https:\/\/kulturonline.tv\/de\/","name":"Kultur Online TV &amp; FM","description":"Wir sind Kultur 2.0 zum sehen &amp; h\u00f6ren","publisher":{"@id":"https:\/\/kulturonline.tv\/de\/#organization"},"potentialAction":[{"@type":"SearchAction","target":{"@type":"EntryPoint","urlTemplate":"https:\/\/kulturonline.tv\/de\/?s={search_term_string}"},"query-input":{"@type":"PropertyValueSpecification","valueRequired":true,"valueName":"search_term_string"}}],"inLanguage":"de"},{"@type":"Organization","@id":"https:\/\/kulturonline.tv\/de\/#organization","name":"Kultur Online TV","url":"https:\/\/kulturonline.tv\/de\/","logo":{"@type":"ImageObject","inLanguage":"de","@id":"https:\/\/kulturonline.tv\/de\/#\/schema\/logo\/image\/","url":"https:\/\/kulturonline.tv\/wp-content\/uploads\/2021\/08\/Kultur-Online-Tv-Logo-Endversion-neu.png","contentUrl":"https:\/\/kulturonline.tv\/wp-content\/uploads\/2021\/08\/Kultur-Online-Tv-Logo-Endversion-neu.png","width":200,"height":200,"caption":"Kultur Online TV"},"image":{"@id":"https:\/\/kulturonline.tv\/de\/#\/schema\/logo\/image\/"},"sameAs":["https:\/\/www.facebook.com\/kulturonline.tv","https:\/\/www.instagram.com\/kulturonline.tv"]},{"@type":"Person","@id":"https:\/\/kulturonline.tv\/de\/#\/schema\/person\/a1ae2833a59ac52fb9a01a676de7b600","name":"stefanrehbein","sameAs":["http:\/\/kulturonline.tv"]}]}},"_links":{"self":[{"href":"https:\/\/kulturonline.tv\/de\/wp-json\/wp\/v2\/posts\/2122","targetHints":{"allow":["GET"]}}],"collection":[{"href":"https:\/\/kulturonline.tv\/de\/wp-json\/wp\/v2\/posts"}],"about":[{"href":"https:\/\/kulturonline.tv\/de\/wp-json\/wp\/v2\/types\/post"}],"author":[{"embeddable":true,"href":"https:\/\/kulturonline.tv\/de\/wp-json\/wp\/v2\/users\/1"}],"replies":[{"embeddable":true,"href":"https:\/\/kulturonline.tv\/de\/wp-json\/wp\/v2\/comments?post=2122"}],"version-history":[{"count":0,"href":"https:\/\/kulturonline.tv\/de\/wp-json\/wp\/v2\/posts\/2122\/revisions"}],"wp:featuredmedia":[{"embeddable":true,"href":"https:\/\/kulturonline.tv\/de\/wp-json\/wp\/v2\/media\/581"}],"wp:attachment":[{"href":"https:\/\/kulturonline.tv\/de\/wp-json\/wp\/v2\/media?parent=2122"}],"wp:term":[{"taxonomy":"category","embeddable":true,"href":"https:\/\/kulturonline.tv\/de\/wp-json\/wp\/v2\/categories?post=2122"},{"taxonomy":"post_tag","embeddable":true,"href":"https:\/\/kulturonline.tv\/de\/wp-json\/wp\/v2\/tags?post=2122"}],"curies":[{"name":"wp","href":"https:\/\/api.w.org\/{rel}","templated":true}]}}