{"id":2128,"date":"2021-03-26T11:13:11","date_gmt":"2021-03-26T10:13:11","guid":{"rendered":"http:\/\/kulturonline.tv\/uncategorized\/foerderprogramm-kultursommer-2021-aus"},"modified":"2021-06-08T14:28:59","modified_gmt":"2021-06-08T12:28:59","slug":"foerderprogramm-kultursommer-2021-aus","status":"publish","type":"post","link":"https:\/\/kulturonline.tv\/de\/foerderprogramm-kultursommer-2021-aus\/","title":{"rendered":"F\u00f6rderprogramm Kultursommer 2021 aus"},"content":{"rendered":"<p>Analoge Kulturveranstaltungen wie Open-Air-Konzerte, Theaterauff\u00fchrungen und Ausstellungen im \u00f6ffentlichen Raum gef\u00f6rdert werden.<\/p>\n<p><img decoding=\"async\" aria-hidden=\"true\" data-pin-url=\"https:\/\/www.kulturonline.tv\/post\/f\u00f6rderprogramm-kultursommer-2021-aus\" data-pin-media=\"https:\/\/static.wixstatic.com\/media\/d1bfac_4949111ad3a542588291ff3ea2fc87f7~mv2.jpg\/v1\/fit\/w_1000{3856b621f8f9b12a9d7e530f990c7d312d5849aa5fb15fbaec4658ad8a578492}2Ch_853{3856b621f8f9b12a9d7e530f990c7d312d5849aa5fb15fbaec4658ad8a578492}2Cal_c{3856b621f8f9b12a9d7e530f990c7d312d5849aa5fb15fbaec4658ad8a578492}2Cq_80\/file.jpg\" class=\"_5JW6l _2ERz3\" src=\"http:\/\/kulturonline.tv\/wp-content\/uploads\/2021\/06\/47_file.jpg\"><\/p>\n<p>Der Kultursommer 2021 soll zu einer verantwortungsvollen kulturellen Wiederbelebung der St\u00e4dte beitragen und bundesweit mehr als 100 kreisfreie St\u00e4dte und Landkreise bei der Gestaltung eines neu entwickelten, vielf\u00e4ltigen Kulturprogramms unterst\u00fctzen. Insgesamt werden bis zu 30,5 Millionen Euro aus dem Rettungs- und Zukunftsprogramm Neustart Kultur daf\u00fcr bereitgestellt. Antragsberechtigt sind kreisfreie St\u00e4dte und Landkreise.<\/p>\n<p>Kultur Online Tv<\/p>\n","protected":false},"excerpt":{"rendered":"<p>Analoge Kulturveranstaltungen wie Open-Air-Konzerte, Theaterauff\u00fchrungen und Ausstellungen im \u00f6ffentlichen Raum gef\u00f6rdert werden. Der Kultursommer 2021 soll zu einer verantwortungsvollen kulturellen Wiederbelebung der St\u00e4dte beitragen und bundesweit mehr als 100 kreisfreie St\u00e4dte und Landkreise bei der Gestaltung eines neu entwickelten, vielf\u00e4ltigen Kulturprogramms unterst\u00fctzen. Insgesamt werden bis zu 30,5 Millionen Euro aus dem Rettungs- und Zukunftsprogramm Neustart [&hellip;]<\/p>\n","protected":false},"author":1,"featured_media":593,"comment_status":"closed","ping_status":"closed","sticky":false,"template":"","format":"standard","meta":{"_acf_changed":false,"footnotes":""},"categories":[3,1],"tags":[],"class_list":["post-2128","post","type-post","status-publish","format-standard","has-post-thumbnail","hentry","category-newsflash","category-unkategorisiert"],"acf":[],"yoast_head":"<!-- This site is optimized with the Yoast SEO plugin v26.1.1 - https:\/\/yoast.com\/wordpress\/plugins\/seo\/ -->\n<title>F\u00f6rderprogramm Kultursommer 2021 aus - Kultur Online TV &amp; FM<\/title>\n<meta name=\"description\" content=\"Kultur sehen und H\u00f6ren\" \/>\n<meta name=\"robots\" content=\"index, follow, max-snippet:-1, max-image-preview:large, max-video-preview:-1\" \/>\n<link rel=\"canonical\" href=\"https:\/\/kulturonline.tv\/de\/foerderprogramm-kultursommer-2021-aus\/\" \/>\n<meta property=\"og:locale\" content=\"de_DE\" \/>\n<meta property=\"og:type\" content=\"article\" \/>\n<meta property=\"og:title\" content=\"F\u00f6rderprogramm Kultursommer 2021 aus - Kultur Online TV &amp; FM\" \/>\n<meta property=\"og:description\" content=\"Kultur sehen und H\u00f6ren\" \/>\n<meta property=\"og:url\" content=\"https:\/\/kulturonline.tv\/de\/foerderprogramm-kultursommer-2021-aus\/\" \/>\n<meta property=\"og:site_name\" content=\"Kultur Online TV &amp; FM\" \/>\n<meta property=\"article:publisher\" content=\"https:\/\/www.facebook.com\/kulturonline.tv\" \/>\n<meta property=\"article:published_time\" content=\"2021-03-26T10:13:11+00:00\" \/>\n<meta property=\"article:modified_time\" content=\"2021-06-08T12:28:59+00:00\" \/>\n<meta property=\"og:image\" content=\"https:\/\/kulturonline.tv\/wp-content\/uploads\/2021\/06\/d1bfac_4949111ad3a542588291ff3ea2fc87f7~mv2.jpg\" \/>\n\t<meta property=\"og:image:width\" content=\"1280\" \/>\n\t<meta property=\"og:image:height\" content=\"853\" \/>\n\t<meta property=\"og:image:type\" content=\"image\/jpeg\" \/>\n<meta name=\"author\" content=\"stefanrehbein\" \/>\n<meta name=\"twitter:card\" content=\"summary_large_image\" \/>\n<meta name=\"twitter:label1\" content=\"Verfasst von\" \/>\n\t<meta name=\"twitter:data1\" content=\"stefanrehbein\" \/>\n<script type=\"application\/ld+json\" class=\"yoast-schema-graph\">{\"@context\":\"https:\/\/schema.org\",\"@graph\":[{\"@type\":\"Article\",\"@id\":\"https:\/\/kulturonline.tv\/de\/foerderprogramm-kultursommer-2021-aus\/#article\",\"isPartOf\":{\"@id\":\"https:\/\/kulturonline.tv\/de\/foerderprogramm-kultursommer-2021-aus\/\"},\"author\":{\"name\":\"stefanrehbein\",\"@id\":\"https:\/\/kulturonline.tv\/de\/#\/schema\/person\/a1ae2833a59ac52fb9a01a676de7b600\"},\"headline\":\"F\u00f6rderprogramm Kultursommer 2021 aus\",\"datePublished\":\"2021-03-26T10:13:11+00:00\",\"dateModified\":\"2021-06-08T12:28:59+00:00\",\"mainEntityOfPage\":{\"@id\":\"https:\/\/kulturonline.tv\/de\/foerderprogramm-kultursommer-2021-aus\/\"},\"wordCount\":76,\"publisher\":{\"@id\":\"https:\/\/kulturonline.tv\/de\/#organization\"},\"image\":{\"@id\":\"https:\/\/kulturonline.tv\/de\/foerderprogramm-kultursommer-2021-aus\/#primaryimage\"},\"thumbnailUrl\":\"https:\/\/kulturonline.tv\/wp-content\/uploads\/2021\/06\/d1bfac_4949111ad3a542588291ff3ea2fc87f7~mv2.jpg\",\"articleSection\":[\"Newsflash\",\"Unkategorisiert\"],\"inLanguage\":\"de\"},{\"@type\":\"WebPage\",\"@id\":\"https:\/\/kulturonline.tv\/de\/foerderprogramm-kultursommer-2021-aus\/\",\"url\":\"https:\/\/kulturonline.tv\/de\/foerderprogramm-kultursommer-2021-aus\/\",\"name\":\"F\u00f6rderprogramm Kultursommer 2021 aus - Kultur Online TV &amp; FM\",\"isPartOf\":{\"@id\":\"https:\/\/kulturonline.tv\/de\/#website\"},\"primaryImageOfPage\":{\"@id\":\"https:\/\/kulturonline.tv\/de\/foerderprogramm-kultursommer-2021-aus\/#primaryimage\"},\"image\":{\"@id\":\"https:\/\/kulturonline.tv\/de\/foerderprogramm-kultursommer-2021-aus\/#primaryimage\"},\"thumbnailUrl\":\"https:\/\/kulturonline.tv\/wp-content\/uploads\/2021\/06\/d1bfac_4949111ad3a542588291ff3ea2fc87f7~mv2.jpg\",\"datePublished\":\"2021-03-26T10:13:11+00:00\",\"dateModified\":\"2021-06-08T12:28:59+00:00\",\"description\":\"Kultur sehen und H\u00f6ren\",\"breadcrumb\":{\"@id\":\"https:\/\/kulturonline.tv\/de\/foerderprogramm-kultursommer-2021-aus\/#breadcrumb\"},\"inLanguage\":\"de\",\"potentialAction\":[{\"@type\":\"ReadAction\",\"target\":[\"https:\/\/kulturonline.tv\/de\/foerderprogramm-kultursommer-2021-aus\/\"]}]},{\"@type\":\"ImageObject\",\"inLanguage\":\"de\",\"@id\":\"https:\/\/kulturonline.tv\/de\/foerderprogramm-kultursommer-2021-aus\/#primaryimage\",\"url\":\"https:\/\/kulturonline.tv\/wp-content\/uploads\/2021\/06\/d1bfac_4949111ad3a542588291ff3ea2fc87f7~mv2.jpg\",\"contentUrl\":\"https:\/\/kulturonline.tv\/wp-content\/uploads\/2021\/06\/d1bfac_4949111ad3a542588291ff3ea2fc87f7~mv2.jpg\",\"width\":1280,\"height\":853},{\"@type\":\"BreadcrumbList\",\"@id\":\"https:\/\/kulturonline.tv\/de\/foerderprogramm-kultursommer-2021-aus\/#breadcrumb\",\"itemListElement\":[{\"@type\":\"ListItem\",\"position\":1,\"name\":\"Startseite\",\"item\":\"https:\/\/kulturonline.tv\/de\/\"},{\"@type\":\"ListItem\",\"position\":2,\"name\":\"F\u00f6rderprogramm Kultursommer 2021 aus\"}]},{\"@type\":\"WebSite\",\"@id\":\"https:\/\/kulturonline.tv\/de\/#website\",\"url\":\"https:\/\/kulturonline.tv\/de\/\",\"name\":\"Kultur Online TV &amp; FM\",\"description\":\"Wir sind Kultur 2.0 zum sehen &amp; h\u00f6ren\",\"publisher\":{\"@id\":\"https:\/\/kulturonline.tv\/de\/#organization\"},\"potentialAction\":[{\"@type\":\"SearchAction\",\"target\":{\"@type\":\"EntryPoint\",\"urlTemplate\":\"https:\/\/kulturonline.tv\/de\/?s={search_term_string}\"},\"query-input\":{\"@type\":\"PropertyValueSpecification\",\"valueRequired\":true,\"valueName\":\"search_term_string\"}}],\"inLanguage\":\"de\"},{\"@type\":\"Organization\",\"@id\":\"https:\/\/kulturonline.tv\/de\/#organization\",\"name\":\"Kultur Online TV\",\"url\":\"https:\/\/kulturonline.tv\/de\/\",\"logo\":{\"@type\":\"ImageObject\",\"inLanguage\":\"de\",\"@id\":\"https:\/\/kulturonline.tv\/de\/#\/schema\/logo\/image\/\",\"url\":\"https:\/\/kulturonline.tv\/wp-content\/uploads\/2021\/08\/Kultur-Online-Tv-Logo-Endversion-neu.png\",\"contentUrl\":\"https:\/\/kulturonline.tv\/wp-content\/uploads\/2021\/08\/Kultur-Online-Tv-Logo-Endversion-neu.png\",\"width\":200,\"height\":200,\"caption\":\"Kultur Online TV\"},\"image\":{\"@id\":\"https:\/\/kulturonline.tv\/de\/#\/schema\/logo\/image\/\"},\"sameAs\":[\"https:\/\/www.facebook.com\/kulturonline.tv\",\"https:\/\/www.instagram.com\/kulturonline.tv\"]},{\"@type\":\"Person\",\"@id\":\"https:\/\/kulturonline.tv\/de\/#\/schema\/person\/a1ae2833a59ac52fb9a01a676de7b600\",\"name\":\"stefanrehbein\",\"sameAs\":[\"http:\/\/kulturonline.tv\"]}]}<\/script>\n<!-- \/ Yoast SEO plugin. -->","yoast_head_json":{"title":"F\u00f6rderprogramm Kultursommer 2021 aus - Kultur Online TV &amp; FM","description":"Kultur sehen und H\u00f6ren","robots":{"index":"index","follow":"follow","max-snippet":"max-snippet:-1","max-image-preview":"max-image-preview:large","max-video-preview":"max-video-preview:-1"},"canonical":"https:\/\/kulturonline.tv\/de\/foerderprogramm-kultursommer-2021-aus\/","og_locale":"de_DE","og_type":"article","og_title":"F\u00f6rderprogramm Kultursommer 2021 aus - Kultur Online TV &amp; FM","og_description":"Kultur sehen und H\u00f6ren","og_url":"https:\/\/kulturonline.tv\/de\/foerderprogramm-kultursommer-2021-aus\/","og_site_name":"Kultur Online TV &amp; FM","article_publisher":"https:\/\/www.facebook.com\/kulturonline.tv","article_published_time":"2021-03-26T10:13:11+00:00","article_modified_time":"2021-06-08T12:28:59+00:00","og_image":[{"width":1280,"height":853,"url":"https:\/\/kulturonline.tv\/wp-content\/uploads\/2021\/06\/d1bfac_4949111ad3a542588291ff3ea2fc87f7~mv2.jpg","type":"image\/jpeg"}],"author":"stefanrehbein","twitter_card":"summary_large_image","twitter_misc":{"Verfasst von":"stefanrehbein"},"schema":{"@context":"https:\/\/schema.org","@graph":[{"@type":"Article","@id":"https:\/\/kulturonline.tv\/de\/foerderprogramm-kultursommer-2021-aus\/#article","isPartOf":{"@id":"https:\/\/kulturonline.tv\/de\/foerderprogramm-kultursommer-2021-aus\/"},"author":{"name":"stefanrehbein","@id":"https:\/\/kulturonline.tv\/de\/#\/schema\/person\/a1ae2833a59ac52fb9a01a676de7b600"},"headline":"F\u00f6rderprogramm Kultursommer 2021 aus","datePublished":"2021-03-26T10:13:11+00:00","dateModified":"2021-06-08T12:28:59+00:00","mainEntityOfPage":{"@id":"https:\/\/kulturonline.tv\/de\/foerderprogramm-kultursommer-2021-aus\/"},"wordCount":76,"publisher":{"@id":"https:\/\/kulturonline.tv\/de\/#organization"},"image":{"@id":"https:\/\/kulturonline.tv\/de\/foerderprogramm-kultursommer-2021-aus\/#primaryimage"},"thumbnailUrl":"https:\/\/kulturonline.tv\/wp-content\/uploads\/2021\/06\/d1bfac_4949111ad3a542588291ff3ea2fc87f7~mv2.jpg","articleSection":["Newsflash","Unkategorisiert"],"inLanguage":"de"},{"@type":"WebPage","@id":"https:\/\/kulturonline.tv\/de\/foerderprogramm-kultursommer-2021-aus\/","url":"https:\/\/kulturonline.tv\/de\/foerderprogramm-kultursommer-2021-aus\/","name":"F\u00f6rderprogramm Kultursommer 2021 aus - Kultur Online TV &amp; FM","isPartOf":{"@id":"https:\/\/kulturonline.tv\/de\/#website"},"primaryImageOfPage":{"@id":"https:\/\/kulturonline.tv\/de\/foerderprogramm-kultursommer-2021-aus\/#primaryimage"},"image":{"@id":"https:\/\/kulturonline.tv\/de\/foerderprogramm-kultursommer-2021-aus\/#primaryimage"},"thumbnailUrl":"https:\/\/kulturonline.tv\/wp-content\/uploads\/2021\/06\/d1bfac_4949111ad3a542588291ff3ea2fc87f7~mv2.jpg","datePublished":"2021-03-26T10:13:11+00:00","dateModified":"2021-06-08T12:28:59+00:00","description":"Kultur sehen und H\u00f6ren","breadcrumb":{"@id":"https:\/\/kulturonline.tv\/de\/foerderprogramm-kultursommer-2021-aus\/#breadcrumb"},"inLanguage":"de","potentialAction":[{"@type":"ReadAction","target":["https:\/\/kulturonline.tv\/de\/foerderprogramm-kultursommer-2021-aus\/"]}]},{"@type":"ImageObject","inLanguage":"de","@id":"https:\/\/kulturonline.tv\/de\/foerderprogramm-kultursommer-2021-aus\/#primaryimage","url":"https:\/\/kulturonline.tv\/wp-content\/uploads\/2021\/06\/d1bfac_4949111ad3a542588291ff3ea2fc87f7~mv2.jpg","contentUrl":"https:\/\/kulturonline.tv\/wp-content\/uploads\/2021\/06\/d1bfac_4949111ad3a542588291ff3ea2fc87f7~mv2.jpg","width":1280,"height":853},{"@type":"BreadcrumbList","@id":"https:\/\/kulturonline.tv\/de\/foerderprogramm-kultursommer-2021-aus\/#breadcrumb","itemListElement":[{"@type":"ListItem","position":1,"name":"Startseite","item":"https:\/\/kulturonline.tv\/de\/"},{"@type":"ListItem","position":2,"name":"F\u00f6rderprogramm Kultursommer 2021 aus"}]},{"@type":"WebSite","@id":"https:\/\/kulturonline.tv\/de\/#website","url":"https:\/\/kulturonline.tv\/de\/","name":"Kultur Online TV &amp; FM","description":"Wir sind Kultur 2.0 zum sehen &amp; h\u00f6ren","publisher":{"@id":"https:\/\/kulturonline.tv\/de\/#organization"},"potentialAction":[{"@type":"SearchAction","target":{"@type":"EntryPoint","urlTemplate":"https:\/\/kulturonline.tv\/de\/?s={search_term_string}"},"query-input":{"@type":"PropertyValueSpecification","valueRequired":true,"valueName":"search_term_string"}}],"inLanguage":"de"},{"@type":"Organization","@id":"https:\/\/kulturonline.tv\/de\/#organization","name":"Kultur Online TV","url":"https:\/\/kulturonline.tv\/de\/","logo":{"@type":"ImageObject","inLanguage":"de","@id":"https:\/\/kulturonline.tv\/de\/#\/schema\/logo\/image\/","url":"https:\/\/kulturonline.tv\/wp-content\/uploads\/2021\/08\/Kultur-Online-Tv-Logo-Endversion-neu.png","contentUrl":"https:\/\/kulturonline.tv\/wp-content\/uploads\/2021\/08\/Kultur-Online-Tv-Logo-Endversion-neu.png","width":200,"height":200,"caption":"Kultur Online TV"},"image":{"@id":"https:\/\/kulturonline.tv\/de\/#\/schema\/logo\/image\/"},"sameAs":["https:\/\/www.facebook.com\/kulturonline.tv","https:\/\/www.instagram.com\/kulturonline.tv"]},{"@type":"Person","@id":"https:\/\/kulturonline.tv\/de\/#\/schema\/person\/a1ae2833a59ac52fb9a01a676de7b600","name":"stefanrehbein","sameAs":["http:\/\/kulturonline.tv"]}]}},"_links":{"self":[{"href":"https:\/\/kulturonline.tv\/de\/wp-json\/wp\/v2\/posts\/2128","targetHints":{"allow":["GET"]}}],"collection":[{"href":"https:\/\/kulturonline.tv\/de\/wp-json\/wp\/v2\/posts"}],"about":[{"href":"https:\/\/kulturonline.tv\/de\/wp-json\/wp\/v2\/types\/post"}],"author":[{"embeddable":true,"href":"https:\/\/kulturonline.tv\/de\/wp-json\/wp\/v2\/users\/1"}],"replies":[{"embeddable":true,"href":"https:\/\/kulturonline.tv\/de\/wp-json\/wp\/v2\/comments?post=2128"}],"version-history":[{"count":0,"href":"https:\/\/kulturonline.tv\/de\/wp-json\/wp\/v2\/posts\/2128\/revisions"}],"wp:featuredmedia":[{"embeddable":true,"href":"https:\/\/kulturonline.tv\/de\/wp-json\/wp\/v2\/media\/593"}],"wp:attachment":[{"href":"https:\/\/kulturonline.tv\/de\/wp-json\/wp\/v2\/media?parent=2128"}],"wp:term":[{"taxonomy":"category","embeddable":true,"href":"https:\/\/kulturonline.tv\/de\/wp-json\/wp\/v2\/categories?post=2128"},{"taxonomy":"post_tag","embeddable":true,"href":"https:\/\/kulturonline.tv\/de\/wp-json\/wp\/v2\/tags?post=2128"}],"curies":[{"name":"wp","href":"https:\/\/api.w.org\/{rel}","templated":true}]}}