{"id":2129,"date":"2021-03-26T10:39:22","date_gmt":"2021-03-26T09:39:22","guid":{"rendered":"http:\/\/kulturonline.tv\/uncategorized\/van-gogh-gemaelde-in-paris-zu-rekordpreis-versteigert"},"modified":"2021-06-08T14:28:59","modified_gmt":"2021-06-08T12:28:59","slug":"van-gogh-gemaelde-in-paris-zu-rekordpreis-versteigert","status":"publish","type":"post","link":"https:\/\/kulturonline.tv\/de\/van-gogh-gemaelde-in-paris-zu-rekordpreis-versteigert\/","title":{"rendered":"Van Gogh-Gem\u00e4lde in Paris zu Rekordpreis versteigert"},"content":{"rendered":"<p>Ein Werk aus der Pariser Zeit des niederl\u00e4ndischen Malers Vincent van Gogh hat f\u00fcr einen Rekordpreis von mehr als 13 Millionen Euro den Besitzer gewechselt.<\/p>\n<p>Ein Werk aus der Pariser Zeit des niederl\u00e4ndischen Malers Vincent van Gogh hat f\u00fcr einen Rekordpreis von mehr als 13 Millionen Euro den Besitzer gewechselt.<\/p>\n<p><img decoding=\"async\" aria-hidden=\"true\" data-pin-url=\"https:\/\/www.kulturonline.tv\/post\/van-gogh-gem\u00e4lde-in-paris-zu-rekordpreis-versteigert\" data-pin-media=\"https:\/\/static.wixstatic.com\/media\/d1bfac_496cc561568b41ac9039dec78b8052d6~mv2.jpg\/v1\/fit\/w_1000{3856b621f8f9b12a9d7e530f990c7d312d5849aa5fb15fbaec4658ad8a578492}2Ch_723{3856b621f8f9b12a9d7e530f990c7d312d5849aa5fb15fbaec4658ad8a578492}2Cal_c{3856b621f8f9b12a9d7e530f990c7d312d5849aa5fb15fbaec4658ad8a578492}2Cq_80\/file.jpg\" class=\"_5JW6l _2ERz3\" src=\"http:\/\/kulturonline.tv\/wp-content\/uploads\/2021\/06\/48_file.jpg\"><\/p>\n<p>Es handelt sich um das 1887 entstandene Gem\u00e4lde \u201eSc\u00e8ne de rue \u00e0 Montmartre\u201c. Am Donnerstag wurde es in Paris versteigert. Das Bild geh\u00f6rte gut 100 Jahre lang einer franz\u00f6sischen Familie. Laut dem Auktionshaus Sotheby&#8217;s befinden sich nur sehr wenige Werke, die van Gogh in Montmartre schuf, in Privatbesitz. Die meisten Gem\u00e4lde, die er dort malte, w\u00fcrden heute in internationalen Museen ausgestellt.<\/p>\n<p>Es handelt sich um das 1887 entstandene Gem\u00e4lde \u201eSc\u00e8ne de rue \u00e0 Montmartre\u201c. Am Donnerstag wurde es in Paris versteigert. Das Bild geh\u00f6rte gut 100 Jahre lang einer franz\u00f6sischen Familie. Laut dem Auktionshaus Sotheby&#8217;s befinden sich nur sehr wenige Werke, die van Gogh in Montmartre schuf, in Privatbesitz. Die meisten Gem\u00e4lde, die er dort malte, w\u00fcrden heute in internationalen Museen ausgestellt.<\/p>\n<p>Kultur Online TV<\/p>\n","protected":false},"excerpt":{"rendered":"<p>Ein Werk aus der Pariser Zeit des niederl\u00e4ndischen Malers Vincent van Gogh hat f\u00fcr einen Rekordpreis von mehr als 13 Millionen Euro den Besitzer gewechselt. Ein Werk aus der Pariser Zeit des niederl\u00e4ndischen Malers Vincent van Gogh hat f\u00fcr einen Rekordpreis von mehr als 13 Millionen Euro den Besitzer gewechselt. Es handelt sich um das [&hellip;]<\/p>\n","protected":false},"author":1,"featured_media":595,"comment_status":"closed","ping_status":"closed","sticky":false,"template":"","format":"standard","meta":{"_acf_changed":false,"footnotes":""},"categories":[3,1],"tags":[],"class_list":["post-2129","post","type-post","status-publish","format-standard","has-post-thumbnail","hentry","category-newsflash","category-unkategorisiert"],"acf":[],"yoast_head":"<!-- This site is optimized with the Yoast SEO plugin v26.1.1 - https:\/\/yoast.com\/wordpress\/plugins\/seo\/ -->\n<title>Van Gogh-Gem\u00e4lde in Paris zu Rekordpreis versteigert - Kultur Online TV &amp; FM<\/title>\n<meta name=\"description\" content=\"Kultur sehen und H\u00f6ren\" \/>\n<meta name=\"robots\" content=\"index, follow, max-snippet:-1, max-image-preview:large, max-video-preview:-1\" \/>\n<link rel=\"canonical\" href=\"https:\/\/kulturonline.tv\/de\/van-gogh-gemaelde-in-paris-zu-rekordpreis-versteigert\/\" \/>\n<meta property=\"og:locale\" content=\"de_DE\" \/>\n<meta property=\"og:type\" content=\"article\" \/>\n<meta property=\"og:title\" content=\"Van Gogh-Gem\u00e4lde in Paris zu Rekordpreis versteigert - Kultur Online TV &amp; FM\" \/>\n<meta property=\"og:description\" content=\"Kultur sehen und H\u00f6ren\" \/>\n<meta property=\"og:url\" content=\"https:\/\/kulturonline.tv\/de\/van-gogh-gemaelde-in-paris-zu-rekordpreis-versteigert\/\" \/>\n<meta property=\"og:site_name\" content=\"Kultur Online TV &amp; FM\" \/>\n<meta property=\"article:publisher\" content=\"https:\/\/www.facebook.com\/kulturonline.tv\" \/>\n<meta property=\"article:published_time\" content=\"2021-03-26T09:39:22+00:00\" \/>\n<meta property=\"article:modified_time\" content=\"2021-06-08T12:28:59+00:00\" \/>\n<meta property=\"og:image\" content=\"https:\/\/kulturonline.tv\/wp-content\/uploads\/2021\/06\/d1bfac_496cc561568b41ac9039dec78b8052d6~mv2.jpg\" \/>\n\t<meta property=\"og:image:width\" content=\"1280\" \/>\n\t<meta property=\"og:image:height\" content=\"723\" \/>\n\t<meta property=\"og:image:type\" content=\"image\/jpeg\" \/>\n<meta name=\"author\" content=\"stefanrehbein\" \/>\n<meta name=\"twitter:card\" content=\"summary_large_image\" \/>\n<meta name=\"twitter:label1\" content=\"Verfasst von\" \/>\n\t<meta name=\"twitter:data1\" content=\"stefanrehbein\" \/>\n\t<meta name=\"twitter:label2\" content=\"Gesch\u00e4tzte Lesezeit\" \/>\n\t<meta name=\"twitter:data2\" content=\"1\u00a0Minute\" \/>\n<script type=\"application\/ld+json\" class=\"yoast-schema-graph\">{\"@context\":\"https:\/\/schema.org\",\"@graph\":[{\"@type\":\"Article\",\"@id\":\"https:\/\/kulturonline.tv\/de\/van-gogh-gemaelde-in-paris-zu-rekordpreis-versteigert\/#article\",\"isPartOf\":{\"@id\":\"https:\/\/kulturonline.tv\/de\/van-gogh-gemaelde-in-paris-zu-rekordpreis-versteigert\/\"},\"author\":{\"name\":\"stefanrehbein\",\"@id\":\"https:\/\/kulturonline.tv\/de\/#\/schema\/person\/a1ae2833a59ac52fb9a01a676de7b600\"},\"headline\":\"Van Gogh-Gem\u00e4lde in Paris zu Rekordpreis versteigert\",\"datePublished\":\"2021-03-26T09:39:22+00:00\",\"dateModified\":\"2021-06-08T12:28:59+00:00\",\"mainEntityOfPage\":{\"@id\":\"https:\/\/kulturonline.tv\/de\/van-gogh-gemaelde-in-paris-zu-rekordpreis-versteigert\/\"},\"wordCount\":193,\"publisher\":{\"@id\":\"https:\/\/kulturonline.tv\/de\/#organization\"},\"image\":{\"@id\":\"https:\/\/kulturonline.tv\/de\/van-gogh-gemaelde-in-paris-zu-rekordpreis-versteigert\/#primaryimage\"},\"thumbnailUrl\":\"https:\/\/kulturonline.tv\/wp-content\/uploads\/2021\/06\/d1bfac_496cc561568b41ac9039dec78b8052d6~mv2.jpg\",\"articleSection\":[\"Newsflash\",\"Unkategorisiert\"],\"inLanguage\":\"de\"},{\"@type\":\"WebPage\",\"@id\":\"https:\/\/kulturonline.tv\/de\/van-gogh-gemaelde-in-paris-zu-rekordpreis-versteigert\/\",\"url\":\"https:\/\/kulturonline.tv\/de\/van-gogh-gemaelde-in-paris-zu-rekordpreis-versteigert\/\",\"name\":\"Van Gogh-Gem\u00e4lde in Paris zu Rekordpreis versteigert - Kultur Online TV &amp; FM\",\"isPartOf\":{\"@id\":\"https:\/\/kulturonline.tv\/de\/#website\"},\"primaryImageOfPage\":{\"@id\":\"https:\/\/kulturonline.tv\/de\/van-gogh-gemaelde-in-paris-zu-rekordpreis-versteigert\/#primaryimage\"},\"image\":{\"@id\":\"https:\/\/kulturonline.tv\/de\/van-gogh-gemaelde-in-paris-zu-rekordpreis-versteigert\/#primaryimage\"},\"thumbnailUrl\":\"https:\/\/kulturonline.tv\/wp-content\/uploads\/2021\/06\/d1bfac_496cc561568b41ac9039dec78b8052d6~mv2.jpg\",\"datePublished\":\"2021-03-26T09:39:22+00:00\",\"dateModified\":\"2021-06-08T12:28:59+00:00\",\"description\":\"Kultur sehen und H\u00f6ren\",\"breadcrumb\":{\"@id\":\"https:\/\/kulturonline.tv\/de\/van-gogh-gemaelde-in-paris-zu-rekordpreis-versteigert\/#breadcrumb\"},\"inLanguage\":\"de\",\"potentialAction\":[{\"@type\":\"ReadAction\",\"target\":[\"https:\/\/kulturonline.tv\/de\/van-gogh-gemaelde-in-paris-zu-rekordpreis-versteigert\/\"]}]},{\"@type\":\"ImageObject\",\"inLanguage\":\"de\",\"@id\":\"https:\/\/kulturonline.tv\/de\/van-gogh-gemaelde-in-paris-zu-rekordpreis-versteigert\/#primaryimage\",\"url\":\"https:\/\/kulturonline.tv\/wp-content\/uploads\/2021\/06\/d1bfac_496cc561568b41ac9039dec78b8052d6~mv2.jpg\",\"contentUrl\":\"https:\/\/kulturonline.tv\/wp-content\/uploads\/2021\/06\/d1bfac_496cc561568b41ac9039dec78b8052d6~mv2.jpg\",\"width\":1280,\"height\":723},{\"@type\":\"BreadcrumbList\",\"@id\":\"https:\/\/kulturonline.tv\/de\/van-gogh-gemaelde-in-paris-zu-rekordpreis-versteigert\/#breadcrumb\",\"itemListElement\":[{\"@type\":\"ListItem\",\"position\":1,\"name\":\"Startseite\",\"item\":\"https:\/\/kulturonline.tv\/de\/\"},{\"@type\":\"ListItem\",\"position\":2,\"name\":\"Van Gogh-Gem\u00e4lde in Paris zu Rekordpreis versteigert\"}]},{\"@type\":\"WebSite\",\"@id\":\"https:\/\/kulturonline.tv\/de\/#website\",\"url\":\"https:\/\/kulturonline.tv\/de\/\",\"name\":\"Kultur Online TV &amp; FM\",\"description\":\"Wir sind Kultur 2.0 zum sehen &amp; h\u00f6ren\",\"publisher\":{\"@id\":\"https:\/\/kulturonline.tv\/de\/#organization\"},\"potentialAction\":[{\"@type\":\"SearchAction\",\"target\":{\"@type\":\"EntryPoint\",\"urlTemplate\":\"https:\/\/kulturonline.tv\/de\/?s={search_term_string}\"},\"query-input\":{\"@type\":\"PropertyValueSpecification\",\"valueRequired\":true,\"valueName\":\"search_term_string\"}}],\"inLanguage\":\"de\"},{\"@type\":\"Organization\",\"@id\":\"https:\/\/kulturonline.tv\/de\/#organization\",\"name\":\"Kultur Online TV\",\"url\":\"https:\/\/kulturonline.tv\/de\/\",\"logo\":{\"@type\":\"ImageObject\",\"inLanguage\":\"de\",\"@id\":\"https:\/\/kulturonline.tv\/de\/#\/schema\/logo\/image\/\",\"url\":\"https:\/\/kulturonline.tv\/wp-content\/uploads\/2021\/08\/Kultur-Online-Tv-Logo-Endversion-neu.png\",\"contentUrl\":\"https:\/\/kulturonline.tv\/wp-content\/uploads\/2021\/08\/Kultur-Online-Tv-Logo-Endversion-neu.png\",\"width\":200,\"height\":200,\"caption\":\"Kultur Online TV\"},\"image\":{\"@id\":\"https:\/\/kulturonline.tv\/de\/#\/schema\/logo\/image\/\"},\"sameAs\":[\"https:\/\/www.facebook.com\/kulturonline.tv\",\"https:\/\/www.instagram.com\/kulturonline.tv\"]},{\"@type\":\"Person\",\"@id\":\"https:\/\/kulturonline.tv\/de\/#\/schema\/person\/a1ae2833a59ac52fb9a01a676de7b600\",\"name\":\"stefanrehbein\",\"sameAs\":[\"http:\/\/kulturonline.tv\"]}]}<\/script>\n<!-- \/ Yoast SEO plugin. -->","yoast_head_json":{"title":"Van Gogh-Gem\u00e4lde in Paris zu Rekordpreis versteigert - Kultur Online TV &amp; FM","description":"Kultur sehen und H\u00f6ren","robots":{"index":"index","follow":"follow","max-snippet":"max-snippet:-1","max-image-preview":"max-image-preview:large","max-video-preview":"max-video-preview:-1"},"canonical":"https:\/\/kulturonline.tv\/de\/van-gogh-gemaelde-in-paris-zu-rekordpreis-versteigert\/","og_locale":"de_DE","og_type":"article","og_title":"Van Gogh-Gem\u00e4lde in Paris zu Rekordpreis versteigert - Kultur Online TV &amp; FM","og_description":"Kultur sehen und H\u00f6ren","og_url":"https:\/\/kulturonline.tv\/de\/van-gogh-gemaelde-in-paris-zu-rekordpreis-versteigert\/","og_site_name":"Kultur Online TV &amp; FM","article_publisher":"https:\/\/www.facebook.com\/kulturonline.tv","article_published_time":"2021-03-26T09:39:22+00:00","article_modified_time":"2021-06-08T12:28:59+00:00","og_image":[{"width":1280,"height":723,"url":"https:\/\/kulturonline.tv\/wp-content\/uploads\/2021\/06\/d1bfac_496cc561568b41ac9039dec78b8052d6~mv2.jpg","type":"image\/jpeg"}],"author":"stefanrehbein","twitter_card":"summary_large_image","twitter_misc":{"Verfasst von":"stefanrehbein","Gesch\u00e4tzte Lesezeit":"1\u00a0Minute"},"schema":{"@context":"https:\/\/schema.org","@graph":[{"@type":"Article","@id":"https:\/\/kulturonline.tv\/de\/van-gogh-gemaelde-in-paris-zu-rekordpreis-versteigert\/#article","isPartOf":{"@id":"https:\/\/kulturonline.tv\/de\/van-gogh-gemaelde-in-paris-zu-rekordpreis-versteigert\/"},"author":{"name":"stefanrehbein","@id":"https:\/\/kulturonline.tv\/de\/#\/schema\/person\/a1ae2833a59ac52fb9a01a676de7b600"},"headline":"Van Gogh-Gem\u00e4lde in Paris zu Rekordpreis versteigert","datePublished":"2021-03-26T09:39:22+00:00","dateModified":"2021-06-08T12:28:59+00:00","mainEntityOfPage":{"@id":"https:\/\/kulturonline.tv\/de\/van-gogh-gemaelde-in-paris-zu-rekordpreis-versteigert\/"},"wordCount":193,"publisher":{"@id":"https:\/\/kulturonline.tv\/de\/#organization"},"image":{"@id":"https:\/\/kulturonline.tv\/de\/van-gogh-gemaelde-in-paris-zu-rekordpreis-versteigert\/#primaryimage"},"thumbnailUrl":"https:\/\/kulturonline.tv\/wp-content\/uploads\/2021\/06\/d1bfac_496cc561568b41ac9039dec78b8052d6~mv2.jpg","articleSection":["Newsflash","Unkategorisiert"],"inLanguage":"de"},{"@type":"WebPage","@id":"https:\/\/kulturonline.tv\/de\/van-gogh-gemaelde-in-paris-zu-rekordpreis-versteigert\/","url":"https:\/\/kulturonline.tv\/de\/van-gogh-gemaelde-in-paris-zu-rekordpreis-versteigert\/","name":"Van Gogh-Gem\u00e4lde in Paris zu Rekordpreis versteigert - Kultur Online TV &amp; FM","isPartOf":{"@id":"https:\/\/kulturonline.tv\/de\/#website"},"primaryImageOfPage":{"@id":"https:\/\/kulturonline.tv\/de\/van-gogh-gemaelde-in-paris-zu-rekordpreis-versteigert\/#primaryimage"},"image":{"@id":"https:\/\/kulturonline.tv\/de\/van-gogh-gemaelde-in-paris-zu-rekordpreis-versteigert\/#primaryimage"},"thumbnailUrl":"https:\/\/kulturonline.tv\/wp-content\/uploads\/2021\/06\/d1bfac_496cc561568b41ac9039dec78b8052d6~mv2.jpg","datePublished":"2021-03-26T09:39:22+00:00","dateModified":"2021-06-08T12:28:59+00:00","description":"Kultur sehen und H\u00f6ren","breadcrumb":{"@id":"https:\/\/kulturonline.tv\/de\/van-gogh-gemaelde-in-paris-zu-rekordpreis-versteigert\/#breadcrumb"},"inLanguage":"de","potentialAction":[{"@type":"ReadAction","target":["https:\/\/kulturonline.tv\/de\/van-gogh-gemaelde-in-paris-zu-rekordpreis-versteigert\/"]}]},{"@type":"ImageObject","inLanguage":"de","@id":"https:\/\/kulturonline.tv\/de\/van-gogh-gemaelde-in-paris-zu-rekordpreis-versteigert\/#primaryimage","url":"https:\/\/kulturonline.tv\/wp-content\/uploads\/2021\/06\/d1bfac_496cc561568b41ac9039dec78b8052d6~mv2.jpg","contentUrl":"https:\/\/kulturonline.tv\/wp-content\/uploads\/2021\/06\/d1bfac_496cc561568b41ac9039dec78b8052d6~mv2.jpg","width":1280,"height":723},{"@type":"BreadcrumbList","@id":"https:\/\/kulturonline.tv\/de\/van-gogh-gemaelde-in-paris-zu-rekordpreis-versteigert\/#breadcrumb","itemListElement":[{"@type":"ListItem","position":1,"name":"Startseite","item":"https:\/\/kulturonline.tv\/de\/"},{"@type":"ListItem","position":2,"name":"Van Gogh-Gem\u00e4lde in Paris zu Rekordpreis versteigert"}]},{"@type":"WebSite","@id":"https:\/\/kulturonline.tv\/de\/#website","url":"https:\/\/kulturonline.tv\/de\/","name":"Kultur Online TV &amp; FM","description":"Wir sind Kultur 2.0 zum sehen &amp; h\u00f6ren","publisher":{"@id":"https:\/\/kulturonline.tv\/de\/#organization"},"potentialAction":[{"@type":"SearchAction","target":{"@type":"EntryPoint","urlTemplate":"https:\/\/kulturonline.tv\/de\/?s={search_term_string}"},"query-input":{"@type":"PropertyValueSpecification","valueRequired":true,"valueName":"search_term_string"}}],"inLanguage":"de"},{"@type":"Organization","@id":"https:\/\/kulturonline.tv\/de\/#organization","name":"Kultur Online TV","url":"https:\/\/kulturonline.tv\/de\/","logo":{"@type":"ImageObject","inLanguage":"de","@id":"https:\/\/kulturonline.tv\/de\/#\/schema\/logo\/image\/","url":"https:\/\/kulturonline.tv\/wp-content\/uploads\/2021\/08\/Kultur-Online-Tv-Logo-Endversion-neu.png","contentUrl":"https:\/\/kulturonline.tv\/wp-content\/uploads\/2021\/08\/Kultur-Online-Tv-Logo-Endversion-neu.png","width":200,"height":200,"caption":"Kultur Online TV"},"image":{"@id":"https:\/\/kulturonline.tv\/de\/#\/schema\/logo\/image\/"},"sameAs":["https:\/\/www.facebook.com\/kulturonline.tv","https:\/\/www.instagram.com\/kulturonline.tv"]},{"@type":"Person","@id":"https:\/\/kulturonline.tv\/de\/#\/schema\/person\/a1ae2833a59ac52fb9a01a676de7b600","name":"stefanrehbein","sameAs":["http:\/\/kulturonline.tv"]}]}},"_links":{"self":[{"href":"https:\/\/kulturonline.tv\/de\/wp-json\/wp\/v2\/posts\/2129","targetHints":{"allow":["GET"]}}],"collection":[{"href":"https:\/\/kulturonline.tv\/de\/wp-json\/wp\/v2\/posts"}],"about":[{"href":"https:\/\/kulturonline.tv\/de\/wp-json\/wp\/v2\/types\/post"}],"author":[{"embeddable":true,"href":"https:\/\/kulturonline.tv\/de\/wp-json\/wp\/v2\/users\/1"}],"replies":[{"embeddable":true,"href":"https:\/\/kulturonline.tv\/de\/wp-json\/wp\/v2\/comments?post=2129"}],"version-history":[{"count":0,"href":"https:\/\/kulturonline.tv\/de\/wp-json\/wp\/v2\/posts\/2129\/revisions"}],"wp:featuredmedia":[{"embeddable":true,"href":"https:\/\/kulturonline.tv\/de\/wp-json\/wp\/v2\/media\/595"}],"wp:attachment":[{"href":"https:\/\/kulturonline.tv\/de\/wp-json\/wp\/v2\/media?parent=2129"}],"wp:term":[{"taxonomy":"category","embeddable":true,"href":"https:\/\/kulturonline.tv\/de\/wp-json\/wp\/v2\/categories?post=2129"},{"taxonomy":"post_tag","embeddable":true,"href":"https:\/\/kulturonline.tv\/de\/wp-json\/wp\/v2\/tags?post=2129"}],"curies":[{"name":"wp","href":"https:\/\/api.w.org\/{rel}","templated":true}]}}