{"id":21421,"date":"2022-01-28T07:13:12","date_gmt":"2022-01-28T06:13:12","guid":{"rendered":"https:\/\/kulturonline.tv\/?p=21421"},"modified":"2022-01-28T07:13:14","modified_gmt":"2022-01-28T06:13:14","slug":"autor-jan-wagner-erhaelt-ehrendoktorwuerde-der-uni-bielefeld","status":"publish","type":"post","link":"https:\/\/kulturonline.tv\/de\/autor-jan-wagner-erhaelt-ehrendoktorwuerde-der-uni-bielefeld\/","title":{"rendered":"Autor Jan Wagner erh\u00e4lt Ehrendoktorw\u00fcrde der Uni Bielefeld"},"content":{"rendered":"\n<p>Der Berliner Autor, \u00dcbersetzer und Essayist Jan Wagner hat die Ehrendoktorw\u00fcrde der Universit\u00e4t Bielefeld erhalten.<\/p>\n\n\n\n<figure class=\"wp-block-image size-full is-resized\"><img fetchpriority=\"high\" decoding=\"async\" src=\"https:\/\/kulturonline.tv\/wp-content\/uploads\/2022\/01\/wagner.jpg\" alt=\"\" class=\"wp-image-21423\" width=\"840\" height=\"473\" srcset=\"https:\/\/kulturonline.tv\/wp-content\/uploads\/2022\/01\/wagner.jpg 704w, https:\/\/kulturonline.tv\/wp-content\/uploads\/2022\/01\/wagner-600x338.jpg 600w\" sizes=\"(max-width: 840px) 100vw, 840px\" \/><\/figure>\n\n\n\n<p>Wie die Hochschule am Donnerstag mitteilte, wurde der Ehrendoktortitel Wagner am Mittwoch von der Fakult\u00e4t f\u00fcr Linguistik und Literaturwissenschaft verliehen. In der Laudatio sagte der Bielefelder Literaturwissenschaftler Wolfgang Braungart, Wagner geh\u00f6re zu den bedeutendsten deutschsprachigen Autoren der Gegenwart.<\/p>\n\n\n\n<p>F\u00fcr Wagner selbst ist es die erste Ehrendoktorw\u00fcrde. Im Jahr 2017 wurde der geb\u00fcrtige Hamburger bereits mit dem Georg-B\u00fcchner-Preis ausgezeichnet.<\/p>\n\n\n\n<p>Kultur Online TV<\/p>\n\n\n\n<p>#kunst #kultur #news <\/p>\n","protected":false},"excerpt":{"rendered":"<p>Der Berliner Autor, \u00dcbersetzer und Essayist Jan Wagner hat die Ehrendoktorw\u00fcrde der Universit\u00e4t Bielefeld erhalten. Wie die Hochschule am Donnerstag mitteilte, wurde der Ehrendoktortitel Wagner am Mittwoch von der Fakult\u00e4t f\u00fcr Linguistik und Literaturwissenschaft verliehen. In der Laudatio sagte der Bielefelder Literaturwissenschaftler Wolfgang Braungart, Wagner geh\u00f6re zu den bedeutendsten deutschsprachigen Autoren der Gegenwart. F\u00fcr Wagner [&hellip;]<\/p>\n","protected":false},"author":2,"featured_media":21423,"comment_status":"closed","ping_status":"closed","sticky":false,"template":"","format":"standard","meta":{"_acf_changed":false,"footnotes":""},"categories":[106],"tags":[],"class_list":["post-21421","post","type-post","status-publish","format-standard","has-post-thumbnail","hentry","category-literatur"],"acf":[],"yoast_head":"<!-- This site is optimized with the Yoast SEO plugin v26.1.1 - https:\/\/yoast.com\/wordpress\/plugins\/seo\/ -->\n<title>Autor Jan Wagner erh\u00e4lt Ehrendoktorw\u00fcrde der Uni Bielefeld - Kultur Online TV &amp; FM<\/title>\n<meta name=\"description\" content=\"Kultur sehen und H\u00f6ren\" \/>\n<meta name=\"robots\" content=\"index, follow, max-snippet:-1, max-image-preview:large, max-video-preview:-1\" \/>\n<link rel=\"canonical\" href=\"https:\/\/kulturonline.tv\/de\/autor-jan-wagner-erhaelt-ehrendoktorwuerde-der-uni-bielefeld\/\" \/>\n<meta property=\"og:locale\" content=\"de_DE\" \/>\n<meta property=\"og:type\" content=\"article\" \/>\n<meta property=\"og:title\" content=\"Autor Jan Wagner erh\u00e4lt Ehrendoktorw\u00fcrde der Uni Bielefeld - Kultur Online TV &amp; FM\" \/>\n<meta property=\"og:description\" content=\"Kultur sehen und H\u00f6ren\" \/>\n<meta property=\"og:url\" content=\"https:\/\/kulturonline.tv\/de\/autor-jan-wagner-erhaelt-ehrendoktorwuerde-der-uni-bielefeld\/\" \/>\n<meta property=\"og:site_name\" content=\"Kultur Online TV &amp; FM\" \/>\n<meta property=\"article:publisher\" content=\"https:\/\/www.facebook.com\/kulturonline.tv\" \/>\n<meta property=\"article:published_time\" content=\"2022-01-28T06:13:12+00:00\" \/>\n<meta property=\"article:modified_time\" content=\"2022-01-28T06:13:14+00:00\" \/>\n<meta property=\"og:image\" content=\"https:\/\/kulturonline.tv\/wp-content\/uploads\/2022\/01\/wagner.jpg\" \/>\n\t<meta property=\"og:image:width\" content=\"704\" \/>\n\t<meta property=\"og:image:height\" content=\"396\" \/>\n\t<meta property=\"og:image:type\" content=\"image\/jpeg\" \/>\n<meta name=\"author\" content=\"guenter.wolfgang\" \/>\n<meta name=\"twitter:card\" content=\"summary_large_image\" \/>\n<meta name=\"twitter:label1\" content=\"Verfasst von\" \/>\n\t<meta name=\"twitter:data1\" content=\"guenter.wolfgang\" \/>\n\t<meta name=\"twitter:label2\" content=\"Gesch\u00e4tzte Lesezeit\" \/>\n\t<meta name=\"twitter:data2\" content=\"1\u00a0Minute\" \/>\n<script type=\"application\/ld+json\" class=\"yoast-schema-graph\">{\"@context\":\"https:\/\/schema.org\",\"@graph\":[{\"@type\":\"Article\",\"@id\":\"https:\/\/kulturonline.tv\/de\/autor-jan-wagner-erhaelt-ehrendoktorwuerde-der-uni-bielefeld\/#article\",\"isPartOf\":{\"@id\":\"https:\/\/kulturonline.tv\/de\/autor-jan-wagner-erhaelt-ehrendoktorwuerde-der-uni-bielefeld\/\"},\"author\":{\"name\":\"guenter.wolfgang\",\"@id\":\"https:\/\/kulturonline.tv\/de\/#\/schema\/person\/b0fac729bb9a0c193fb1df23449df4fe\"},\"headline\":\"Autor Jan Wagner erh\u00e4lt Ehrendoktorw\u00fcrde der Uni Bielefeld\",\"datePublished\":\"2022-01-28T06:13:12+00:00\",\"dateModified\":\"2022-01-28T06:13:14+00:00\",\"mainEntityOfPage\":{\"@id\":\"https:\/\/kulturonline.tv\/de\/autor-jan-wagner-erhaelt-ehrendoktorwuerde-der-uni-bielefeld\/\"},\"wordCount\":97,\"publisher\":{\"@id\":\"https:\/\/kulturonline.tv\/de\/#organization\"},\"image\":{\"@id\":\"https:\/\/kulturonline.tv\/de\/autor-jan-wagner-erhaelt-ehrendoktorwuerde-der-uni-bielefeld\/#primaryimage\"},\"thumbnailUrl\":\"https:\/\/kulturonline.tv\/wp-content\/uploads\/2022\/01\/wagner.jpg\",\"articleSection\":[\"Literatur\"],\"inLanguage\":\"de\"},{\"@type\":\"WebPage\",\"@id\":\"https:\/\/kulturonline.tv\/de\/autor-jan-wagner-erhaelt-ehrendoktorwuerde-der-uni-bielefeld\/\",\"url\":\"https:\/\/kulturonline.tv\/de\/autor-jan-wagner-erhaelt-ehrendoktorwuerde-der-uni-bielefeld\/\",\"name\":\"Autor Jan Wagner erh\u00e4lt Ehrendoktorw\u00fcrde der Uni Bielefeld - Kultur Online TV &amp; FM\",\"isPartOf\":{\"@id\":\"https:\/\/kulturonline.tv\/de\/#website\"},\"primaryImageOfPage\":{\"@id\":\"https:\/\/kulturonline.tv\/de\/autor-jan-wagner-erhaelt-ehrendoktorwuerde-der-uni-bielefeld\/#primaryimage\"},\"image\":{\"@id\":\"https:\/\/kulturonline.tv\/de\/autor-jan-wagner-erhaelt-ehrendoktorwuerde-der-uni-bielefeld\/#primaryimage\"},\"thumbnailUrl\":\"https:\/\/kulturonline.tv\/wp-content\/uploads\/2022\/01\/wagner.jpg\",\"datePublished\":\"2022-01-28T06:13:12+00:00\",\"dateModified\":\"2022-01-28T06:13:14+00:00\",\"description\":\"Kultur sehen und H\u00f6ren\",\"breadcrumb\":{\"@id\":\"https:\/\/kulturonline.tv\/de\/autor-jan-wagner-erhaelt-ehrendoktorwuerde-der-uni-bielefeld\/#breadcrumb\"},\"inLanguage\":\"de\",\"potentialAction\":[{\"@type\":\"ReadAction\",\"target\":[\"https:\/\/kulturonline.tv\/de\/autor-jan-wagner-erhaelt-ehrendoktorwuerde-der-uni-bielefeld\/\"]}]},{\"@type\":\"ImageObject\",\"inLanguage\":\"de\",\"@id\":\"https:\/\/kulturonline.tv\/de\/autor-jan-wagner-erhaelt-ehrendoktorwuerde-der-uni-bielefeld\/#primaryimage\",\"url\":\"https:\/\/kulturonline.tv\/wp-content\/uploads\/2022\/01\/wagner.jpg\",\"contentUrl\":\"https:\/\/kulturonline.tv\/wp-content\/uploads\/2022\/01\/wagner.jpg\",\"width\":704,\"height\":396},{\"@type\":\"BreadcrumbList\",\"@id\":\"https:\/\/kulturonline.tv\/de\/autor-jan-wagner-erhaelt-ehrendoktorwuerde-der-uni-bielefeld\/#breadcrumb\",\"itemListElement\":[{\"@type\":\"ListItem\",\"position\":1,\"name\":\"Startseite\",\"item\":\"https:\/\/kulturonline.tv\/de\/\"},{\"@type\":\"ListItem\",\"position\":2,\"name\":\"Autor Jan Wagner erh\u00e4lt Ehrendoktorw\u00fcrde der Uni Bielefeld\"}]},{\"@type\":\"WebSite\",\"@id\":\"https:\/\/kulturonline.tv\/de\/#website\",\"url\":\"https:\/\/kulturonline.tv\/de\/\",\"name\":\"Kultur Online TV &amp; FM\",\"description\":\"Wir sind Kultur 2.0 zum sehen &amp; h\u00f6ren\",\"publisher\":{\"@id\":\"https:\/\/kulturonline.tv\/de\/#organization\"},\"potentialAction\":[{\"@type\":\"SearchAction\",\"target\":{\"@type\":\"EntryPoint\",\"urlTemplate\":\"https:\/\/kulturonline.tv\/de\/?s={search_term_string}\"},\"query-input\":{\"@type\":\"PropertyValueSpecification\",\"valueRequired\":true,\"valueName\":\"search_term_string\"}}],\"inLanguage\":\"de\"},{\"@type\":\"Organization\",\"@id\":\"https:\/\/kulturonline.tv\/de\/#organization\",\"name\":\"Kultur Online TV\",\"url\":\"https:\/\/kulturonline.tv\/de\/\",\"logo\":{\"@type\":\"ImageObject\",\"inLanguage\":\"de\",\"@id\":\"https:\/\/kulturonline.tv\/de\/#\/schema\/logo\/image\/\",\"url\":\"https:\/\/kulturonline.tv\/wp-content\/uploads\/2021\/08\/Kultur-Online-Tv-Logo-Endversion-neu.png\",\"contentUrl\":\"https:\/\/kulturonline.tv\/wp-content\/uploads\/2021\/08\/Kultur-Online-Tv-Logo-Endversion-neu.png\",\"width\":200,\"height\":200,\"caption\":\"Kultur Online TV\"},\"image\":{\"@id\":\"https:\/\/kulturonline.tv\/de\/#\/schema\/logo\/image\/\"},\"sameAs\":[\"https:\/\/www.facebook.com\/kulturonline.tv\",\"https:\/\/www.instagram.com\/kulturonline.tv\"]},{\"@type\":\"Person\",\"@id\":\"https:\/\/kulturonline.tv\/de\/#\/schema\/person\/b0fac729bb9a0c193fb1df23449df4fe\",\"name\":\"guenter.wolfgang\"}]}<\/script>\n<!-- \/ Yoast SEO plugin. -->","yoast_head_json":{"title":"Autor Jan Wagner erh\u00e4lt Ehrendoktorw\u00fcrde der Uni Bielefeld - Kultur Online TV &amp; FM","description":"Kultur sehen und H\u00f6ren","robots":{"index":"index","follow":"follow","max-snippet":"max-snippet:-1","max-image-preview":"max-image-preview:large","max-video-preview":"max-video-preview:-1"},"canonical":"https:\/\/kulturonline.tv\/de\/autor-jan-wagner-erhaelt-ehrendoktorwuerde-der-uni-bielefeld\/","og_locale":"de_DE","og_type":"article","og_title":"Autor Jan Wagner erh\u00e4lt Ehrendoktorw\u00fcrde der Uni Bielefeld - Kultur Online TV &amp; FM","og_description":"Kultur sehen und H\u00f6ren","og_url":"https:\/\/kulturonline.tv\/de\/autor-jan-wagner-erhaelt-ehrendoktorwuerde-der-uni-bielefeld\/","og_site_name":"Kultur Online TV &amp; FM","article_publisher":"https:\/\/www.facebook.com\/kulturonline.tv","article_published_time":"2022-01-28T06:13:12+00:00","article_modified_time":"2022-01-28T06:13:14+00:00","og_image":[{"width":704,"height":396,"url":"https:\/\/kulturonline.tv\/wp-content\/uploads\/2022\/01\/wagner.jpg","type":"image\/jpeg"}],"author":"guenter.wolfgang","twitter_card":"summary_large_image","twitter_misc":{"Verfasst von":"guenter.wolfgang","Gesch\u00e4tzte Lesezeit":"1\u00a0Minute"},"schema":{"@context":"https:\/\/schema.org","@graph":[{"@type":"Article","@id":"https:\/\/kulturonline.tv\/de\/autor-jan-wagner-erhaelt-ehrendoktorwuerde-der-uni-bielefeld\/#article","isPartOf":{"@id":"https:\/\/kulturonline.tv\/de\/autor-jan-wagner-erhaelt-ehrendoktorwuerde-der-uni-bielefeld\/"},"author":{"name":"guenter.wolfgang","@id":"https:\/\/kulturonline.tv\/de\/#\/schema\/person\/b0fac729bb9a0c193fb1df23449df4fe"},"headline":"Autor Jan Wagner erh\u00e4lt Ehrendoktorw\u00fcrde der Uni Bielefeld","datePublished":"2022-01-28T06:13:12+00:00","dateModified":"2022-01-28T06:13:14+00:00","mainEntityOfPage":{"@id":"https:\/\/kulturonline.tv\/de\/autor-jan-wagner-erhaelt-ehrendoktorwuerde-der-uni-bielefeld\/"},"wordCount":97,"publisher":{"@id":"https:\/\/kulturonline.tv\/de\/#organization"},"image":{"@id":"https:\/\/kulturonline.tv\/de\/autor-jan-wagner-erhaelt-ehrendoktorwuerde-der-uni-bielefeld\/#primaryimage"},"thumbnailUrl":"https:\/\/kulturonline.tv\/wp-content\/uploads\/2022\/01\/wagner.jpg","articleSection":["Literatur"],"inLanguage":"de"},{"@type":"WebPage","@id":"https:\/\/kulturonline.tv\/de\/autor-jan-wagner-erhaelt-ehrendoktorwuerde-der-uni-bielefeld\/","url":"https:\/\/kulturonline.tv\/de\/autor-jan-wagner-erhaelt-ehrendoktorwuerde-der-uni-bielefeld\/","name":"Autor Jan Wagner erh\u00e4lt Ehrendoktorw\u00fcrde der Uni Bielefeld - Kultur Online TV &amp; FM","isPartOf":{"@id":"https:\/\/kulturonline.tv\/de\/#website"},"primaryImageOfPage":{"@id":"https:\/\/kulturonline.tv\/de\/autor-jan-wagner-erhaelt-ehrendoktorwuerde-der-uni-bielefeld\/#primaryimage"},"image":{"@id":"https:\/\/kulturonline.tv\/de\/autor-jan-wagner-erhaelt-ehrendoktorwuerde-der-uni-bielefeld\/#primaryimage"},"thumbnailUrl":"https:\/\/kulturonline.tv\/wp-content\/uploads\/2022\/01\/wagner.jpg","datePublished":"2022-01-28T06:13:12+00:00","dateModified":"2022-01-28T06:13:14+00:00","description":"Kultur sehen und H\u00f6ren","breadcrumb":{"@id":"https:\/\/kulturonline.tv\/de\/autor-jan-wagner-erhaelt-ehrendoktorwuerde-der-uni-bielefeld\/#breadcrumb"},"inLanguage":"de","potentialAction":[{"@type":"ReadAction","target":["https:\/\/kulturonline.tv\/de\/autor-jan-wagner-erhaelt-ehrendoktorwuerde-der-uni-bielefeld\/"]}]},{"@type":"ImageObject","inLanguage":"de","@id":"https:\/\/kulturonline.tv\/de\/autor-jan-wagner-erhaelt-ehrendoktorwuerde-der-uni-bielefeld\/#primaryimage","url":"https:\/\/kulturonline.tv\/wp-content\/uploads\/2022\/01\/wagner.jpg","contentUrl":"https:\/\/kulturonline.tv\/wp-content\/uploads\/2022\/01\/wagner.jpg","width":704,"height":396},{"@type":"BreadcrumbList","@id":"https:\/\/kulturonline.tv\/de\/autor-jan-wagner-erhaelt-ehrendoktorwuerde-der-uni-bielefeld\/#breadcrumb","itemListElement":[{"@type":"ListItem","position":1,"name":"Startseite","item":"https:\/\/kulturonline.tv\/de\/"},{"@type":"ListItem","position":2,"name":"Autor Jan Wagner erh\u00e4lt Ehrendoktorw\u00fcrde der Uni Bielefeld"}]},{"@type":"WebSite","@id":"https:\/\/kulturonline.tv\/de\/#website","url":"https:\/\/kulturonline.tv\/de\/","name":"Kultur Online TV &amp; FM","description":"Wir sind Kultur 2.0 zum sehen &amp; h\u00f6ren","publisher":{"@id":"https:\/\/kulturonline.tv\/de\/#organization"},"potentialAction":[{"@type":"SearchAction","target":{"@type":"EntryPoint","urlTemplate":"https:\/\/kulturonline.tv\/de\/?s={search_term_string}"},"query-input":{"@type":"PropertyValueSpecification","valueRequired":true,"valueName":"search_term_string"}}],"inLanguage":"de"},{"@type":"Organization","@id":"https:\/\/kulturonline.tv\/de\/#organization","name":"Kultur Online TV","url":"https:\/\/kulturonline.tv\/de\/","logo":{"@type":"ImageObject","inLanguage":"de","@id":"https:\/\/kulturonline.tv\/de\/#\/schema\/logo\/image\/","url":"https:\/\/kulturonline.tv\/wp-content\/uploads\/2021\/08\/Kultur-Online-Tv-Logo-Endversion-neu.png","contentUrl":"https:\/\/kulturonline.tv\/wp-content\/uploads\/2021\/08\/Kultur-Online-Tv-Logo-Endversion-neu.png","width":200,"height":200,"caption":"Kultur Online TV"},"image":{"@id":"https:\/\/kulturonline.tv\/de\/#\/schema\/logo\/image\/"},"sameAs":["https:\/\/www.facebook.com\/kulturonline.tv","https:\/\/www.instagram.com\/kulturonline.tv"]},{"@type":"Person","@id":"https:\/\/kulturonline.tv\/de\/#\/schema\/person\/b0fac729bb9a0c193fb1df23449df4fe","name":"guenter.wolfgang"}]}},"_links":{"self":[{"href":"https:\/\/kulturonline.tv\/de\/wp-json\/wp\/v2\/posts\/21421","targetHints":{"allow":["GET"]}}],"collection":[{"href":"https:\/\/kulturonline.tv\/de\/wp-json\/wp\/v2\/posts"}],"about":[{"href":"https:\/\/kulturonline.tv\/de\/wp-json\/wp\/v2\/types\/post"}],"author":[{"embeddable":true,"href":"https:\/\/kulturonline.tv\/de\/wp-json\/wp\/v2\/users\/2"}],"replies":[{"embeddable":true,"href":"https:\/\/kulturonline.tv\/de\/wp-json\/wp\/v2\/comments?post=21421"}],"version-history":[{"count":0,"href":"https:\/\/kulturonline.tv\/de\/wp-json\/wp\/v2\/posts\/21421\/revisions"}],"wp:featuredmedia":[{"embeddable":true,"href":"https:\/\/kulturonline.tv\/de\/wp-json\/wp\/v2\/media\/21423"}],"wp:attachment":[{"href":"https:\/\/kulturonline.tv\/de\/wp-json\/wp\/v2\/media?parent=21421"}],"wp:term":[{"taxonomy":"category","embeddable":true,"href":"https:\/\/kulturonline.tv\/de\/wp-json\/wp\/v2\/categories?post=21421"},{"taxonomy":"post_tag","embeddable":true,"href":"https:\/\/kulturonline.tv\/de\/wp-json\/wp\/v2\/tags?post=21421"}],"curies":[{"name":"wp","href":"https:\/\/api.w.org\/{rel}","templated":true}]}}