{"id":21479,"date":"2022-01-28T13:34:57","date_gmt":"2022-01-28T12:34:57","guid":{"rendered":"https:\/\/kulturonline.tv\/?p=21479"},"modified":"2022-01-29T06:15:15","modified_gmt":"2022-01-29T05:15:15","slug":"tipp-deutschland-ein-wintermaerchen-premiere-im-zeughaus-wismar","status":"publish","type":"post","link":"https:\/\/kulturonline.tv\/de\/tipp-deutschland-ein-wintermaerchen-premiere-im-zeughaus-wismar\/","title":{"rendered":"Tipp: &#8222;Deutschland ein  Winterm\u00e4rchen&#8220; Premiere im Zeughaus Wismar"},"content":{"rendered":"\n<p>Diesen Samstag, den 29.01.2022 feiert Heines &#8222;Deutschland ein Winterm\u00e4rchen&#8220; im Zeughaus in Wismar Premiere, bevor das St\u00fcck anschlie\u00dfend deutschlandweit auf Tournee gehen wird.<\/p>\n\n\n\n<figure class=\"wp-block-image size-large\"><img fetchpriority=\"high\" decoding=\"async\" width=\"1600\" height=\"900\" src=\"https:\/\/kulturonline.tv\/wp-content\/uploads\/2022\/01\/HeineSolo4-1600x900.jpg\" alt=\"\" class=\"wp-image-21481\" srcset=\"https:\/\/kulturonline.tv\/wp-content\/uploads\/2022\/01\/HeineSolo4-1600x900.jpg 1600w, https:\/\/kulturonline.tv\/wp-content\/uploads\/2022\/01\/HeineSolo4-600x338.jpg 600w, https:\/\/kulturonline.tv\/wp-content\/uploads\/2022\/01\/HeineSolo4-800x450.jpg 800w, https:\/\/kulturonline.tv\/wp-content\/uploads\/2022\/01\/HeineSolo4-768x432.jpg 768w, https:\/\/kulturonline.tv\/wp-content\/uploads\/2022\/01\/HeineSolo4-1536x864.jpg 1536w, https:\/\/kulturonline.tv\/wp-content\/uploads\/2022\/01\/HeineSolo4.jpg 1920w\" sizes=\"(max-width: 1600px) 100vw, 1600px\" \/><\/figure>\n\n\n\n<p>Das Versepos \u201eDeutschland. Ein Winterm\u00e4rchen\u201c wird von Benjamin Kernen als Einpersonenst\u00fcck aufgef\u00fchrt. Ein Mann mit einem geheimnisvollen Koffer betritt einen kargen Raum, eine Absteige wom\u00f6glich und beginnt mit der Erz\u00e4hlung seiner Reise durch Deutschland. W\u00e4hrend er erz\u00e4hlt, immer wieder unterbricht und mit dem Publikum scherzt, \u00f6ffnet er den Koffer und entdeckt dabei \u00fcberraschend neue Sichtweisen auf Deutschland und Heines Vision eines Europa.<\/p>\n\n\n\n<p>Heines Poesie der Destruktion und die radikale Sch\u00e4rfe seiner Polemik wirken bis heute \u00fcberaus provokant. Vieles, was den Deutschen lieb und teuer war \u2013 Nationalismus, Mittelalterschw\u00e4rmerei oder auch das Festhalten an \u00fcberholten Denk- und Handlungsweisen \u2013 ist Zielscheibe seiner Dichtung. Mit seinen bissig satirischen Versen zerpfl\u00fcckt er scharfsinnig deutschen Konservatismus und schreibt seine pers\u00f6nliche Hymne f\u00fcr ein tolerantes und liberaleres Europa. \u201eDeutschland. Ein Winterm\u00e4rchen\u201c ist ein \u00fcberaus aktueller Text, den man im Angesicht des Erstarkens nationalistischer Str\u00f6mungen dringend spielen und lesen sollte!<\/p>\n\n\n\n<div class=\"wp-block-media-text alignwide is-stacked-on-mobile\"><figure class=\"wp-block-media-text__media\"><img decoding=\"async\" width=\"1080\" height=\"1080\" src=\"https:\/\/kulturonline.tv\/wp-content\/uploads\/2022\/01\/Audio-Podcast-1.png\" alt=\"\" class=\"wp-image-21485 size-full\" srcset=\"https:\/\/kulturonline.tv\/wp-content\/uploads\/2022\/01\/Audio-Podcast-1.png 1080w, https:\/\/kulturonline.tv\/wp-content\/uploads\/2022\/01\/Audio-Podcast-1-300x300.png 300w, https:\/\/kulturonline.tv\/wp-content\/uploads\/2022\/01\/Audio-Podcast-1-100x100.png 100w, https:\/\/kulturonline.tv\/wp-content\/uploads\/2022\/01\/Audio-Podcast-1-600x600.png 600w, https:\/\/kulturonline.tv\/wp-content\/uploads\/2022\/01\/Audio-Podcast-1-800x800.png 800w, https:\/\/kulturonline.tv\/wp-content\/uploads\/2022\/01\/Audio-Podcast-1-500x500.png 500w, https:\/\/kulturonline.tv\/wp-content\/uploads\/2022\/01\/Audio-Podcast-1-768x768.png 768w\" sizes=\"(max-width: 1080px) 100vw, 1080px\" \/><\/figure><div class=\"wp-block-media-text__content\">\n<p class=\"has-large-font-size\"><\/p>\n<\/div><\/div>\n\n\n\n<p>\u00a9 Kultur Online TV I FM<\/p>\n\n\n\n<figure class=\"wp-block-audio\"><audio controls src=\"https:\/\/kulturonline.tv\/wp-content\/uploads\/2022\/01\/Fugo-House-Gespraech-.mp3\"><\/audio><figcaption><em><strong>Kultur Online FM G\u00fcnter Wolfgang im Gespr\u00e4ch mit Schauspieler Benjamin Kernen \u00fcber sein Projekt <a href=\"https:\/\/www.fugu-house.de\/\"> <\/a><\/strong><\/em><\/figcaption><\/figure>\n\n\n\n<p>Das Winterm\u00e4rchen ist die erste Produktion des 2021 gegr\u00fcndeten Theaterunternehmens Fuguhouse unter Benjamin Kernen und Lydia Fischer und wird zun\u00e4chst aus eigenen Mitteln finanziert. Nach monatelangem Vorbereiten und Hoffen und Bangen, ob die Premiere unter pandemischen Bedingungen stattfinden kann, erwartet den Besucher ein moderner, medial aufbereiteter Abend \u00fcber die ewige Suche nach dem Sehnsuchtsort \u201eHeimat\u201c, dem Vertrauten in der st\u00e4ndig wechselnden Fremde des Alltags und dem Ankommen bei sich selbst.<\/p>\n\n\n\n<p><a href=\"https:\/\/www.fugu-house.de\/\">https:\/\/www.fugu-house.de<\/a><\/p>\n\n\n\n<p>Kultur Online TV<\/p>\n\n\n\n<p>#tipp #kunst #kultur #news<\/p>\n","protected":false},"excerpt":{"rendered":"<p>Diesen Samstag, den 29.01.2022 feiert Heines &#8222;Deutschland ein Winterm\u00e4rchen&#8220; im Zeughaus in Wismar Premiere, bevor das St\u00fcck anschlie\u00dfend deutschlandweit auf Tournee gehen wird. Das Versepos \u201eDeutschland. Ein Winterm\u00e4rchen\u201c wird von Benjamin Kernen als Einpersonenst\u00fcck aufgef\u00fchrt. Ein Mann mit einem geheimnisvollen Koffer betritt einen kargen Raum, eine Absteige wom\u00f6glich und beginnt mit der Erz\u00e4hlung seiner Reise [&hellip;]<\/p>\n","protected":false},"author":2,"featured_media":21481,"comment_status":"closed","ping_status":"closed","sticky":false,"template":"","format":"standard","meta":{"_acf_changed":false,"footnotes":""},"categories":[105],"tags":[],"class_list":["post-21479","post","type-post","status-publish","format-standard","has-post-thumbnail","hentry","category-theater"],"acf":[],"yoast_head":"<!-- This site is optimized with the Yoast SEO plugin v26.1.1 - https:\/\/yoast.com\/wordpress\/plugins\/seo\/ -->\n<title>Tipp: &quot;Deutschland ein Winterm\u00e4rchen&quot; Premiere im Zeughaus Wismar - Kultur Online TV &amp; FM<\/title>\n<meta name=\"description\" content=\"Kultur sehen und H\u00f6ren\" \/>\n<meta name=\"robots\" content=\"index, follow, max-snippet:-1, max-image-preview:large, max-video-preview:-1\" \/>\n<link rel=\"canonical\" href=\"https:\/\/kulturonline.tv\/de\/tipp-deutschland-ein-wintermaerchen-premiere-im-zeughaus-wismar\/\" \/>\n<meta property=\"og:locale\" content=\"de_DE\" \/>\n<meta property=\"og:type\" content=\"article\" \/>\n<meta property=\"og:title\" content=\"Tipp: &quot;Deutschland ein Winterm\u00e4rchen&quot; Premiere im Zeughaus Wismar - Kultur Online TV &amp; FM\" \/>\n<meta property=\"og:description\" content=\"Kultur sehen und H\u00f6ren\" \/>\n<meta property=\"og:url\" content=\"https:\/\/kulturonline.tv\/de\/tipp-deutschland-ein-wintermaerchen-premiere-im-zeughaus-wismar\/\" \/>\n<meta property=\"og:site_name\" content=\"Kultur Online TV &amp; FM\" \/>\n<meta property=\"article:publisher\" content=\"https:\/\/www.facebook.com\/kulturonline.tv\" \/>\n<meta property=\"article:published_time\" content=\"2022-01-28T12:34:57+00:00\" \/>\n<meta property=\"article:modified_time\" content=\"2022-01-29T05:15:15+00:00\" \/>\n<meta property=\"og:image\" content=\"https:\/\/kulturonline.tv\/wp-content\/uploads\/2022\/01\/HeineSolo4.jpg\" \/>\n\t<meta property=\"og:image:width\" content=\"1920\" \/>\n\t<meta property=\"og:image:height\" content=\"1080\" \/>\n\t<meta property=\"og:image:type\" content=\"image\/jpeg\" \/>\n<meta name=\"author\" content=\"guenter.wolfgang\" \/>\n<meta name=\"twitter:card\" content=\"summary_large_image\" \/>\n<meta name=\"twitter:label1\" content=\"Verfasst von\" \/>\n\t<meta name=\"twitter:data1\" content=\"guenter.wolfgang\" \/>\n\t<meta name=\"twitter:label2\" content=\"Gesch\u00e4tzte Lesezeit\" \/>\n\t<meta name=\"twitter:data2\" content=\"2\u00a0Minuten\" \/>\n<script type=\"application\/ld+json\" class=\"yoast-schema-graph\">{\"@context\":\"https:\/\/schema.org\",\"@graph\":[{\"@type\":\"Article\",\"@id\":\"https:\/\/kulturonline.tv\/de\/tipp-deutschland-ein-wintermaerchen-premiere-im-zeughaus-wismar\/#article\",\"isPartOf\":{\"@id\":\"https:\/\/kulturonline.tv\/de\/tipp-deutschland-ein-wintermaerchen-premiere-im-zeughaus-wismar\/\"},\"author\":{\"name\":\"guenter.wolfgang\",\"@id\":\"https:\/\/kulturonline.tv\/de\/#\/schema\/person\/b0fac729bb9a0c193fb1df23449df4fe\"},\"headline\":\"Tipp: &#8222;Deutschland ein Winterm\u00e4rchen&#8220; Premiere im Zeughaus Wismar\",\"datePublished\":\"2022-01-28T12:34:57+00:00\",\"dateModified\":\"2022-01-29T05:15:15+00:00\",\"mainEntityOfPage\":{\"@id\":\"https:\/\/kulturonline.tv\/de\/tipp-deutschland-ein-wintermaerchen-premiere-im-zeughaus-wismar\/\"},\"wordCount\":295,\"publisher\":{\"@id\":\"https:\/\/kulturonline.tv\/de\/#organization\"},\"image\":{\"@id\":\"https:\/\/kulturonline.tv\/de\/tipp-deutschland-ein-wintermaerchen-premiere-im-zeughaus-wismar\/#primaryimage\"},\"thumbnailUrl\":\"https:\/\/kulturonline.tv\/wp-content\/uploads\/2022\/01\/HeineSolo4.jpg\",\"articleSection\":[\"Theater\"],\"inLanguage\":\"de\"},{\"@type\":\"WebPage\",\"@id\":\"https:\/\/kulturonline.tv\/de\/tipp-deutschland-ein-wintermaerchen-premiere-im-zeughaus-wismar\/\",\"url\":\"https:\/\/kulturonline.tv\/de\/tipp-deutschland-ein-wintermaerchen-premiere-im-zeughaus-wismar\/\",\"name\":\"Tipp: \\\"Deutschland ein Winterm\u00e4rchen\\\" Premiere im Zeughaus Wismar - Kultur Online TV &amp; FM\",\"isPartOf\":{\"@id\":\"https:\/\/kulturonline.tv\/de\/#website\"},\"primaryImageOfPage\":{\"@id\":\"https:\/\/kulturonline.tv\/de\/tipp-deutschland-ein-wintermaerchen-premiere-im-zeughaus-wismar\/#primaryimage\"},\"image\":{\"@id\":\"https:\/\/kulturonline.tv\/de\/tipp-deutschland-ein-wintermaerchen-premiere-im-zeughaus-wismar\/#primaryimage\"},\"thumbnailUrl\":\"https:\/\/kulturonline.tv\/wp-content\/uploads\/2022\/01\/HeineSolo4.jpg\",\"datePublished\":\"2022-01-28T12:34:57+00:00\",\"dateModified\":\"2022-01-29T05:15:15+00:00\",\"description\":\"Kultur sehen und H\u00f6ren\",\"breadcrumb\":{\"@id\":\"https:\/\/kulturonline.tv\/de\/tipp-deutschland-ein-wintermaerchen-premiere-im-zeughaus-wismar\/#breadcrumb\"},\"inLanguage\":\"de\",\"potentialAction\":[{\"@type\":\"ReadAction\",\"target\":[\"https:\/\/kulturonline.tv\/de\/tipp-deutschland-ein-wintermaerchen-premiere-im-zeughaus-wismar\/\"]}]},{\"@type\":\"ImageObject\",\"inLanguage\":\"de\",\"@id\":\"https:\/\/kulturonline.tv\/de\/tipp-deutschland-ein-wintermaerchen-premiere-im-zeughaus-wismar\/#primaryimage\",\"url\":\"https:\/\/kulturonline.tv\/wp-content\/uploads\/2022\/01\/HeineSolo4.jpg\",\"contentUrl\":\"https:\/\/kulturonline.tv\/wp-content\/uploads\/2022\/01\/HeineSolo4.jpg\",\"width\":1920,\"height\":1080},{\"@type\":\"BreadcrumbList\",\"@id\":\"https:\/\/kulturonline.tv\/de\/tipp-deutschland-ein-wintermaerchen-premiere-im-zeughaus-wismar\/#breadcrumb\",\"itemListElement\":[{\"@type\":\"ListItem\",\"position\":1,\"name\":\"Startseite\",\"item\":\"https:\/\/kulturonline.tv\/de\/\"},{\"@type\":\"ListItem\",\"position\":2,\"name\":\"Tipp: &#8222;Deutschland ein Winterm\u00e4rchen&#8220; Premiere im Zeughaus Wismar\"}]},{\"@type\":\"WebSite\",\"@id\":\"https:\/\/kulturonline.tv\/de\/#website\",\"url\":\"https:\/\/kulturonline.tv\/de\/\",\"name\":\"Kultur Online TV &amp; FM\",\"description\":\"Wir sind Kultur 2.0 zum sehen &amp; h\u00f6ren\",\"publisher\":{\"@id\":\"https:\/\/kulturonline.tv\/de\/#organization\"},\"potentialAction\":[{\"@type\":\"SearchAction\",\"target\":{\"@type\":\"EntryPoint\",\"urlTemplate\":\"https:\/\/kulturonline.tv\/de\/?s={search_term_string}\"},\"query-input\":{\"@type\":\"PropertyValueSpecification\",\"valueRequired\":true,\"valueName\":\"search_term_string\"}}],\"inLanguage\":\"de\"},{\"@type\":\"Organization\",\"@id\":\"https:\/\/kulturonline.tv\/de\/#organization\",\"name\":\"Kultur Online TV\",\"url\":\"https:\/\/kulturonline.tv\/de\/\",\"logo\":{\"@type\":\"ImageObject\",\"inLanguage\":\"de\",\"@id\":\"https:\/\/kulturonline.tv\/de\/#\/schema\/logo\/image\/\",\"url\":\"https:\/\/kulturonline.tv\/wp-content\/uploads\/2021\/08\/Kultur-Online-Tv-Logo-Endversion-neu.png\",\"contentUrl\":\"https:\/\/kulturonline.tv\/wp-content\/uploads\/2021\/08\/Kultur-Online-Tv-Logo-Endversion-neu.png\",\"width\":200,\"height\":200,\"caption\":\"Kultur Online TV\"},\"image\":{\"@id\":\"https:\/\/kulturonline.tv\/de\/#\/schema\/logo\/image\/\"},\"sameAs\":[\"https:\/\/www.facebook.com\/kulturonline.tv\",\"https:\/\/www.instagram.com\/kulturonline.tv\"]},{\"@type\":\"Person\",\"@id\":\"https:\/\/kulturonline.tv\/de\/#\/schema\/person\/b0fac729bb9a0c193fb1df23449df4fe\",\"name\":\"guenter.wolfgang\"}]}<\/script>\n<!-- \/ Yoast SEO plugin. -->","yoast_head_json":{"title":"Tipp: \"Deutschland ein Winterm\u00e4rchen\" Premiere im Zeughaus Wismar - Kultur Online TV &amp; FM","description":"Kultur sehen und H\u00f6ren","robots":{"index":"index","follow":"follow","max-snippet":"max-snippet:-1","max-image-preview":"max-image-preview:large","max-video-preview":"max-video-preview:-1"},"canonical":"https:\/\/kulturonline.tv\/de\/tipp-deutschland-ein-wintermaerchen-premiere-im-zeughaus-wismar\/","og_locale":"de_DE","og_type":"article","og_title":"Tipp: \"Deutschland ein Winterm\u00e4rchen\" Premiere im Zeughaus Wismar - Kultur Online TV &amp; FM","og_description":"Kultur sehen und H\u00f6ren","og_url":"https:\/\/kulturonline.tv\/de\/tipp-deutschland-ein-wintermaerchen-premiere-im-zeughaus-wismar\/","og_site_name":"Kultur Online TV &amp; FM","article_publisher":"https:\/\/www.facebook.com\/kulturonline.tv","article_published_time":"2022-01-28T12:34:57+00:00","article_modified_time":"2022-01-29T05:15:15+00:00","og_image":[{"width":1920,"height":1080,"url":"https:\/\/kulturonline.tv\/wp-content\/uploads\/2022\/01\/HeineSolo4.jpg","type":"image\/jpeg"}],"author":"guenter.wolfgang","twitter_card":"summary_large_image","twitter_misc":{"Verfasst von":"guenter.wolfgang","Gesch\u00e4tzte Lesezeit":"2\u00a0Minuten"},"schema":{"@context":"https:\/\/schema.org","@graph":[{"@type":"Article","@id":"https:\/\/kulturonline.tv\/de\/tipp-deutschland-ein-wintermaerchen-premiere-im-zeughaus-wismar\/#article","isPartOf":{"@id":"https:\/\/kulturonline.tv\/de\/tipp-deutschland-ein-wintermaerchen-premiere-im-zeughaus-wismar\/"},"author":{"name":"guenter.wolfgang","@id":"https:\/\/kulturonline.tv\/de\/#\/schema\/person\/b0fac729bb9a0c193fb1df23449df4fe"},"headline":"Tipp: &#8222;Deutschland ein Winterm\u00e4rchen&#8220; Premiere im Zeughaus Wismar","datePublished":"2022-01-28T12:34:57+00:00","dateModified":"2022-01-29T05:15:15+00:00","mainEntityOfPage":{"@id":"https:\/\/kulturonline.tv\/de\/tipp-deutschland-ein-wintermaerchen-premiere-im-zeughaus-wismar\/"},"wordCount":295,"publisher":{"@id":"https:\/\/kulturonline.tv\/de\/#organization"},"image":{"@id":"https:\/\/kulturonline.tv\/de\/tipp-deutschland-ein-wintermaerchen-premiere-im-zeughaus-wismar\/#primaryimage"},"thumbnailUrl":"https:\/\/kulturonline.tv\/wp-content\/uploads\/2022\/01\/HeineSolo4.jpg","articleSection":["Theater"],"inLanguage":"de"},{"@type":"WebPage","@id":"https:\/\/kulturonline.tv\/de\/tipp-deutschland-ein-wintermaerchen-premiere-im-zeughaus-wismar\/","url":"https:\/\/kulturonline.tv\/de\/tipp-deutschland-ein-wintermaerchen-premiere-im-zeughaus-wismar\/","name":"Tipp: \"Deutschland ein Winterm\u00e4rchen\" Premiere im Zeughaus Wismar - Kultur Online TV &amp; FM","isPartOf":{"@id":"https:\/\/kulturonline.tv\/de\/#website"},"primaryImageOfPage":{"@id":"https:\/\/kulturonline.tv\/de\/tipp-deutschland-ein-wintermaerchen-premiere-im-zeughaus-wismar\/#primaryimage"},"image":{"@id":"https:\/\/kulturonline.tv\/de\/tipp-deutschland-ein-wintermaerchen-premiere-im-zeughaus-wismar\/#primaryimage"},"thumbnailUrl":"https:\/\/kulturonline.tv\/wp-content\/uploads\/2022\/01\/HeineSolo4.jpg","datePublished":"2022-01-28T12:34:57+00:00","dateModified":"2022-01-29T05:15:15+00:00","description":"Kultur sehen und H\u00f6ren","breadcrumb":{"@id":"https:\/\/kulturonline.tv\/de\/tipp-deutschland-ein-wintermaerchen-premiere-im-zeughaus-wismar\/#breadcrumb"},"inLanguage":"de","potentialAction":[{"@type":"ReadAction","target":["https:\/\/kulturonline.tv\/de\/tipp-deutschland-ein-wintermaerchen-premiere-im-zeughaus-wismar\/"]}]},{"@type":"ImageObject","inLanguage":"de","@id":"https:\/\/kulturonline.tv\/de\/tipp-deutschland-ein-wintermaerchen-premiere-im-zeughaus-wismar\/#primaryimage","url":"https:\/\/kulturonline.tv\/wp-content\/uploads\/2022\/01\/HeineSolo4.jpg","contentUrl":"https:\/\/kulturonline.tv\/wp-content\/uploads\/2022\/01\/HeineSolo4.jpg","width":1920,"height":1080},{"@type":"BreadcrumbList","@id":"https:\/\/kulturonline.tv\/de\/tipp-deutschland-ein-wintermaerchen-premiere-im-zeughaus-wismar\/#breadcrumb","itemListElement":[{"@type":"ListItem","position":1,"name":"Startseite","item":"https:\/\/kulturonline.tv\/de\/"},{"@type":"ListItem","position":2,"name":"Tipp: &#8222;Deutschland ein Winterm\u00e4rchen&#8220; Premiere im Zeughaus Wismar"}]},{"@type":"WebSite","@id":"https:\/\/kulturonline.tv\/de\/#website","url":"https:\/\/kulturonline.tv\/de\/","name":"Kultur Online TV &amp; FM","description":"Wir sind Kultur 2.0 zum sehen &amp; h\u00f6ren","publisher":{"@id":"https:\/\/kulturonline.tv\/de\/#organization"},"potentialAction":[{"@type":"SearchAction","target":{"@type":"EntryPoint","urlTemplate":"https:\/\/kulturonline.tv\/de\/?s={search_term_string}"},"query-input":{"@type":"PropertyValueSpecification","valueRequired":true,"valueName":"search_term_string"}}],"inLanguage":"de"},{"@type":"Organization","@id":"https:\/\/kulturonline.tv\/de\/#organization","name":"Kultur Online TV","url":"https:\/\/kulturonline.tv\/de\/","logo":{"@type":"ImageObject","inLanguage":"de","@id":"https:\/\/kulturonline.tv\/de\/#\/schema\/logo\/image\/","url":"https:\/\/kulturonline.tv\/wp-content\/uploads\/2021\/08\/Kultur-Online-Tv-Logo-Endversion-neu.png","contentUrl":"https:\/\/kulturonline.tv\/wp-content\/uploads\/2021\/08\/Kultur-Online-Tv-Logo-Endversion-neu.png","width":200,"height":200,"caption":"Kultur Online TV"},"image":{"@id":"https:\/\/kulturonline.tv\/de\/#\/schema\/logo\/image\/"},"sameAs":["https:\/\/www.facebook.com\/kulturonline.tv","https:\/\/www.instagram.com\/kulturonline.tv"]},{"@type":"Person","@id":"https:\/\/kulturonline.tv\/de\/#\/schema\/person\/b0fac729bb9a0c193fb1df23449df4fe","name":"guenter.wolfgang"}]}},"_links":{"self":[{"href":"https:\/\/kulturonline.tv\/de\/wp-json\/wp\/v2\/posts\/21479","targetHints":{"allow":["GET"]}}],"collection":[{"href":"https:\/\/kulturonline.tv\/de\/wp-json\/wp\/v2\/posts"}],"about":[{"href":"https:\/\/kulturonline.tv\/de\/wp-json\/wp\/v2\/types\/post"}],"author":[{"embeddable":true,"href":"https:\/\/kulturonline.tv\/de\/wp-json\/wp\/v2\/users\/2"}],"replies":[{"embeddable":true,"href":"https:\/\/kulturonline.tv\/de\/wp-json\/wp\/v2\/comments?post=21479"}],"version-history":[{"count":0,"href":"https:\/\/kulturonline.tv\/de\/wp-json\/wp\/v2\/posts\/21479\/revisions"}],"wp:featuredmedia":[{"embeddable":true,"href":"https:\/\/kulturonline.tv\/de\/wp-json\/wp\/v2\/media\/21481"}],"wp:attachment":[{"href":"https:\/\/kulturonline.tv\/de\/wp-json\/wp\/v2\/media?parent=21479"}],"wp:term":[{"taxonomy":"category","embeddable":true,"href":"https:\/\/kulturonline.tv\/de\/wp-json\/wp\/v2\/categories?post=21479"},{"taxonomy":"post_tag","embeddable":true,"href":"https:\/\/kulturonline.tv\/de\/wp-json\/wp\/v2\/tags?post=21479"}],"curies":[{"name":"wp","href":"https:\/\/api.w.org\/{rel}","templated":true}]}}