{"id":21489,"date":"2022-01-29T05:59:27","date_gmt":"2022-01-29T04:59:27","guid":{"rendered":"https:\/\/kulturonline.tv\/?p=21489"},"modified":"2022-01-29T05:59:28","modified_gmt":"2022-01-29T04:59:28","slug":"streit-um-neue-berliner-kunsthalle","status":"publish","type":"post","link":"https:\/\/kulturonline.tv\/de\/streit-um-neue-berliner-kunsthalle\/","title":{"rendered":"Streit um neue Berliner Kunsthalle"},"content":{"rendered":"\n<p><strong>Die Benennung von zwei Flugzeug-Hangars des fr\u00fcheren Flughafens Tempelhof als neue Kunsthalle Berlin sorgt in der Hauptstadt f\u00fcr Kritik.<\/strong><\/p>\n\n\n\n<figure class=\"wp-block-image size-full\"><img fetchpriority=\"high\" decoding=\"async\" width=\"843\" height=\"474\" src=\"https:\/\/kulturonline.tv\/wp-content\/uploads\/2022\/01\/kunsthalle-berlin-edited.jpg\" alt=\"\" class=\"wp-image-21493\" srcset=\"https:\/\/kulturonline.tv\/wp-content\/uploads\/2022\/01\/kunsthalle-berlin-edited.jpg 843w, https:\/\/kulturonline.tv\/wp-content\/uploads\/2022\/01\/kunsthalle-berlin-edited-600x337.jpg 600w, https:\/\/kulturonline.tv\/wp-content\/uploads\/2022\/01\/kunsthalle-berlin-edited-800x450.jpg 800w, https:\/\/kulturonline.tv\/wp-content\/uploads\/2022\/01\/kunsthalle-berlin-edited-768x432.jpg 768w\" sizes=\"(max-width: 843px) 100vw, 843px\" \/><\/figure>\n\n\n\n<p>Heute (29.1.2022) er\u00f6ffnet dort eine Ausstellung des franz\u00f6sischen Bildhauers Bernar Venet &#8211; mit der Pr\u00e4sentation sollen die 10.000 Quadratmeter Fl\u00e4che als &#8222;Kunsthalle Berlin&#8220; etabliert werden. Ein Verband spricht von Etikettenschwindel. Es werde suggeriert, dass die Nutzung \u00f6ffentlich legitimiert sei. Tats\u00e4chlich sei es aber ein privat finanziertes Projekt. Veranstalter Walter Smerling vom privaten Verein &#8222;Stiftung f\u00fcr Kunst und Kultur&#8220; in Bonn sprach von einer zweij\u00e4hrigen Probezeit. Kritiker lud er zum Dialog ein.<\/p>\n\n\n\n<p>Kultur Online TV<\/p>\n\n\n\n<p>#news #kunst #kultur<\/p>\n","protected":false},"excerpt":{"rendered":"<p>Die Benennung von zwei Flugzeug-Hangars des fr\u00fcheren Flughafens Tempelhof als neue Kunsthalle Berlin sorgt in der Hauptstadt f\u00fcr Kritik. Heute (29.1.2022) er\u00f6ffnet dort eine Ausstellung des franz\u00f6sischen Bildhauers Bernar Venet &#8211; mit der Pr\u00e4sentation sollen die 10.000 Quadratmeter Fl\u00e4che als &#8222;Kunsthalle Berlin&#8220; etabliert werden. Ein Verband spricht von Etikettenschwindel. Es werde suggeriert, dass die Nutzung [&hellip;]<\/p>\n","protected":false},"author":2,"featured_media":21493,"comment_status":"closed","ping_status":"closed","sticky":false,"template":"","format":"standard","meta":{"_acf_changed":false,"footnotes":""},"categories":[107,3],"tags":[],"class_list":["post-21489","post","type-post","status-publish","format-standard","has-post-thumbnail","hentry","category-kunst","category-newsflash"],"acf":[],"yoast_head":"<!-- This site is optimized with the Yoast SEO plugin v26.1.1 - https:\/\/yoast.com\/wordpress\/plugins\/seo\/ -->\n<title>Streit um neue Berliner Kunsthalle - Kultur Online TV &amp; FM<\/title>\n<meta name=\"description\" content=\"Kultur sehen und H\u00f6ren\" \/>\n<meta name=\"robots\" content=\"index, follow, max-snippet:-1, max-image-preview:large, max-video-preview:-1\" \/>\n<link rel=\"canonical\" href=\"https:\/\/kulturonline.tv\/de\/streit-um-neue-berliner-kunsthalle\/\" \/>\n<meta property=\"og:locale\" content=\"de_DE\" \/>\n<meta property=\"og:type\" content=\"article\" \/>\n<meta property=\"og:title\" content=\"Streit um neue Berliner Kunsthalle - Kultur Online TV &amp; FM\" \/>\n<meta property=\"og:description\" content=\"Kultur sehen und H\u00f6ren\" \/>\n<meta property=\"og:url\" content=\"https:\/\/kulturonline.tv\/de\/streit-um-neue-berliner-kunsthalle\/\" \/>\n<meta property=\"og:site_name\" content=\"Kultur Online TV &amp; FM\" \/>\n<meta property=\"article:publisher\" content=\"https:\/\/www.facebook.com\/kulturonline.tv\" \/>\n<meta property=\"article:published_time\" content=\"2022-01-29T04:59:27+00:00\" \/>\n<meta property=\"article:modified_time\" content=\"2022-01-29T04:59:28+00:00\" \/>\n<meta property=\"og:image\" content=\"https:\/\/kulturonline.tv\/wp-content\/uploads\/2022\/01\/kunsthalle-berlin-edited.jpg\" \/>\n\t<meta property=\"og:image:width\" content=\"843\" \/>\n\t<meta property=\"og:image:height\" content=\"474\" \/>\n\t<meta property=\"og:image:type\" content=\"image\/jpeg\" \/>\n<meta name=\"author\" content=\"guenter.wolfgang\" \/>\n<meta name=\"twitter:card\" content=\"summary_large_image\" \/>\n<meta name=\"twitter:label1\" content=\"Verfasst von\" \/>\n\t<meta name=\"twitter:data1\" content=\"guenter.wolfgang\" \/>\n\t<meta name=\"twitter:label2\" content=\"Gesch\u00e4tzte Lesezeit\" \/>\n\t<meta name=\"twitter:data2\" content=\"1\u00a0Minute\" \/>\n<script type=\"application\/ld+json\" class=\"yoast-schema-graph\">{\"@context\":\"https:\/\/schema.org\",\"@graph\":[{\"@type\":\"Article\",\"@id\":\"https:\/\/kulturonline.tv\/de\/streit-um-neue-berliner-kunsthalle\/#article\",\"isPartOf\":{\"@id\":\"https:\/\/kulturonline.tv\/de\/streit-um-neue-berliner-kunsthalle\/\"},\"author\":{\"name\":\"guenter.wolfgang\",\"@id\":\"https:\/\/kulturonline.tv\/de\/#\/schema\/person\/b0fac729bb9a0c193fb1df23449df4fe\"},\"headline\":\"Streit um neue Berliner Kunsthalle\",\"datePublished\":\"2022-01-29T04:59:27+00:00\",\"dateModified\":\"2022-01-29T04:59:28+00:00\",\"mainEntityOfPage\":{\"@id\":\"https:\/\/kulturonline.tv\/de\/streit-um-neue-berliner-kunsthalle\/\"},\"wordCount\":108,\"publisher\":{\"@id\":\"https:\/\/kulturonline.tv\/de\/#organization\"},\"image\":{\"@id\":\"https:\/\/kulturonline.tv\/de\/streit-um-neue-berliner-kunsthalle\/#primaryimage\"},\"thumbnailUrl\":\"https:\/\/kulturonline.tv\/wp-content\/uploads\/2022\/01\/kunsthalle-berlin-edited.jpg\",\"articleSection\":[\"Kunst\",\"Newsflash\"],\"inLanguage\":\"de\"},{\"@type\":\"WebPage\",\"@id\":\"https:\/\/kulturonline.tv\/de\/streit-um-neue-berliner-kunsthalle\/\",\"url\":\"https:\/\/kulturonline.tv\/de\/streit-um-neue-berliner-kunsthalle\/\",\"name\":\"Streit um neue Berliner Kunsthalle - Kultur Online TV &amp; FM\",\"isPartOf\":{\"@id\":\"https:\/\/kulturonline.tv\/de\/#website\"},\"primaryImageOfPage\":{\"@id\":\"https:\/\/kulturonline.tv\/de\/streit-um-neue-berliner-kunsthalle\/#primaryimage\"},\"image\":{\"@id\":\"https:\/\/kulturonline.tv\/de\/streit-um-neue-berliner-kunsthalle\/#primaryimage\"},\"thumbnailUrl\":\"https:\/\/kulturonline.tv\/wp-content\/uploads\/2022\/01\/kunsthalle-berlin-edited.jpg\",\"datePublished\":\"2022-01-29T04:59:27+00:00\",\"dateModified\":\"2022-01-29T04:59:28+00:00\",\"description\":\"Kultur sehen und H\u00f6ren\",\"breadcrumb\":{\"@id\":\"https:\/\/kulturonline.tv\/de\/streit-um-neue-berliner-kunsthalle\/#breadcrumb\"},\"inLanguage\":\"de\",\"potentialAction\":[{\"@type\":\"ReadAction\",\"target\":[\"https:\/\/kulturonline.tv\/de\/streit-um-neue-berliner-kunsthalle\/\"]}]},{\"@type\":\"ImageObject\",\"inLanguage\":\"de\",\"@id\":\"https:\/\/kulturonline.tv\/de\/streit-um-neue-berliner-kunsthalle\/#primaryimage\",\"url\":\"https:\/\/kulturonline.tv\/wp-content\/uploads\/2022\/01\/kunsthalle-berlin-edited.jpg\",\"contentUrl\":\"https:\/\/kulturonline.tv\/wp-content\/uploads\/2022\/01\/kunsthalle-berlin-edited.jpg\",\"width\":843,\"height\":474},{\"@type\":\"BreadcrumbList\",\"@id\":\"https:\/\/kulturonline.tv\/de\/streit-um-neue-berliner-kunsthalle\/#breadcrumb\",\"itemListElement\":[{\"@type\":\"ListItem\",\"position\":1,\"name\":\"Startseite\",\"item\":\"https:\/\/kulturonline.tv\/de\/\"},{\"@type\":\"ListItem\",\"position\":2,\"name\":\"Streit um neue Berliner Kunsthalle\"}]},{\"@type\":\"WebSite\",\"@id\":\"https:\/\/kulturonline.tv\/de\/#website\",\"url\":\"https:\/\/kulturonline.tv\/de\/\",\"name\":\"Kultur Online TV &amp; FM\",\"description\":\"Wir sind Kultur 2.0 zum sehen &amp; h\u00f6ren\",\"publisher\":{\"@id\":\"https:\/\/kulturonline.tv\/de\/#organization\"},\"potentialAction\":[{\"@type\":\"SearchAction\",\"target\":{\"@type\":\"EntryPoint\",\"urlTemplate\":\"https:\/\/kulturonline.tv\/de\/?s={search_term_string}\"},\"query-input\":{\"@type\":\"PropertyValueSpecification\",\"valueRequired\":true,\"valueName\":\"search_term_string\"}}],\"inLanguage\":\"de\"},{\"@type\":\"Organization\",\"@id\":\"https:\/\/kulturonline.tv\/de\/#organization\",\"name\":\"Kultur Online TV\",\"url\":\"https:\/\/kulturonline.tv\/de\/\",\"logo\":{\"@type\":\"ImageObject\",\"inLanguage\":\"de\",\"@id\":\"https:\/\/kulturonline.tv\/de\/#\/schema\/logo\/image\/\",\"url\":\"https:\/\/kulturonline.tv\/wp-content\/uploads\/2021\/08\/Kultur-Online-Tv-Logo-Endversion-neu.png\",\"contentUrl\":\"https:\/\/kulturonline.tv\/wp-content\/uploads\/2021\/08\/Kultur-Online-Tv-Logo-Endversion-neu.png\",\"width\":200,\"height\":200,\"caption\":\"Kultur Online TV\"},\"image\":{\"@id\":\"https:\/\/kulturonline.tv\/de\/#\/schema\/logo\/image\/\"},\"sameAs\":[\"https:\/\/www.facebook.com\/kulturonline.tv\",\"https:\/\/www.instagram.com\/kulturonline.tv\"]},{\"@type\":\"Person\",\"@id\":\"https:\/\/kulturonline.tv\/de\/#\/schema\/person\/b0fac729bb9a0c193fb1df23449df4fe\",\"name\":\"guenter.wolfgang\"}]}<\/script>\n<!-- \/ Yoast SEO plugin. -->","yoast_head_json":{"title":"Streit um neue Berliner Kunsthalle - Kultur Online TV &amp; FM","description":"Kultur sehen und H\u00f6ren","robots":{"index":"index","follow":"follow","max-snippet":"max-snippet:-1","max-image-preview":"max-image-preview:large","max-video-preview":"max-video-preview:-1"},"canonical":"https:\/\/kulturonline.tv\/de\/streit-um-neue-berliner-kunsthalle\/","og_locale":"de_DE","og_type":"article","og_title":"Streit um neue Berliner Kunsthalle - Kultur Online TV &amp; FM","og_description":"Kultur sehen und H\u00f6ren","og_url":"https:\/\/kulturonline.tv\/de\/streit-um-neue-berliner-kunsthalle\/","og_site_name":"Kultur Online TV &amp; FM","article_publisher":"https:\/\/www.facebook.com\/kulturonline.tv","article_published_time":"2022-01-29T04:59:27+00:00","article_modified_time":"2022-01-29T04:59:28+00:00","og_image":[{"width":843,"height":474,"url":"https:\/\/kulturonline.tv\/wp-content\/uploads\/2022\/01\/kunsthalle-berlin-edited.jpg","type":"image\/jpeg"}],"author":"guenter.wolfgang","twitter_card":"summary_large_image","twitter_misc":{"Verfasst von":"guenter.wolfgang","Gesch\u00e4tzte Lesezeit":"1\u00a0Minute"},"schema":{"@context":"https:\/\/schema.org","@graph":[{"@type":"Article","@id":"https:\/\/kulturonline.tv\/de\/streit-um-neue-berliner-kunsthalle\/#article","isPartOf":{"@id":"https:\/\/kulturonline.tv\/de\/streit-um-neue-berliner-kunsthalle\/"},"author":{"name":"guenter.wolfgang","@id":"https:\/\/kulturonline.tv\/de\/#\/schema\/person\/b0fac729bb9a0c193fb1df23449df4fe"},"headline":"Streit um neue Berliner Kunsthalle","datePublished":"2022-01-29T04:59:27+00:00","dateModified":"2022-01-29T04:59:28+00:00","mainEntityOfPage":{"@id":"https:\/\/kulturonline.tv\/de\/streit-um-neue-berliner-kunsthalle\/"},"wordCount":108,"publisher":{"@id":"https:\/\/kulturonline.tv\/de\/#organization"},"image":{"@id":"https:\/\/kulturonline.tv\/de\/streit-um-neue-berliner-kunsthalle\/#primaryimage"},"thumbnailUrl":"https:\/\/kulturonline.tv\/wp-content\/uploads\/2022\/01\/kunsthalle-berlin-edited.jpg","articleSection":["Kunst","Newsflash"],"inLanguage":"de"},{"@type":"WebPage","@id":"https:\/\/kulturonline.tv\/de\/streit-um-neue-berliner-kunsthalle\/","url":"https:\/\/kulturonline.tv\/de\/streit-um-neue-berliner-kunsthalle\/","name":"Streit um neue Berliner Kunsthalle - Kultur Online TV &amp; FM","isPartOf":{"@id":"https:\/\/kulturonline.tv\/de\/#website"},"primaryImageOfPage":{"@id":"https:\/\/kulturonline.tv\/de\/streit-um-neue-berliner-kunsthalle\/#primaryimage"},"image":{"@id":"https:\/\/kulturonline.tv\/de\/streit-um-neue-berliner-kunsthalle\/#primaryimage"},"thumbnailUrl":"https:\/\/kulturonline.tv\/wp-content\/uploads\/2022\/01\/kunsthalle-berlin-edited.jpg","datePublished":"2022-01-29T04:59:27+00:00","dateModified":"2022-01-29T04:59:28+00:00","description":"Kultur sehen und H\u00f6ren","breadcrumb":{"@id":"https:\/\/kulturonline.tv\/de\/streit-um-neue-berliner-kunsthalle\/#breadcrumb"},"inLanguage":"de","potentialAction":[{"@type":"ReadAction","target":["https:\/\/kulturonline.tv\/de\/streit-um-neue-berliner-kunsthalle\/"]}]},{"@type":"ImageObject","inLanguage":"de","@id":"https:\/\/kulturonline.tv\/de\/streit-um-neue-berliner-kunsthalle\/#primaryimage","url":"https:\/\/kulturonline.tv\/wp-content\/uploads\/2022\/01\/kunsthalle-berlin-edited.jpg","contentUrl":"https:\/\/kulturonline.tv\/wp-content\/uploads\/2022\/01\/kunsthalle-berlin-edited.jpg","width":843,"height":474},{"@type":"BreadcrumbList","@id":"https:\/\/kulturonline.tv\/de\/streit-um-neue-berliner-kunsthalle\/#breadcrumb","itemListElement":[{"@type":"ListItem","position":1,"name":"Startseite","item":"https:\/\/kulturonline.tv\/de\/"},{"@type":"ListItem","position":2,"name":"Streit um neue Berliner Kunsthalle"}]},{"@type":"WebSite","@id":"https:\/\/kulturonline.tv\/de\/#website","url":"https:\/\/kulturonline.tv\/de\/","name":"Kultur Online TV &amp; FM","description":"Wir sind Kultur 2.0 zum sehen &amp; h\u00f6ren","publisher":{"@id":"https:\/\/kulturonline.tv\/de\/#organization"},"potentialAction":[{"@type":"SearchAction","target":{"@type":"EntryPoint","urlTemplate":"https:\/\/kulturonline.tv\/de\/?s={search_term_string}"},"query-input":{"@type":"PropertyValueSpecification","valueRequired":true,"valueName":"search_term_string"}}],"inLanguage":"de"},{"@type":"Organization","@id":"https:\/\/kulturonline.tv\/de\/#organization","name":"Kultur Online TV","url":"https:\/\/kulturonline.tv\/de\/","logo":{"@type":"ImageObject","inLanguage":"de","@id":"https:\/\/kulturonline.tv\/de\/#\/schema\/logo\/image\/","url":"https:\/\/kulturonline.tv\/wp-content\/uploads\/2021\/08\/Kultur-Online-Tv-Logo-Endversion-neu.png","contentUrl":"https:\/\/kulturonline.tv\/wp-content\/uploads\/2021\/08\/Kultur-Online-Tv-Logo-Endversion-neu.png","width":200,"height":200,"caption":"Kultur Online TV"},"image":{"@id":"https:\/\/kulturonline.tv\/de\/#\/schema\/logo\/image\/"},"sameAs":["https:\/\/www.facebook.com\/kulturonline.tv","https:\/\/www.instagram.com\/kulturonline.tv"]},{"@type":"Person","@id":"https:\/\/kulturonline.tv\/de\/#\/schema\/person\/b0fac729bb9a0c193fb1df23449df4fe","name":"guenter.wolfgang"}]}},"_links":{"self":[{"href":"https:\/\/kulturonline.tv\/de\/wp-json\/wp\/v2\/posts\/21489","targetHints":{"allow":["GET"]}}],"collection":[{"href":"https:\/\/kulturonline.tv\/de\/wp-json\/wp\/v2\/posts"}],"about":[{"href":"https:\/\/kulturonline.tv\/de\/wp-json\/wp\/v2\/types\/post"}],"author":[{"embeddable":true,"href":"https:\/\/kulturonline.tv\/de\/wp-json\/wp\/v2\/users\/2"}],"replies":[{"embeddable":true,"href":"https:\/\/kulturonline.tv\/de\/wp-json\/wp\/v2\/comments?post=21489"}],"version-history":[{"count":0,"href":"https:\/\/kulturonline.tv\/de\/wp-json\/wp\/v2\/posts\/21489\/revisions"}],"wp:featuredmedia":[{"embeddable":true,"href":"https:\/\/kulturonline.tv\/de\/wp-json\/wp\/v2\/media\/21493"}],"wp:attachment":[{"href":"https:\/\/kulturonline.tv\/de\/wp-json\/wp\/v2\/media?parent=21489"}],"wp:term":[{"taxonomy":"category","embeddable":true,"href":"https:\/\/kulturonline.tv\/de\/wp-json\/wp\/v2\/categories?post=21489"},{"taxonomy":"post_tag","embeddable":true,"href":"https:\/\/kulturonline.tv\/de\/wp-json\/wp\/v2\/tags?post=21489"}],"curies":[{"name":"wp","href":"https:\/\/api.w.org\/{rel}","templated":true}]}}