{"id":21587,"date":"2022-01-31T07:11:39","date_gmt":"2022-01-31T06:11:39","guid":{"rendered":"https:\/\/kulturonline.tv\/?p=21587"},"modified":"2022-01-31T07:11:41","modified_gmt":"2022-01-31T06:11:41","slug":"neue-horizonte-eine-erkundungsreise-um-die-welt-von-ranveig-eckhoff-und-rainer-baake","status":"publish","type":"post","link":"https:\/\/kulturonline.tv\/de\/neue-horizonte-eine-erkundungsreise-um-die-welt-von-ranveig-eckhoff-und-rainer-baake\/","title":{"rendered":"Neue Horizonte Eine Erkundungsreise um die Welt. Von Ranveig Eckhoff und Rainer Baake."},"content":{"rendered":"\n<p><em><strong>Neue Horizonte<\/strong><\/em>&nbsp;nimmt uns mit auf eine Erkundungsreise \u00fcber f\u00fcnf Kontinente.&nbsp;<\/p>\n\n\n\n<figure class=\"wp-block-image size-full\"><img fetchpriority=\"high\" decoding=\"async\" width=\"1000\" height=\"563\" src=\"https:\/\/kulturonline.tv\/wp-content\/uploads\/2022\/01\/Neue-Horizonte-edited.jpg\" alt=\"\" class=\"wp-image-21591\" srcset=\"https:\/\/kulturonline.tv\/wp-content\/uploads\/2022\/01\/Neue-Horizonte-edited.jpg 1000w, https:\/\/kulturonline.tv\/wp-content\/uploads\/2022\/01\/Neue-Horizonte-edited-600x338.jpg 600w, https:\/\/kulturonline.tv\/wp-content\/uploads\/2022\/01\/Neue-Horizonte-edited-800x450.jpg 800w, https:\/\/kulturonline.tv\/wp-content\/uploads\/2022\/01\/Neue-Horizonte-edited-768x432.jpg 768w\" sizes=\"(max-width: 1000px) 100vw, 1000px\" \/><\/figure>\n\n\n\n<p>Die 2018 begonnene, zwei Jahre dauernde Reise um die Welt beginnt in Marokko und Senegal. Es ist eine Reise durch die Kultur, die Fauna, die Flora und die Politik dieser Staaten, mit Einsicht in die Geschichte der bereisten L\u00e4nder. Zwei Themen stehen im Mittelpunkt: Klima und Artenschutz.<\/p>\n\n\n\n<p>Eine geopolitische Analyse, begleitet von Fotografien, die von den Autoren an atemberaubenden Orten mit wundersch\u00f6nen Landschaften aufgenommen wurden, die uns das Gef\u00fchl geben mit ihnen gereist zu sein.<\/p>\n\n\n\n<p>Ranveig Eckhoff ist norwegische Staatsb\u00fcrgerin. Sie lebt mit ihrem Mann in Berlin. Ranveig ist eine ehemalige Operns\u00e4ngerin, die in Schweden, Norwegen, Deutschland und Italien aufgetreten ist. In den 1990er Jahren wechselte sie den Beruf und arbeitet seitdem als freie Autorin, Journalistin und Produzentin von H\u00f6rb\u00fcchern. Kultur, Portr\u00e4t, Reisen, Umwelt ist ihr journalistischer Schwerpunkt. Ihre Publikationen erschienen in verschiedenen Zeitschriften in Skandinavien und Deutschland. RE ver\u00f6ffentlichte 3 B\u00fccher.<\/p>\n\n\n\n<p>Rainer Baake ist Direktor der Stiftung Klimaneutralit\u00e4t in Berlin. Als Staatssekret\u00e4r im Bundesministerium f\u00fcr Umwelt, Naturschutz und Reaktorsicherheit war er einer der Initiatoren des ersten rot-gr\u00fcnen Atomausstiegs im Jahr 2000. Rainer war sechs Jahre lang Bundesgesch\u00e4ftsf\u00fchrer der Deutschen Umwelthilfe und anschlie\u00dfend Gr\u00fcndungsdirektor von Agora Energiewende. 2014 wurde er von der Regierung Merkel\/Gabriel zum Energie-Staatssekret\u00e4r berufen, eine Position, die er bis Anfang 2018 innehatte. Als junger Erwachsener hatte der Autor vier Jahre als Community Organizer in den Chicagoer Slums gearbeitet. Anfang der 80er Jahre studierte er Volkswirtschaft in Marburg, wo er sp\u00e4ter zum stellvertretenden Landrat und Umweltdezernenten gew\u00e4hlt wurde. 1991 berief ihn Minister Joschka Fischer zum Staatsekret\u00e4r im Hessischen Umweltministerium.&nbsp;<\/p>\n\n\n\n<figure class=\"wp-block-image size-full\"><img decoding=\"async\" width=\"1000\" height=\"563\" src=\"https:\/\/kulturonline.tv\/wp-content\/uploads\/2022\/01\/I0000CX73VXcomvs-edited.jpg\" alt=\"\" class=\"wp-image-21595\" srcset=\"https:\/\/kulturonline.tv\/wp-content\/uploads\/2022\/01\/I0000CX73VXcomvs-edited.jpg 1000w, https:\/\/kulturonline.tv\/wp-content\/uploads\/2022\/01\/I0000CX73VXcomvs-edited-600x338.jpg 600w, https:\/\/kulturonline.tv\/wp-content\/uploads\/2022\/01\/I0000CX73VXcomvs-edited-800x450.jpg 800w, https:\/\/kulturonline.tv\/wp-content\/uploads\/2022\/01\/I0000CX73VXcomvs-edited-768x432.jpg 768w\" sizes=\"(max-width: 1000px) 100vw, 1000px\" \/><\/figure>\n\n\n\n<p>Ranveig Eckhoff ist norwegische Staatsb\u00fcrgerin. Sie lebt mit ihrem Mann in Berlin. Ranveig ist eine ehemalige Operns\u00e4ngerin, die in Schweden, Norwegen, Deutschland und Italien aufgetreten ist. In den 1990er Jahren wechselte sie den Beruf und arbeitet seitdem als freie Autorin, Journalistin und Produzentin von H\u00f6rb\u00fcchern. Kultur, Portr\u00e4t, Reisen, Umwelt ist ihr journalistischer Schwerpunkt. Ihre Publikationen erschienen in verschiedenen Zeitschriften in Skandinavien und Deutschland. RE ver\u00f6ffentlichte 3 B\u00fccher.<\/p>\n\n\n\n<p>Bis zu ihrem Umzug nach Berlin im Jahr 2008 war sie Literaturberaterin bei der NLB (Norsk lyd-og blindeskriftbibliotek\/Norwegische Bibliothek f\u00fcr Blinde). Von 2005 bis 2008 war sie Vorstandsmitglied der NLB. Zwischen 2000 und 2009 leistete sie Presse- und Verwaltungsarbeit f\u00fcr die internationale Naturschutzorganisation Global Nature Fund (GNF). Sie war von 2004 bis 2013 GNF-Vorstandsmitglied. In Berlin richtete sie ihr eigenes Tonstudio ein.<\/p>\n\n\n\n<p>Rainer Baake&nbsp;ist Direktor der Stiftung Klimaneutralit\u00e4t in Berlin. Als Staatssekret\u00e4r im Bundesministerium f\u00fcr Umwelt, Naturschutz und Reaktorsicherheit war er einer der Initiatoren des ersten rot-gr\u00fcnen Atomausstiegs im Jahr 2000. Rainer war sechs Jahre lang Bundesgesch\u00e4ftsf\u00fchrer der Deutschen Umwelthilfe und anschlie\u00dfend Gr\u00fcndungsdirektor von Agora Energiewende. 2014 wurde er von der Regierung Merkel\/Gabriel zum Energie-Staatssekret\u00e4r berufen, eine Position, die er bis Anfang 2018 innehatte. Als junger Erwachsener hatte der Autor vier Jahre als Community Organizer in den Chicagoer Slums gearbeitet. Anfang der 80er Jahre studierte er Volkswirtschaft in Marburg, wo er sp\u00e4ter zum stellvertretenden Landrat und Umweltdezernenten gew\u00e4hlt wurde. 1991 berief ihn Minister Joschka Fischer zum Staatsekret\u00e4r im Hessischen Umweltministerium.<\/p>\n\n\n\n<p>Kultur Online TV<\/p>\n\n\n\n<p>#kunst #kultur #literatur<\/p>\n","protected":false},"excerpt":{"rendered":"<p>Neue Horizonte&nbsp;nimmt uns mit auf eine Erkundungsreise \u00fcber f\u00fcnf Kontinente.&nbsp; Die 2018 begonnene, zwei Jahre dauernde Reise um die Welt beginnt in Marokko und Senegal. Es ist eine Reise durch die Kultur, die Fauna, die Flora und die Politik dieser Staaten, mit Einsicht in die Geschichte der bereisten L\u00e4nder. Zwei Themen stehen im Mittelpunkt: Klima [&hellip;]<\/p>\n","protected":false},"author":2,"featured_media":21591,"comment_status":"closed","ping_status":"closed","sticky":false,"template":"","format":"standard","meta":{"_acf_changed":false,"footnotes":""},"categories":[106],"tags":[],"class_list":["post-21587","post","type-post","status-publish","format-standard","has-post-thumbnail","hentry","category-literatur"],"acf":[],"yoast_head":"<!-- This site is optimized with the Yoast SEO plugin v26.1.1 - https:\/\/yoast.com\/wordpress\/plugins\/seo\/ -->\n<title>Neue Horizonte Eine Erkundungsreise um die Welt. Von Ranveig Eckhoff und Rainer Baake. - Kultur Online TV &amp; FM<\/title>\n<meta name=\"description\" content=\"Kultur sehen und H\u00f6ren\" \/>\n<meta name=\"robots\" content=\"index, follow, max-snippet:-1, max-image-preview:large, max-video-preview:-1\" \/>\n<link rel=\"canonical\" href=\"https:\/\/kulturonline.tv\/de\/neue-horizonte-eine-erkundungsreise-um-die-welt-von-ranveig-eckhoff-und-rainer-baake\/\" \/>\n<meta property=\"og:locale\" content=\"de_DE\" \/>\n<meta property=\"og:type\" content=\"article\" \/>\n<meta property=\"og:title\" content=\"Neue Horizonte Eine Erkundungsreise um die Welt. Von Ranveig Eckhoff und Rainer Baake. - Kultur Online TV &amp; FM\" \/>\n<meta property=\"og:description\" content=\"Kultur sehen und H\u00f6ren\" \/>\n<meta property=\"og:url\" content=\"https:\/\/kulturonline.tv\/de\/neue-horizonte-eine-erkundungsreise-um-die-welt-von-ranveig-eckhoff-und-rainer-baake\/\" \/>\n<meta property=\"og:site_name\" content=\"Kultur Online TV &amp; FM\" \/>\n<meta property=\"article:publisher\" content=\"https:\/\/www.facebook.com\/kulturonline.tv\" \/>\n<meta property=\"article:published_time\" content=\"2022-01-31T06:11:39+00:00\" \/>\n<meta property=\"article:modified_time\" content=\"2022-01-31T06:11:41+00:00\" \/>\n<meta property=\"og:image\" content=\"https:\/\/kulturonline.tv\/wp-content\/uploads\/2022\/01\/Neue-Horizonte-edited.jpg\" \/>\n\t<meta property=\"og:image:width\" content=\"1000\" \/>\n\t<meta property=\"og:image:height\" content=\"563\" \/>\n\t<meta property=\"og:image:type\" content=\"image\/jpeg\" \/>\n<meta name=\"author\" content=\"guenter.wolfgang\" \/>\n<meta name=\"twitter:card\" content=\"summary_large_image\" \/>\n<meta name=\"twitter:label1\" content=\"Verfasst von\" \/>\n\t<meta name=\"twitter:data1\" content=\"guenter.wolfgang\" \/>\n\t<meta name=\"twitter:label2\" content=\"Gesch\u00e4tzte Lesezeit\" \/>\n\t<meta name=\"twitter:data2\" content=\"4\u00a0Minuten\" \/>\n<script type=\"application\/ld+json\" class=\"yoast-schema-graph\">{\"@context\":\"https:\/\/schema.org\",\"@graph\":[{\"@type\":\"Article\",\"@id\":\"https:\/\/kulturonline.tv\/de\/neue-horizonte-eine-erkundungsreise-um-die-welt-von-ranveig-eckhoff-und-rainer-baake\/#article\",\"isPartOf\":{\"@id\":\"https:\/\/kulturonline.tv\/de\/neue-horizonte-eine-erkundungsreise-um-die-welt-von-ranveig-eckhoff-und-rainer-baake\/\"},\"author\":{\"name\":\"guenter.wolfgang\",\"@id\":\"https:\/\/kulturonline.tv\/de\/#\/schema\/person\/b0fac729bb9a0c193fb1df23449df4fe\"},\"headline\":\"Neue Horizonte Eine Erkundungsreise um die Welt. Von Ranveig Eckhoff und Rainer Baake.\",\"datePublished\":\"2022-01-31T06:11:39+00:00\",\"dateModified\":\"2022-01-31T06:11:41+00:00\",\"mainEntityOfPage\":{\"@id\":\"https:\/\/kulturonline.tv\/de\/neue-horizonte-eine-erkundungsreise-um-die-welt-von-ranveig-eckhoff-und-rainer-baake\/\"},\"wordCount\":552,\"publisher\":{\"@id\":\"https:\/\/kulturonline.tv\/de\/#organization\"},\"image\":{\"@id\":\"https:\/\/kulturonline.tv\/de\/neue-horizonte-eine-erkundungsreise-um-die-welt-von-ranveig-eckhoff-und-rainer-baake\/#primaryimage\"},\"thumbnailUrl\":\"https:\/\/kulturonline.tv\/wp-content\/uploads\/2022\/01\/Neue-Horizonte-edited.jpg\",\"articleSection\":[\"Literatur\"],\"inLanguage\":\"de\"},{\"@type\":\"WebPage\",\"@id\":\"https:\/\/kulturonline.tv\/de\/neue-horizonte-eine-erkundungsreise-um-die-welt-von-ranveig-eckhoff-und-rainer-baake\/\",\"url\":\"https:\/\/kulturonline.tv\/de\/neue-horizonte-eine-erkundungsreise-um-die-welt-von-ranveig-eckhoff-und-rainer-baake\/\",\"name\":\"Neue Horizonte Eine Erkundungsreise um die Welt. Von Ranveig Eckhoff und Rainer Baake. - Kultur Online TV &amp; FM\",\"isPartOf\":{\"@id\":\"https:\/\/kulturonline.tv\/de\/#website\"},\"primaryImageOfPage\":{\"@id\":\"https:\/\/kulturonline.tv\/de\/neue-horizonte-eine-erkundungsreise-um-die-welt-von-ranveig-eckhoff-und-rainer-baake\/#primaryimage\"},\"image\":{\"@id\":\"https:\/\/kulturonline.tv\/de\/neue-horizonte-eine-erkundungsreise-um-die-welt-von-ranveig-eckhoff-und-rainer-baake\/#primaryimage\"},\"thumbnailUrl\":\"https:\/\/kulturonline.tv\/wp-content\/uploads\/2022\/01\/Neue-Horizonte-edited.jpg\",\"datePublished\":\"2022-01-31T06:11:39+00:00\",\"dateModified\":\"2022-01-31T06:11:41+00:00\",\"description\":\"Kultur sehen und H\u00f6ren\",\"breadcrumb\":{\"@id\":\"https:\/\/kulturonline.tv\/de\/neue-horizonte-eine-erkundungsreise-um-die-welt-von-ranveig-eckhoff-und-rainer-baake\/#breadcrumb\"},\"inLanguage\":\"de\",\"potentialAction\":[{\"@type\":\"ReadAction\",\"target\":[\"https:\/\/kulturonline.tv\/de\/neue-horizonte-eine-erkundungsreise-um-die-welt-von-ranveig-eckhoff-und-rainer-baake\/\"]}]},{\"@type\":\"ImageObject\",\"inLanguage\":\"de\",\"@id\":\"https:\/\/kulturonline.tv\/de\/neue-horizonte-eine-erkundungsreise-um-die-welt-von-ranveig-eckhoff-und-rainer-baake\/#primaryimage\",\"url\":\"https:\/\/kulturonline.tv\/wp-content\/uploads\/2022\/01\/Neue-Horizonte-edited.jpg\",\"contentUrl\":\"https:\/\/kulturonline.tv\/wp-content\/uploads\/2022\/01\/Neue-Horizonte-edited.jpg\",\"width\":1000,\"height\":563},{\"@type\":\"BreadcrumbList\",\"@id\":\"https:\/\/kulturonline.tv\/de\/neue-horizonte-eine-erkundungsreise-um-die-welt-von-ranveig-eckhoff-und-rainer-baake\/#breadcrumb\",\"itemListElement\":[{\"@type\":\"ListItem\",\"position\":1,\"name\":\"Startseite\",\"item\":\"https:\/\/kulturonline.tv\/de\/\"},{\"@type\":\"ListItem\",\"position\":2,\"name\":\"Neue Horizonte Eine Erkundungsreise um die Welt. Von Ranveig Eckhoff und Rainer Baake.\"}]},{\"@type\":\"WebSite\",\"@id\":\"https:\/\/kulturonline.tv\/de\/#website\",\"url\":\"https:\/\/kulturonline.tv\/de\/\",\"name\":\"Kultur Online TV &amp; FM\",\"description\":\"Wir sind Kultur 2.0 zum sehen &amp; h\u00f6ren\",\"publisher\":{\"@id\":\"https:\/\/kulturonline.tv\/de\/#organization\"},\"potentialAction\":[{\"@type\":\"SearchAction\",\"target\":{\"@type\":\"EntryPoint\",\"urlTemplate\":\"https:\/\/kulturonline.tv\/de\/?s={search_term_string}\"},\"query-input\":{\"@type\":\"PropertyValueSpecification\",\"valueRequired\":true,\"valueName\":\"search_term_string\"}}],\"inLanguage\":\"de\"},{\"@type\":\"Organization\",\"@id\":\"https:\/\/kulturonline.tv\/de\/#organization\",\"name\":\"Kultur Online TV\",\"url\":\"https:\/\/kulturonline.tv\/de\/\",\"logo\":{\"@type\":\"ImageObject\",\"inLanguage\":\"de\",\"@id\":\"https:\/\/kulturonline.tv\/de\/#\/schema\/logo\/image\/\",\"url\":\"https:\/\/kulturonline.tv\/wp-content\/uploads\/2021\/08\/Kultur-Online-Tv-Logo-Endversion-neu.png\",\"contentUrl\":\"https:\/\/kulturonline.tv\/wp-content\/uploads\/2021\/08\/Kultur-Online-Tv-Logo-Endversion-neu.png\",\"width\":200,\"height\":200,\"caption\":\"Kultur Online TV\"},\"image\":{\"@id\":\"https:\/\/kulturonline.tv\/de\/#\/schema\/logo\/image\/\"},\"sameAs\":[\"https:\/\/www.facebook.com\/kulturonline.tv\",\"https:\/\/www.instagram.com\/kulturonline.tv\"]},{\"@type\":\"Person\",\"@id\":\"https:\/\/kulturonline.tv\/de\/#\/schema\/person\/b0fac729bb9a0c193fb1df23449df4fe\",\"name\":\"guenter.wolfgang\"}]}<\/script>\n<!-- \/ Yoast SEO plugin. -->","yoast_head_json":{"title":"Neue Horizonte Eine Erkundungsreise um die Welt. Von Ranveig Eckhoff und Rainer Baake. - Kultur Online TV &amp; FM","description":"Kultur sehen und H\u00f6ren","robots":{"index":"index","follow":"follow","max-snippet":"max-snippet:-1","max-image-preview":"max-image-preview:large","max-video-preview":"max-video-preview:-1"},"canonical":"https:\/\/kulturonline.tv\/de\/neue-horizonte-eine-erkundungsreise-um-die-welt-von-ranveig-eckhoff-und-rainer-baake\/","og_locale":"de_DE","og_type":"article","og_title":"Neue Horizonte Eine Erkundungsreise um die Welt. Von Ranveig Eckhoff und Rainer Baake. - Kultur Online TV &amp; FM","og_description":"Kultur sehen und H\u00f6ren","og_url":"https:\/\/kulturonline.tv\/de\/neue-horizonte-eine-erkundungsreise-um-die-welt-von-ranveig-eckhoff-und-rainer-baake\/","og_site_name":"Kultur Online TV &amp; FM","article_publisher":"https:\/\/www.facebook.com\/kulturonline.tv","article_published_time":"2022-01-31T06:11:39+00:00","article_modified_time":"2022-01-31T06:11:41+00:00","og_image":[{"width":1000,"height":563,"url":"https:\/\/kulturonline.tv\/wp-content\/uploads\/2022\/01\/Neue-Horizonte-edited.jpg","type":"image\/jpeg"}],"author":"guenter.wolfgang","twitter_card":"summary_large_image","twitter_misc":{"Verfasst von":"guenter.wolfgang","Gesch\u00e4tzte Lesezeit":"4\u00a0Minuten"},"schema":{"@context":"https:\/\/schema.org","@graph":[{"@type":"Article","@id":"https:\/\/kulturonline.tv\/de\/neue-horizonte-eine-erkundungsreise-um-die-welt-von-ranveig-eckhoff-und-rainer-baake\/#article","isPartOf":{"@id":"https:\/\/kulturonline.tv\/de\/neue-horizonte-eine-erkundungsreise-um-die-welt-von-ranveig-eckhoff-und-rainer-baake\/"},"author":{"name":"guenter.wolfgang","@id":"https:\/\/kulturonline.tv\/de\/#\/schema\/person\/b0fac729bb9a0c193fb1df23449df4fe"},"headline":"Neue Horizonte Eine Erkundungsreise um die Welt. Von Ranveig Eckhoff und Rainer Baake.","datePublished":"2022-01-31T06:11:39+00:00","dateModified":"2022-01-31T06:11:41+00:00","mainEntityOfPage":{"@id":"https:\/\/kulturonline.tv\/de\/neue-horizonte-eine-erkundungsreise-um-die-welt-von-ranveig-eckhoff-und-rainer-baake\/"},"wordCount":552,"publisher":{"@id":"https:\/\/kulturonline.tv\/de\/#organization"},"image":{"@id":"https:\/\/kulturonline.tv\/de\/neue-horizonte-eine-erkundungsreise-um-die-welt-von-ranveig-eckhoff-und-rainer-baake\/#primaryimage"},"thumbnailUrl":"https:\/\/kulturonline.tv\/wp-content\/uploads\/2022\/01\/Neue-Horizonte-edited.jpg","articleSection":["Literatur"],"inLanguage":"de"},{"@type":"WebPage","@id":"https:\/\/kulturonline.tv\/de\/neue-horizonte-eine-erkundungsreise-um-die-welt-von-ranveig-eckhoff-und-rainer-baake\/","url":"https:\/\/kulturonline.tv\/de\/neue-horizonte-eine-erkundungsreise-um-die-welt-von-ranveig-eckhoff-und-rainer-baake\/","name":"Neue Horizonte Eine Erkundungsreise um die Welt. Von Ranveig Eckhoff und Rainer Baake. - Kultur Online TV &amp; FM","isPartOf":{"@id":"https:\/\/kulturonline.tv\/de\/#website"},"primaryImageOfPage":{"@id":"https:\/\/kulturonline.tv\/de\/neue-horizonte-eine-erkundungsreise-um-die-welt-von-ranveig-eckhoff-und-rainer-baake\/#primaryimage"},"image":{"@id":"https:\/\/kulturonline.tv\/de\/neue-horizonte-eine-erkundungsreise-um-die-welt-von-ranveig-eckhoff-und-rainer-baake\/#primaryimage"},"thumbnailUrl":"https:\/\/kulturonline.tv\/wp-content\/uploads\/2022\/01\/Neue-Horizonte-edited.jpg","datePublished":"2022-01-31T06:11:39+00:00","dateModified":"2022-01-31T06:11:41+00:00","description":"Kultur sehen und H\u00f6ren","breadcrumb":{"@id":"https:\/\/kulturonline.tv\/de\/neue-horizonte-eine-erkundungsreise-um-die-welt-von-ranveig-eckhoff-und-rainer-baake\/#breadcrumb"},"inLanguage":"de","potentialAction":[{"@type":"ReadAction","target":["https:\/\/kulturonline.tv\/de\/neue-horizonte-eine-erkundungsreise-um-die-welt-von-ranveig-eckhoff-und-rainer-baake\/"]}]},{"@type":"ImageObject","inLanguage":"de","@id":"https:\/\/kulturonline.tv\/de\/neue-horizonte-eine-erkundungsreise-um-die-welt-von-ranveig-eckhoff-und-rainer-baake\/#primaryimage","url":"https:\/\/kulturonline.tv\/wp-content\/uploads\/2022\/01\/Neue-Horizonte-edited.jpg","contentUrl":"https:\/\/kulturonline.tv\/wp-content\/uploads\/2022\/01\/Neue-Horizonte-edited.jpg","width":1000,"height":563},{"@type":"BreadcrumbList","@id":"https:\/\/kulturonline.tv\/de\/neue-horizonte-eine-erkundungsreise-um-die-welt-von-ranveig-eckhoff-und-rainer-baake\/#breadcrumb","itemListElement":[{"@type":"ListItem","position":1,"name":"Startseite","item":"https:\/\/kulturonline.tv\/de\/"},{"@type":"ListItem","position":2,"name":"Neue Horizonte Eine Erkundungsreise um die Welt. Von Ranveig Eckhoff und Rainer Baake."}]},{"@type":"WebSite","@id":"https:\/\/kulturonline.tv\/de\/#website","url":"https:\/\/kulturonline.tv\/de\/","name":"Kultur Online TV &amp; FM","description":"Wir sind Kultur 2.0 zum sehen &amp; h\u00f6ren","publisher":{"@id":"https:\/\/kulturonline.tv\/de\/#organization"},"potentialAction":[{"@type":"SearchAction","target":{"@type":"EntryPoint","urlTemplate":"https:\/\/kulturonline.tv\/de\/?s={search_term_string}"},"query-input":{"@type":"PropertyValueSpecification","valueRequired":true,"valueName":"search_term_string"}}],"inLanguage":"de"},{"@type":"Organization","@id":"https:\/\/kulturonline.tv\/de\/#organization","name":"Kultur Online TV","url":"https:\/\/kulturonline.tv\/de\/","logo":{"@type":"ImageObject","inLanguage":"de","@id":"https:\/\/kulturonline.tv\/de\/#\/schema\/logo\/image\/","url":"https:\/\/kulturonline.tv\/wp-content\/uploads\/2021\/08\/Kultur-Online-Tv-Logo-Endversion-neu.png","contentUrl":"https:\/\/kulturonline.tv\/wp-content\/uploads\/2021\/08\/Kultur-Online-Tv-Logo-Endversion-neu.png","width":200,"height":200,"caption":"Kultur Online TV"},"image":{"@id":"https:\/\/kulturonline.tv\/de\/#\/schema\/logo\/image\/"},"sameAs":["https:\/\/www.facebook.com\/kulturonline.tv","https:\/\/www.instagram.com\/kulturonline.tv"]},{"@type":"Person","@id":"https:\/\/kulturonline.tv\/de\/#\/schema\/person\/b0fac729bb9a0c193fb1df23449df4fe","name":"guenter.wolfgang"}]}},"_links":{"self":[{"href":"https:\/\/kulturonline.tv\/de\/wp-json\/wp\/v2\/posts\/21587","targetHints":{"allow":["GET"]}}],"collection":[{"href":"https:\/\/kulturonline.tv\/de\/wp-json\/wp\/v2\/posts"}],"about":[{"href":"https:\/\/kulturonline.tv\/de\/wp-json\/wp\/v2\/types\/post"}],"author":[{"embeddable":true,"href":"https:\/\/kulturonline.tv\/de\/wp-json\/wp\/v2\/users\/2"}],"replies":[{"embeddable":true,"href":"https:\/\/kulturonline.tv\/de\/wp-json\/wp\/v2\/comments?post=21587"}],"version-history":[{"count":0,"href":"https:\/\/kulturonline.tv\/de\/wp-json\/wp\/v2\/posts\/21587\/revisions"}],"wp:featuredmedia":[{"embeddable":true,"href":"https:\/\/kulturonline.tv\/de\/wp-json\/wp\/v2\/media\/21591"}],"wp:attachment":[{"href":"https:\/\/kulturonline.tv\/de\/wp-json\/wp\/v2\/media?parent=21587"}],"wp:term":[{"taxonomy":"category","embeddable":true,"href":"https:\/\/kulturonline.tv\/de\/wp-json\/wp\/v2\/categories?post=21587"},{"taxonomy":"post_tag","embeddable":true,"href":"https:\/\/kulturonline.tv\/de\/wp-json\/wp\/v2\/tags?post=21587"}],"curies":[{"name":"wp","href":"https:\/\/api.w.org\/{rel}","templated":true}]}}