{"id":21603,"date":"2022-01-31T07:10:34","date_gmt":"2022-01-31T06:10:34","guid":{"rendered":"https:\/\/kulturonline.tv\/?p=21603"},"modified":"2022-01-31T07:10:37","modified_gmt":"2022-01-31T06:10:37","slug":"helmut-kaeutner-preis-fuer-michael-verhoeven","status":"publish","type":"post","link":"https:\/\/kulturonline.tv\/de\/helmut-kaeutner-preis-fuer-michael-verhoeven\/","title":{"rendered":"Helmut-K\u00e4utner-Preis f\u00fcr Michael Verhoeven"},"content":{"rendered":"\n<p>Der Regisseur Michael Verhoeven wird mit dem diesj\u00e4hrigen Helmut-K\u00e4utner-Preis der Landeshauptstadt D\u00fcsseldorf ausgezeichnet.<\/p>\n\n\n\n<figure class=\"wp-block-image size-full is-resized\"><img decoding=\"async\" src=\"https:\/\/kulturonline.tv\/wp-content\/uploads\/2022\/01\/michale-verhofen-edited.jpg\" alt=\"\" class=\"wp-image-21607\" width=\"837\" srcset=\"https:\/\/kulturonline.tv\/wp-content\/uploads\/2022\/01\/michale-verhofen-edited.jpg 767w, https:\/\/kulturonline.tv\/wp-content\/uploads\/2022\/01\/michale-verhofen-edited-600x338.jpg 600w\" sizes=\"(max-width: 767px) 100vw, 767px\" \/><\/figure>\n\n\n\n<p>Die Jury w\u00fcrdigte den 83-J\u00e4hrigen als eine der wichtigsten humanistischen Stimmen des deutschen Films. Er setze sich in seinem Lebenswerk auf ebenso singul\u00e4re wie kritische Weise mit der deutschen Geschichte auseinander. Verhoeven beleuchtete in Filmen wie &#8222;Die Wei\u00dfe Rose&#8220; und &#8222;Das schreckliche M\u00e4dchen&#8220; mehrfach die Zeit des Nationalsozialismus. Der Helmut-K\u00e4utner-Preis wird seit 1982 an Pers\u00f6nlichkeiten verliehen, die durch ihr Schaffen die Entwicklung der Deutschen Filmkultur beeinflussen. Er ist mit 10.000 Euro dotiert und soll voraussichtlich im Mai an Verhoeven \u00fcbergeben werden.<\/p>\n\n\n\n<p>Kultur Online TV<\/p>\n\n\n\n<p>#film #news #kunst  #kultur<\/p>\n","protected":false},"excerpt":{"rendered":"<p>Der Regisseur Michael Verhoeven wird mit dem diesj\u00e4hrigen Helmut-K\u00e4utner-Preis der Landeshauptstadt D\u00fcsseldorf ausgezeichnet. Die Jury w\u00fcrdigte den 83-J\u00e4hrigen als eine der wichtigsten humanistischen Stimmen des deutschen Films. Er setze sich in seinem Lebenswerk auf ebenso singul\u00e4re wie kritische Weise mit der deutschen Geschichte auseinander. Verhoeven beleuchtete in Filmen wie &#8222;Die Wei\u00dfe Rose&#8220; und &#8222;Das schreckliche [&hellip;]<\/p>\n","protected":false},"author":2,"featured_media":21607,"comment_status":"closed","ping_status":"closed","sticky":false,"template":"","format":"standard","meta":{"_acf_changed":false,"footnotes":""},"categories":[1],"tags":[],"class_list":["post-21603","post","type-post","status-publish","format-standard","has-post-thumbnail","hentry","category-unkategorisiert"],"acf":[],"yoast_head":"<!-- This site is optimized with the Yoast SEO plugin v26.1.1 - https:\/\/yoast.com\/wordpress\/plugins\/seo\/ -->\n<title>Helmut-K\u00e4utner-Preis f\u00fcr Michael Verhoeven - Kultur Online TV &amp; FM<\/title>\n<meta name=\"description\" content=\"Kultur sehen und H\u00f6ren\" \/>\n<meta name=\"robots\" content=\"index, follow, max-snippet:-1, max-image-preview:large, max-video-preview:-1\" \/>\n<link rel=\"canonical\" href=\"https:\/\/kulturonline.tv\/de\/helmut-kaeutner-preis-fuer-michael-verhoeven\/\" \/>\n<meta property=\"og:locale\" content=\"de_DE\" \/>\n<meta property=\"og:type\" content=\"article\" \/>\n<meta property=\"og:title\" content=\"Helmut-K\u00e4utner-Preis f\u00fcr Michael Verhoeven - Kultur Online TV &amp; FM\" \/>\n<meta property=\"og:description\" content=\"Kultur sehen und H\u00f6ren\" \/>\n<meta property=\"og:url\" content=\"https:\/\/kulturonline.tv\/de\/helmut-kaeutner-preis-fuer-michael-verhoeven\/\" \/>\n<meta property=\"og:site_name\" content=\"Kultur Online TV &amp; FM\" \/>\n<meta property=\"article:publisher\" content=\"https:\/\/www.facebook.com\/kulturonline.tv\" \/>\n<meta property=\"article:published_time\" content=\"2022-01-31T06:10:34+00:00\" \/>\n<meta property=\"article:modified_time\" content=\"2022-01-31T06:10:37+00:00\" \/>\n<meta property=\"og:image\" content=\"https:\/\/kulturonline.tv\/wp-content\/uploads\/2022\/01\/michale-verhofen-edited.jpg\" \/>\n\t<meta property=\"og:image:width\" content=\"767\" \/>\n\t<meta property=\"og:image:height\" content=\"432\" \/>\n\t<meta property=\"og:image:type\" content=\"image\/jpeg\" \/>\n<meta name=\"author\" content=\"guenter.wolfgang\" \/>\n<meta name=\"twitter:card\" content=\"summary_large_image\" \/>\n<meta name=\"twitter:label1\" content=\"Verfasst von\" \/>\n\t<meta name=\"twitter:data1\" content=\"guenter.wolfgang\" \/>\n\t<meta name=\"twitter:label2\" content=\"Gesch\u00e4tzte Lesezeit\" \/>\n\t<meta name=\"twitter:data2\" content=\"1\u00a0Minute\" \/>\n<script type=\"application\/ld+json\" class=\"yoast-schema-graph\">{\"@context\":\"https:\/\/schema.org\",\"@graph\":[{\"@type\":\"Article\",\"@id\":\"https:\/\/kulturonline.tv\/de\/helmut-kaeutner-preis-fuer-michael-verhoeven\/#article\",\"isPartOf\":{\"@id\":\"https:\/\/kulturonline.tv\/de\/helmut-kaeutner-preis-fuer-michael-verhoeven\/\"},\"author\":{\"name\":\"guenter.wolfgang\",\"@id\":\"https:\/\/kulturonline.tv\/de\/#\/schema\/person\/b0fac729bb9a0c193fb1df23449df4fe\"},\"headline\":\"Helmut-K\u00e4utner-Preis f\u00fcr Michael Verhoeven\",\"datePublished\":\"2022-01-31T06:10:34+00:00\",\"dateModified\":\"2022-01-31T06:10:37+00:00\",\"mainEntityOfPage\":{\"@id\":\"https:\/\/kulturonline.tv\/de\/helmut-kaeutner-preis-fuer-michael-verhoeven\/\"},\"wordCount\":115,\"publisher\":{\"@id\":\"https:\/\/kulturonline.tv\/de\/#organization\"},\"image\":{\"@id\":\"https:\/\/kulturonline.tv\/de\/helmut-kaeutner-preis-fuer-michael-verhoeven\/#primaryimage\"},\"thumbnailUrl\":\"https:\/\/kulturonline.tv\/wp-content\/uploads\/2022\/01\/michale-verhofen-edited.jpg\",\"articleSection\":[\"Unkategorisiert\"],\"inLanguage\":\"de\"},{\"@type\":\"WebPage\",\"@id\":\"https:\/\/kulturonline.tv\/de\/helmut-kaeutner-preis-fuer-michael-verhoeven\/\",\"url\":\"https:\/\/kulturonline.tv\/de\/helmut-kaeutner-preis-fuer-michael-verhoeven\/\",\"name\":\"Helmut-K\u00e4utner-Preis f\u00fcr Michael Verhoeven - Kultur Online TV &amp; FM\",\"isPartOf\":{\"@id\":\"https:\/\/kulturonline.tv\/de\/#website\"},\"primaryImageOfPage\":{\"@id\":\"https:\/\/kulturonline.tv\/de\/helmut-kaeutner-preis-fuer-michael-verhoeven\/#primaryimage\"},\"image\":{\"@id\":\"https:\/\/kulturonline.tv\/de\/helmut-kaeutner-preis-fuer-michael-verhoeven\/#primaryimage\"},\"thumbnailUrl\":\"https:\/\/kulturonline.tv\/wp-content\/uploads\/2022\/01\/michale-verhofen-edited.jpg\",\"datePublished\":\"2022-01-31T06:10:34+00:00\",\"dateModified\":\"2022-01-31T06:10:37+00:00\",\"description\":\"Kultur sehen und H\u00f6ren\",\"breadcrumb\":{\"@id\":\"https:\/\/kulturonline.tv\/de\/helmut-kaeutner-preis-fuer-michael-verhoeven\/#breadcrumb\"},\"inLanguage\":\"de\",\"potentialAction\":[{\"@type\":\"ReadAction\",\"target\":[\"https:\/\/kulturonline.tv\/de\/helmut-kaeutner-preis-fuer-michael-verhoeven\/\"]}]},{\"@type\":\"ImageObject\",\"inLanguage\":\"de\",\"@id\":\"https:\/\/kulturonline.tv\/de\/helmut-kaeutner-preis-fuer-michael-verhoeven\/#primaryimage\",\"url\":\"https:\/\/kulturonline.tv\/wp-content\/uploads\/2022\/01\/michale-verhofen-edited.jpg\",\"contentUrl\":\"https:\/\/kulturonline.tv\/wp-content\/uploads\/2022\/01\/michale-verhofen-edited.jpg\",\"width\":767,\"height\":432},{\"@type\":\"BreadcrumbList\",\"@id\":\"https:\/\/kulturonline.tv\/de\/helmut-kaeutner-preis-fuer-michael-verhoeven\/#breadcrumb\",\"itemListElement\":[{\"@type\":\"ListItem\",\"position\":1,\"name\":\"Startseite\",\"item\":\"https:\/\/kulturonline.tv\/de\/\"},{\"@type\":\"ListItem\",\"position\":2,\"name\":\"Helmut-K\u00e4utner-Preis f\u00fcr Michael Verhoeven\"}]},{\"@type\":\"WebSite\",\"@id\":\"https:\/\/kulturonline.tv\/de\/#website\",\"url\":\"https:\/\/kulturonline.tv\/de\/\",\"name\":\"Kultur Online TV &amp; FM\",\"description\":\"Wir sind Kultur 2.0 zum sehen &amp; h\u00f6ren\",\"publisher\":{\"@id\":\"https:\/\/kulturonline.tv\/de\/#organization\"},\"potentialAction\":[{\"@type\":\"SearchAction\",\"target\":{\"@type\":\"EntryPoint\",\"urlTemplate\":\"https:\/\/kulturonline.tv\/de\/?s={search_term_string}\"},\"query-input\":{\"@type\":\"PropertyValueSpecification\",\"valueRequired\":true,\"valueName\":\"search_term_string\"}}],\"inLanguage\":\"de\"},{\"@type\":\"Organization\",\"@id\":\"https:\/\/kulturonline.tv\/de\/#organization\",\"name\":\"Kultur Online TV\",\"url\":\"https:\/\/kulturonline.tv\/de\/\",\"logo\":{\"@type\":\"ImageObject\",\"inLanguage\":\"de\",\"@id\":\"https:\/\/kulturonline.tv\/de\/#\/schema\/logo\/image\/\",\"url\":\"https:\/\/kulturonline.tv\/wp-content\/uploads\/2021\/08\/Kultur-Online-Tv-Logo-Endversion-neu.png\",\"contentUrl\":\"https:\/\/kulturonline.tv\/wp-content\/uploads\/2021\/08\/Kultur-Online-Tv-Logo-Endversion-neu.png\",\"width\":200,\"height\":200,\"caption\":\"Kultur Online TV\"},\"image\":{\"@id\":\"https:\/\/kulturonline.tv\/de\/#\/schema\/logo\/image\/\"},\"sameAs\":[\"https:\/\/www.facebook.com\/kulturonline.tv\",\"https:\/\/www.instagram.com\/kulturonline.tv\"]},{\"@type\":\"Person\",\"@id\":\"https:\/\/kulturonline.tv\/de\/#\/schema\/person\/b0fac729bb9a0c193fb1df23449df4fe\",\"name\":\"guenter.wolfgang\"}]}<\/script>\n<!-- \/ Yoast SEO plugin. -->","yoast_head_json":{"title":"Helmut-K\u00e4utner-Preis f\u00fcr Michael Verhoeven - Kultur Online TV &amp; FM","description":"Kultur sehen und H\u00f6ren","robots":{"index":"index","follow":"follow","max-snippet":"max-snippet:-1","max-image-preview":"max-image-preview:large","max-video-preview":"max-video-preview:-1"},"canonical":"https:\/\/kulturonline.tv\/de\/helmut-kaeutner-preis-fuer-michael-verhoeven\/","og_locale":"de_DE","og_type":"article","og_title":"Helmut-K\u00e4utner-Preis f\u00fcr Michael Verhoeven - Kultur Online TV &amp; FM","og_description":"Kultur sehen und H\u00f6ren","og_url":"https:\/\/kulturonline.tv\/de\/helmut-kaeutner-preis-fuer-michael-verhoeven\/","og_site_name":"Kultur Online TV &amp; FM","article_publisher":"https:\/\/www.facebook.com\/kulturonline.tv","article_published_time":"2022-01-31T06:10:34+00:00","article_modified_time":"2022-01-31T06:10:37+00:00","og_image":[{"width":767,"height":432,"url":"https:\/\/kulturonline.tv\/wp-content\/uploads\/2022\/01\/michale-verhofen-edited.jpg","type":"image\/jpeg"}],"author":"guenter.wolfgang","twitter_card":"summary_large_image","twitter_misc":{"Verfasst von":"guenter.wolfgang","Gesch\u00e4tzte Lesezeit":"1\u00a0Minute"},"schema":{"@context":"https:\/\/schema.org","@graph":[{"@type":"Article","@id":"https:\/\/kulturonline.tv\/de\/helmut-kaeutner-preis-fuer-michael-verhoeven\/#article","isPartOf":{"@id":"https:\/\/kulturonline.tv\/de\/helmut-kaeutner-preis-fuer-michael-verhoeven\/"},"author":{"name":"guenter.wolfgang","@id":"https:\/\/kulturonline.tv\/de\/#\/schema\/person\/b0fac729bb9a0c193fb1df23449df4fe"},"headline":"Helmut-K\u00e4utner-Preis f\u00fcr Michael Verhoeven","datePublished":"2022-01-31T06:10:34+00:00","dateModified":"2022-01-31T06:10:37+00:00","mainEntityOfPage":{"@id":"https:\/\/kulturonline.tv\/de\/helmut-kaeutner-preis-fuer-michael-verhoeven\/"},"wordCount":115,"publisher":{"@id":"https:\/\/kulturonline.tv\/de\/#organization"},"image":{"@id":"https:\/\/kulturonline.tv\/de\/helmut-kaeutner-preis-fuer-michael-verhoeven\/#primaryimage"},"thumbnailUrl":"https:\/\/kulturonline.tv\/wp-content\/uploads\/2022\/01\/michale-verhofen-edited.jpg","articleSection":["Unkategorisiert"],"inLanguage":"de"},{"@type":"WebPage","@id":"https:\/\/kulturonline.tv\/de\/helmut-kaeutner-preis-fuer-michael-verhoeven\/","url":"https:\/\/kulturonline.tv\/de\/helmut-kaeutner-preis-fuer-michael-verhoeven\/","name":"Helmut-K\u00e4utner-Preis f\u00fcr Michael Verhoeven - Kultur Online TV &amp; FM","isPartOf":{"@id":"https:\/\/kulturonline.tv\/de\/#website"},"primaryImageOfPage":{"@id":"https:\/\/kulturonline.tv\/de\/helmut-kaeutner-preis-fuer-michael-verhoeven\/#primaryimage"},"image":{"@id":"https:\/\/kulturonline.tv\/de\/helmut-kaeutner-preis-fuer-michael-verhoeven\/#primaryimage"},"thumbnailUrl":"https:\/\/kulturonline.tv\/wp-content\/uploads\/2022\/01\/michale-verhofen-edited.jpg","datePublished":"2022-01-31T06:10:34+00:00","dateModified":"2022-01-31T06:10:37+00:00","description":"Kultur sehen und H\u00f6ren","breadcrumb":{"@id":"https:\/\/kulturonline.tv\/de\/helmut-kaeutner-preis-fuer-michael-verhoeven\/#breadcrumb"},"inLanguage":"de","potentialAction":[{"@type":"ReadAction","target":["https:\/\/kulturonline.tv\/de\/helmut-kaeutner-preis-fuer-michael-verhoeven\/"]}]},{"@type":"ImageObject","inLanguage":"de","@id":"https:\/\/kulturonline.tv\/de\/helmut-kaeutner-preis-fuer-michael-verhoeven\/#primaryimage","url":"https:\/\/kulturonline.tv\/wp-content\/uploads\/2022\/01\/michale-verhofen-edited.jpg","contentUrl":"https:\/\/kulturonline.tv\/wp-content\/uploads\/2022\/01\/michale-verhofen-edited.jpg","width":767,"height":432},{"@type":"BreadcrumbList","@id":"https:\/\/kulturonline.tv\/de\/helmut-kaeutner-preis-fuer-michael-verhoeven\/#breadcrumb","itemListElement":[{"@type":"ListItem","position":1,"name":"Startseite","item":"https:\/\/kulturonline.tv\/de\/"},{"@type":"ListItem","position":2,"name":"Helmut-K\u00e4utner-Preis f\u00fcr Michael Verhoeven"}]},{"@type":"WebSite","@id":"https:\/\/kulturonline.tv\/de\/#website","url":"https:\/\/kulturonline.tv\/de\/","name":"Kultur Online TV &amp; FM","description":"Wir sind Kultur 2.0 zum sehen &amp; h\u00f6ren","publisher":{"@id":"https:\/\/kulturonline.tv\/de\/#organization"},"potentialAction":[{"@type":"SearchAction","target":{"@type":"EntryPoint","urlTemplate":"https:\/\/kulturonline.tv\/de\/?s={search_term_string}"},"query-input":{"@type":"PropertyValueSpecification","valueRequired":true,"valueName":"search_term_string"}}],"inLanguage":"de"},{"@type":"Organization","@id":"https:\/\/kulturonline.tv\/de\/#organization","name":"Kultur Online TV","url":"https:\/\/kulturonline.tv\/de\/","logo":{"@type":"ImageObject","inLanguage":"de","@id":"https:\/\/kulturonline.tv\/de\/#\/schema\/logo\/image\/","url":"https:\/\/kulturonline.tv\/wp-content\/uploads\/2021\/08\/Kultur-Online-Tv-Logo-Endversion-neu.png","contentUrl":"https:\/\/kulturonline.tv\/wp-content\/uploads\/2021\/08\/Kultur-Online-Tv-Logo-Endversion-neu.png","width":200,"height":200,"caption":"Kultur Online TV"},"image":{"@id":"https:\/\/kulturonline.tv\/de\/#\/schema\/logo\/image\/"},"sameAs":["https:\/\/www.facebook.com\/kulturonline.tv","https:\/\/www.instagram.com\/kulturonline.tv"]},{"@type":"Person","@id":"https:\/\/kulturonline.tv\/de\/#\/schema\/person\/b0fac729bb9a0c193fb1df23449df4fe","name":"guenter.wolfgang"}]}},"_links":{"self":[{"href":"https:\/\/kulturonline.tv\/de\/wp-json\/wp\/v2\/posts\/21603","targetHints":{"allow":["GET"]}}],"collection":[{"href":"https:\/\/kulturonline.tv\/de\/wp-json\/wp\/v2\/posts"}],"about":[{"href":"https:\/\/kulturonline.tv\/de\/wp-json\/wp\/v2\/types\/post"}],"author":[{"embeddable":true,"href":"https:\/\/kulturonline.tv\/de\/wp-json\/wp\/v2\/users\/2"}],"replies":[{"embeddable":true,"href":"https:\/\/kulturonline.tv\/de\/wp-json\/wp\/v2\/comments?post=21603"}],"version-history":[{"count":0,"href":"https:\/\/kulturonline.tv\/de\/wp-json\/wp\/v2\/posts\/21603\/revisions"}],"wp:featuredmedia":[{"embeddable":true,"href":"https:\/\/kulturonline.tv\/de\/wp-json\/wp\/v2\/media\/21607"}],"wp:attachment":[{"href":"https:\/\/kulturonline.tv\/de\/wp-json\/wp\/v2\/media?parent=21603"}],"wp:term":[{"taxonomy":"category","embeddable":true,"href":"https:\/\/kulturonline.tv\/de\/wp-json\/wp\/v2\/categories?post=21603"},{"taxonomy":"post_tag","embeddable":true,"href":"https:\/\/kulturonline.tv\/de\/wp-json\/wp\/v2\/tags?post=21603"}],"curies":[{"name":"wp","href":"https:\/\/api.w.org\/{rel}","templated":true}]}}