{"id":21610,"date":"2022-01-31T07:09:59","date_gmt":"2022-01-31T06:09:59","guid":{"rendered":"https:\/\/kulturonline.tv\/?p=21610"},"modified":"2022-01-31T07:10:01","modified_gmt":"2022-01-31T06:10:01","slug":"schauspielerin-birgit-minichmayr-kritisiert-katholische-kirche","status":"publish","type":"post","link":"https:\/\/kulturonline.tv\/de\/schauspielerin-birgit-minichmayr-kritisiert-katholische-kirche\/","title":{"rendered":"Schauspielerin Birgit Minichmayr kritisiert katholische Kirche"},"content":{"rendered":"\n<p>Die Schauspielerin Birgit Minichmayr kritisiert den Umgang der katholischen Kirche mit Missbrauchsf\u00e4llen.<\/p>\n\n\n\n<figure class=\"wp-block-image size-full\"><img fetchpriority=\"high\" decoding=\"async\" width=\"840\" height=\"473\" src=\"https:\/\/kulturonline.tv\/wp-content\/uploads\/2022\/01\/birgit_minichmayr-edited.jpg\" alt=\"\" class=\"wp-image-21614\" srcset=\"https:\/\/kulturonline.tv\/wp-content\/uploads\/2022\/01\/birgit_minichmayr-edited.jpg 840w, https:\/\/kulturonline.tv\/wp-content\/uploads\/2022\/01\/birgit_minichmayr-edited-600x338.jpg 600w, https:\/\/kulturonline.tv\/wp-content\/uploads\/2022\/01\/birgit_minichmayr-edited-800x450.jpg 800w, https:\/\/kulturonline.tv\/wp-content\/uploads\/2022\/01\/birgit_minichmayr-edited-768x432.jpg 768w\" sizes=\"(max-width: 840px) 100vw, 840px\" \/><\/figure>\n\n\n\n<p>Die 44-J\u00e4hrige sagte dem evangelischen Magazin &#8222;chrismon&#8220;, sie sei aus der Kirche ausgetreten, als das desastr\u00f6se Ausma\u00df offensichtlich geworden sei. Minichmayr selbst hatte als Kind eine Nonnenschule besucht. Sie berichtet in dem Interview, sie habe in ihrer Schulzeit dauernd zur Beichte gemusst. Dies habe sie sehr eingeengt, weil sie als extrem gl\u00e4ubiges Kind anf\u00e4llig f\u00fcr Schuld und schlechtes Gewissen gewesen sei. Minichmayr ist derzeit Ensemblemitglied am Wiener Burgtheater und hat in zahlreichen Kino- und Fernsehfilmen mitgespielt.<\/p>\n\n\n\n<p>Kultur Online TV<\/p>\n\n\n\n<p>#news #kunst #kultur <\/p>\n","protected":false},"excerpt":{"rendered":"<p>Die Schauspielerin Birgit Minichmayr kritisiert den Umgang der katholischen Kirche mit Missbrauchsf\u00e4llen. Die 44-J\u00e4hrige sagte dem evangelischen Magazin &#8222;chrismon&#8220;, sie sei aus der Kirche ausgetreten, als das desastr\u00f6se Ausma\u00df offensichtlich geworden sei. Minichmayr selbst hatte als Kind eine Nonnenschule besucht. Sie berichtet in dem Interview, sie habe in ihrer Schulzeit dauernd zur Beichte gemusst. Dies [&hellip;]<\/p>\n","protected":false},"author":2,"featured_media":21614,"comment_status":"closed","ping_status":"closed","sticky":false,"template":"","format":"standard","meta":{"_acf_changed":false,"footnotes":""},"categories":[3],"tags":[],"class_list":["post-21610","post","type-post","status-publish","format-standard","has-post-thumbnail","hentry","category-newsflash"],"acf":[],"yoast_head":"<!-- This site is optimized with the Yoast SEO plugin v26.1.1 - https:\/\/yoast.com\/wordpress\/plugins\/seo\/ -->\n<title>Schauspielerin Birgit Minichmayr kritisiert katholische Kirche - Kultur Online TV &amp; FM<\/title>\n<meta name=\"description\" content=\"Kultur sehen und H\u00f6ren\" \/>\n<meta name=\"robots\" content=\"index, follow, max-snippet:-1, max-image-preview:large, max-video-preview:-1\" \/>\n<link rel=\"canonical\" href=\"https:\/\/kulturonline.tv\/de\/schauspielerin-birgit-minichmayr-kritisiert-katholische-kirche\/\" \/>\n<meta property=\"og:locale\" content=\"de_DE\" \/>\n<meta property=\"og:type\" content=\"article\" \/>\n<meta property=\"og:title\" content=\"Schauspielerin Birgit Minichmayr kritisiert katholische Kirche - Kultur Online TV &amp; FM\" \/>\n<meta property=\"og:description\" content=\"Kultur sehen und H\u00f6ren\" \/>\n<meta property=\"og:url\" content=\"https:\/\/kulturonline.tv\/de\/schauspielerin-birgit-minichmayr-kritisiert-katholische-kirche\/\" \/>\n<meta property=\"og:site_name\" content=\"Kultur Online TV &amp; FM\" \/>\n<meta property=\"article:publisher\" content=\"https:\/\/www.facebook.com\/kulturonline.tv\" \/>\n<meta property=\"article:published_time\" content=\"2022-01-31T06:09:59+00:00\" \/>\n<meta property=\"article:modified_time\" content=\"2022-01-31T06:10:01+00:00\" \/>\n<meta property=\"og:image\" content=\"https:\/\/kulturonline.tv\/wp-content\/uploads\/2022\/01\/birgit_minichmayr-edited.jpg\" \/>\n\t<meta property=\"og:image:width\" content=\"840\" \/>\n\t<meta property=\"og:image:height\" content=\"473\" \/>\n\t<meta property=\"og:image:type\" content=\"image\/jpeg\" \/>\n<meta name=\"author\" content=\"guenter.wolfgang\" \/>\n<meta name=\"twitter:card\" content=\"summary_large_image\" \/>\n<meta name=\"twitter:label1\" content=\"Verfasst von\" \/>\n\t<meta name=\"twitter:data1\" content=\"guenter.wolfgang\" \/>\n\t<meta name=\"twitter:label2\" content=\"Gesch\u00e4tzte Lesezeit\" \/>\n\t<meta name=\"twitter:data2\" content=\"1\u00a0Minute\" \/>\n<script type=\"application\/ld+json\" class=\"yoast-schema-graph\">{\"@context\":\"https:\/\/schema.org\",\"@graph\":[{\"@type\":\"Article\",\"@id\":\"https:\/\/kulturonline.tv\/de\/schauspielerin-birgit-minichmayr-kritisiert-katholische-kirche\/#article\",\"isPartOf\":{\"@id\":\"https:\/\/kulturonline.tv\/de\/schauspielerin-birgit-minichmayr-kritisiert-katholische-kirche\/\"},\"author\":{\"name\":\"guenter.wolfgang\",\"@id\":\"https:\/\/kulturonline.tv\/de\/#\/schema\/person\/b0fac729bb9a0c193fb1df23449df4fe\"},\"headline\":\"Schauspielerin Birgit Minichmayr kritisiert katholische Kirche\",\"datePublished\":\"2022-01-31T06:09:59+00:00\",\"dateModified\":\"2022-01-31T06:10:01+00:00\",\"mainEntityOfPage\":{\"@id\":\"https:\/\/kulturonline.tv\/de\/schauspielerin-birgit-minichmayr-kritisiert-katholische-kirche\/\"},\"wordCount\":106,\"publisher\":{\"@id\":\"https:\/\/kulturonline.tv\/de\/#organization\"},\"image\":{\"@id\":\"https:\/\/kulturonline.tv\/de\/schauspielerin-birgit-minichmayr-kritisiert-katholische-kirche\/#primaryimage\"},\"thumbnailUrl\":\"https:\/\/kulturonline.tv\/wp-content\/uploads\/2022\/01\/birgit_minichmayr-edited.jpg\",\"articleSection\":[\"Newsflash\"],\"inLanguage\":\"de\"},{\"@type\":\"WebPage\",\"@id\":\"https:\/\/kulturonline.tv\/de\/schauspielerin-birgit-minichmayr-kritisiert-katholische-kirche\/\",\"url\":\"https:\/\/kulturonline.tv\/de\/schauspielerin-birgit-minichmayr-kritisiert-katholische-kirche\/\",\"name\":\"Schauspielerin Birgit Minichmayr kritisiert katholische Kirche - Kultur Online TV &amp; FM\",\"isPartOf\":{\"@id\":\"https:\/\/kulturonline.tv\/de\/#website\"},\"primaryImageOfPage\":{\"@id\":\"https:\/\/kulturonline.tv\/de\/schauspielerin-birgit-minichmayr-kritisiert-katholische-kirche\/#primaryimage\"},\"image\":{\"@id\":\"https:\/\/kulturonline.tv\/de\/schauspielerin-birgit-minichmayr-kritisiert-katholische-kirche\/#primaryimage\"},\"thumbnailUrl\":\"https:\/\/kulturonline.tv\/wp-content\/uploads\/2022\/01\/birgit_minichmayr-edited.jpg\",\"datePublished\":\"2022-01-31T06:09:59+00:00\",\"dateModified\":\"2022-01-31T06:10:01+00:00\",\"description\":\"Kultur sehen und H\u00f6ren\",\"breadcrumb\":{\"@id\":\"https:\/\/kulturonline.tv\/de\/schauspielerin-birgit-minichmayr-kritisiert-katholische-kirche\/#breadcrumb\"},\"inLanguage\":\"de\",\"potentialAction\":[{\"@type\":\"ReadAction\",\"target\":[\"https:\/\/kulturonline.tv\/de\/schauspielerin-birgit-minichmayr-kritisiert-katholische-kirche\/\"]}]},{\"@type\":\"ImageObject\",\"inLanguage\":\"de\",\"@id\":\"https:\/\/kulturonline.tv\/de\/schauspielerin-birgit-minichmayr-kritisiert-katholische-kirche\/#primaryimage\",\"url\":\"https:\/\/kulturonline.tv\/wp-content\/uploads\/2022\/01\/birgit_minichmayr-edited.jpg\",\"contentUrl\":\"https:\/\/kulturonline.tv\/wp-content\/uploads\/2022\/01\/birgit_minichmayr-edited.jpg\",\"width\":840,\"height\":473},{\"@type\":\"BreadcrumbList\",\"@id\":\"https:\/\/kulturonline.tv\/de\/schauspielerin-birgit-minichmayr-kritisiert-katholische-kirche\/#breadcrumb\",\"itemListElement\":[{\"@type\":\"ListItem\",\"position\":1,\"name\":\"Startseite\",\"item\":\"https:\/\/kulturonline.tv\/de\/\"},{\"@type\":\"ListItem\",\"position\":2,\"name\":\"Schauspielerin Birgit Minichmayr kritisiert katholische Kirche\"}]},{\"@type\":\"WebSite\",\"@id\":\"https:\/\/kulturonline.tv\/de\/#website\",\"url\":\"https:\/\/kulturonline.tv\/de\/\",\"name\":\"Kultur Online TV &amp; FM\",\"description\":\"Wir sind Kultur 2.0 zum sehen &amp; h\u00f6ren\",\"publisher\":{\"@id\":\"https:\/\/kulturonline.tv\/de\/#organization\"},\"potentialAction\":[{\"@type\":\"SearchAction\",\"target\":{\"@type\":\"EntryPoint\",\"urlTemplate\":\"https:\/\/kulturonline.tv\/de\/?s={search_term_string}\"},\"query-input\":{\"@type\":\"PropertyValueSpecification\",\"valueRequired\":true,\"valueName\":\"search_term_string\"}}],\"inLanguage\":\"de\"},{\"@type\":\"Organization\",\"@id\":\"https:\/\/kulturonline.tv\/de\/#organization\",\"name\":\"Kultur Online TV\",\"url\":\"https:\/\/kulturonline.tv\/de\/\",\"logo\":{\"@type\":\"ImageObject\",\"inLanguage\":\"de\",\"@id\":\"https:\/\/kulturonline.tv\/de\/#\/schema\/logo\/image\/\",\"url\":\"https:\/\/kulturonline.tv\/wp-content\/uploads\/2021\/08\/Kultur-Online-Tv-Logo-Endversion-neu.png\",\"contentUrl\":\"https:\/\/kulturonline.tv\/wp-content\/uploads\/2021\/08\/Kultur-Online-Tv-Logo-Endversion-neu.png\",\"width\":200,\"height\":200,\"caption\":\"Kultur Online TV\"},\"image\":{\"@id\":\"https:\/\/kulturonline.tv\/de\/#\/schema\/logo\/image\/\"},\"sameAs\":[\"https:\/\/www.facebook.com\/kulturonline.tv\",\"https:\/\/www.instagram.com\/kulturonline.tv\"]},{\"@type\":\"Person\",\"@id\":\"https:\/\/kulturonline.tv\/de\/#\/schema\/person\/b0fac729bb9a0c193fb1df23449df4fe\",\"name\":\"guenter.wolfgang\"}]}<\/script>\n<!-- \/ Yoast SEO plugin. -->","yoast_head_json":{"title":"Schauspielerin Birgit Minichmayr kritisiert katholische Kirche - Kultur Online TV &amp; FM","description":"Kultur sehen und H\u00f6ren","robots":{"index":"index","follow":"follow","max-snippet":"max-snippet:-1","max-image-preview":"max-image-preview:large","max-video-preview":"max-video-preview:-1"},"canonical":"https:\/\/kulturonline.tv\/de\/schauspielerin-birgit-minichmayr-kritisiert-katholische-kirche\/","og_locale":"de_DE","og_type":"article","og_title":"Schauspielerin Birgit Minichmayr kritisiert katholische Kirche - Kultur Online TV &amp; FM","og_description":"Kultur sehen und H\u00f6ren","og_url":"https:\/\/kulturonline.tv\/de\/schauspielerin-birgit-minichmayr-kritisiert-katholische-kirche\/","og_site_name":"Kultur Online TV &amp; FM","article_publisher":"https:\/\/www.facebook.com\/kulturonline.tv","article_published_time":"2022-01-31T06:09:59+00:00","article_modified_time":"2022-01-31T06:10:01+00:00","og_image":[{"width":840,"height":473,"url":"https:\/\/kulturonline.tv\/wp-content\/uploads\/2022\/01\/birgit_minichmayr-edited.jpg","type":"image\/jpeg"}],"author":"guenter.wolfgang","twitter_card":"summary_large_image","twitter_misc":{"Verfasst von":"guenter.wolfgang","Gesch\u00e4tzte Lesezeit":"1\u00a0Minute"},"schema":{"@context":"https:\/\/schema.org","@graph":[{"@type":"Article","@id":"https:\/\/kulturonline.tv\/de\/schauspielerin-birgit-minichmayr-kritisiert-katholische-kirche\/#article","isPartOf":{"@id":"https:\/\/kulturonline.tv\/de\/schauspielerin-birgit-minichmayr-kritisiert-katholische-kirche\/"},"author":{"name":"guenter.wolfgang","@id":"https:\/\/kulturonline.tv\/de\/#\/schema\/person\/b0fac729bb9a0c193fb1df23449df4fe"},"headline":"Schauspielerin Birgit Minichmayr kritisiert katholische Kirche","datePublished":"2022-01-31T06:09:59+00:00","dateModified":"2022-01-31T06:10:01+00:00","mainEntityOfPage":{"@id":"https:\/\/kulturonline.tv\/de\/schauspielerin-birgit-minichmayr-kritisiert-katholische-kirche\/"},"wordCount":106,"publisher":{"@id":"https:\/\/kulturonline.tv\/de\/#organization"},"image":{"@id":"https:\/\/kulturonline.tv\/de\/schauspielerin-birgit-minichmayr-kritisiert-katholische-kirche\/#primaryimage"},"thumbnailUrl":"https:\/\/kulturonline.tv\/wp-content\/uploads\/2022\/01\/birgit_minichmayr-edited.jpg","articleSection":["Newsflash"],"inLanguage":"de"},{"@type":"WebPage","@id":"https:\/\/kulturonline.tv\/de\/schauspielerin-birgit-minichmayr-kritisiert-katholische-kirche\/","url":"https:\/\/kulturonline.tv\/de\/schauspielerin-birgit-minichmayr-kritisiert-katholische-kirche\/","name":"Schauspielerin Birgit Minichmayr kritisiert katholische Kirche - Kultur Online TV &amp; FM","isPartOf":{"@id":"https:\/\/kulturonline.tv\/de\/#website"},"primaryImageOfPage":{"@id":"https:\/\/kulturonline.tv\/de\/schauspielerin-birgit-minichmayr-kritisiert-katholische-kirche\/#primaryimage"},"image":{"@id":"https:\/\/kulturonline.tv\/de\/schauspielerin-birgit-minichmayr-kritisiert-katholische-kirche\/#primaryimage"},"thumbnailUrl":"https:\/\/kulturonline.tv\/wp-content\/uploads\/2022\/01\/birgit_minichmayr-edited.jpg","datePublished":"2022-01-31T06:09:59+00:00","dateModified":"2022-01-31T06:10:01+00:00","description":"Kultur sehen und H\u00f6ren","breadcrumb":{"@id":"https:\/\/kulturonline.tv\/de\/schauspielerin-birgit-minichmayr-kritisiert-katholische-kirche\/#breadcrumb"},"inLanguage":"de","potentialAction":[{"@type":"ReadAction","target":["https:\/\/kulturonline.tv\/de\/schauspielerin-birgit-minichmayr-kritisiert-katholische-kirche\/"]}]},{"@type":"ImageObject","inLanguage":"de","@id":"https:\/\/kulturonline.tv\/de\/schauspielerin-birgit-minichmayr-kritisiert-katholische-kirche\/#primaryimage","url":"https:\/\/kulturonline.tv\/wp-content\/uploads\/2022\/01\/birgit_minichmayr-edited.jpg","contentUrl":"https:\/\/kulturonline.tv\/wp-content\/uploads\/2022\/01\/birgit_minichmayr-edited.jpg","width":840,"height":473},{"@type":"BreadcrumbList","@id":"https:\/\/kulturonline.tv\/de\/schauspielerin-birgit-minichmayr-kritisiert-katholische-kirche\/#breadcrumb","itemListElement":[{"@type":"ListItem","position":1,"name":"Startseite","item":"https:\/\/kulturonline.tv\/de\/"},{"@type":"ListItem","position":2,"name":"Schauspielerin Birgit Minichmayr kritisiert katholische Kirche"}]},{"@type":"WebSite","@id":"https:\/\/kulturonline.tv\/de\/#website","url":"https:\/\/kulturonline.tv\/de\/","name":"Kultur Online TV &amp; FM","description":"Wir sind Kultur 2.0 zum sehen &amp; h\u00f6ren","publisher":{"@id":"https:\/\/kulturonline.tv\/de\/#organization"},"potentialAction":[{"@type":"SearchAction","target":{"@type":"EntryPoint","urlTemplate":"https:\/\/kulturonline.tv\/de\/?s={search_term_string}"},"query-input":{"@type":"PropertyValueSpecification","valueRequired":true,"valueName":"search_term_string"}}],"inLanguage":"de"},{"@type":"Organization","@id":"https:\/\/kulturonline.tv\/de\/#organization","name":"Kultur Online TV","url":"https:\/\/kulturonline.tv\/de\/","logo":{"@type":"ImageObject","inLanguage":"de","@id":"https:\/\/kulturonline.tv\/de\/#\/schema\/logo\/image\/","url":"https:\/\/kulturonline.tv\/wp-content\/uploads\/2021\/08\/Kultur-Online-Tv-Logo-Endversion-neu.png","contentUrl":"https:\/\/kulturonline.tv\/wp-content\/uploads\/2021\/08\/Kultur-Online-Tv-Logo-Endversion-neu.png","width":200,"height":200,"caption":"Kultur Online TV"},"image":{"@id":"https:\/\/kulturonline.tv\/de\/#\/schema\/logo\/image\/"},"sameAs":["https:\/\/www.facebook.com\/kulturonline.tv","https:\/\/www.instagram.com\/kulturonline.tv"]},{"@type":"Person","@id":"https:\/\/kulturonline.tv\/de\/#\/schema\/person\/b0fac729bb9a0c193fb1df23449df4fe","name":"guenter.wolfgang"}]}},"_links":{"self":[{"href":"https:\/\/kulturonline.tv\/de\/wp-json\/wp\/v2\/posts\/21610","targetHints":{"allow":["GET"]}}],"collection":[{"href":"https:\/\/kulturonline.tv\/de\/wp-json\/wp\/v2\/posts"}],"about":[{"href":"https:\/\/kulturonline.tv\/de\/wp-json\/wp\/v2\/types\/post"}],"author":[{"embeddable":true,"href":"https:\/\/kulturonline.tv\/de\/wp-json\/wp\/v2\/users\/2"}],"replies":[{"embeddable":true,"href":"https:\/\/kulturonline.tv\/de\/wp-json\/wp\/v2\/comments?post=21610"}],"version-history":[{"count":0,"href":"https:\/\/kulturonline.tv\/de\/wp-json\/wp\/v2\/posts\/21610\/revisions"}],"wp:featuredmedia":[{"embeddable":true,"href":"https:\/\/kulturonline.tv\/de\/wp-json\/wp\/v2\/media\/21614"}],"wp:attachment":[{"href":"https:\/\/kulturonline.tv\/de\/wp-json\/wp\/v2\/media?parent=21610"}],"wp:term":[{"taxonomy":"category","embeddable":true,"href":"https:\/\/kulturonline.tv\/de\/wp-json\/wp\/v2\/categories?post=21610"},{"taxonomy":"post_tag","embeddable":true,"href":"https:\/\/kulturonline.tv\/de\/wp-json\/wp\/v2\/tags?post=21610"}],"curies":[{"name":"wp","href":"https:\/\/api.w.org\/{rel}","templated":true}]}}