{"id":21884,"date":"2022-02-02T06:08:06","date_gmt":"2022-02-02T05:08:06","guid":{"rendered":"https:\/\/kulturonline.tv\/?p=21884"},"modified":"2022-02-02T06:08:08","modified_gmt":"2022-02-02T05:08:08","slug":"literarisches-quartett-sucht-junge-gaeste","status":"publish","type":"post","link":"https:\/\/kulturonline.tv\/de\/literarisches-quartett-sucht-junge-gaeste\/","title":{"rendered":"Literarisches Quartett sucht junge G\u00e4ste"},"content":{"rendered":"\n<p><strong>Die ZDF-Sendung &#8222;Literarisches Quartett&#8220; sucht junge Leser und Leserinnen f\u00fcr eine Sonderausgabe. Menschen unter 21 Jahren k\u00f6nnen sich mit einem Buchvorschlag bewerben.<\/strong><\/p>\n\n\n\n<figure class=\"wp-block-image size-large\"><img fetchpriority=\"high\" decoding=\"async\" width=\"2000\" height=\"1124\" src=\"https:\/\/kulturonline.tv\/wp-content\/uploads\/2022\/02\/literarisches_quartett_april_2019-1-edited.jpg\" alt=\"\" class=\"wp-image-21888\" srcset=\"https:\/\/kulturonline.tv\/wp-content\/uploads\/2022\/02\/literarisches_quartett_april_2019-1-edited.jpg 2000w, https:\/\/kulturonline.tv\/wp-content\/uploads\/2022\/02\/literarisches_quartett_april_2019-1-edited-600x337.jpg 600w, https:\/\/kulturonline.tv\/wp-content\/uploads\/2022\/02\/literarisches_quartett_april_2019-1-edited-800x450.jpg 800w, https:\/\/kulturonline.tv\/wp-content\/uploads\/2022\/02\/literarisches_quartett_april_2019-1-edited-1600x899.jpg 1600w, https:\/\/kulturonline.tv\/wp-content\/uploads\/2022\/02\/literarisches_quartett_april_2019-1-edited-768x432.jpg 768w, https:\/\/kulturonline.tv\/wp-content\/uploads\/2022\/02\/literarisches_quartett_april_2019-1-edited-1536x863.jpg 1536w\" sizes=\"(max-width: 2000px) 100vw, 2000px\" \/><\/figure>\n\n\n\n<p>Drei ausgew\u00e4hlte G\u00e4ste d\u00fcrfen dann vor der Kamera mit Moderatorin Thea Dorn \u00fcber die mitgebrachten Romane diskutieren. Die B\u00fccher sollen m\u00f6glichst in die Corona-Zeit passen, also Themen wie Lockdown, Tod und Trauer oder auch Freundschaft und Zuversicht behandeln. Die Bewerbungsfrist ist der kommende Montag, ausgestrahlt wird die Sendung im April zum Welttag des Buches.<\/p>\n\n\n\n<p>Kultur Online TV<\/p>\n\n\n\n<p>#news #literatur #kultur<\/p>\n","protected":false},"excerpt":{"rendered":"<p>Die ZDF-Sendung &#8222;Literarisches Quartett&#8220; sucht junge Leser und Leserinnen f\u00fcr eine Sonderausgabe. Menschen unter 21 Jahren k\u00f6nnen sich mit einem Buchvorschlag bewerben. Drei ausgew\u00e4hlte G\u00e4ste d\u00fcrfen dann vor der Kamera mit Moderatorin Thea Dorn \u00fcber die mitgebrachten Romane diskutieren. Die B\u00fccher sollen m\u00f6glichst in die Corona-Zeit passen, also Themen wie Lockdown, Tod und Trauer oder [&hellip;]<\/p>\n","protected":false},"author":2,"featured_media":21888,"comment_status":"closed","ping_status":"closed","sticky":false,"template":"","format":"standard","meta":{"_acf_changed":false,"footnotes":""},"categories":[106],"tags":[],"class_list":["post-21884","post","type-post","status-publish","format-standard","has-post-thumbnail","hentry","category-literatur"],"acf":[],"yoast_head":"<!-- This site is optimized with the Yoast SEO plugin v26.1.1 - https:\/\/yoast.com\/wordpress\/plugins\/seo\/ -->\n<title>Literarisches Quartett sucht junge G\u00e4ste - Kultur Online TV &amp; FM<\/title>\n<meta name=\"description\" content=\"Kultur sehen und H\u00f6ren\" \/>\n<meta name=\"robots\" content=\"index, follow, max-snippet:-1, max-image-preview:large, max-video-preview:-1\" \/>\n<link rel=\"canonical\" href=\"https:\/\/kulturonline.tv\/de\/literarisches-quartett-sucht-junge-gaeste\/\" \/>\n<meta property=\"og:locale\" content=\"de_DE\" \/>\n<meta property=\"og:type\" content=\"article\" \/>\n<meta property=\"og:title\" content=\"Literarisches Quartett sucht junge G\u00e4ste - Kultur Online TV &amp; FM\" \/>\n<meta property=\"og:description\" content=\"Kultur sehen und H\u00f6ren\" \/>\n<meta property=\"og:url\" content=\"https:\/\/kulturonline.tv\/de\/literarisches-quartett-sucht-junge-gaeste\/\" \/>\n<meta property=\"og:site_name\" content=\"Kultur Online TV &amp; FM\" \/>\n<meta property=\"article:publisher\" content=\"https:\/\/www.facebook.com\/kulturonline.tv\" \/>\n<meta property=\"article:published_time\" content=\"2022-02-02T05:08:06+00:00\" \/>\n<meta property=\"article:modified_time\" content=\"2022-02-02T05:08:08+00:00\" \/>\n<meta property=\"og:image\" content=\"https:\/\/kulturonline.tv\/wp-content\/uploads\/2022\/02\/literarisches_quartett_april_2019-1-edited.jpg\" \/>\n\t<meta property=\"og:image:width\" content=\"2000\" \/>\n\t<meta property=\"og:image:height\" content=\"1124\" \/>\n\t<meta property=\"og:image:type\" content=\"image\/jpeg\" \/>\n<meta name=\"author\" content=\"guenter.wolfgang\" \/>\n<meta name=\"twitter:card\" content=\"summary_large_image\" \/>\n<meta name=\"twitter:label1\" content=\"Verfasst von\" \/>\n\t<meta name=\"twitter:data1\" content=\"guenter.wolfgang\" \/>\n\t<meta name=\"twitter:label2\" content=\"Gesch\u00e4tzte Lesezeit\" \/>\n\t<meta name=\"twitter:data2\" content=\"1\u00a0Minute\" \/>\n<script type=\"application\/ld+json\" class=\"yoast-schema-graph\">{\"@context\":\"https:\/\/schema.org\",\"@graph\":[{\"@type\":\"Article\",\"@id\":\"https:\/\/kulturonline.tv\/de\/literarisches-quartett-sucht-junge-gaeste\/#article\",\"isPartOf\":{\"@id\":\"https:\/\/kulturonline.tv\/de\/literarisches-quartett-sucht-junge-gaeste\/\"},\"author\":{\"name\":\"guenter.wolfgang\",\"@id\":\"https:\/\/kulturonline.tv\/de\/#\/schema\/person\/b0fac729bb9a0c193fb1df23449df4fe\"},\"headline\":\"Literarisches Quartett sucht junge G\u00e4ste\",\"datePublished\":\"2022-02-02T05:08:06+00:00\",\"dateModified\":\"2022-02-02T05:08:08+00:00\",\"mainEntityOfPage\":{\"@id\":\"https:\/\/kulturonline.tv\/de\/literarisches-quartett-sucht-junge-gaeste\/\"},\"wordCount\":94,\"publisher\":{\"@id\":\"https:\/\/kulturonline.tv\/de\/#organization\"},\"image\":{\"@id\":\"https:\/\/kulturonline.tv\/de\/literarisches-quartett-sucht-junge-gaeste\/#primaryimage\"},\"thumbnailUrl\":\"https:\/\/kulturonline.tv\/wp-content\/uploads\/2022\/02\/literarisches_quartett_april_2019-1-edited.jpg\",\"articleSection\":[\"Literatur\"],\"inLanguage\":\"de\"},{\"@type\":\"WebPage\",\"@id\":\"https:\/\/kulturonline.tv\/de\/literarisches-quartett-sucht-junge-gaeste\/\",\"url\":\"https:\/\/kulturonline.tv\/de\/literarisches-quartett-sucht-junge-gaeste\/\",\"name\":\"Literarisches Quartett sucht junge G\u00e4ste - Kultur Online TV &amp; FM\",\"isPartOf\":{\"@id\":\"https:\/\/kulturonline.tv\/de\/#website\"},\"primaryImageOfPage\":{\"@id\":\"https:\/\/kulturonline.tv\/de\/literarisches-quartett-sucht-junge-gaeste\/#primaryimage\"},\"image\":{\"@id\":\"https:\/\/kulturonline.tv\/de\/literarisches-quartett-sucht-junge-gaeste\/#primaryimage\"},\"thumbnailUrl\":\"https:\/\/kulturonline.tv\/wp-content\/uploads\/2022\/02\/literarisches_quartett_april_2019-1-edited.jpg\",\"datePublished\":\"2022-02-02T05:08:06+00:00\",\"dateModified\":\"2022-02-02T05:08:08+00:00\",\"description\":\"Kultur sehen und H\u00f6ren\",\"breadcrumb\":{\"@id\":\"https:\/\/kulturonline.tv\/de\/literarisches-quartett-sucht-junge-gaeste\/#breadcrumb\"},\"inLanguage\":\"de\",\"potentialAction\":[{\"@type\":\"ReadAction\",\"target\":[\"https:\/\/kulturonline.tv\/de\/literarisches-quartett-sucht-junge-gaeste\/\"]}]},{\"@type\":\"ImageObject\",\"inLanguage\":\"de\",\"@id\":\"https:\/\/kulturonline.tv\/de\/literarisches-quartett-sucht-junge-gaeste\/#primaryimage\",\"url\":\"https:\/\/kulturonline.tv\/wp-content\/uploads\/2022\/02\/literarisches_quartett_april_2019-1-edited.jpg\",\"contentUrl\":\"https:\/\/kulturonline.tv\/wp-content\/uploads\/2022\/02\/literarisches_quartett_april_2019-1-edited.jpg\",\"width\":2000,\"height\":1124},{\"@type\":\"BreadcrumbList\",\"@id\":\"https:\/\/kulturonline.tv\/de\/literarisches-quartett-sucht-junge-gaeste\/#breadcrumb\",\"itemListElement\":[{\"@type\":\"ListItem\",\"position\":1,\"name\":\"Startseite\",\"item\":\"https:\/\/kulturonline.tv\/de\/\"},{\"@type\":\"ListItem\",\"position\":2,\"name\":\"Literarisches Quartett sucht junge G\u00e4ste\"}]},{\"@type\":\"WebSite\",\"@id\":\"https:\/\/kulturonline.tv\/de\/#website\",\"url\":\"https:\/\/kulturonline.tv\/de\/\",\"name\":\"Kultur Online TV &amp; FM\",\"description\":\"Wir sind Kultur 2.0 zum sehen &amp; h\u00f6ren\",\"publisher\":{\"@id\":\"https:\/\/kulturonline.tv\/de\/#organization\"},\"potentialAction\":[{\"@type\":\"SearchAction\",\"target\":{\"@type\":\"EntryPoint\",\"urlTemplate\":\"https:\/\/kulturonline.tv\/de\/?s={search_term_string}\"},\"query-input\":{\"@type\":\"PropertyValueSpecification\",\"valueRequired\":true,\"valueName\":\"search_term_string\"}}],\"inLanguage\":\"de\"},{\"@type\":\"Organization\",\"@id\":\"https:\/\/kulturonline.tv\/de\/#organization\",\"name\":\"Kultur Online TV\",\"url\":\"https:\/\/kulturonline.tv\/de\/\",\"logo\":{\"@type\":\"ImageObject\",\"inLanguage\":\"de\",\"@id\":\"https:\/\/kulturonline.tv\/de\/#\/schema\/logo\/image\/\",\"url\":\"https:\/\/kulturonline.tv\/wp-content\/uploads\/2021\/08\/Kultur-Online-Tv-Logo-Endversion-neu.png\",\"contentUrl\":\"https:\/\/kulturonline.tv\/wp-content\/uploads\/2021\/08\/Kultur-Online-Tv-Logo-Endversion-neu.png\",\"width\":200,\"height\":200,\"caption\":\"Kultur Online TV\"},\"image\":{\"@id\":\"https:\/\/kulturonline.tv\/de\/#\/schema\/logo\/image\/\"},\"sameAs\":[\"https:\/\/www.facebook.com\/kulturonline.tv\",\"https:\/\/www.instagram.com\/kulturonline.tv\"]},{\"@type\":\"Person\",\"@id\":\"https:\/\/kulturonline.tv\/de\/#\/schema\/person\/b0fac729bb9a0c193fb1df23449df4fe\",\"name\":\"guenter.wolfgang\"}]}<\/script>\n<!-- \/ Yoast SEO plugin. -->","yoast_head_json":{"title":"Literarisches Quartett sucht junge G\u00e4ste - Kultur Online TV &amp; FM","description":"Kultur sehen und H\u00f6ren","robots":{"index":"index","follow":"follow","max-snippet":"max-snippet:-1","max-image-preview":"max-image-preview:large","max-video-preview":"max-video-preview:-1"},"canonical":"https:\/\/kulturonline.tv\/de\/literarisches-quartett-sucht-junge-gaeste\/","og_locale":"de_DE","og_type":"article","og_title":"Literarisches Quartett sucht junge G\u00e4ste - Kultur Online TV &amp; FM","og_description":"Kultur sehen und H\u00f6ren","og_url":"https:\/\/kulturonline.tv\/de\/literarisches-quartett-sucht-junge-gaeste\/","og_site_name":"Kultur Online TV &amp; FM","article_publisher":"https:\/\/www.facebook.com\/kulturonline.tv","article_published_time":"2022-02-02T05:08:06+00:00","article_modified_time":"2022-02-02T05:08:08+00:00","og_image":[{"width":2000,"height":1124,"url":"https:\/\/kulturonline.tv\/wp-content\/uploads\/2022\/02\/literarisches_quartett_april_2019-1-edited.jpg","type":"image\/jpeg"}],"author":"guenter.wolfgang","twitter_card":"summary_large_image","twitter_misc":{"Verfasst von":"guenter.wolfgang","Gesch\u00e4tzte Lesezeit":"1\u00a0Minute"},"schema":{"@context":"https:\/\/schema.org","@graph":[{"@type":"Article","@id":"https:\/\/kulturonline.tv\/de\/literarisches-quartett-sucht-junge-gaeste\/#article","isPartOf":{"@id":"https:\/\/kulturonline.tv\/de\/literarisches-quartett-sucht-junge-gaeste\/"},"author":{"name":"guenter.wolfgang","@id":"https:\/\/kulturonline.tv\/de\/#\/schema\/person\/b0fac729bb9a0c193fb1df23449df4fe"},"headline":"Literarisches Quartett sucht junge G\u00e4ste","datePublished":"2022-02-02T05:08:06+00:00","dateModified":"2022-02-02T05:08:08+00:00","mainEntityOfPage":{"@id":"https:\/\/kulturonline.tv\/de\/literarisches-quartett-sucht-junge-gaeste\/"},"wordCount":94,"publisher":{"@id":"https:\/\/kulturonline.tv\/de\/#organization"},"image":{"@id":"https:\/\/kulturonline.tv\/de\/literarisches-quartett-sucht-junge-gaeste\/#primaryimage"},"thumbnailUrl":"https:\/\/kulturonline.tv\/wp-content\/uploads\/2022\/02\/literarisches_quartett_april_2019-1-edited.jpg","articleSection":["Literatur"],"inLanguage":"de"},{"@type":"WebPage","@id":"https:\/\/kulturonline.tv\/de\/literarisches-quartett-sucht-junge-gaeste\/","url":"https:\/\/kulturonline.tv\/de\/literarisches-quartett-sucht-junge-gaeste\/","name":"Literarisches Quartett sucht junge G\u00e4ste - Kultur Online TV &amp; FM","isPartOf":{"@id":"https:\/\/kulturonline.tv\/de\/#website"},"primaryImageOfPage":{"@id":"https:\/\/kulturonline.tv\/de\/literarisches-quartett-sucht-junge-gaeste\/#primaryimage"},"image":{"@id":"https:\/\/kulturonline.tv\/de\/literarisches-quartett-sucht-junge-gaeste\/#primaryimage"},"thumbnailUrl":"https:\/\/kulturonline.tv\/wp-content\/uploads\/2022\/02\/literarisches_quartett_april_2019-1-edited.jpg","datePublished":"2022-02-02T05:08:06+00:00","dateModified":"2022-02-02T05:08:08+00:00","description":"Kultur sehen und H\u00f6ren","breadcrumb":{"@id":"https:\/\/kulturonline.tv\/de\/literarisches-quartett-sucht-junge-gaeste\/#breadcrumb"},"inLanguage":"de","potentialAction":[{"@type":"ReadAction","target":["https:\/\/kulturonline.tv\/de\/literarisches-quartett-sucht-junge-gaeste\/"]}]},{"@type":"ImageObject","inLanguage":"de","@id":"https:\/\/kulturonline.tv\/de\/literarisches-quartett-sucht-junge-gaeste\/#primaryimage","url":"https:\/\/kulturonline.tv\/wp-content\/uploads\/2022\/02\/literarisches_quartett_april_2019-1-edited.jpg","contentUrl":"https:\/\/kulturonline.tv\/wp-content\/uploads\/2022\/02\/literarisches_quartett_april_2019-1-edited.jpg","width":2000,"height":1124},{"@type":"BreadcrumbList","@id":"https:\/\/kulturonline.tv\/de\/literarisches-quartett-sucht-junge-gaeste\/#breadcrumb","itemListElement":[{"@type":"ListItem","position":1,"name":"Startseite","item":"https:\/\/kulturonline.tv\/de\/"},{"@type":"ListItem","position":2,"name":"Literarisches Quartett sucht junge G\u00e4ste"}]},{"@type":"WebSite","@id":"https:\/\/kulturonline.tv\/de\/#website","url":"https:\/\/kulturonline.tv\/de\/","name":"Kultur Online TV &amp; FM","description":"Wir sind Kultur 2.0 zum sehen &amp; h\u00f6ren","publisher":{"@id":"https:\/\/kulturonline.tv\/de\/#organization"},"potentialAction":[{"@type":"SearchAction","target":{"@type":"EntryPoint","urlTemplate":"https:\/\/kulturonline.tv\/de\/?s={search_term_string}"},"query-input":{"@type":"PropertyValueSpecification","valueRequired":true,"valueName":"search_term_string"}}],"inLanguage":"de"},{"@type":"Organization","@id":"https:\/\/kulturonline.tv\/de\/#organization","name":"Kultur Online TV","url":"https:\/\/kulturonline.tv\/de\/","logo":{"@type":"ImageObject","inLanguage":"de","@id":"https:\/\/kulturonline.tv\/de\/#\/schema\/logo\/image\/","url":"https:\/\/kulturonline.tv\/wp-content\/uploads\/2021\/08\/Kultur-Online-Tv-Logo-Endversion-neu.png","contentUrl":"https:\/\/kulturonline.tv\/wp-content\/uploads\/2021\/08\/Kultur-Online-Tv-Logo-Endversion-neu.png","width":200,"height":200,"caption":"Kultur Online TV"},"image":{"@id":"https:\/\/kulturonline.tv\/de\/#\/schema\/logo\/image\/"},"sameAs":["https:\/\/www.facebook.com\/kulturonline.tv","https:\/\/www.instagram.com\/kulturonline.tv"]},{"@type":"Person","@id":"https:\/\/kulturonline.tv\/de\/#\/schema\/person\/b0fac729bb9a0c193fb1df23449df4fe","name":"guenter.wolfgang"}]}},"_links":{"self":[{"href":"https:\/\/kulturonline.tv\/de\/wp-json\/wp\/v2\/posts\/21884","targetHints":{"allow":["GET"]}}],"collection":[{"href":"https:\/\/kulturonline.tv\/de\/wp-json\/wp\/v2\/posts"}],"about":[{"href":"https:\/\/kulturonline.tv\/de\/wp-json\/wp\/v2\/types\/post"}],"author":[{"embeddable":true,"href":"https:\/\/kulturonline.tv\/de\/wp-json\/wp\/v2\/users\/2"}],"replies":[{"embeddable":true,"href":"https:\/\/kulturonline.tv\/de\/wp-json\/wp\/v2\/comments?post=21884"}],"version-history":[{"count":0,"href":"https:\/\/kulturonline.tv\/de\/wp-json\/wp\/v2\/posts\/21884\/revisions"}],"wp:featuredmedia":[{"embeddable":true,"href":"https:\/\/kulturonline.tv\/de\/wp-json\/wp\/v2\/media\/21888"}],"wp:attachment":[{"href":"https:\/\/kulturonline.tv\/de\/wp-json\/wp\/v2\/media?parent=21884"}],"wp:term":[{"taxonomy":"category","embeddable":true,"href":"https:\/\/kulturonline.tv\/de\/wp-json\/wp\/v2\/categories?post=21884"},{"taxonomy":"post_tag","embeddable":true,"href":"https:\/\/kulturonline.tv\/de\/wp-json\/wp\/v2\/tags?post=21884"}],"curies":[{"name":"wp","href":"https:\/\/api.w.org\/{rel}","templated":true}]}}