{"id":21898,"date":"2022-02-02T06:17:25","date_gmt":"2022-02-02T05:17:25","guid":{"rendered":"https:\/\/kulturonline.tv\/?p=21898"},"modified":"2022-02-02T06:17:27","modified_gmt":"2022-02-02T05:17:27","slug":"whoopi-goldberg-entschuldigt-sich","status":"publish","type":"post","link":"https:\/\/kulturonline.tv\/de\/whoopi-goldberg-entschuldigt-sich\/","title":{"rendered":"Whoopi Goldberg entschuldigt sich"},"content":{"rendered":"\n<p><strong>Die US-amerikanische Schauspielerin und S\u00e4ngerin Whoopi Goldberg entschuldigt sich f\u00fcr ihre heftig kritisierte Aussage zum Holocaust.<\/strong><\/p>\n\n\n\n<figure class=\"wp-block-image size-full\"><img fetchpriority=\"high\" decoding=\"async\" width=\"1000\" height=\"563\" src=\"https:\/\/kulturonline.tv\/wp-content\/uploads\/2022\/02\/Whoopi-Goldberg.jpg\" alt=\"\" class=\"wp-image-21900\" srcset=\"https:\/\/kulturonline.tv\/wp-content\/uploads\/2022\/02\/Whoopi-Goldberg.jpg 1000w, https:\/\/kulturonline.tv\/wp-content\/uploads\/2022\/02\/Whoopi-Goldberg-600x338.jpg 600w, https:\/\/kulturonline.tv\/wp-content\/uploads\/2022\/02\/Whoopi-Goldberg-800x450.jpg 800w, https:\/\/kulturonline.tv\/wp-content\/uploads\/2022\/02\/Whoopi-Goldberg-768x432.jpg 768w\" sizes=\"(max-width: 1000px) 100vw, 1000px\" \/><\/figure>\n\n\n\n<p>In einer Talkshow hatte Goldberg gesagt, beim Holocaust sei es nicht um Rasse gegangen, sondern um Menschen, die andere Menschen unmenschlich behandelt h\u00e4tten. Daraufhin hatte es massive Kritik von j\u00fcdischen Institutionen gegeben, die Goldberg darauf hinwiesen, dass der Holocaust sehr wohl rassistisch motiviert gewesen sei. Auf Twitter entschuldigte sich Goldberg nun f\u00fcr ihre Aussage und sicherte J\u00fcdinnen und Juden auf der ganzen Welt ihre Unterst\u00fctzung zu.<\/p>\n\n\n\n<figure class=\"wp-block-embed is-type-video is-provider-youtube wp-block-embed-youtube wp-embed-aspect-16-9 wp-has-aspect-ratio\"><div class=\"wp-block-embed__wrapper\">\nhttps:\/\/www.youtube.com\/watch?v=VgJvGzRhcxs\n<\/div><\/figure>\n\n\n\n<p>Kultur Online TV<\/p>\n\n\n\n<p>#kunst #kultur #news<\/p>\n","protected":false},"excerpt":{"rendered":"<p>Die US-amerikanische Schauspielerin und S\u00e4ngerin Whoopi Goldberg entschuldigt sich f\u00fcr ihre heftig kritisierte Aussage zum Holocaust. In einer Talkshow hatte Goldberg gesagt, beim Holocaust sei es nicht um Rasse gegangen, sondern um Menschen, die andere Menschen unmenschlich behandelt h\u00e4tten. Daraufhin hatte es massive Kritik von j\u00fcdischen Institutionen gegeben, die Goldberg darauf hinwiesen, dass der Holocaust [&hellip;]<\/p>\n","protected":false},"author":2,"featured_media":21900,"comment_status":"closed","ping_status":"closed","sticky":false,"template":"","format":"standard","meta":{"_acf_changed":false,"footnotes":""},"categories":[3],"tags":[],"class_list":["post-21898","post","type-post","status-publish","format-standard","has-post-thumbnail","hentry","category-newsflash"],"acf":[],"yoast_head":"<!-- This site is optimized with the Yoast SEO plugin v26.1.1 - https:\/\/yoast.com\/wordpress\/plugins\/seo\/ -->\n<title>Whoopi Goldberg entschuldigt sich - Kultur Online TV &amp; FM<\/title>\n<meta name=\"description\" content=\"Kultur sehen und H\u00f6ren\" \/>\n<meta name=\"robots\" content=\"index, follow, max-snippet:-1, max-image-preview:large, max-video-preview:-1\" \/>\n<link rel=\"canonical\" href=\"https:\/\/kulturonline.tv\/de\/whoopi-goldberg-entschuldigt-sich\/\" \/>\n<meta property=\"og:locale\" content=\"de_DE\" \/>\n<meta property=\"og:type\" content=\"article\" \/>\n<meta property=\"og:title\" content=\"Whoopi Goldberg entschuldigt sich - Kultur Online TV &amp; FM\" \/>\n<meta property=\"og:description\" content=\"Kultur sehen und H\u00f6ren\" \/>\n<meta property=\"og:url\" content=\"https:\/\/kulturonline.tv\/de\/whoopi-goldberg-entschuldigt-sich\/\" \/>\n<meta property=\"og:site_name\" content=\"Kultur Online TV &amp; FM\" \/>\n<meta property=\"article:publisher\" content=\"https:\/\/www.facebook.com\/kulturonline.tv\" \/>\n<meta property=\"article:published_time\" content=\"2022-02-02T05:17:25+00:00\" \/>\n<meta property=\"article:modified_time\" content=\"2022-02-02T05:17:27+00:00\" \/>\n<meta property=\"og:image\" content=\"https:\/\/kulturonline.tv\/wp-content\/uploads\/2022\/02\/Whoopi-Goldberg.jpg\" \/>\n\t<meta property=\"og:image:width\" content=\"1000\" \/>\n\t<meta property=\"og:image:height\" content=\"563\" \/>\n\t<meta property=\"og:image:type\" content=\"image\/jpeg\" \/>\n<meta name=\"author\" content=\"guenter.wolfgang\" \/>\n<meta name=\"twitter:card\" content=\"summary_large_image\" \/>\n<meta name=\"twitter:label1\" content=\"Verfasst von\" \/>\n\t<meta name=\"twitter:data1\" content=\"guenter.wolfgang\" \/>\n\t<meta name=\"twitter:label2\" content=\"Gesch\u00e4tzte Lesezeit\" \/>\n\t<meta name=\"twitter:data2\" content=\"1\u00a0Minute\" \/>\n<script type=\"application\/ld+json\" class=\"yoast-schema-graph\">{\"@context\":\"https:\/\/schema.org\",\"@graph\":[{\"@type\":\"Article\",\"@id\":\"https:\/\/kulturonline.tv\/de\/whoopi-goldberg-entschuldigt-sich\/#article\",\"isPartOf\":{\"@id\":\"https:\/\/kulturonline.tv\/de\/whoopi-goldberg-entschuldigt-sich\/\"},\"author\":{\"name\":\"guenter.wolfgang\",\"@id\":\"https:\/\/kulturonline.tv\/de\/#\/schema\/person\/b0fac729bb9a0c193fb1df23449df4fe\"},\"headline\":\"Whoopi Goldberg entschuldigt sich\",\"datePublished\":\"2022-02-02T05:17:25+00:00\",\"dateModified\":\"2022-02-02T05:17:27+00:00\",\"mainEntityOfPage\":{\"@id\":\"https:\/\/kulturonline.tv\/de\/whoopi-goldberg-entschuldigt-sich\/\"},\"wordCount\":106,\"publisher\":{\"@id\":\"https:\/\/kulturonline.tv\/de\/#organization\"},\"image\":{\"@id\":\"https:\/\/kulturonline.tv\/de\/whoopi-goldberg-entschuldigt-sich\/#primaryimage\"},\"thumbnailUrl\":\"https:\/\/kulturonline.tv\/wp-content\/uploads\/2022\/02\/Whoopi-Goldberg.jpg\",\"articleSection\":[\"Newsflash\"],\"inLanguage\":\"de\"},{\"@type\":\"WebPage\",\"@id\":\"https:\/\/kulturonline.tv\/de\/whoopi-goldberg-entschuldigt-sich\/\",\"url\":\"https:\/\/kulturonline.tv\/de\/whoopi-goldberg-entschuldigt-sich\/\",\"name\":\"Whoopi Goldberg entschuldigt sich - Kultur Online TV &amp; FM\",\"isPartOf\":{\"@id\":\"https:\/\/kulturonline.tv\/de\/#website\"},\"primaryImageOfPage\":{\"@id\":\"https:\/\/kulturonline.tv\/de\/whoopi-goldberg-entschuldigt-sich\/#primaryimage\"},\"image\":{\"@id\":\"https:\/\/kulturonline.tv\/de\/whoopi-goldberg-entschuldigt-sich\/#primaryimage\"},\"thumbnailUrl\":\"https:\/\/kulturonline.tv\/wp-content\/uploads\/2022\/02\/Whoopi-Goldberg.jpg\",\"datePublished\":\"2022-02-02T05:17:25+00:00\",\"dateModified\":\"2022-02-02T05:17:27+00:00\",\"description\":\"Kultur sehen und H\u00f6ren\",\"breadcrumb\":{\"@id\":\"https:\/\/kulturonline.tv\/de\/whoopi-goldberg-entschuldigt-sich\/#breadcrumb\"},\"inLanguage\":\"de\",\"potentialAction\":[{\"@type\":\"ReadAction\",\"target\":[\"https:\/\/kulturonline.tv\/de\/whoopi-goldberg-entschuldigt-sich\/\"]}]},{\"@type\":\"ImageObject\",\"inLanguage\":\"de\",\"@id\":\"https:\/\/kulturonline.tv\/de\/whoopi-goldberg-entschuldigt-sich\/#primaryimage\",\"url\":\"https:\/\/kulturonline.tv\/wp-content\/uploads\/2022\/02\/Whoopi-Goldberg.jpg\",\"contentUrl\":\"https:\/\/kulturonline.tv\/wp-content\/uploads\/2022\/02\/Whoopi-Goldberg.jpg\",\"width\":1000,\"height\":563,\"caption\":\"THE VIEW- The Season 25 Celebration of \u2018The View\u2019 begins live, Tuesday, September 7, 2021 as the co-hosts are back in the show\u2019s New York City studio and ready to get the conversation started at the iconic Hot Topics table. (ABC\/Jenny Anderson) WHOOPI GOLDBERG\"},{\"@type\":\"BreadcrumbList\",\"@id\":\"https:\/\/kulturonline.tv\/de\/whoopi-goldberg-entschuldigt-sich\/#breadcrumb\",\"itemListElement\":[{\"@type\":\"ListItem\",\"position\":1,\"name\":\"Startseite\",\"item\":\"https:\/\/kulturonline.tv\/de\/\"},{\"@type\":\"ListItem\",\"position\":2,\"name\":\"Whoopi Goldberg entschuldigt sich\"}]},{\"@type\":\"WebSite\",\"@id\":\"https:\/\/kulturonline.tv\/de\/#website\",\"url\":\"https:\/\/kulturonline.tv\/de\/\",\"name\":\"Kultur Online TV &amp; FM\",\"description\":\"Wir sind Kultur 2.0 zum sehen &amp; h\u00f6ren\",\"publisher\":{\"@id\":\"https:\/\/kulturonline.tv\/de\/#organization\"},\"potentialAction\":[{\"@type\":\"SearchAction\",\"target\":{\"@type\":\"EntryPoint\",\"urlTemplate\":\"https:\/\/kulturonline.tv\/de\/?s={search_term_string}\"},\"query-input\":{\"@type\":\"PropertyValueSpecification\",\"valueRequired\":true,\"valueName\":\"search_term_string\"}}],\"inLanguage\":\"de\"},{\"@type\":\"Organization\",\"@id\":\"https:\/\/kulturonline.tv\/de\/#organization\",\"name\":\"Kultur Online TV\",\"url\":\"https:\/\/kulturonline.tv\/de\/\",\"logo\":{\"@type\":\"ImageObject\",\"inLanguage\":\"de\",\"@id\":\"https:\/\/kulturonline.tv\/de\/#\/schema\/logo\/image\/\",\"url\":\"https:\/\/kulturonline.tv\/wp-content\/uploads\/2021\/08\/Kultur-Online-Tv-Logo-Endversion-neu.png\",\"contentUrl\":\"https:\/\/kulturonline.tv\/wp-content\/uploads\/2021\/08\/Kultur-Online-Tv-Logo-Endversion-neu.png\",\"width\":200,\"height\":200,\"caption\":\"Kultur Online TV\"},\"image\":{\"@id\":\"https:\/\/kulturonline.tv\/de\/#\/schema\/logo\/image\/\"},\"sameAs\":[\"https:\/\/www.facebook.com\/kulturonline.tv\",\"https:\/\/www.instagram.com\/kulturonline.tv\"]},{\"@type\":\"Person\",\"@id\":\"https:\/\/kulturonline.tv\/de\/#\/schema\/person\/b0fac729bb9a0c193fb1df23449df4fe\",\"name\":\"guenter.wolfgang\"}]}<\/script>\n<!-- \/ Yoast SEO plugin. -->","yoast_head_json":{"title":"Whoopi Goldberg entschuldigt sich - Kultur Online TV &amp; FM","description":"Kultur sehen und H\u00f6ren","robots":{"index":"index","follow":"follow","max-snippet":"max-snippet:-1","max-image-preview":"max-image-preview:large","max-video-preview":"max-video-preview:-1"},"canonical":"https:\/\/kulturonline.tv\/de\/whoopi-goldberg-entschuldigt-sich\/","og_locale":"de_DE","og_type":"article","og_title":"Whoopi Goldberg entschuldigt sich - Kultur Online TV &amp; FM","og_description":"Kultur sehen und H\u00f6ren","og_url":"https:\/\/kulturonline.tv\/de\/whoopi-goldberg-entschuldigt-sich\/","og_site_name":"Kultur Online TV &amp; FM","article_publisher":"https:\/\/www.facebook.com\/kulturonline.tv","article_published_time":"2022-02-02T05:17:25+00:00","article_modified_time":"2022-02-02T05:17:27+00:00","og_image":[{"width":1000,"height":563,"url":"https:\/\/kulturonline.tv\/wp-content\/uploads\/2022\/02\/Whoopi-Goldberg.jpg","type":"image\/jpeg"}],"author":"guenter.wolfgang","twitter_card":"summary_large_image","twitter_misc":{"Verfasst von":"guenter.wolfgang","Gesch\u00e4tzte Lesezeit":"1\u00a0Minute"},"schema":{"@context":"https:\/\/schema.org","@graph":[{"@type":"Article","@id":"https:\/\/kulturonline.tv\/de\/whoopi-goldberg-entschuldigt-sich\/#article","isPartOf":{"@id":"https:\/\/kulturonline.tv\/de\/whoopi-goldberg-entschuldigt-sich\/"},"author":{"name":"guenter.wolfgang","@id":"https:\/\/kulturonline.tv\/de\/#\/schema\/person\/b0fac729bb9a0c193fb1df23449df4fe"},"headline":"Whoopi Goldberg entschuldigt sich","datePublished":"2022-02-02T05:17:25+00:00","dateModified":"2022-02-02T05:17:27+00:00","mainEntityOfPage":{"@id":"https:\/\/kulturonline.tv\/de\/whoopi-goldberg-entschuldigt-sich\/"},"wordCount":106,"publisher":{"@id":"https:\/\/kulturonline.tv\/de\/#organization"},"image":{"@id":"https:\/\/kulturonline.tv\/de\/whoopi-goldberg-entschuldigt-sich\/#primaryimage"},"thumbnailUrl":"https:\/\/kulturonline.tv\/wp-content\/uploads\/2022\/02\/Whoopi-Goldberg.jpg","articleSection":["Newsflash"],"inLanguage":"de"},{"@type":"WebPage","@id":"https:\/\/kulturonline.tv\/de\/whoopi-goldberg-entschuldigt-sich\/","url":"https:\/\/kulturonline.tv\/de\/whoopi-goldberg-entschuldigt-sich\/","name":"Whoopi Goldberg entschuldigt sich - Kultur Online TV &amp; FM","isPartOf":{"@id":"https:\/\/kulturonline.tv\/de\/#website"},"primaryImageOfPage":{"@id":"https:\/\/kulturonline.tv\/de\/whoopi-goldberg-entschuldigt-sich\/#primaryimage"},"image":{"@id":"https:\/\/kulturonline.tv\/de\/whoopi-goldberg-entschuldigt-sich\/#primaryimage"},"thumbnailUrl":"https:\/\/kulturonline.tv\/wp-content\/uploads\/2022\/02\/Whoopi-Goldberg.jpg","datePublished":"2022-02-02T05:17:25+00:00","dateModified":"2022-02-02T05:17:27+00:00","description":"Kultur sehen und H\u00f6ren","breadcrumb":{"@id":"https:\/\/kulturonline.tv\/de\/whoopi-goldberg-entschuldigt-sich\/#breadcrumb"},"inLanguage":"de","potentialAction":[{"@type":"ReadAction","target":["https:\/\/kulturonline.tv\/de\/whoopi-goldberg-entschuldigt-sich\/"]}]},{"@type":"ImageObject","inLanguage":"de","@id":"https:\/\/kulturonline.tv\/de\/whoopi-goldberg-entschuldigt-sich\/#primaryimage","url":"https:\/\/kulturonline.tv\/wp-content\/uploads\/2022\/02\/Whoopi-Goldberg.jpg","contentUrl":"https:\/\/kulturonline.tv\/wp-content\/uploads\/2022\/02\/Whoopi-Goldberg.jpg","width":1000,"height":563,"caption":"THE VIEW- The Season 25 Celebration of \u2018The View\u2019 begins live, Tuesday, September 7, 2021 as the co-hosts are back in the show\u2019s New York City studio and ready to get the conversation started at the iconic Hot Topics table. (ABC\/Jenny Anderson) WHOOPI GOLDBERG"},{"@type":"BreadcrumbList","@id":"https:\/\/kulturonline.tv\/de\/whoopi-goldberg-entschuldigt-sich\/#breadcrumb","itemListElement":[{"@type":"ListItem","position":1,"name":"Startseite","item":"https:\/\/kulturonline.tv\/de\/"},{"@type":"ListItem","position":2,"name":"Whoopi Goldberg entschuldigt sich"}]},{"@type":"WebSite","@id":"https:\/\/kulturonline.tv\/de\/#website","url":"https:\/\/kulturonline.tv\/de\/","name":"Kultur Online TV &amp; FM","description":"Wir sind Kultur 2.0 zum sehen &amp; h\u00f6ren","publisher":{"@id":"https:\/\/kulturonline.tv\/de\/#organization"},"potentialAction":[{"@type":"SearchAction","target":{"@type":"EntryPoint","urlTemplate":"https:\/\/kulturonline.tv\/de\/?s={search_term_string}"},"query-input":{"@type":"PropertyValueSpecification","valueRequired":true,"valueName":"search_term_string"}}],"inLanguage":"de"},{"@type":"Organization","@id":"https:\/\/kulturonline.tv\/de\/#organization","name":"Kultur Online TV","url":"https:\/\/kulturonline.tv\/de\/","logo":{"@type":"ImageObject","inLanguage":"de","@id":"https:\/\/kulturonline.tv\/de\/#\/schema\/logo\/image\/","url":"https:\/\/kulturonline.tv\/wp-content\/uploads\/2021\/08\/Kultur-Online-Tv-Logo-Endversion-neu.png","contentUrl":"https:\/\/kulturonline.tv\/wp-content\/uploads\/2021\/08\/Kultur-Online-Tv-Logo-Endversion-neu.png","width":200,"height":200,"caption":"Kultur Online TV"},"image":{"@id":"https:\/\/kulturonline.tv\/de\/#\/schema\/logo\/image\/"},"sameAs":["https:\/\/www.facebook.com\/kulturonline.tv","https:\/\/www.instagram.com\/kulturonline.tv"]},{"@type":"Person","@id":"https:\/\/kulturonline.tv\/de\/#\/schema\/person\/b0fac729bb9a0c193fb1df23449df4fe","name":"guenter.wolfgang"}]}},"_links":{"self":[{"href":"https:\/\/kulturonline.tv\/de\/wp-json\/wp\/v2\/posts\/21898","targetHints":{"allow":["GET"]}}],"collection":[{"href":"https:\/\/kulturonline.tv\/de\/wp-json\/wp\/v2\/posts"}],"about":[{"href":"https:\/\/kulturonline.tv\/de\/wp-json\/wp\/v2\/types\/post"}],"author":[{"embeddable":true,"href":"https:\/\/kulturonline.tv\/de\/wp-json\/wp\/v2\/users\/2"}],"replies":[{"embeddable":true,"href":"https:\/\/kulturonline.tv\/de\/wp-json\/wp\/v2\/comments?post=21898"}],"version-history":[{"count":0,"href":"https:\/\/kulturonline.tv\/de\/wp-json\/wp\/v2\/posts\/21898\/revisions"}],"wp:featuredmedia":[{"embeddable":true,"href":"https:\/\/kulturonline.tv\/de\/wp-json\/wp\/v2\/media\/21900"}],"wp:attachment":[{"href":"https:\/\/kulturonline.tv\/de\/wp-json\/wp\/v2\/media?parent=21898"}],"wp:term":[{"taxonomy":"category","embeddable":true,"href":"https:\/\/kulturonline.tv\/de\/wp-json\/wp\/v2\/categories?post=21898"},{"taxonomy":"post_tag","embeddable":true,"href":"https:\/\/kulturonline.tv\/de\/wp-json\/wp\/v2\/tags?post=21898"}],"curies":[{"name":"wp","href":"https:\/\/api.w.org\/{rel}","templated":true}]}}