{"id":21908,"date":"2022-02-02T06:23:35","date_gmt":"2022-02-02T05:23:35","guid":{"rendered":"https:\/\/kulturonline.tv\/?p=21908"},"modified":"2022-02-02T06:23:36","modified_gmt":"2022-02-02T05:23:36","slug":"niederlaendischer-verlag-entschuldigt-sich-fuer-anne-frank-buch","status":"publish","type":"post","link":"https:\/\/kulturonline.tv\/de\/niederlaendischer-verlag-entschuldigt-sich-fuer-anne-frank-buch\/","title":{"rendered":"Niederl\u00e4ndischer Verlag entschuldigt sich f\u00fcr Anne Frank-Buch"},"content":{"rendered":"\n<p><strong>Nach wiederholter Kritik an dem neuen Sachbuch \u00fcber das NS-Opfer Anne Frank distanziert sich der Amsterdamer Verlag Ambo Anthos von dem Buch.<\/strong><\/p>\n\n\n\n<figure class=\"wp-block-image size-full is-resized\"><img fetchpriority=\"high\" decoding=\"async\" src=\"https:\/\/kulturonline.tv\/wp-content\/uploads\/2022\/02\/anne-frank-tagebuch-auszeichnungen104__v-gseapremiumxl.jpg\" alt=\"\" class=\"wp-image-21910\" width=\"834\" height=\"469\" srcset=\"https:\/\/kulturonline.tv\/wp-content\/uploads\/2022\/02\/anne-frank-tagebuch-auszeichnungen104__v-gseapremiumxl.jpg 704w, https:\/\/kulturonline.tv\/wp-content\/uploads\/2022\/02\/anne-frank-tagebuch-auszeichnungen104__v-gseapremiumxl-600x338.jpg 600w\" sizes=\"(max-width: 834px) 100vw, 834px\" \/><\/figure>\n\n\n\n<p>In einem Schreiben entschuldigt sich der Verlag bei allen, die sich durch das Buch angegriffen f\u00fchlten. Ein internationales Team hatte f\u00fcnf Jahre lang untersucht, wer 1944 das Versteck von Anne Frank und mehreren anderen j\u00fcdischen Menschen in Amsterdam an die Nazis verraten hatte.<\/p>\n\n\n\n<p>Die These, dass ein j\u00fcdischer Notar dahinter stecke, um seine eigene Familie zu retten, wurde von den Rechteinhabern von Anne Franks Tagebuch sowie Forschenden stark kritisiert. Der Verlag k\u00fcndigte nun an, den Druck des Buches auszusetzen, bis das daf\u00fcr verantwortliche Forscherteam eine Reihe kritischer Fragen beantwortet habe.<\/p>\n\n\n\n<p>Kultur Online TV<\/p>\n\n\n\n<p>#news #medien #literatur <\/p>\n","protected":false},"excerpt":{"rendered":"<p>Nach wiederholter Kritik an dem neuen Sachbuch \u00fcber das NS-Opfer Anne Frank distanziert sich der Amsterdamer Verlag Ambo Anthos von dem Buch. In einem Schreiben entschuldigt sich der Verlag bei allen, die sich durch das Buch angegriffen f\u00fchlten. Ein internationales Team hatte f\u00fcnf Jahre lang untersucht, wer 1944 das Versteck von Anne Frank und mehreren [&hellip;]<\/p>\n","protected":false},"author":2,"featured_media":21910,"comment_status":"closed","ping_status":"closed","sticky":false,"template":"","format":"standard","meta":{"_acf_changed":false,"footnotes":""},"categories":[106],"tags":[],"class_list":["post-21908","post","type-post","status-publish","format-standard","has-post-thumbnail","hentry","category-literatur"],"acf":[],"yoast_head":"<!-- This site is optimized with the Yoast SEO plugin v26.1.1 - https:\/\/yoast.com\/wordpress\/plugins\/seo\/ -->\n<title>Niederl\u00e4ndischer Verlag entschuldigt sich f\u00fcr Anne Frank-Buch - Kultur Online TV &amp; FM<\/title>\n<meta name=\"description\" content=\"Kultur sehen und H\u00f6ren\" \/>\n<meta name=\"robots\" content=\"index, follow, max-snippet:-1, max-image-preview:large, max-video-preview:-1\" \/>\n<link rel=\"canonical\" href=\"https:\/\/kulturonline.tv\/de\/niederlaendischer-verlag-entschuldigt-sich-fuer-anne-frank-buch\/\" \/>\n<meta property=\"og:locale\" content=\"de_DE\" \/>\n<meta property=\"og:type\" content=\"article\" \/>\n<meta property=\"og:title\" content=\"Niederl\u00e4ndischer Verlag entschuldigt sich f\u00fcr Anne Frank-Buch - Kultur Online TV &amp; FM\" \/>\n<meta property=\"og:description\" content=\"Kultur sehen und H\u00f6ren\" \/>\n<meta property=\"og:url\" content=\"https:\/\/kulturonline.tv\/de\/niederlaendischer-verlag-entschuldigt-sich-fuer-anne-frank-buch\/\" \/>\n<meta property=\"og:site_name\" content=\"Kultur Online TV &amp; FM\" \/>\n<meta property=\"article:publisher\" content=\"https:\/\/www.facebook.com\/kulturonline.tv\" \/>\n<meta property=\"article:published_time\" content=\"2022-02-02T05:23:35+00:00\" \/>\n<meta property=\"article:modified_time\" content=\"2022-02-02T05:23:36+00:00\" \/>\n<meta property=\"og:image\" content=\"https:\/\/kulturonline.tv\/wp-content\/uploads\/2022\/02\/anne-frank-tagebuch-auszeichnungen104__v-gseapremiumxl.jpg\" \/>\n\t<meta property=\"og:image:width\" content=\"704\" \/>\n\t<meta property=\"og:image:height\" content=\"396\" \/>\n\t<meta property=\"og:image:type\" content=\"image\/jpeg\" \/>\n<meta name=\"author\" content=\"guenter.wolfgang\" \/>\n<meta name=\"twitter:card\" content=\"summary_large_image\" \/>\n<meta name=\"twitter:label1\" content=\"Verfasst von\" \/>\n\t<meta name=\"twitter:data1\" content=\"guenter.wolfgang\" \/>\n\t<meta name=\"twitter:label2\" content=\"Gesch\u00e4tzte Lesezeit\" \/>\n\t<meta name=\"twitter:data2\" content=\"1\u00a0Minute\" \/>\n<script type=\"application\/ld+json\" class=\"yoast-schema-graph\">{\"@context\":\"https:\/\/schema.org\",\"@graph\":[{\"@type\":\"Article\",\"@id\":\"https:\/\/kulturonline.tv\/de\/niederlaendischer-verlag-entschuldigt-sich-fuer-anne-frank-buch\/#article\",\"isPartOf\":{\"@id\":\"https:\/\/kulturonline.tv\/de\/niederlaendischer-verlag-entschuldigt-sich-fuer-anne-frank-buch\/\"},\"author\":{\"name\":\"guenter.wolfgang\",\"@id\":\"https:\/\/kulturonline.tv\/de\/#\/schema\/person\/b0fac729bb9a0c193fb1df23449df4fe\"},\"headline\":\"Niederl\u00e4ndischer Verlag entschuldigt sich f\u00fcr Anne Frank-Buch\",\"datePublished\":\"2022-02-02T05:23:35+00:00\",\"dateModified\":\"2022-02-02T05:23:36+00:00\",\"mainEntityOfPage\":{\"@id\":\"https:\/\/kulturonline.tv\/de\/niederlaendischer-verlag-entschuldigt-sich-fuer-anne-frank-buch\/\"},\"wordCount\":132,\"publisher\":{\"@id\":\"https:\/\/kulturonline.tv\/de\/#organization\"},\"image\":{\"@id\":\"https:\/\/kulturonline.tv\/de\/niederlaendischer-verlag-entschuldigt-sich-fuer-anne-frank-buch\/#primaryimage\"},\"thumbnailUrl\":\"https:\/\/kulturonline.tv\/wp-content\/uploads\/2022\/02\/anne-frank-tagebuch-auszeichnungen104__v-gseapremiumxl.jpg\",\"articleSection\":[\"Literatur\"],\"inLanguage\":\"de\"},{\"@type\":\"WebPage\",\"@id\":\"https:\/\/kulturonline.tv\/de\/niederlaendischer-verlag-entschuldigt-sich-fuer-anne-frank-buch\/\",\"url\":\"https:\/\/kulturonline.tv\/de\/niederlaendischer-verlag-entschuldigt-sich-fuer-anne-frank-buch\/\",\"name\":\"Niederl\u00e4ndischer Verlag entschuldigt sich f\u00fcr Anne Frank-Buch - Kultur Online TV &amp; FM\",\"isPartOf\":{\"@id\":\"https:\/\/kulturonline.tv\/de\/#website\"},\"primaryImageOfPage\":{\"@id\":\"https:\/\/kulturonline.tv\/de\/niederlaendischer-verlag-entschuldigt-sich-fuer-anne-frank-buch\/#primaryimage\"},\"image\":{\"@id\":\"https:\/\/kulturonline.tv\/de\/niederlaendischer-verlag-entschuldigt-sich-fuer-anne-frank-buch\/#primaryimage\"},\"thumbnailUrl\":\"https:\/\/kulturonline.tv\/wp-content\/uploads\/2022\/02\/anne-frank-tagebuch-auszeichnungen104__v-gseapremiumxl.jpg\",\"datePublished\":\"2022-02-02T05:23:35+00:00\",\"dateModified\":\"2022-02-02T05:23:36+00:00\",\"description\":\"Kultur sehen und H\u00f6ren\",\"breadcrumb\":{\"@id\":\"https:\/\/kulturonline.tv\/de\/niederlaendischer-verlag-entschuldigt-sich-fuer-anne-frank-buch\/#breadcrumb\"},\"inLanguage\":\"de\",\"potentialAction\":[{\"@type\":\"ReadAction\",\"target\":[\"https:\/\/kulturonline.tv\/de\/niederlaendischer-verlag-entschuldigt-sich-fuer-anne-frank-buch\/\"]}]},{\"@type\":\"ImageObject\",\"inLanguage\":\"de\",\"@id\":\"https:\/\/kulturonline.tv\/de\/niederlaendischer-verlag-entschuldigt-sich-fuer-anne-frank-buch\/#primaryimage\",\"url\":\"https:\/\/kulturonline.tv\/wp-content\/uploads\/2022\/02\/anne-frank-tagebuch-auszeichnungen104__v-gseapremiumxl.jpg\",\"contentUrl\":\"https:\/\/kulturonline.tv\/wp-content\/uploads\/2022\/02\/anne-frank-tagebuch-auszeichnungen104__v-gseapremiumxl.jpg\",\"width\":704,\"height\":396},{\"@type\":\"BreadcrumbList\",\"@id\":\"https:\/\/kulturonline.tv\/de\/niederlaendischer-verlag-entschuldigt-sich-fuer-anne-frank-buch\/#breadcrumb\",\"itemListElement\":[{\"@type\":\"ListItem\",\"position\":1,\"name\":\"Startseite\",\"item\":\"https:\/\/kulturonline.tv\/de\/\"},{\"@type\":\"ListItem\",\"position\":2,\"name\":\"Niederl\u00e4ndischer Verlag entschuldigt sich f\u00fcr Anne Frank-Buch\"}]},{\"@type\":\"WebSite\",\"@id\":\"https:\/\/kulturonline.tv\/de\/#website\",\"url\":\"https:\/\/kulturonline.tv\/de\/\",\"name\":\"Kultur Online TV &amp; FM\",\"description\":\"Wir sind Kultur 2.0 zum sehen &amp; h\u00f6ren\",\"publisher\":{\"@id\":\"https:\/\/kulturonline.tv\/de\/#organization\"},\"potentialAction\":[{\"@type\":\"SearchAction\",\"target\":{\"@type\":\"EntryPoint\",\"urlTemplate\":\"https:\/\/kulturonline.tv\/de\/?s={search_term_string}\"},\"query-input\":{\"@type\":\"PropertyValueSpecification\",\"valueRequired\":true,\"valueName\":\"search_term_string\"}}],\"inLanguage\":\"de\"},{\"@type\":\"Organization\",\"@id\":\"https:\/\/kulturonline.tv\/de\/#organization\",\"name\":\"Kultur Online TV\",\"url\":\"https:\/\/kulturonline.tv\/de\/\",\"logo\":{\"@type\":\"ImageObject\",\"inLanguage\":\"de\",\"@id\":\"https:\/\/kulturonline.tv\/de\/#\/schema\/logo\/image\/\",\"url\":\"https:\/\/kulturonline.tv\/wp-content\/uploads\/2021\/08\/Kultur-Online-Tv-Logo-Endversion-neu.png\",\"contentUrl\":\"https:\/\/kulturonline.tv\/wp-content\/uploads\/2021\/08\/Kultur-Online-Tv-Logo-Endversion-neu.png\",\"width\":200,\"height\":200,\"caption\":\"Kultur Online TV\"},\"image\":{\"@id\":\"https:\/\/kulturonline.tv\/de\/#\/schema\/logo\/image\/\"},\"sameAs\":[\"https:\/\/www.facebook.com\/kulturonline.tv\",\"https:\/\/www.instagram.com\/kulturonline.tv\"]},{\"@type\":\"Person\",\"@id\":\"https:\/\/kulturonline.tv\/de\/#\/schema\/person\/b0fac729bb9a0c193fb1df23449df4fe\",\"name\":\"guenter.wolfgang\"}]}<\/script>\n<!-- \/ Yoast SEO plugin. -->","yoast_head_json":{"title":"Niederl\u00e4ndischer Verlag entschuldigt sich f\u00fcr Anne Frank-Buch - Kultur Online TV &amp; FM","description":"Kultur sehen und H\u00f6ren","robots":{"index":"index","follow":"follow","max-snippet":"max-snippet:-1","max-image-preview":"max-image-preview:large","max-video-preview":"max-video-preview:-1"},"canonical":"https:\/\/kulturonline.tv\/de\/niederlaendischer-verlag-entschuldigt-sich-fuer-anne-frank-buch\/","og_locale":"de_DE","og_type":"article","og_title":"Niederl\u00e4ndischer Verlag entschuldigt sich f\u00fcr Anne Frank-Buch - Kultur Online TV &amp; FM","og_description":"Kultur sehen und H\u00f6ren","og_url":"https:\/\/kulturonline.tv\/de\/niederlaendischer-verlag-entschuldigt-sich-fuer-anne-frank-buch\/","og_site_name":"Kultur Online TV &amp; FM","article_publisher":"https:\/\/www.facebook.com\/kulturonline.tv","article_published_time":"2022-02-02T05:23:35+00:00","article_modified_time":"2022-02-02T05:23:36+00:00","og_image":[{"width":704,"height":396,"url":"https:\/\/kulturonline.tv\/wp-content\/uploads\/2022\/02\/anne-frank-tagebuch-auszeichnungen104__v-gseapremiumxl.jpg","type":"image\/jpeg"}],"author":"guenter.wolfgang","twitter_card":"summary_large_image","twitter_misc":{"Verfasst von":"guenter.wolfgang","Gesch\u00e4tzte Lesezeit":"1\u00a0Minute"},"schema":{"@context":"https:\/\/schema.org","@graph":[{"@type":"Article","@id":"https:\/\/kulturonline.tv\/de\/niederlaendischer-verlag-entschuldigt-sich-fuer-anne-frank-buch\/#article","isPartOf":{"@id":"https:\/\/kulturonline.tv\/de\/niederlaendischer-verlag-entschuldigt-sich-fuer-anne-frank-buch\/"},"author":{"name":"guenter.wolfgang","@id":"https:\/\/kulturonline.tv\/de\/#\/schema\/person\/b0fac729bb9a0c193fb1df23449df4fe"},"headline":"Niederl\u00e4ndischer Verlag entschuldigt sich f\u00fcr Anne Frank-Buch","datePublished":"2022-02-02T05:23:35+00:00","dateModified":"2022-02-02T05:23:36+00:00","mainEntityOfPage":{"@id":"https:\/\/kulturonline.tv\/de\/niederlaendischer-verlag-entschuldigt-sich-fuer-anne-frank-buch\/"},"wordCount":132,"publisher":{"@id":"https:\/\/kulturonline.tv\/de\/#organization"},"image":{"@id":"https:\/\/kulturonline.tv\/de\/niederlaendischer-verlag-entschuldigt-sich-fuer-anne-frank-buch\/#primaryimage"},"thumbnailUrl":"https:\/\/kulturonline.tv\/wp-content\/uploads\/2022\/02\/anne-frank-tagebuch-auszeichnungen104__v-gseapremiumxl.jpg","articleSection":["Literatur"],"inLanguage":"de"},{"@type":"WebPage","@id":"https:\/\/kulturonline.tv\/de\/niederlaendischer-verlag-entschuldigt-sich-fuer-anne-frank-buch\/","url":"https:\/\/kulturonline.tv\/de\/niederlaendischer-verlag-entschuldigt-sich-fuer-anne-frank-buch\/","name":"Niederl\u00e4ndischer Verlag entschuldigt sich f\u00fcr Anne Frank-Buch - Kultur Online TV &amp; FM","isPartOf":{"@id":"https:\/\/kulturonline.tv\/de\/#website"},"primaryImageOfPage":{"@id":"https:\/\/kulturonline.tv\/de\/niederlaendischer-verlag-entschuldigt-sich-fuer-anne-frank-buch\/#primaryimage"},"image":{"@id":"https:\/\/kulturonline.tv\/de\/niederlaendischer-verlag-entschuldigt-sich-fuer-anne-frank-buch\/#primaryimage"},"thumbnailUrl":"https:\/\/kulturonline.tv\/wp-content\/uploads\/2022\/02\/anne-frank-tagebuch-auszeichnungen104__v-gseapremiumxl.jpg","datePublished":"2022-02-02T05:23:35+00:00","dateModified":"2022-02-02T05:23:36+00:00","description":"Kultur sehen und H\u00f6ren","breadcrumb":{"@id":"https:\/\/kulturonline.tv\/de\/niederlaendischer-verlag-entschuldigt-sich-fuer-anne-frank-buch\/#breadcrumb"},"inLanguage":"de","potentialAction":[{"@type":"ReadAction","target":["https:\/\/kulturonline.tv\/de\/niederlaendischer-verlag-entschuldigt-sich-fuer-anne-frank-buch\/"]}]},{"@type":"ImageObject","inLanguage":"de","@id":"https:\/\/kulturonline.tv\/de\/niederlaendischer-verlag-entschuldigt-sich-fuer-anne-frank-buch\/#primaryimage","url":"https:\/\/kulturonline.tv\/wp-content\/uploads\/2022\/02\/anne-frank-tagebuch-auszeichnungen104__v-gseapremiumxl.jpg","contentUrl":"https:\/\/kulturonline.tv\/wp-content\/uploads\/2022\/02\/anne-frank-tagebuch-auszeichnungen104__v-gseapremiumxl.jpg","width":704,"height":396},{"@type":"BreadcrumbList","@id":"https:\/\/kulturonline.tv\/de\/niederlaendischer-verlag-entschuldigt-sich-fuer-anne-frank-buch\/#breadcrumb","itemListElement":[{"@type":"ListItem","position":1,"name":"Startseite","item":"https:\/\/kulturonline.tv\/de\/"},{"@type":"ListItem","position":2,"name":"Niederl\u00e4ndischer Verlag entschuldigt sich f\u00fcr Anne Frank-Buch"}]},{"@type":"WebSite","@id":"https:\/\/kulturonline.tv\/de\/#website","url":"https:\/\/kulturonline.tv\/de\/","name":"Kultur Online TV &amp; FM","description":"Wir sind Kultur 2.0 zum sehen &amp; h\u00f6ren","publisher":{"@id":"https:\/\/kulturonline.tv\/de\/#organization"},"potentialAction":[{"@type":"SearchAction","target":{"@type":"EntryPoint","urlTemplate":"https:\/\/kulturonline.tv\/de\/?s={search_term_string}"},"query-input":{"@type":"PropertyValueSpecification","valueRequired":true,"valueName":"search_term_string"}}],"inLanguage":"de"},{"@type":"Organization","@id":"https:\/\/kulturonline.tv\/de\/#organization","name":"Kultur Online TV","url":"https:\/\/kulturonline.tv\/de\/","logo":{"@type":"ImageObject","inLanguage":"de","@id":"https:\/\/kulturonline.tv\/de\/#\/schema\/logo\/image\/","url":"https:\/\/kulturonline.tv\/wp-content\/uploads\/2021\/08\/Kultur-Online-Tv-Logo-Endversion-neu.png","contentUrl":"https:\/\/kulturonline.tv\/wp-content\/uploads\/2021\/08\/Kultur-Online-Tv-Logo-Endversion-neu.png","width":200,"height":200,"caption":"Kultur Online TV"},"image":{"@id":"https:\/\/kulturonline.tv\/de\/#\/schema\/logo\/image\/"},"sameAs":["https:\/\/www.facebook.com\/kulturonline.tv","https:\/\/www.instagram.com\/kulturonline.tv"]},{"@type":"Person","@id":"https:\/\/kulturonline.tv\/de\/#\/schema\/person\/b0fac729bb9a0c193fb1df23449df4fe","name":"guenter.wolfgang"}]}},"_links":{"self":[{"href":"https:\/\/kulturonline.tv\/de\/wp-json\/wp\/v2\/posts\/21908","targetHints":{"allow":["GET"]}}],"collection":[{"href":"https:\/\/kulturonline.tv\/de\/wp-json\/wp\/v2\/posts"}],"about":[{"href":"https:\/\/kulturonline.tv\/de\/wp-json\/wp\/v2\/types\/post"}],"author":[{"embeddable":true,"href":"https:\/\/kulturonline.tv\/de\/wp-json\/wp\/v2\/users\/2"}],"replies":[{"embeddable":true,"href":"https:\/\/kulturonline.tv\/de\/wp-json\/wp\/v2\/comments?post=21908"}],"version-history":[{"count":0,"href":"https:\/\/kulturonline.tv\/de\/wp-json\/wp\/v2\/posts\/21908\/revisions"}],"wp:featuredmedia":[{"embeddable":true,"href":"https:\/\/kulturonline.tv\/de\/wp-json\/wp\/v2\/media\/21910"}],"wp:attachment":[{"href":"https:\/\/kulturonline.tv\/de\/wp-json\/wp\/v2\/media?parent=21908"}],"wp:term":[{"taxonomy":"category","embeddable":true,"href":"https:\/\/kulturonline.tv\/de\/wp-json\/wp\/v2\/categories?post=21908"},{"taxonomy":"post_tag","embeddable":true,"href":"https:\/\/kulturonline.tv\/de\/wp-json\/wp\/v2\/tags?post=21908"}],"curies":[{"name":"wp","href":"https:\/\/api.w.org\/{rel}","templated":true}]}}