{"id":21998,"date":"2022-02-02T13:31:56","date_gmt":"2022-02-02T12:31:56","guid":{"rendered":"https:\/\/kulturonline.tv\/?p=21998"},"modified":"2022-02-02T13:34:46","modified_gmt":"2022-02-02T12:34:46","slug":"news-des-tages-vom-31-01-2022","status":"publish","type":"post","link":"https:\/\/kulturonline.tv\/de\/news-des-tages-vom-31-01-2022\/","title":{"rendered":"News des Tages vom 31.01.2022"},"content":{"rendered":"\n<figure class=\"wp-block-embed is-type-video is-provider-youtube wp-block-embed-youtube wp-embed-aspect-16-9 wp-has-aspect-ratio\"><div class=\"wp-block-embed__wrapper\">\nhttps:\/\/www.youtube.com\/watch?v=BqAraHGXWNE\n<\/div><\/figure>\n\n\n<form role=\"search\" method=\"get\" action=\"https:\/\/kulturonline.tv\/de\/\" class=\"wp-block-search__button-outside wp-block-search__text-button wp-block-search\"    ><label class=\"wp-block-search__label\" for=\"wp-block-search__input-1\" >Suchen<\/label><div class=\"wp-block-search__inside-wrapper \" ><input class=\"wp-block-search__input\" id=\"wp-block-search__input-1\" placeholder=\"\" value=\"\" type=\"search\" name=\"s\" required \/><button aria-label=\"Suchen\" class=\"wp-block-search__button wp-element-button\" type=\"submit\" >Suchen<\/button><\/div><\/form>\n\n\n<p><a href=\"https:\/\/kulturonline.tv\/at\/kunst\/lichtkuenstlerin-brigitte-kowanz-64-jaehrig-gestorben\">Lichtk\u00fcnstlerin Brigitte Kowanz 64-j\u00e4hrig gestorben<\/a><\/p>\n\n\n\n<p>Kowanz widmete sich seit den 1980er Jahren dem \u00e4sthetischen Primat \u201cLicht-Kunst mit Kunst-Licht\u201d.<\/p>\n\n\n\n<h2 class=\"wp-block-heading\" id=\"weitere-aktuelle-news\"><strong>Weitere aktuelle News:<\/strong><\/h2>\n\n\n\n<div class=\"wp-block-query is-layout-flow wp-block-query-is-layout-flow\">\n<div class=\"wp-block-group is-layout-flow wp-block-group-is-layout-flow\"><ul class=\"alignleft wp-block-post-template is-layout-flow wp-block-post-template-is-layout-flow\"><li class=\"wp-block-post post-143621 post type-post status-publish format-standard has-post-thumbnail hentry category-medien category-newsflash\">\n\n<div class=\"wp-block-group is-layout-flow wp-block-group-is-layout-flow\" style=\"padding-top:30px;padding-right:30px;padding-bottom:30px;padding-left:30px\"><h3 class=\"has-text-align-left wp-block-post-title\"><a href=\"https:\/\/kulturonline.tv\/de\/zeitenwende-in-budapest-peter-magyar-kuendigt-radikalkur-fuer-staatsmedien-an\/\" target=\"_self\" >Zeitenwende in Budapest: P\u00e9ter Magyar k\u00fcndigt Radikalkur f\u00fcr Staatsmedien an<\/a><\/h3>\n\n<div class=\"wp-block-post-excerpt\"><p class=\"wp-block-post-excerpt__excerpt\">Drei Tage nach dem historischen Wahlsieg seiner Partei TISZA hat der k\u00fcnftige ungarische Premierminister P\u00e9ter Magyar am Mittwochmorgen f\u00fcr ein politisches Beben gesorgt \u2013 und das ausgerechnet im Studio des \u00f6ffentlich-rechtlichen Rundfunks, den er jahrelang gemieden hatte. \u00a9 Bild: KI generiert Das Ende der \u201ePropaganda\u201c? In seinem ersten gro\u00dfen Interview nach der Wahl wiederholte Magyar&hellip; <\/p><\/div>\n\n<div class=\"wp-block-post-date\"><time datetime=\"2026-04-16T08:45:42+02:00\">16. April 2026<\/time><\/div><\/div>\n\n<\/li><li class=\"wp-block-post post-142766 post type-post status-publish format-standard has-post-thumbnail hentry category-newsflash\">\n\n<div class=\"wp-block-group is-layout-flow wp-block-group-is-layout-flow\" style=\"padding-top:30px;padding-right:30px;padding-bottom:30px;padding-left:30px\"><h3 class=\"has-text-align-left wp-block-post-title\"><a href=\"https:\/\/kulturonline.tv\/de\/der-archivar-des-eigensinns-alexander-kluge-verstorben\/\" target=\"_self\" >Der Archivar des Eigensinns: Alexander Kluge verstorben<\/a><\/h3>\n\n<div class=\"wp-block-post-excerpt\"><p class=\"wp-block-post-excerpt__excerpt\">Mit Alexander Kluge verlieren wir den gro\u00dfen \u201eEnzyklop\u00e4disten des 20. und 21. Jahrhunderts\u201c. Sein Schaffen war gepr\u00e4gt von einer tiefen Neugier auf die Zusammenh\u00e4nge der Welt und dem festen Glauben daran, dass die \u201eArbeit am Ged\u00e4chtnis\u201c niemals abgeschlossen ist. Ein Wegbereiter des Neuen Deutschen Films Kluge war die treibende Kraft hinter dem Oberhausener Manifest von&hellip; <\/p><\/div>\n\n<div class=\"wp-block-post-date\"><time datetime=\"2026-03-26T22:24:06+01:00\">26. M\u00e4rz 2026<\/time><\/div><\/div>\n\n<\/li><li class=\"wp-block-post post-140884 post type-post status-publish format-standard has-post-thumbnail hentry category-newsflash\">\n\n<div class=\"wp-block-group is-layout-flow wp-block-group-is-layout-flow\" style=\"padding-top:30px;padding-right:30px;padding-bottom:30px;padding-left:30px\"><h3 class=\"has-text-align-left wp-block-post-title\"><a href=\"https:\/\/kulturonline.tv\/de\/unesco-welterbe-der-golestan-palast-in-teheran-bei-luftangriffen-schwer-beschaedigt\/\" target=\"_self\" >UNESCO-Welterbe der &#8222;Golestan-Palast in Teheran&#8220; bei Luftangriffen schwer besch\u00e4digt<\/a><\/h3>\n\n<div class=\"wp-block-post-excerpt\"><p class=\"wp-block-post-excerpt__excerpt\">Das Denkmal gilt als Meisterwerk der Qajaren-\u00c4ra und ist Teil des Weltkulturerbes. Die internationale Gemeinschaft blickt mit gro\u00dfer Besorgnis auf den Iran, wo eines der bedeutendsten Kulturdenkm\u00e4ler des Landes, der historische Golestan-Palast, bei j\u00fcngsten Luftangriffen schwer besch\u00e4digt wurde. Berichten zufolge trafen Explosionen in der unmittelbaren Umgebung \u2013 insbesondere am nahegelegenen Arg-Platz \u2013 den Palastkomplex indirekt&hellip; <\/p><\/div>\n\n<div class=\"wp-block-post-date\"><time datetime=\"2026-03-25T15:33:24+01:00\">25. M\u00e4rz 2026<\/time><\/div><\/div>\n\n<\/li><li class=\"wp-block-post post-140861 post type-post status-publish format-standard has-post-thumbnail hentry category-newsflash\">\n\n<div class=\"wp-block-group is-layout-flow wp-block-group-is-layout-flow\" style=\"padding-top:30px;padding-right:30px;padding-bottom:30px;padding-left:30px\"><h3 class=\"has-text-align-left wp-block-post-title\"><a href=\"https:\/\/kulturonline.tv\/de\/fuehrungswechsel-an-der-spanischen-hofreitschule\/\" target=\"_self\" >F\u00fchrungswechsel an der Spanischen Hofreitschule<\/a><\/h3>\n\n<div class=\"wp-block-post-excerpt\"><p class=\"wp-block-post-excerpt__excerpt\">Die Spanische Hofreitschule in Wien, eines der bedeutendsten Kulturg\u00fcter \u00d6sterreichs und Teil des immateriellen UNESCO-Weltkulturerbes, steht vor einem markanten Neubeginn. Mit Alexandra Kaszay \u00fcbernimmt eine erfahrene Managerin die Leitung der traditionsreichen Institution, um das &#8222;wei\u00dfe Ballett&#8220; in eine moderne Zukunft zu f\u00fchren. \u00a9 Bild: Pressefoto Spanische Hofreitschule Alexandra Kaszay ist in der Wiener Kulturszene keine&hellip; <\/p><\/div>\n\n<div class=\"wp-block-post-date\"><time datetime=\"2026-03-10T14:12:05+01:00\">10. M\u00e4rz 2026<\/time><\/div><\/div>\n\n<\/li><li class=\"wp-block-post post-140197 post type-post status-publish format-standard has-post-thumbnail hentry category-newsflash\">\n\n<div class=\"wp-block-group is-layout-flow wp-block-group-is-layout-flow\" style=\"padding-top:30px;padding-right:30px;padding-bottom:30px;padding-left:30px\"><h3 class=\"has-text-align-left wp-block-post-title\"><a href=\"https:\/\/kulturonline.tv\/de\/orf-paukenschlag-generaldirektor-roland-weissmann-ueberraschend-zurueckgetreten\/\" target=\"_self\" >Generaldirektor Roland Wei\u00dfmann \u00fcberraschend zur\u00fcckgetreten<\/a><\/h3>\n\n<div class=\"wp-block-post-excerpt\"><p class=\"wp-block-post-excerpt__excerpt\">Ein Paukenschlag am K\u00fcniglberg sorgt f\u00fcr Ersch\u00fctterung in der \u00f6sterreichischen Medienwelt: ORF-Generaldirektor Roland Wei\u00dfmann hat mit sofortiger Wirkung seinen R\u00fccktritt erkl\u00e4rt. Der R\u00fcckzug erfolgt zu einem denkbar kritischen Zeitpunkt \u2013 nur wenige Wochen bevor Wien Gastgeber des Eurovision Song Contest 2026 wird. Ausl\u00f6ser f\u00fcr den pl\u00f6tzlichen Abgang sind Vorw\u00fcrfe einer Mitarbeiterin wegen sexueller Bel\u00e4stigung. Diese&hellip; <\/p><\/div>\n\n<div class=\"wp-block-post-date\"><time datetime=\"2026-03-09T14:17:20+01:00\">9. M\u00e4rz 2026<\/time><\/div><\/div>\n\n<\/li><li class=\"wp-block-post post-120941 post type-post status-publish format-standard has-post-thumbnail hentry category-newsflash\">\n\n<div class=\"wp-block-group is-layout-flow wp-block-group-is-layout-flow\" style=\"padding-top:30px;padding-right:30px;padding-bottom:30px;padding-left:30px\"><h3 class=\"has-text-align-left wp-block-post-title\"><a href=\"https:\/\/kulturonline.tv\/de\/claudia-cardinale-mit-87-jahren-verstorben\/\" target=\"_self\" >Claudia Cardinale mit 87 Jahren verstorben<\/a><\/h3>\n\n<div class=\"wp-block-post-excerpt\"><p class=\"wp-block-post-excerpt__excerpt\">Die Welt des Films trauert um eine ihrer gr\u00f6\u00dften Ikonen: Claudia Cardinale ist im Alter von 87 Jahren verstorben. \u00a9Bild: Georges Biard, CC BY-SA 3.0 https:\/\/creativecommons.org\/licenses\/by-sa\/3.0, via Wikimedia Commons Die in Tunesien geborene Schauspielerin, mit b\u00fcrgerlichem Namen Claude Josephine Rose Cardinale, wurde in den 1960er Jahren zu einem der strahlendsten Sterne des europ\u00e4ischen Kinos. Mit&hellip; <\/p><\/div>\n\n<div class=\"wp-block-post-date\"><time datetime=\"2025-09-23T23:32:38+02:00\">23. September 2025<\/time><\/div><\/div>\n\n<\/li><\/ul><\/div>\n<\/div>\n","protected":false},"excerpt":{"rendered":"<p>Lichtk\u00fcnstlerin Brigitte Kowanz 64-j\u00e4hrig gestorben Kowanz widmete sich seit den 1980er Jahren dem \u00e4sthetischen Primat \u201cLicht-Kunst mit Kunst-Licht\u201d. Weitere aktuelle News:<\/p>\n","protected":false},"author":2,"featured_media":22001,"comment_status":"closed","ping_status":"closed","sticky":false,"template":"","format":"standard","meta":{"_acf_changed":false,"footnotes":""},"categories":[1],"tags":[],"class_list":["post-21998","post","type-post","status-publish","format-standard","has-post-thumbnail","hentry","category-unkategorisiert"],"acf":[],"yoast_head":"<!-- This site is optimized with the Yoast SEO plugin v26.1.1 - https:\/\/yoast.com\/wordpress\/plugins\/seo\/ -->\n<title>News des Tages vom 31.01.2022 - Kultur Online TV &amp; FM<\/title>\n<meta name=\"description\" content=\"Kultur sehen und H\u00f6ren\" \/>\n<meta name=\"robots\" content=\"index, follow, max-snippet:-1, max-image-preview:large, max-video-preview:-1\" \/>\n<link rel=\"canonical\" href=\"https:\/\/kulturonline.tv\/de\/news-des-tages-vom-31-01-2022\/\" \/>\n<meta property=\"og:locale\" content=\"de_DE\" \/>\n<meta property=\"og:type\" content=\"article\" \/>\n<meta property=\"og:title\" content=\"News des Tages vom 31.01.2022 - Kultur Online TV &amp; FM\" \/>\n<meta property=\"og:description\" content=\"Kultur sehen und H\u00f6ren\" \/>\n<meta property=\"og:url\" content=\"https:\/\/kulturonline.tv\/de\/news-des-tages-vom-31-01-2022\/\" \/>\n<meta property=\"og:site_name\" content=\"Kultur Online TV &amp; FM\" \/>\n<meta property=\"article:publisher\" content=\"https:\/\/www.facebook.com\/kulturonline.tv\" \/>\n<meta property=\"article:published_time\" content=\"2022-02-02T12:31:56+00:00\" \/>\n<meta property=\"article:modified_time\" content=\"2022-02-02T12:34:46+00:00\" \/>\n<meta property=\"og:image\" content=\"https:\/\/kulturonline.tv\/wp-content\/uploads\/2022\/02\/Latest-News-31.01.2022.jpg\" \/>\n\t<meta property=\"og:image:width\" content=\"320\" \/>\n\t<meta property=\"og:image:height\" content=\"180\" \/>\n\t<meta property=\"og:image:type\" content=\"image\/jpeg\" \/>\n<meta name=\"author\" content=\"guenter.wolfgang\" \/>\n<meta name=\"twitter:card\" content=\"summary_large_image\" \/>\n<meta name=\"twitter:label1\" content=\"Verfasst von\" \/>\n\t<meta name=\"twitter:data1\" content=\"guenter.wolfgang\" \/>\n\t<meta name=\"twitter:label2\" content=\"Gesch\u00e4tzte Lesezeit\" \/>\n\t<meta name=\"twitter:data2\" content=\"1\u00a0Minute\" \/>\n<script type=\"application\/ld+json\" class=\"yoast-schema-graph\">{\"@context\":\"https:\/\/schema.org\",\"@graph\":[{\"@type\":\"Article\",\"@id\":\"https:\/\/kulturonline.tv\/de\/news-des-tages-vom-31-01-2022\/#article\",\"isPartOf\":{\"@id\":\"https:\/\/kulturonline.tv\/de\/news-des-tages-vom-31-01-2022\/\"},\"author\":{\"name\":\"guenter.wolfgang\",\"@id\":\"https:\/\/kulturonline.tv\/de\/#\/schema\/person\/b0fac729bb9a0c193fb1df23449df4fe\"},\"headline\":\"News des Tages vom 31.01.2022\",\"datePublished\":\"2022-02-02T12:31:56+00:00\",\"dateModified\":\"2022-02-02T12:34:46+00:00\",\"mainEntityOfPage\":{\"@id\":\"https:\/\/kulturonline.tv\/de\/news-des-tages-vom-31-01-2022\/\"},\"wordCount\":34,\"publisher\":{\"@id\":\"https:\/\/kulturonline.tv\/de\/#organization\"},\"image\":{\"@id\":\"https:\/\/kulturonline.tv\/de\/news-des-tages-vom-31-01-2022\/#primaryimage\"},\"thumbnailUrl\":\"https:\/\/kulturonline.tv\/wp-content\/uploads\/2022\/02\/Latest-News-31.01.2022.jpg\",\"articleSection\":[\"Unkategorisiert\"],\"inLanguage\":\"de\"},{\"@type\":\"WebPage\",\"@id\":\"https:\/\/kulturonline.tv\/de\/news-des-tages-vom-31-01-2022\/\",\"url\":\"https:\/\/kulturonline.tv\/de\/news-des-tages-vom-31-01-2022\/\",\"name\":\"News des Tages vom 31.01.2022 - Kultur Online TV &amp; FM\",\"isPartOf\":{\"@id\":\"https:\/\/kulturonline.tv\/de\/#website\"},\"primaryImageOfPage\":{\"@id\":\"https:\/\/kulturonline.tv\/de\/news-des-tages-vom-31-01-2022\/#primaryimage\"},\"image\":{\"@id\":\"https:\/\/kulturonline.tv\/de\/news-des-tages-vom-31-01-2022\/#primaryimage\"},\"thumbnailUrl\":\"https:\/\/kulturonline.tv\/wp-content\/uploads\/2022\/02\/Latest-News-31.01.2022.jpg\",\"datePublished\":\"2022-02-02T12:31:56+00:00\",\"dateModified\":\"2022-02-02T12:34:46+00:00\",\"description\":\"Kultur sehen und H\u00f6ren\",\"breadcrumb\":{\"@id\":\"https:\/\/kulturonline.tv\/de\/news-des-tages-vom-31-01-2022\/#breadcrumb\"},\"inLanguage\":\"de\",\"potentialAction\":[{\"@type\":\"ReadAction\",\"target\":[\"https:\/\/kulturonline.tv\/de\/news-des-tages-vom-31-01-2022\/\"]}]},{\"@type\":\"ImageObject\",\"inLanguage\":\"de\",\"@id\":\"https:\/\/kulturonline.tv\/de\/news-des-tages-vom-31-01-2022\/#primaryimage\",\"url\":\"https:\/\/kulturonline.tv\/wp-content\/uploads\/2022\/02\/Latest-News-31.01.2022.jpg\",\"contentUrl\":\"https:\/\/kulturonline.tv\/wp-content\/uploads\/2022\/02\/Latest-News-31.01.2022.jpg\",\"width\":320,\"height\":180},{\"@type\":\"BreadcrumbList\",\"@id\":\"https:\/\/kulturonline.tv\/de\/news-des-tages-vom-31-01-2022\/#breadcrumb\",\"itemListElement\":[{\"@type\":\"ListItem\",\"position\":1,\"name\":\"Startseite\",\"item\":\"https:\/\/kulturonline.tv\/de\/\"},{\"@type\":\"ListItem\",\"position\":2,\"name\":\"News des Tages vom 31.01.2022\"}]},{\"@type\":\"WebSite\",\"@id\":\"https:\/\/kulturonline.tv\/de\/#website\",\"url\":\"https:\/\/kulturonline.tv\/de\/\",\"name\":\"Kultur Online TV &amp; FM\",\"description\":\"Wir sind Kultur 2.0 zum sehen &amp; h\u00f6ren\",\"publisher\":{\"@id\":\"https:\/\/kulturonline.tv\/de\/#organization\"},\"potentialAction\":[{\"@type\":\"SearchAction\",\"target\":{\"@type\":\"EntryPoint\",\"urlTemplate\":\"https:\/\/kulturonline.tv\/de\/?s={search_term_string}\"},\"query-input\":{\"@type\":\"PropertyValueSpecification\",\"valueRequired\":true,\"valueName\":\"search_term_string\"}}],\"inLanguage\":\"de\"},{\"@type\":\"Organization\",\"@id\":\"https:\/\/kulturonline.tv\/de\/#organization\",\"name\":\"Kultur Online TV\",\"url\":\"https:\/\/kulturonline.tv\/de\/\",\"logo\":{\"@type\":\"ImageObject\",\"inLanguage\":\"de\",\"@id\":\"https:\/\/kulturonline.tv\/de\/#\/schema\/logo\/image\/\",\"url\":\"https:\/\/kulturonline.tv\/wp-content\/uploads\/2021\/08\/Kultur-Online-Tv-Logo-Endversion-neu.png\",\"contentUrl\":\"https:\/\/kulturonline.tv\/wp-content\/uploads\/2021\/08\/Kultur-Online-Tv-Logo-Endversion-neu.png\",\"width\":200,\"height\":200,\"caption\":\"Kultur Online TV\"},\"image\":{\"@id\":\"https:\/\/kulturonline.tv\/de\/#\/schema\/logo\/image\/\"},\"sameAs\":[\"https:\/\/www.facebook.com\/kulturonline.tv\",\"https:\/\/www.instagram.com\/kulturonline.tv\"]},{\"@type\":\"Person\",\"@id\":\"https:\/\/kulturonline.tv\/de\/#\/schema\/person\/b0fac729bb9a0c193fb1df23449df4fe\",\"name\":\"guenter.wolfgang\"}]}<\/script>\n<!-- \/ Yoast SEO plugin. -->","yoast_head_json":{"title":"News des Tages vom 31.01.2022 - Kultur Online TV &amp; FM","description":"Kultur sehen und H\u00f6ren","robots":{"index":"index","follow":"follow","max-snippet":"max-snippet:-1","max-image-preview":"max-image-preview:large","max-video-preview":"max-video-preview:-1"},"canonical":"https:\/\/kulturonline.tv\/de\/news-des-tages-vom-31-01-2022\/","og_locale":"de_DE","og_type":"article","og_title":"News des Tages vom 31.01.2022 - Kultur Online TV &amp; FM","og_description":"Kultur sehen und H\u00f6ren","og_url":"https:\/\/kulturonline.tv\/de\/news-des-tages-vom-31-01-2022\/","og_site_name":"Kultur Online TV &amp; FM","article_publisher":"https:\/\/www.facebook.com\/kulturonline.tv","article_published_time":"2022-02-02T12:31:56+00:00","article_modified_time":"2022-02-02T12:34:46+00:00","og_image":[{"width":320,"height":180,"url":"https:\/\/kulturonline.tv\/wp-content\/uploads\/2022\/02\/Latest-News-31.01.2022.jpg","type":"image\/jpeg"}],"author":"guenter.wolfgang","twitter_card":"summary_large_image","twitter_misc":{"Verfasst von":"guenter.wolfgang","Gesch\u00e4tzte Lesezeit":"1\u00a0Minute"},"schema":{"@context":"https:\/\/schema.org","@graph":[{"@type":"Article","@id":"https:\/\/kulturonline.tv\/de\/news-des-tages-vom-31-01-2022\/#article","isPartOf":{"@id":"https:\/\/kulturonline.tv\/de\/news-des-tages-vom-31-01-2022\/"},"author":{"name":"guenter.wolfgang","@id":"https:\/\/kulturonline.tv\/de\/#\/schema\/person\/b0fac729bb9a0c193fb1df23449df4fe"},"headline":"News des Tages vom 31.01.2022","datePublished":"2022-02-02T12:31:56+00:00","dateModified":"2022-02-02T12:34:46+00:00","mainEntityOfPage":{"@id":"https:\/\/kulturonline.tv\/de\/news-des-tages-vom-31-01-2022\/"},"wordCount":34,"publisher":{"@id":"https:\/\/kulturonline.tv\/de\/#organization"},"image":{"@id":"https:\/\/kulturonline.tv\/de\/news-des-tages-vom-31-01-2022\/#primaryimage"},"thumbnailUrl":"https:\/\/kulturonline.tv\/wp-content\/uploads\/2022\/02\/Latest-News-31.01.2022.jpg","articleSection":["Unkategorisiert"],"inLanguage":"de"},{"@type":"WebPage","@id":"https:\/\/kulturonline.tv\/de\/news-des-tages-vom-31-01-2022\/","url":"https:\/\/kulturonline.tv\/de\/news-des-tages-vom-31-01-2022\/","name":"News des Tages vom 31.01.2022 - Kultur Online TV &amp; FM","isPartOf":{"@id":"https:\/\/kulturonline.tv\/de\/#website"},"primaryImageOfPage":{"@id":"https:\/\/kulturonline.tv\/de\/news-des-tages-vom-31-01-2022\/#primaryimage"},"image":{"@id":"https:\/\/kulturonline.tv\/de\/news-des-tages-vom-31-01-2022\/#primaryimage"},"thumbnailUrl":"https:\/\/kulturonline.tv\/wp-content\/uploads\/2022\/02\/Latest-News-31.01.2022.jpg","datePublished":"2022-02-02T12:31:56+00:00","dateModified":"2022-02-02T12:34:46+00:00","description":"Kultur sehen und H\u00f6ren","breadcrumb":{"@id":"https:\/\/kulturonline.tv\/de\/news-des-tages-vom-31-01-2022\/#breadcrumb"},"inLanguage":"de","potentialAction":[{"@type":"ReadAction","target":["https:\/\/kulturonline.tv\/de\/news-des-tages-vom-31-01-2022\/"]}]},{"@type":"ImageObject","inLanguage":"de","@id":"https:\/\/kulturonline.tv\/de\/news-des-tages-vom-31-01-2022\/#primaryimage","url":"https:\/\/kulturonline.tv\/wp-content\/uploads\/2022\/02\/Latest-News-31.01.2022.jpg","contentUrl":"https:\/\/kulturonline.tv\/wp-content\/uploads\/2022\/02\/Latest-News-31.01.2022.jpg","width":320,"height":180},{"@type":"BreadcrumbList","@id":"https:\/\/kulturonline.tv\/de\/news-des-tages-vom-31-01-2022\/#breadcrumb","itemListElement":[{"@type":"ListItem","position":1,"name":"Startseite","item":"https:\/\/kulturonline.tv\/de\/"},{"@type":"ListItem","position":2,"name":"News des Tages vom 31.01.2022"}]},{"@type":"WebSite","@id":"https:\/\/kulturonline.tv\/de\/#website","url":"https:\/\/kulturonline.tv\/de\/","name":"Kultur Online TV &amp; FM","description":"Wir sind Kultur 2.0 zum sehen &amp; h\u00f6ren","publisher":{"@id":"https:\/\/kulturonline.tv\/de\/#organization"},"potentialAction":[{"@type":"SearchAction","target":{"@type":"EntryPoint","urlTemplate":"https:\/\/kulturonline.tv\/de\/?s={search_term_string}"},"query-input":{"@type":"PropertyValueSpecification","valueRequired":true,"valueName":"search_term_string"}}],"inLanguage":"de"},{"@type":"Organization","@id":"https:\/\/kulturonline.tv\/de\/#organization","name":"Kultur Online TV","url":"https:\/\/kulturonline.tv\/de\/","logo":{"@type":"ImageObject","inLanguage":"de","@id":"https:\/\/kulturonline.tv\/de\/#\/schema\/logo\/image\/","url":"https:\/\/kulturonline.tv\/wp-content\/uploads\/2021\/08\/Kultur-Online-Tv-Logo-Endversion-neu.png","contentUrl":"https:\/\/kulturonline.tv\/wp-content\/uploads\/2021\/08\/Kultur-Online-Tv-Logo-Endversion-neu.png","width":200,"height":200,"caption":"Kultur Online TV"},"image":{"@id":"https:\/\/kulturonline.tv\/de\/#\/schema\/logo\/image\/"},"sameAs":["https:\/\/www.facebook.com\/kulturonline.tv","https:\/\/www.instagram.com\/kulturonline.tv"]},{"@type":"Person","@id":"https:\/\/kulturonline.tv\/de\/#\/schema\/person\/b0fac729bb9a0c193fb1df23449df4fe","name":"guenter.wolfgang"}]}},"_links":{"self":[{"href":"https:\/\/kulturonline.tv\/de\/wp-json\/wp\/v2\/posts\/21998","targetHints":{"allow":["GET"]}}],"collection":[{"href":"https:\/\/kulturonline.tv\/de\/wp-json\/wp\/v2\/posts"}],"about":[{"href":"https:\/\/kulturonline.tv\/de\/wp-json\/wp\/v2\/types\/post"}],"author":[{"embeddable":true,"href":"https:\/\/kulturonline.tv\/de\/wp-json\/wp\/v2\/users\/2"}],"replies":[{"embeddable":true,"href":"https:\/\/kulturonline.tv\/de\/wp-json\/wp\/v2\/comments?post=21998"}],"version-history":[{"count":0,"href":"https:\/\/kulturonline.tv\/de\/wp-json\/wp\/v2\/posts\/21998\/revisions"}],"wp:featuredmedia":[{"embeddable":true,"href":"https:\/\/kulturonline.tv\/de\/wp-json\/wp\/v2\/media\/22001"}],"wp:attachment":[{"href":"https:\/\/kulturonline.tv\/de\/wp-json\/wp\/v2\/media?parent=21998"}],"wp:term":[{"taxonomy":"category","embeddable":true,"href":"https:\/\/kulturonline.tv\/de\/wp-json\/wp\/v2\/categories?post=21998"},{"taxonomy":"post_tag","embeddable":true,"href":"https:\/\/kulturonline.tv\/de\/wp-json\/wp\/v2\/tags?post=21998"}],"curies":[{"name":"wp","href":"https:\/\/api.w.org\/{rel}","templated":true}]}}