{"id":22132,"date":"2022-02-04T07:12:52","date_gmt":"2022-02-04T06:12:52","guid":{"rendered":"https:\/\/kulturonline.tv\/?p=22132"},"modified":"2022-02-04T07:12:54","modified_gmt":"2022-02-04T06:12:54","slug":"die-leiterin-des-berliner-theatertreffens-yvonne-buedenhoelzer-gibt-die-leitung-ab","status":"publish","type":"post","link":"https:\/\/kulturonline.tv\/de\/die-leiterin-des-berliner-theatertreffens-yvonne-buedenhoelzer-gibt-die-leitung-ab\/","title":{"rendered":"Die Leiterin des Berliner Theatertreffens, Yvonne B\u00fcdenh\u00f6lzer gibt die Leitung ab"},"content":{"rendered":"\n<p>B\u00fcdenh\u00f6lzer k\u00fcndigte an, dass das Theatertreffen 2022 ihre letzte Ausgabe sein werde.<\/p>\n\n\n\n<figure class=\"wp-block-image size-large\"><img fetchpriority=\"high\" decoding=\"async\" width=\"2048\" height=\"1151\" src=\"https:\/\/kulturonline.tv\/wp-content\/uploads\/2022\/02\/Theatertreffen-edited.jpg\" alt=\"\" class=\"wp-image-22136\" srcset=\"https:\/\/kulturonline.tv\/wp-content\/uploads\/2022\/02\/Theatertreffen-edited.jpg 2048w, https:\/\/kulturonline.tv\/wp-content\/uploads\/2022\/02\/Theatertreffen-edited-600x337.jpg 600w, https:\/\/kulturonline.tv\/wp-content\/uploads\/2022\/02\/Theatertreffen-edited-800x450.jpg 800w, https:\/\/kulturonline.tv\/wp-content\/uploads\/2022\/02\/Theatertreffen-edited-1600x899.jpg 1600w, https:\/\/kulturonline.tv\/wp-content\/uploads\/2022\/02\/Theatertreffen-edited-768x432.jpg 768w, https:\/\/kulturonline.tv\/wp-content\/uploads\/2022\/02\/Theatertreffen-edited-1536x863.jpg 1536w\" sizes=\"(max-width: 2048px) 100vw, 2048px\" \/><\/figure>\n\n\n\n<p>Sie stand seit 2012 an der Spitze des renommierten Festivals. Zum Grund f\u00fcr ihren Abschied sagte B\u00fcdenh\u00f6lzer, sie habe ein neues, sehr sch\u00f6nes Angebot bekommen.<\/p>\n\n\n\n<p>Wer den Leitungsposten des Festivals \u00fcbernehmen wird, ist noch nicht bekannt. F\u00fcr das Berliner Theatertreffen werden j\u00e4hrlich besondere Inszenierungen aus Deutschland, \u00d6sterreich und der Schweiz ausgew\u00e4hlt. Die n\u00e4chste Ausgabe ist vom 6. bis 22. Mai geplant.<\/p>\n\n\n\n<p>Kultur Online Tv<\/p>\n\n\n\n<p>#news #kunst #kultur #theater<\/p>\n","protected":false},"excerpt":{"rendered":"<p>B\u00fcdenh\u00f6lzer k\u00fcndigte an, dass das Theatertreffen 2022 ihre letzte Ausgabe sein werde. Sie stand seit 2012 an der Spitze des renommierten Festivals. Zum Grund f\u00fcr ihren Abschied sagte B\u00fcdenh\u00f6lzer, sie habe ein neues, sehr sch\u00f6nes Angebot bekommen. Wer den Leitungsposten des Festivals \u00fcbernehmen wird, ist noch nicht bekannt. F\u00fcr das Berliner Theatertreffen werden j\u00e4hrlich besondere [&hellip;]<\/p>\n","protected":false},"author":2,"featured_media":22136,"comment_status":"closed","ping_status":"closed","sticky":false,"template":"","format":"standard","meta":{"_acf_changed":false,"footnotes":""},"categories":[105],"tags":[],"class_list":["post-22132","post","type-post","status-publish","format-standard","has-post-thumbnail","hentry","category-theater"],"acf":[],"yoast_head":"<!-- This site is optimized with the Yoast SEO plugin v26.1.1 - https:\/\/yoast.com\/wordpress\/plugins\/seo\/ -->\n<title>Die Leiterin des Berliner Theatertreffens, Yvonne B\u00fcdenh\u00f6lzer gibt die Leitung ab - Kultur Online TV &amp; FM<\/title>\n<meta name=\"description\" content=\"Kultur sehen und H\u00f6ren\" \/>\n<meta name=\"robots\" content=\"index, follow, max-snippet:-1, max-image-preview:large, max-video-preview:-1\" \/>\n<link rel=\"canonical\" href=\"https:\/\/kulturonline.tv\/de\/die-leiterin-des-berliner-theatertreffens-yvonne-buedenhoelzer-gibt-die-leitung-ab\/\" \/>\n<meta property=\"og:locale\" content=\"de_DE\" \/>\n<meta property=\"og:type\" content=\"article\" \/>\n<meta property=\"og:title\" content=\"Die Leiterin des Berliner Theatertreffens, Yvonne B\u00fcdenh\u00f6lzer gibt die Leitung ab - Kultur Online TV &amp; FM\" \/>\n<meta property=\"og:description\" content=\"Kultur sehen und H\u00f6ren\" \/>\n<meta property=\"og:url\" content=\"https:\/\/kulturonline.tv\/de\/die-leiterin-des-berliner-theatertreffens-yvonne-buedenhoelzer-gibt-die-leitung-ab\/\" \/>\n<meta property=\"og:site_name\" content=\"Kultur Online TV &amp; FM\" \/>\n<meta property=\"article:publisher\" content=\"https:\/\/www.facebook.com\/kulturonline.tv\" \/>\n<meta property=\"article:published_time\" content=\"2022-02-04T06:12:52+00:00\" \/>\n<meta property=\"article:modified_time\" content=\"2022-02-04T06:12:54+00:00\" \/>\n<meta property=\"og:image\" content=\"https:\/\/kulturonline.tv\/wp-content\/uploads\/2022\/02\/Theatertreffen-edited.jpg\" \/>\n\t<meta property=\"og:image:width\" content=\"2048\" \/>\n\t<meta property=\"og:image:height\" content=\"1151\" \/>\n\t<meta property=\"og:image:type\" content=\"image\/jpeg\" \/>\n<meta name=\"author\" content=\"guenter.wolfgang\" \/>\n<meta name=\"twitter:card\" content=\"summary_large_image\" \/>\n<meta name=\"twitter:label1\" content=\"Verfasst von\" \/>\n\t<meta name=\"twitter:data1\" content=\"guenter.wolfgang\" \/>\n\t<meta name=\"twitter:label2\" content=\"Gesch\u00e4tzte Lesezeit\" \/>\n\t<meta name=\"twitter:data2\" content=\"1\u00a0Minute\" \/>\n<script type=\"application\/ld+json\" class=\"yoast-schema-graph\">{\"@context\":\"https:\/\/schema.org\",\"@graph\":[{\"@type\":\"Article\",\"@id\":\"https:\/\/kulturonline.tv\/de\/die-leiterin-des-berliner-theatertreffens-yvonne-buedenhoelzer-gibt-die-leitung-ab\/#article\",\"isPartOf\":{\"@id\":\"https:\/\/kulturonline.tv\/de\/die-leiterin-des-berliner-theatertreffens-yvonne-buedenhoelzer-gibt-die-leitung-ab\/\"},\"author\":{\"name\":\"guenter.wolfgang\",\"@id\":\"https:\/\/kulturonline.tv\/de\/#\/schema\/person\/b0fac729bb9a0c193fb1df23449df4fe\"},\"headline\":\"Die Leiterin des Berliner Theatertreffens, Yvonne B\u00fcdenh\u00f6lzer gibt die Leitung ab\",\"datePublished\":\"2022-02-04T06:12:52+00:00\",\"dateModified\":\"2022-02-04T06:12:54+00:00\",\"mainEntityOfPage\":{\"@id\":\"https:\/\/kulturonline.tv\/de\/die-leiterin-des-berliner-theatertreffens-yvonne-buedenhoelzer-gibt-die-leitung-ab\/\"},\"wordCount\":100,\"publisher\":{\"@id\":\"https:\/\/kulturonline.tv\/de\/#organization\"},\"image\":{\"@id\":\"https:\/\/kulturonline.tv\/de\/die-leiterin-des-berliner-theatertreffens-yvonne-buedenhoelzer-gibt-die-leitung-ab\/#primaryimage\"},\"thumbnailUrl\":\"https:\/\/kulturonline.tv\/wp-content\/uploads\/2022\/02\/Theatertreffen-edited.jpg\",\"articleSection\":[\"Theater\"],\"inLanguage\":\"de\"},{\"@type\":\"WebPage\",\"@id\":\"https:\/\/kulturonline.tv\/de\/die-leiterin-des-berliner-theatertreffens-yvonne-buedenhoelzer-gibt-die-leitung-ab\/\",\"url\":\"https:\/\/kulturonline.tv\/de\/die-leiterin-des-berliner-theatertreffens-yvonne-buedenhoelzer-gibt-die-leitung-ab\/\",\"name\":\"Die Leiterin des Berliner Theatertreffens, Yvonne B\u00fcdenh\u00f6lzer gibt die Leitung ab - Kultur Online TV &amp; FM\",\"isPartOf\":{\"@id\":\"https:\/\/kulturonline.tv\/de\/#website\"},\"primaryImageOfPage\":{\"@id\":\"https:\/\/kulturonline.tv\/de\/die-leiterin-des-berliner-theatertreffens-yvonne-buedenhoelzer-gibt-die-leitung-ab\/#primaryimage\"},\"image\":{\"@id\":\"https:\/\/kulturonline.tv\/de\/die-leiterin-des-berliner-theatertreffens-yvonne-buedenhoelzer-gibt-die-leitung-ab\/#primaryimage\"},\"thumbnailUrl\":\"https:\/\/kulturonline.tv\/wp-content\/uploads\/2022\/02\/Theatertreffen-edited.jpg\",\"datePublished\":\"2022-02-04T06:12:52+00:00\",\"dateModified\":\"2022-02-04T06:12:54+00:00\",\"description\":\"Kultur sehen und H\u00f6ren\",\"breadcrumb\":{\"@id\":\"https:\/\/kulturonline.tv\/de\/die-leiterin-des-berliner-theatertreffens-yvonne-buedenhoelzer-gibt-die-leitung-ab\/#breadcrumb\"},\"inLanguage\":\"de\",\"potentialAction\":[{\"@type\":\"ReadAction\",\"target\":[\"https:\/\/kulturonline.tv\/de\/die-leiterin-des-berliner-theatertreffens-yvonne-buedenhoelzer-gibt-die-leitung-ab\/\"]}]},{\"@type\":\"ImageObject\",\"inLanguage\":\"de\",\"@id\":\"https:\/\/kulturonline.tv\/de\/die-leiterin-des-berliner-theatertreffens-yvonne-buedenhoelzer-gibt-die-leitung-ab\/#primaryimage\",\"url\":\"https:\/\/kulturonline.tv\/wp-content\/uploads\/2022\/02\/Theatertreffen-edited.jpg\",\"contentUrl\":\"https:\/\/kulturonline.tv\/wp-content\/uploads\/2022\/02\/Theatertreffen-edited.jpg\",\"width\":2048,\"height\":1151},{\"@type\":\"BreadcrumbList\",\"@id\":\"https:\/\/kulturonline.tv\/de\/die-leiterin-des-berliner-theatertreffens-yvonne-buedenhoelzer-gibt-die-leitung-ab\/#breadcrumb\",\"itemListElement\":[{\"@type\":\"ListItem\",\"position\":1,\"name\":\"Startseite\",\"item\":\"https:\/\/kulturonline.tv\/de\/\"},{\"@type\":\"ListItem\",\"position\":2,\"name\":\"Die Leiterin des Berliner Theatertreffens, Yvonne B\u00fcdenh\u00f6lzer gibt die Leitung ab\"}]},{\"@type\":\"WebSite\",\"@id\":\"https:\/\/kulturonline.tv\/de\/#website\",\"url\":\"https:\/\/kulturonline.tv\/de\/\",\"name\":\"Kultur Online TV &amp; FM\",\"description\":\"Wir sind Kultur 2.0 zum sehen &amp; h\u00f6ren\",\"publisher\":{\"@id\":\"https:\/\/kulturonline.tv\/de\/#organization\"},\"potentialAction\":[{\"@type\":\"SearchAction\",\"target\":{\"@type\":\"EntryPoint\",\"urlTemplate\":\"https:\/\/kulturonline.tv\/de\/?s={search_term_string}\"},\"query-input\":{\"@type\":\"PropertyValueSpecification\",\"valueRequired\":true,\"valueName\":\"search_term_string\"}}],\"inLanguage\":\"de\"},{\"@type\":\"Organization\",\"@id\":\"https:\/\/kulturonline.tv\/de\/#organization\",\"name\":\"Kultur Online TV\",\"url\":\"https:\/\/kulturonline.tv\/de\/\",\"logo\":{\"@type\":\"ImageObject\",\"inLanguage\":\"de\",\"@id\":\"https:\/\/kulturonline.tv\/de\/#\/schema\/logo\/image\/\",\"url\":\"https:\/\/kulturonline.tv\/wp-content\/uploads\/2021\/08\/Kultur-Online-Tv-Logo-Endversion-neu.png\",\"contentUrl\":\"https:\/\/kulturonline.tv\/wp-content\/uploads\/2021\/08\/Kultur-Online-Tv-Logo-Endversion-neu.png\",\"width\":200,\"height\":200,\"caption\":\"Kultur Online TV\"},\"image\":{\"@id\":\"https:\/\/kulturonline.tv\/de\/#\/schema\/logo\/image\/\"},\"sameAs\":[\"https:\/\/www.facebook.com\/kulturonline.tv\",\"https:\/\/www.instagram.com\/kulturonline.tv\"]},{\"@type\":\"Person\",\"@id\":\"https:\/\/kulturonline.tv\/de\/#\/schema\/person\/b0fac729bb9a0c193fb1df23449df4fe\",\"name\":\"guenter.wolfgang\"}]}<\/script>\n<!-- \/ Yoast SEO plugin. -->","yoast_head_json":{"title":"Die Leiterin des Berliner Theatertreffens, Yvonne B\u00fcdenh\u00f6lzer gibt die Leitung ab - Kultur Online TV &amp; FM","description":"Kultur sehen und H\u00f6ren","robots":{"index":"index","follow":"follow","max-snippet":"max-snippet:-1","max-image-preview":"max-image-preview:large","max-video-preview":"max-video-preview:-1"},"canonical":"https:\/\/kulturonline.tv\/de\/die-leiterin-des-berliner-theatertreffens-yvonne-buedenhoelzer-gibt-die-leitung-ab\/","og_locale":"de_DE","og_type":"article","og_title":"Die Leiterin des Berliner Theatertreffens, Yvonne B\u00fcdenh\u00f6lzer gibt die Leitung ab - Kultur Online TV &amp; FM","og_description":"Kultur sehen und H\u00f6ren","og_url":"https:\/\/kulturonline.tv\/de\/die-leiterin-des-berliner-theatertreffens-yvonne-buedenhoelzer-gibt-die-leitung-ab\/","og_site_name":"Kultur Online TV &amp; FM","article_publisher":"https:\/\/www.facebook.com\/kulturonline.tv","article_published_time":"2022-02-04T06:12:52+00:00","article_modified_time":"2022-02-04T06:12:54+00:00","og_image":[{"width":2048,"height":1151,"url":"https:\/\/kulturonline.tv\/wp-content\/uploads\/2022\/02\/Theatertreffen-edited.jpg","type":"image\/jpeg"}],"author":"guenter.wolfgang","twitter_card":"summary_large_image","twitter_misc":{"Verfasst von":"guenter.wolfgang","Gesch\u00e4tzte Lesezeit":"1\u00a0Minute"},"schema":{"@context":"https:\/\/schema.org","@graph":[{"@type":"Article","@id":"https:\/\/kulturonline.tv\/de\/die-leiterin-des-berliner-theatertreffens-yvonne-buedenhoelzer-gibt-die-leitung-ab\/#article","isPartOf":{"@id":"https:\/\/kulturonline.tv\/de\/die-leiterin-des-berliner-theatertreffens-yvonne-buedenhoelzer-gibt-die-leitung-ab\/"},"author":{"name":"guenter.wolfgang","@id":"https:\/\/kulturonline.tv\/de\/#\/schema\/person\/b0fac729bb9a0c193fb1df23449df4fe"},"headline":"Die Leiterin des Berliner Theatertreffens, Yvonne B\u00fcdenh\u00f6lzer gibt die Leitung ab","datePublished":"2022-02-04T06:12:52+00:00","dateModified":"2022-02-04T06:12:54+00:00","mainEntityOfPage":{"@id":"https:\/\/kulturonline.tv\/de\/die-leiterin-des-berliner-theatertreffens-yvonne-buedenhoelzer-gibt-die-leitung-ab\/"},"wordCount":100,"publisher":{"@id":"https:\/\/kulturonline.tv\/de\/#organization"},"image":{"@id":"https:\/\/kulturonline.tv\/de\/die-leiterin-des-berliner-theatertreffens-yvonne-buedenhoelzer-gibt-die-leitung-ab\/#primaryimage"},"thumbnailUrl":"https:\/\/kulturonline.tv\/wp-content\/uploads\/2022\/02\/Theatertreffen-edited.jpg","articleSection":["Theater"],"inLanguage":"de"},{"@type":"WebPage","@id":"https:\/\/kulturonline.tv\/de\/die-leiterin-des-berliner-theatertreffens-yvonne-buedenhoelzer-gibt-die-leitung-ab\/","url":"https:\/\/kulturonline.tv\/de\/die-leiterin-des-berliner-theatertreffens-yvonne-buedenhoelzer-gibt-die-leitung-ab\/","name":"Die Leiterin des Berliner Theatertreffens, Yvonne B\u00fcdenh\u00f6lzer gibt die Leitung ab - Kultur Online TV &amp; FM","isPartOf":{"@id":"https:\/\/kulturonline.tv\/de\/#website"},"primaryImageOfPage":{"@id":"https:\/\/kulturonline.tv\/de\/die-leiterin-des-berliner-theatertreffens-yvonne-buedenhoelzer-gibt-die-leitung-ab\/#primaryimage"},"image":{"@id":"https:\/\/kulturonline.tv\/de\/die-leiterin-des-berliner-theatertreffens-yvonne-buedenhoelzer-gibt-die-leitung-ab\/#primaryimage"},"thumbnailUrl":"https:\/\/kulturonline.tv\/wp-content\/uploads\/2022\/02\/Theatertreffen-edited.jpg","datePublished":"2022-02-04T06:12:52+00:00","dateModified":"2022-02-04T06:12:54+00:00","description":"Kultur sehen und H\u00f6ren","breadcrumb":{"@id":"https:\/\/kulturonline.tv\/de\/die-leiterin-des-berliner-theatertreffens-yvonne-buedenhoelzer-gibt-die-leitung-ab\/#breadcrumb"},"inLanguage":"de","potentialAction":[{"@type":"ReadAction","target":["https:\/\/kulturonline.tv\/de\/die-leiterin-des-berliner-theatertreffens-yvonne-buedenhoelzer-gibt-die-leitung-ab\/"]}]},{"@type":"ImageObject","inLanguage":"de","@id":"https:\/\/kulturonline.tv\/de\/die-leiterin-des-berliner-theatertreffens-yvonne-buedenhoelzer-gibt-die-leitung-ab\/#primaryimage","url":"https:\/\/kulturonline.tv\/wp-content\/uploads\/2022\/02\/Theatertreffen-edited.jpg","contentUrl":"https:\/\/kulturonline.tv\/wp-content\/uploads\/2022\/02\/Theatertreffen-edited.jpg","width":2048,"height":1151},{"@type":"BreadcrumbList","@id":"https:\/\/kulturonline.tv\/de\/die-leiterin-des-berliner-theatertreffens-yvonne-buedenhoelzer-gibt-die-leitung-ab\/#breadcrumb","itemListElement":[{"@type":"ListItem","position":1,"name":"Startseite","item":"https:\/\/kulturonline.tv\/de\/"},{"@type":"ListItem","position":2,"name":"Die Leiterin des Berliner Theatertreffens, Yvonne B\u00fcdenh\u00f6lzer gibt die Leitung ab"}]},{"@type":"WebSite","@id":"https:\/\/kulturonline.tv\/de\/#website","url":"https:\/\/kulturonline.tv\/de\/","name":"Kultur Online TV &amp; FM","description":"Wir sind Kultur 2.0 zum sehen &amp; h\u00f6ren","publisher":{"@id":"https:\/\/kulturonline.tv\/de\/#organization"},"potentialAction":[{"@type":"SearchAction","target":{"@type":"EntryPoint","urlTemplate":"https:\/\/kulturonline.tv\/de\/?s={search_term_string}"},"query-input":{"@type":"PropertyValueSpecification","valueRequired":true,"valueName":"search_term_string"}}],"inLanguage":"de"},{"@type":"Organization","@id":"https:\/\/kulturonline.tv\/de\/#organization","name":"Kultur Online TV","url":"https:\/\/kulturonline.tv\/de\/","logo":{"@type":"ImageObject","inLanguage":"de","@id":"https:\/\/kulturonline.tv\/de\/#\/schema\/logo\/image\/","url":"https:\/\/kulturonline.tv\/wp-content\/uploads\/2021\/08\/Kultur-Online-Tv-Logo-Endversion-neu.png","contentUrl":"https:\/\/kulturonline.tv\/wp-content\/uploads\/2021\/08\/Kultur-Online-Tv-Logo-Endversion-neu.png","width":200,"height":200,"caption":"Kultur Online TV"},"image":{"@id":"https:\/\/kulturonline.tv\/de\/#\/schema\/logo\/image\/"},"sameAs":["https:\/\/www.facebook.com\/kulturonline.tv","https:\/\/www.instagram.com\/kulturonline.tv"]},{"@type":"Person","@id":"https:\/\/kulturonline.tv\/de\/#\/schema\/person\/b0fac729bb9a0c193fb1df23449df4fe","name":"guenter.wolfgang"}]}},"_links":{"self":[{"href":"https:\/\/kulturonline.tv\/de\/wp-json\/wp\/v2\/posts\/22132","targetHints":{"allow":["GET"]}}],"collection":[{"href":"https:\/\/kulturonline.tv\/de\/wp-json\/wp\/v2\/posts"}],"about":[{"href":"https:\/\/kulturonline.tv\/de\/wp-json\/wp\/v2\/types\/post"}],"author":[{"embeddable":true,"href":"https:\/\/kulturonline.tv\/de\/wp-json\/wp\/v2\/users\/2"}],"replies":[{"embeddable":true,"href":"https:\/\/kulturonline.tv\/de\/wp-json\/wp\/v2\/comments?post=22132"}],"version-history":[{"count":0,"href":"https:\/\/kulturonline.tv\/de\/wp-json\/wp\/v2\/posts\/22132\/revisions"}],"wp:featuredmedia":[{"embeddable":true,"href":"https:\/\/kulturonline.tv\/de\/wp-json\/wp\/v2\/media\/22136"}],"wp:attachment":[{"href":"https:\/\/kulturonline.tv\/de\/wp-json\/wp\/v2\/media?parent=22132"}],"wp:term":[{"taxonomy":"category","embeddable":true,"href":"https:\/\/kulturonline.tv\/de\/wp-json\/wp\/v2\/categories?post=22132"},{"taxonomy":"post_tag","embeddable":true,"href":"https:\/\/kulturonline.tv\/de\/wp-json\/wp\/v2\/tags?post=22132"}],"curies":[{"name":"wp","href":"https:\/\/api.w.org\/{rel}","templated":true}]}}