{"id":22296,"date":"2022-02-07T06:02:54","date_gmt":"2022-02-07T05:02:54","guid":{"rendered":"https:\/\/kulturonline.tv\/?p=22296"},"modified":"2022-02-07T06:02:55","modified_gmt":"2022-02-07T05:02:55","slug":"kuenstlerinnen-unterzeichnen-appell-zur-ukraine","status":"publish","type":"post","link":"https:\/\/kulturonline.tv\/de\/kuenstlerinnen-unterzeichnen-appell-zur-ukraine\/","title":{"rendered":"K\u00fcnstlerInnen unterzeichnen Appell zur Ukraine"},"content":{"rendered":"\n<p><strong>Mehr als 350 teils namhafte Autorinnen und K\u00fcnstlerInnen haben einen Appell unterzeichnet gegen die milit\u00e4rische Bedrohung der Ukraine durch Russland.<\/strong><\/p>\n\n\n\n<figure class=\"wp-block-image size-full\"><img fetchpriority=\"high\" decoding=\"async\" width=\"1441\" height=\"811\" src=\"https:\/\/kulturonline.tv\/wp-content\/uploads\/2022\/02\/Kultur-Online-TV-2.jpg\" alt=\"\" class=\"wp-image-22297\" srcset=\"https:\/\/kulturonline.tv\/wp-content\/uploads\/2022\/02\/Kultur-Online-TV-2.jpg 1441w, https:\/\/kulturonline.tv\/wp-content\/uploads\/2022\/02\/Kultur-Online-TV-2-600x338.jpg 600w, https:\/\/kulturonline.tv\/wp-content\/uploads\/2022\/02\/Kultur-Online-TV-2-800x450.jpg 800w, https:\/\/kulturonline.tv\/wp-content\/uploads\/2022\/02\/Kultur-Online-TV-2-768x432.jpg 768w\" sizes=\"(max-width: 1441px) 100vw, 1441px\" \/><\/figure>\n\n\n\n<p>In dem Aufruf, den unter anderen das K\u00fcnstler-Ehepaar Wolf und Pamela Biermann initiiert hat, hei\u00dft es, die politischen Verantwortlichen sollten Putins Aggression entschieden entgegentreten. Gefordert wird der sofortige Abzug der russischen Truppen von der Grenze zur Ukraine. Die Umzingelung sei ein Angriff auf den Frieden in ganz Europa und nicht schweigend hinzunehmen.<\/p>\n\n\n\n<p>Zu den Unterzeichnern des Appells geh\u00f6ren die Schriftstellerin und Literaturnobelpreistr\u00e4gerin Herta M\u00fcller, der Schriftsteller Ian McEwan, sowie der chinesische K\u00fcnstler Ai Weiwei.<\/p>\n\n\n\n<p>Kultur Online TV<\/p>\n\n\n\n<p>#news #politik #<\/p>\n","protected":false},"excerpt":{"rendered":"<p>Mehr als 350 teils namhafte Autorinnen und K\u00fcnstlerInnen haben einen Appell unterzeichnet gegen die milit\u00e4rische Bedrohung der Ukraine durch Russland. In dem Aufruf, den unter anderen das K\u00fcnstler-Ehepaar Wolf und Pamela Biermann initiiert hat, hei\u00dft es, die politischen Verantwortlichen sollten Putins Aggression entschieden entgegentreten. Gefordert wird der sofortige Abzug der russischen Truppen von der Grenze [&hellip;]<\/p>\n","protected":false},"author":2,"featured_media":22297,"comment_status":"closed","ping_status":"closed","sticky":false,"template":"","format":"standard","meta":{"_acf_changed":false,"footnotes":""},"categories":[3],"tags":[],"class_list":["post-22296","post","type-post","status-publish","format-standard","has-post-thumbnail","hentry","category-newsflash"],"acf":[],"yoast_head":"<!-- This site is optimized with the Yoast SEO plugin v26.1.1 - https:\/\/yoast.com\/wordpress\/plugins\/seo\/ -->\n<title>K\u00fcnstlerInnen unterzeichnen Appell zur Ukraine - Kultur Online TV &amp; FM<\/title>\n<meta name=\"description\" content=\"Kultur sehen und H\u00f6ren\" \/>\n<meta name=\"robots\" content=\"index, follow, max-snippet:-1, max-image-preview:large, max-video-preview:-1\" \/>\n<link rel=\"canonical\" href=\"https:\/\/kulturonline.tv\/de\/kuenstlerinnen-unterzeichnen-appell-zur-ukraine\/\" \/>\n<meta property=\"og:locale\" content=\"de_DE\" \/>\n<meta property=\"og:type\" content=\"article\" \/>\n<meta property=\"og:title\" content=\"K\u00fcnstlerInnen unterzeichnen Appell zur Ukraine - Kultur Online TV &amp; FM\" \/>\n<meta property=\"og:description\" content=\"Kultur sehen und H\u00f6ren\" \/>\n<meta property=\"og:url\" content=\"https:\/\/kulturonline.tv\/de\/kuenstlerinnen-unterzeichnen-appell-zur-ukraine\/\" \/>\n<meta property=\"og:site_name\" content=\"Kultur Online TV &amp; FM\" \/>\n<meta property=\"article:publisher\" content=\"https:\/\/www.facebook.com\/kulturonline.tv\" \/>\n<meta property=\"article:published_time\" content=\"2022-02-07T05:02:54+00:00\" \/>\n<meta property=\"article:modified_time\" content=\"2022-02-07T05:02:55+00:00\" \/>\n<meta property=\"og:image\" content=\"https:\/\/kulturonline.tv\/wp-content\/uploads\/2022\/02\/Kultur-Online-TV-2.jpg\" \/>\n\t<meta property=\"og:image:width\" content=\"1441\" \/>\n\t<meta property=\"og:image:height\" content=\"811\" \/>\n\t<meta property=\"og:image:type\" content=\"image\/jpeg\" \/>\n<meta name=\"author\" content=\"guenter.wolfgang\" \/>\n<meta name=\"twitter:card\" content=\"summary_large_image\" \/>\n<meta name=\"twitter:label1\" content=\"Verfasst von\" \/>\n\t<meta name=\"twitter:data1\" content=\"guenter.wolfgang\" \/>\n\t<meta name=\"twitter:label2\" content=\"Gesch\u00e4tzte Lesezeit\" \/>\n\t<meta name=\"twitter:data2\" content=\"1\u00a0Minute\" \/>\n<script type=\"application\/ld+json\" class=\"yoast-schema-graph\">{\"@context\":\"https:\/\/schema.org\",\"@graph\":[{\"@type\":\"Article\",\"@id\":\"https:\/\/kulturonline.tv\/de\/kuenstlerinnen-unterzeichnen-appell-zur-ukraine\/#article\",\"isPartOf\":{\"@id\":\"https:\/\/kulturonline.tv\/de\/kuenstlerinnen-unterzeichnen-appell-zur-ukraine\/\"},\"author\":{\"name\":\"guenter.wolfgang\",\"@id\":\"https:\/\/kulturonline.tv\/de\/#\/schema\/person\/b0fac729bb9a0c193fb1df23449df4fe\"},\"headline\":\"K\u00fcnstlerInnen unterzeichnen Appell zur Ukraine\",\"datePublished\":\"2022-02-07T05:02:54+00:00\",\"dateModified\":\"2022-02-07T05:02:55+00:00\",\"mainEntityOfPage\":{\"@id\":\"https:\/\/kulturonline.tv\/de\/kuenstlerinnen-unterzeichnen-appell-zur-ukraine\/\"},\"wordCount\":112,\"publisher\":{\"@id\":\"https:\/\/kulturonline.tv\/de\/#organization\"},\"image\":{\"@id\":\"https:\/\/kulturonline.tv\/de\/kuenstlerinnen-unterzeichnen-appell-zur-ukraine\/#primaryimage\"},\"thumbnailUrl\":\"https:\/\/kulturonline.tv\/wp-content\/uploads\/2022\/02\/Kultur-Online-TV-2.jpg\",\"articleSection\":[\"Newsflash\"],\"inLanguage\":\"de\"},{\"@type\":\"WebPage\",\"@id\":\"https:\/\/kulturonline.tv\/de\/kuenstlerinnen-unterzeichnen-appell-zur-ukraine\/\",\"url\":\"https:\/\/kulturonline.tv\/de\/kuenstlerinnen-unterzeichnen-appell-zur-ukraine\/\",\"name\":\"K\u00fcnstlerInnen unterzeichnen Appell zur Ukraine - Kultur Online TV &amp; FM\",\"isPartOf\":{\"@id\":\"https:\/\/kulturonline.tv\/de\/#website\"},\"primaryImageOfPage\":{\"@id\":\"https:\/\/kulturonline.tv\/de\/kuenstlerinnen-unterzeichnen-appell-zur-ukraine\/#primaryimage\"},\"image\":{\"@id\":\"https:\/\/kulturonline.tv\/de\/kuenstlerinnen-unterzeichnen-appell-zur-ukraine\/#primaryimage\"},\"thumbnailUrl\":\"https:\/\/kulturonline.tv\/wp-content\/uploads\/2022\/02\/Kultur-Online-TV-2.jpg\",\"datePublished\":\"2022-02-07T05:02:54+00:00\",\"dateModified\":\"2022-02-07T05:02:55+00:00\",\"description\":\"Kultur sehen und H\u00f6ren\",\"breadcrumb\":{\"@id\":\"https:\/\/kulturonline.tv\/de\/kuenstlerinnen-unterzeichnen-appell-zur-ukraine\/#breadcrumb\"},\"inLanguage\":\"de\",\"potentialAction\":[{\"@type\":\"ReadAction\",\"target\":[\"https:\/\/kulturonline.tv\/de\/kuenstlerinnen-unterzeichnen-appell-zur-ukraine\/\"]}]},{\"@type\":\"ImageObject\",\"inLanguage\":\"de\",\"@id\":\"https:\/\/kulturonline.tv\/de\/kuenstlerinnen-unterzeichnen-appell-zur-ukraine\/#primaryimage\",\"url\":\"https:\/\/kulturonline.tv\/wp-content\/uploads\/2022\/02\/Kultur-Online-TV-2.jpg\",\"contentUrl\":\"https:\/\/kulturonline.tv\/wp-content\/uploads\/2022\/02\/Kultur-Online-TV-2.jpg\",\"width\":1441,\"height\":811},{\"@type\":\"BreadcrumbList\",\"@id\":\"https:\/\/kulturonline.tv\/de\/kuenstlerinnen-unterzeichnen-appell-zur-ukraine\/#breadcrumb\",\"itemListElement\":[{\"@type\":\"ListItem\",\"position\":1,\"name\":\"Startseite\",\"item\":\"https:\/\/kulturonline.tv\/de\/\"},{\"@type\":\"ListItem\",\"position\":2,\"name\":\"K\u00fcnstlerInnen unterzeichnen Appell zur Ukraine\"}]},{\"@type\":\"WebSite\",\"@id\":\"https:\/\/kulturonline.tv\/de\/#website\",\"url\":\"https:\/\/kulturonline.tv\/de\/\",\"name\":\"Kultur Online TV &amp; FM\",\"description\":\"Wir sind Kultur 2.0 zum sehen &amp; h\u00f6ren\",\"publisher\":{\"@id\":\"https:\/\/kulturonline.tv\/de\/#organization\"},\"potentialAction\":[{\"@type\":\"SearchAction\",\"target\":{\"@type\":\"EntryPoint\",\"urlTemplate\":\"https:\/\/kulturonline.tv\/de\/?s={search_term_string}\"},\"query-input\":{\"@type\":\"PropertyValueSpecification\",\"valueRequired\":true,\"valueName\":\"search_term_string\"}}],\"inLanguage\":\"de\"},{\"@type\":\"Organization\",\"@id\":\"https:\/\/kulturonline.tv\/de\/#organization\",\"name\":\"Kultur Online TV\",\"url\":\"https:\/\/kulturonline.tv\/de\/\",\"logo\":{\"@type\":\"ImageObject\",\"inLanguage\":\"de\",\"@id\":\"https:\/\/kulturonline.tv\/de\/#\/schema\/logo\/image\/\",\"url\":\"https:\/\/kulturonline.tv\/wp-content\/uploads\/2021\/08\/Kultur-Online-Tv-Logo-Endversion-neu.png\",\"contentUrl\":\"https:\/\/kulturonline.tv\/wp-content\/uploads\/2021\/08\/Kultur-Online-Tv-Logo-Endversion-neu.png\",\"width\":200,\"height\":200,\"caption\":\"Kultur Online TV\"},\"image\":{\"@id\":\"https:\/\/kulturonline.tv\/de\/#\/schema\/logo\/image\/\"},\"sameAs\":[\"https:\/\/www.facebook.com\/kulturonline.tv\",\"https:\/\/www.instagram.com\/kulturonline.tv\"]},{\"@type\":\"Person\",\"@id\":\"https:\/\/kulturonline.tv\/de\/#\/schema\/person\/b0fac729bb9a0c193fb1df23449df4fe\",\"name\":\"guenter.wolfgang\"}]}<\/script>\n<!-- \/ Yoast SEO plugin. -->","yoast_head_json":{"title":"K\u00fcnstlerInnen unterzeichnen Appell zur Ukraine - Kultur Online TV &amp; FM","description":"Kultur sehen und H\u00f6ren","robots":{"index":"index","follow":"follow","max-snippet":"max-snippet:-1","max-image-preview":"max-image-preview:large","max-video-preview":"max-video-preview:-1"},"canonical":"https:\/\/kulturonline.tv\/de\/kuenstlerinnen-unterzeichnen-appell-zur-ukraine\/","og_locale":"de_DE","og_type":"article","og_title":"K\u00fcnstlerInnen unterzeichnen Appell zur Ukraine - Kultur Online TV &amp; FM","og_description":"Kultur sehen und H\u00f6ren","og_url":"https:\/\/kulturonline.tv\/de\/kuenstlerinnen-unterzeichnen-appell-zur-ukraine\/","og_site_name":"Kultur Online TV &amp; FM","article_publisher":"https:\/\/www.facebook.com\/kulturonline.tv","article_published_time":"2022-02-07T05:02:54+00:00","article_modified_time":"2022-02-07T05:02:55+00:00","og_image":[{"width":1441,"height":811,"url":"https:\/\/kulturonline.tv\/wp-content\/uploads\/2022\/02\/Kultur-Online-TV-2.jpg","type":"image\/jpeg"}],"author":"guenter.wolfgang","twitter_card":"summary_large_image","twitter_misc":{"Verfasst von":"guenter.wolfgang","Gesch\u00e4tzte Lesezeit":"1\u00a0Minute"},"schema":{"@context":"https:\/\/schema.org","@graph":[{"@type":"Article","@id":"https:\/\/kulturonline.tv\/de\/kuenstlerinnen-unterzeichnen-appell-zur-ukraine\/#article","isPartOf":{"@id":"https:\/\/kulturonline.tv\/de\/kuenstlerinnen-unterzeichnen-appell-zur-ukraine\/"},"author":{"name":"guenter.wolfgang","@id":"https:\/\/kulturonline.tv\/de\/#\/schema\/person\/b0fac729bb9a0c193fb1df23449df4fe"},"headline":"K\u00fcnstlerInnen unterzeichnen Appell zur Ukraine","datePublished":"2022-02-07T05:02:54+00:00","dateModified":"2022-02-07T05:02:55+00:00","mainEntityOfPage":{"@id":"https:\/\/kulturonline.tv\/de\/kuenstlerinnen-unterzeichnen-appell-zur-ukraine\/"},"wordCount":112,"publisher":{"@id":"https:\/\/kulturonline.tv\/de\/#organization"},"image":{"@id":"https:\/\/kulturonline.tv\/de\/kuenstlerinnen-unterzeichnen-appell-zur-ukraine\/#primaryimage"},"thumbnailUrl":"https:\/\/kulturonline.tv\/wp-content\/uploads\/2022\/02\/Kultur-Online-TV-2.jpg","articleSection":["Newsflash"],"inLanguage":"de"},{"@type":"WebPage","@id":"https:\/\/kulturonline.tv\/de\/kuenstlerinnen-unterzeichnen-appell-zur-ukraine\/","url":"https:\/\/kulturonline.tv\/de\/kuenstlerinnen-unterzeichnen-appell-zur-ukraine\/","name":"K\u00fcnstlerInnen unterzeichnen Appell zur Ukraine - Kultur Online TV &amp; FM","isPartOf":{"@id":"https:\/\/kulturonline.tv\/de\/#website"},"primaryImageOfPage":{"@id":"https:\/\/kulturonline.tv\/de\/kuenstlerinnen-unterzeichnen-appell-zur-ukraine\/#primaryimage"},"image":{"@id":"https:\/\/kulturonline.tv\/de\/kuenstlerinnen-unterzeichnen-appell-zur-ukraine\/#primaryimage"},"thumbnailUrl":"https:\/\/kulturonline.tv\/wp-content\/uploads\/2022\/02\/Kultur-Online-TV-2.jpg","datePublished":"2022-02-07T05:02:54+00:00","dateModified":"2022-02-07T05:02:55+00:00","description":"Kultur sehen und H\u00f6ren","breadcrumb":{"@id":"https:\/\/kulturonline.tv\/de\/kuenstlerinnen-unterzeichnen-appell-zur-ukraine\/#breadcrumb"},"inLanguage":"de","potentialAction":[{"@type":"ReadAction","target":["https:\/\/kulturonline.tv\/de\/kuenstlerinnen-unterzeichnen-appell-zur-ukraine\/"]}]},{"@type":"ImageObject","inLanguage":"de","@id":"https:\/\/kulturonline.tv\/de\/kuenstlerinnen-unterzeichnen-appell-zur-ukraine\/#primaryimage","url":"https:\/\/kulturonline.tv\/wp-content\/uploads\/2022\/02\/Kultur-Online-TV-2.jpg","contentUrl":"https:\/\/kulturonline.tv\/wp-content\/uploads\/2022\/02\/Kultur-Online-TV-2.jpg","width":1441,"height":811},{"@type":"BreadcrumbList","@id":"https:\/\/kulturonline.tv\/de\/kuenstlerinnen-unterzeichnen-appell-zur-ukraine\/#breadcrumb","itemListElement":[{"@type":"ListItem","position":1,"name":"Startseite","item":"https:\/\/kulturonline.tv\/de\/"},{"@type":"ListItem","position":2,"name":"K\u00fcnstlerInnen unterzeichnen Appell zur Ukraine"}]},{"@type":"WebSite","@id":"https:\/\/kulturonline.tv\/de\/#website","url":"https:\/\/kulturonline.tv\/de\/","name":"Kultur Online TV &amp; FM","description":"Wir sind Kultur 2.0 zum sehen &amp; h\u00f6ren","publisher":{"@id":"https:\/\/kulturonline.tv\/de\/#organization"},"potentialAction":[{"@type":"SearchAction","target":{"@type":"EntryPoint","urlTemplate":"https:\/\/kulturonline.tv\/de\/?s={search_term_string}"},"query-input":{"@type":"PropertyValueSpecification","valueRequired":true,"valueName":"search_term_string"}}],"inLanguage":"de"},{"@type":"Organization","@id":"https:\/\/kulturonline.tv\/de\/#organization","name":"Kultur Online TV","url":"https:\/\/kulturonline.tv\/de\/","logo":{"@type":"ImageObject","inLanguage":"de","@id":"https:\/\/kulturonline.tv\/de\/#\/schema\/logo\/image\/","url":"https:\/\/kulturonline.tv\/wp-content\/uploads\/2021\/08\/Kultur-Online-Tv-Logo-Endversion-neu.png","contentUrl":"https:\/\/kulturonline.tv\/wp-content\/uploads\/2021\/08\/Kultur-Online-Tv-Logo-Endversion-neu.png","width":200,"height":200,"caption":"Kultur Online TV"},"image":{"@id":"https:\/\/kulturonline.tv\/de\/#\/schema\/logo\/image\/"},"sameAs":["https:\/\/www.facebook.com\/kulturonline.tv","https:\/\/www.instagram.com\/kulturonline.tv"]},{"@type":"Person","@id":"https:\/\/kulturonline.tv\/de\/#\/schema\/person\/b0fac729bb9a0c193fb1df23449df4fe","name":"guenter.wolfgang"}]}},"_links":{"self":[{"href":"https:\/\/kulturonline.tv\/de\/wp-json\/wp\/v2\/posts\/22296","targetHints":{"allow":["GET"]}}],"collection":[{"href":"https:\/\/kulturonline.tv\/de\/wp-json\/wp\/v2\/posts"}],"about":[{"href":"https:\/\/kulturonline.tv\/de\/wp-json\/wp\/v2\/types\/post"}],"author":[{"embeddable":true,"href":"https:\/\/kulturonline.tv\/de\/wp-json\/wp\/v2\/users\/2"}],"replies":[{"embeddable":true,"href":"https:\/\/kulturonline.tv\/de\/wp-json\/wp\/v2\/comments?post=22296"}],"version-history":[{"count":0,"href":"https:\/\/kulturonline.tv\/de\/wp-json\/wp\/v2\/posts\/22296\/revisions"}],"wp:featuredmedia":[{"embeddable":true,"href":"https:\/\/kulturonline.tv\/de\/wp-json\/wp\/v2\/media\/22297"}],"wp:attachment":[{"href":"https:\/\/kulturonline.tv\/de\/wp-json\/wp\/v2\/media?parent=22296"}],"wp:term":[{"taxonomy":"category","embeddable":true,"href":"https:\/\/kulturonline.tv\/de\/wp-json\/wp\/v2\/categories?post=22296"},{"taxonomy":"post_tag","embeddable":true,"href":"https:\/\/kulturonline.tv\/de\/wp-json\/wp\/v2\/tags?post=22296"}],"curies":[{"name":"wp","href":"https:\/\/api.w.org\/{rel}","templated":true}]}}