{"id":22428,"date":"2022-02-08T00:19:57","date_gmt":"2022-02-07T23:19:57","guid":{"rendered":"https:\/\/kulturonline.tv\/?p=22428"},"modified":"2022-02-08T00:20:00","modified_gmt":"2022-02-07T23:20:00","slug":"kulturstaatsministerin-claudia-roth-will-einen-schwerpunkt-auf-die-erinnerungskultur-legen","status":"publish","type":"post","link":"https:\/\/kulturonline.tv\/de\/kulturstaatsministerin-claudia-roth-will-einen-schwerpunkt-auf-die-erinnerungskultur-legen\/","title":{"rendered":"Kulturstaatsministerin Claudia Roth will einen Schwerpunkt auf die Erinnerungskultur legen."},"content":{"rendered":"\n<p>Roth sagte der &#8222;Frankfurter Allgemeinen Zeitung&#8220;, wichtig sei etwa die Frage, wie Erinnerung ohne Zeitzeugen aussehen k\u00f6nne.<\/p>\n\n\n\n<figure class=\"wp-block-image size-large\"><img fetchpriority=\"high\" decoding=\"async\" width=\"1600\" height=\"900\" src=\"https:\/\/kulturonline.tv\/wp-content\/uploads\/2022\/02\/Claudia-Roth-1600x900.jpg\" alt=\"\" class=\"wp-image-22431\" srcset=\"https:\/\/kulturonline.tv\/wp-content\/uploads\/2022\/02\/Claudia-Roth-1600x900.jpg 1600w, https:\/\/kulturonline.tv\/wp-content\/uploads\/2022\/02\/Claudia-Roth-600x338.jpg 600w, https:\/\/kulturonline.tv\/wp-content\/uploads\/2022\/02\/Claudia-Roth-800x450.jpg 800w, https:\/\/kulturonline.tv\/wp-content\/uploads\/2022\/02\/Claudia-Roth-768x432.jpg 768w, https:\/\/kulturonline.tv\/wp-content\/uploads\/2022\/02\/Claudia-Roth-1536x864.jpg 1536w, https:\/\/kulturonline.tv\/wp-content\/uploads\/2022\/02\/Claudia-Roth.jpg 1920w\" sizes=\"(max-width: 1600px) 100vw, 1600px\" \/><\/figure>\n\n\n\n<p>Indirekt verwies die Gr\u00fcnen-Politikerin in diesem Zusammenhang auf die AfD. Sie sagte, der Bundestag sei mit einer Partei konfrontiert, die einen Schlussstrich ziehen wolle, wo es keinen Schlusstrich gebe. Roth will nach eigenen Angaben auch die Aufarbeitung der deutschen Kolonialgeschichte st\u00e4rker in den gesellschaftlichen Fokus r\u00fccken. Es gehe nicht allein um R\u00fcckgabe von Kulturg\u00fctern, sondern um Kooperation auf Augenh\u00f6he, sagte die Gr\u00fcnen-Politikerin.<\/p>\n\n\n\n<p>Kultur Online TV<\/p>\n\n\n\n<p>#news #kunst #kultur<\/p>\n","protected":false},"excerpt":{"rendered":"<p>Roth sagte der &#8222;Frankfurter Allgemeinen Zeitung&#8220;, wichtig sei etwa die Frage, wie Erinnerung ohne Zeitzeugen aussehen k\u00f6nne. Indirekt verwies die Gr\u00fcnen-Politikerin in diesem Zusammenhang auf die AfD. Sie sagte, der Bundestag sei mit einer Partei konfrontiert, die einen Schlussstrich ziehen wolle, wo es keinen Schlusstrich gebe. Roth will nach eigenen Angaben auch die Aufarbeitung der [&hellip;]<\/p>\n","protected":false},"author":2,"featured_media":22431,"comment_status":"closed","ping_status":"closed","sticky":false,"template":"","format":"standard","meta":{"_acf_changed":false,"footnotes":""},"categories":[3],"tags":[],"class_list":["post-22428","post","type-post","status-publish","format-standard","has-post-thumbnail","hentry","category-newsflash"],"acf":[],"yoast_head":"<!-- This site is optimized with the Yoast SEO plugin v26.1.1 - https:\/\/yoast.com\/wordpress\/plugins\/seo\/ -->\n<title>Kulturstaatsministerin Claudia Roth will einen Schwerpunkt auf die Erinnerungskultur legen. - Kultur Online TV &amp; FM<\/title>\n<meta name=\"description\" content=\"Kultur sehen und H\u00f6ren\" \/>\n<meta name=\"robots\" content=\"index, follow, max-snippet:-1, max-image-preview:large, max-video-preview:-1\" \/>\n<link rel=\"canonical\" href=\"https:\/\/kulturonline.tv\/de\/kulturstaatsministerin-claudia-roth-will-einen-schwerpunkt-auf-die-erinnerungskultur-legen\/\" \/>\n<meta property=\"og:locale\" content=\"de_DE\" \/>\n<meta property=\"og:type\" content=\"article\" \/>\n<meta property=\"og:title\" content=\"Kulturstaatsministerin Claudia Roth will einen Schwerpunkt auf die Erinnerungskultur legen. - Kultur Online TV &amp; FM\" \/>\n<meta property=\"og:description\" content=\"Kultur sehen und H\u00f6ren\" \/>\n<meta property=\"og:url\" content=\"https:\/\/kulturonline.tv\/de\/kulturstaatsministerin-claudia-roth-will-einen-schwerpunkt-auf-die-erinnerungskultur-legen\/\" \/>\n<meta property=\"og:site_name\" content=\"Kultur Online TV &amp; FM\" \/>\n<meta property=\"article:publisher\" content=\"https:\/\/www.facebook.com\/kulturonline.tv\" \/>\n<meta property=\"article:published_time\" content=\"2022-02-07T23:19:57+00:00\" \/>\n<meta property=\"article:modified_time\" content=\"2022-02-07T23:20:00+00:00\" \/>\n<meta property=\"og:image\" content=\"https:\/\/kulturonline.tv\/wp-content\/uploads\/2022\/02\/Claudia-Roth.jpg\" \/>\n\t<meta property=\"og:image:width\" content=\"1920\" \/>\n\t<meta property=\"og:image:height\" content=\"1080\" \/>\n\t<meta property=\"og:image:type\" content=\"image\/jpeg\" \/>\n<meta name=\"author\" content=\"guenter.wolfgang\" \/>\n<meta name=\"twitter:card\" content=\"summary_large_image\" \/>\n<meta name=\"twitter:label1\" content=\"Verfasst von\" \/>\n\t<meta name=\"twitter:data1\" content=\"guenter.wolfgang\" \/>\n\t<meta name=\"twitter:label2\" content=\"Gesch\u00e4tzte Lesezeit\" \/>\n\t<meta name=\"twitter:data2\" content=\"1\u00a0Minute\" \/>\n<script type=\"application\/ld+json\" class=\"yoast-schema-graph\">{\"@context\":\"https:\/\/schema.org\",\"@graph\":[{\"@type\":\"Article\",\"@id\":\"https:\/\/kulturonline.tv\/de\/kulturstaatsministerin-claudia-roth-will-einen-schwerpunkt-auf-die-erinnerungskultur-legen\/#article\",\"isPartOf\":{\"@id\":\"https:\/\/kulturonline.tv\/de\/kulturstaatsministerin-claudia-roth-will-einen-schwerpunkt-auf-die-erinnerungskultur-legen\/\"},\"author\":{\"name\":\"guenter.wolfgang\",\"@id\":\"https:\/\/kulturonline.tv\/de\/#\/schema\/person\/b0fac729bb9a0c193fb1df23449df4fe\"},\"headline\":\"Kulturstaatsministerin Claudia Roth will einen Schwerpunkt auf die Erinnerungskultur legen.\",\"datePublished\":\"2022-02-07T23:19:57+00:00\",\"dateModified\":\"2022-02-07T23:20:00+00:00\",\"mainEntityOfPage\":{\"@id\":\"https:\/\/kulturonline.tv\/de\/kulturstaatsministerin-claudia-roth-will-einen-schwerpunkt-auf-die-erinnerungskultur-legen\/\"},\"wordCount\":103,\"publisher\":{\"@id\":\"https:\/\/kulturonline.tv\/de\/#organization\"},\"image\":{\"@id\":\"https:\/\/kulturonline.tv\/de\/kulturstaatsministerin-claudia-roth-will-einen-schwerpunkt-auf-die-erinnerungskultur-legen\/#primaryimage\"},\"thumbnailUrl\":\"https:\/\/kulturonline.tv\/wp-content\/uploads\/2022\/02\/Claudia-Roth.jpg\",\"articleSection\":[\"Newsflash\"],\"inLanguage\":\"de\"},{\"@type\":\"WebPage\",\"@id\":\"https:\/\/kulturonline.tv\/de\/kulturstaatsministerin-claudia-roth-will-einen-schwerpunkt-auf-die-erinnerungskultur-legen\/\",\"url\":\"https:\/\/kulturonline.tv\/de\/kulturstaatsministerin-claudia-roth-will-einen-schwerpunkt-auf-die-erinnerungskultur-legen\/\",\"name\":\"Kulturstaatsministerin Claudia Roth will einen Schwerpunkt auf die Erinnerungskultur legen. - Kultur Online TV &amp; FM\",\"isPartOf\":{\"@id\":\"https:\/\/kulturonline.tv\/de\/#website\"},\"primaryImageOfPage\":{\"@id\":\"https:\/\/kulturonline.tv\/de\/kulturstaatsministerin-claudia-roth-will-einen-schwerpunkt-auf-die-erinnerungskultur-legen\/#primaryimage\"},\"image\":{\"@id\":\"https:\/\/kulturonline.tv\/de\/kulturstaatsministerin-claudia-roth-will-einen-schwerpunkt-auf-die-erinnerungskultur-legen\/#primaryimage\"},\"thumbnailUrl\":\"https:\/\/kulturonline.tv\/wp-content\/uploads\/2022\/02\/Claudia-Roth.jpg\",\"datePublished\":\"2022-02-07T23:19:57+00:00\",\"dateModified\":\"2022-02-07T23:20:00+00:00\",\"description\":\"Kultur sehen und H\u00f6ren\",\"breadcrumb\":{\"@id\":\"https:\/\/kulturonline.tv\/de\/kulturstaatsministerin-claudia-roth-will-einen-schwerpunkt-auf-die-erinnerungskultur-legen\/#breadcrumb\"},\"inLanguage\":\"de\",\"potentialAction\":[{\"@type\":\"ReadAction\",\"target\":[\"https:\/\/kulturonline.tv\/de\/kulturstaatsministerin-claudia-roth-will-einen-schwerpunkt-auf-die-erinnerungskultur-legen\/\"]}]},{\"@type\":\"ImageObject\",\"inLanguage\":\"de\",\"@id\":\"https:\/\/kulturonline.tv\/de\/kulturstaatsministerin-claudia-roth-will-einen-schwerpunkt-auf-die-erinnerungskultur-legen\/#primaryimage\",\"url\":\"https:\/\/kulturonline.tv\/wp-content\/uploads\/2022\/02\/Claudia-Roth.jpg\",\"contentUrl\":\"https:\/\/kulturonline.tv\/wp-content\/uploads\/2022\/02\/Claudia-Roth.jpg\",\"width\":1920,\"height\":1080},{\"@type\":\"BreadcrumbList\",\"@id\":\"https:\/\/kulturonline.tv\/de\/kulturstaatsministerin-claudia-roth-will-einen-schwerpunkt-auf-die-erinnerungskultur-legen\/#breadcrumb\",\"itemListElement\":[{\"@type\":\"ListItem\",\"position\":1,\"name\":\"Startseite\",\"item\":\"https:\/\/kulturonline.tv\/de\/\"},{\"@type\":\"ListItem\",\"position\":2,\"name\":\"Kulturstaatsministerin Claudia Roth will einen Schwerpunkt auf die Erinnerungskultur legen.\"}]},{\"@type\":\"WebSite\",\"@id\":\"https:\/\/kulturonline.tv\/de\/#website\",\"url\":\"https:\/\/kulturonline.tv\/de\/\",\"name\":\"Kultur Online TV &amp; FM\",\"description\":\"Wir sind Kultur 2.0 zum sehen &amp; h\u00f6ren\",\"publisher\":{\"@id\":\"https:\/\/kulturonline.tv\/de\/#organization\"},\"potentialAction\":[{\"@type\":\"SearchAction\",\"target\":{\"@type\":\"EntryPoint\",\"urlTemplate\":\"https:\/\/kulturonline.tv\/de\/?s={search_term_string}\"},\"query-input\":{\"@type\":\"PropertyValueSpecification\",\"valueRequired\":true,\"valueName\":\"search_term_string\"}}],\"inLanguage\":\"de\"},{\"@type\":\"Organization\",\"@id\":\"https:\/\/kulturonline.tv\/de\/#organization\",\"name\":\"Kultur Online TV\",\"url\":\"https:\/\/kulturonline.tv\/de\/\",\"logo\":{\"@type\":\"ImageObject\",\"inLanguage\":\"de\",\"@id\":\"https:\/\/kulturonline.tv\/de\/#\/schema\/logo\/image\/\",\"url\":\"https:\/\/kulturonline.tv\/wp-content\/uploads\/2021\/08\/Kultur-Online-Tv-Logo-Endversion-neu.png\",\"contentUrl\":\"https:\/\/kulturonline.tv\/wp-content\/uploads\/2021\/08\/Kultur-Online-Tv-Logo-Endversion-neu.png\",\"width\":200,\"height\":200,\"caption\":\"Kultur Online TV\"},\"image\":{\"@id\":\"https:\/\/kulturonline.tv\/de\/#\/schema\/logo\/image\/\"},\"sameAs\":[\"https:\/\/www.facebook.com\/kulturonline.tv\",\"https:\/\/www.instagram.com\/kulturonline.tv\"]},{\"@type\":\"Person\",\"@id\":\"https:\/\/kulturonline.tv\/de\/#\/schema\/person\/b0fac729bb9a0c193fb1df23449df4fe\",\"name\":\"guenter.wolfgang\"}]}<\/script>\n<!-- \/ Yoast SEO plugin. -->","yoast_head_json":{"title":"Kulturstaatsministerin Claudia Roth will einen Schwerpunkt auf die Erinnerungskultur legen. - Kultur Online TV &amp; FM","description":"Kultur sehen und H\u00f6ren","robots":{"index":"index","follow":"follow","max-snippet":"max-snippet:-1","max-image-preview":"max-image-preview:large","max-video-preview":"max-video-preview:-1"},"canonical":"https:\/\/kulturonline.tv\/de\/kulturstaatsministerin-claudia-roth-will-einen-schwerpunkt-auf-die-erinnerungskultur-legen\/","og_locale":"de_DE","og_type":"article","og_title":"Kulturstaatsministerin Claudia Roth will einen Schwerpunkt auf die Erinnerungskultur legen. - Kultur Online TV &amp; FM","og_description":"Kultur sehen und H\u00f6ren","og_url":"https:\/\/kulturonline.tv\/de\/kulturstaatsministerin-claudia-roth-will-einen-schwerpunkt-auf-die-erinnerungskultur-legen\/","og_site_name":"Kultur Online TV &amp; FM","article_publisher":"https:\/\/www.facebook.com\/kulturonline.tv","article_published_time":"2022-02-07T23:19:57+00:00","article_modified_time":"2022-02-07T23:20:00+00:00","og_image":[{"width":1920,"height":1080,"url":"https:\/\/kulturonline.tv\/wp-content\/uploads\/2022\/02\/Claudia-Roth.jpg","type":"image\/jpeg"}],"author":"guenter.wolfgang","twitter_card":"summary_large_image","twitter_misc":{"Verfasst von":"guenter.wolfgang","Gesch\u00e4tzte Lesezeit":"1\u00a0Minute"},"schema":{"@context":"https:\/\/schema.org","@graph":[{"@type":"Article","@id":"https:\/\/kulturonline.tv\/de\/kulturstaatsministerin-claudia-roth-will-einen-schwerpunkt-auf-die-erinnerungskultur-legen\/#article","isPartOf":{"@id":"https:\/\/kulturonline.tv\/de\/kulturstaatsministerin-claudia-roth-will-einen-schwerpunkt-auf-die-erinnerungskultur-legen\/"},"author":{"name":"guenter.wolfgang","@id":"https:\/\/kulturonline.tv\/de\/#\/schema\/person\/b0fac729bb9a0c193fb1df23449df4fe"},"headline":"Kulturstaatsministerin Claudia Roth will einen Schwerpunkt auf die Erinnerungskultur legen.","datePublished":"2022-02-07T23:19:57+00:00","dateModified":"2022-02-07T23:20:00+00:00","mainEntityOfPage":{"@id":"https:\/\/kulturonline.tv\/de\/kulturstaatsministerin-claudia-roth-will-einen-schwerpunkt-auf-die-erinnerungskultur-legen\/"},"wordCount":103,"publisher":{"@id":"https:\/\/kulturonline.tv\/de\/#organization"},"image":{"@id":"https:\/\/kulturonline.tv\/de\/kulturstaatsministerin-claudia-roth-will-einen-schwerpunkt-auf-die-erinnerungskultur-legen\/#primaryimage"},"thumbnailUrl":"https:\/\/kulturonline.tv\/wp-content\/uploads\/2022\/02\/Claudia-Roth.jpg","articleSection":["Newsflash"],"inLanguage":"de"},{"@type":"WebPage","@id":"https:\/\/kulturonline.tv\/de\/kulturstaatsministerin-claudia-roth-will-einen-schwerpunkt-auf-die-erinnerungskultur-legen\/","url":"https:\/\/kulturonline.tv\/de\/kulturstaatsministerin-claudia-roth-will-einen-schwerpunkt-auf-die-erinnerungskultur-legen\/","name":"Kulturstaatsministerin Claudia Roth will einen Schwerpunkt auf die Erinnerungskultur legen. - Kultur Online TV &amp; FM","isPartOf":{"@id":"https:\/\/kulturonline.tv\/de\/#website"},"primaryImageOfPage":{"@id":"https:\/\/kulturonline.tv\/de\/kulturstaatsministerin-claudia-roth-will-einen-schwerpunkt-auf-die-erinnerungskultur-legen\/#primaryimage"},"image":{"@id":"https:\/\/kulturonline.tv\/de\/kulturstaatsministerin-claudia-roth-will-einen-schwerpunkt-auf-die-erinnerungskultur-legen\/#primaryimage"},"thumbnailUrl":"https:\/\/kulturonline.tv\/wp-content\/uploads\/2022\/02\/Claudia-Roth.jpg","datePublished":"2022-02-07T23:19:57+00:00","dateModified":"2022-02-07T23:20:00+00:00","description":"Kultur sehen und H\u00f6ren","breadcrumb":{"@id":"https:\/\/kulturonline.tv\/de\/kulturstaatsministerin-claudia-roth-will-einen-schwerpunkt-auf-die-erinnerungskultur-legen\/#breadcrumb"},"inLanguage":"de","potentialAction":[{"@type":"ReadAction","target":["https:\/\/kulturonline.tv\/de\/kulturstaatsministerin-claudia-roth-will-einen-schwerpunkt-auf-die-erinnerungskultur-legen\/"]}]},{"@type":"ImageObject","inLanguage":"de","@id":"https:\/\/kulturonline.tv\/de\/kulturstaatsministerin-claudia-roth-will-einen-schwerpunkt-auf-die-erinnerungskultur-legen\/#primaryimage","url":"https:\/\/kulturonline.tv\/wp-content\/uploads\/2022\/02\/Claudia-Roth.jpg","contentUrl":"https:\/\/kulturonline.tv\/wp-content\/uploads\/2022\/02\/Claudia-Roth.jpg","width":1920,"height":1080},{"@type":"BreadcrumbList","@id":"https:\/\/kulturonline.tv\/de\/kulturstaatsministerin-claudia-roth-will-einen-schwerpunkt-auf-die-erinnerungskultur-legen\/#breadcrumb","itemListElement":[{"@type":"ListItem","position":1,"name":"Startseite","item":"https:\/\/kulturonline.tv\/de\/"},{"@type":"ListItem","position":2,"name":"Kulturstaatsministerin Claudia Roth will einen Schwerpunkt auf die Erinnerungskultur legen."}]},{"@type":"WebSite","@id":"https:\/\/kulturonline.tv\/de\/#website","url":"https:\/\/kulturonline.tv\/de\/","name":"Kultur Online TV &amp; FM","description":"Wir sind Kultur 2.0 zum sehen &amp; h\u00f6ren","publisher":{"@id":"https:\/\/kulturonline.tv\/de\/#organization"},"potentialAction":[{"@type":"SearchAction","target":{"@type":"EntryPoint","urlTemplate":"https:\/\/kulturonline.tv\/de\/?s={search_term_string}"},"query-input":{"@type":"PropertyValueSpecification","valueRequired":true,"valueName":"search_term_string"}}],"inLanguage":"de"},{"@type":"Organization","@id":"https:\/\/kulturonline.tv\/de\/#organization","name":"Kultur Online TV","url":"https:\/\/kulturonline.tv\/de\/","logo":{"@type":"ImageObject","inLanguage":"de","@id":"https:\/\/kulturonline.tv\/de\/#\/schema\/logo\/image\/","url":"https:\/\/kulturonline.tv\/wp-content\/uploads\/2021\/08\/Kultur-Online-Tv-Logo-Endversion-neu.png","contentUrl":"https:\/\/kulturonline.tv\/wp-content\/uploads\/2021\/08\/Kultur-Online-Tv-Logo-Endversion-neu.png","width":200,"height":200,"caption":"Kultur Online TV"},"image":{"@id":"https:\/\/kulturonline.tv\/de\/#\/schema\/logo\/image\/"},"sameAs":["https:\/\/www.facebook.com\/kulturonline.tv","https:\/\/www.instagram.com\/kulturonline.tv"]},{"@type":"Person","@id":"https:\/\/kulturonline.tv\/de\/#\/schema\/person\/b0fac729bb9a0c193fb1df23449df4fe","name":"guenter.wolfgang"}]}},"_links":{"self":[{"href":"https:\/\/kulturonline.tv\/de\/wp-json\/wp\/v2\/posts\/22428","targetHints":{"allow":["GET"]}}],"collection":[{"href":"https:\/\/kulturonline.tv\/de\/wp-json\/wp\/v2\/posts"}],"about":[{"href":"https:\/\/kulturonline.tv\/de\/wp-json\/wp\/v2\/types\/post"}],"author":[{"embeddable":true,"href":"https:\/\/kulturonline.tv\/de\/wp-json\/wp\/v2\/users\/2"}],"replies":[{"embeddable":true,"href":"https:\/\/kulturonline.tv\/de\/wp-json\/wp\/v2\/comments?post=22428"}],"version-history":[{"count":0,"href":"https:\/\/kulturonline.tv\/de\/wp-json\/wp\/v2\/posts\/22428\/revisions"}],"wp:featuredmedia":[{"embeddable":true,"href":"https:\/\/kulturonline.tv\/de\/wp-json\/wp\/v2\/media\/22431"}],"wp:attachment":[{"href":"https:\/\/kulturonline.tv\/de\/wp-json\/wp\/v2\/media?parent=22428"}],"wp:term":[{"taxonomy":"category","embeddable":true,"href":"https:\/\/kulturonline.tv\/de\/wp-json\/wp\/v2\/categories?post=22428"},{"taxonomy":"post_tag","embeddable":true,"href":"https:\/\/kulturonline.tv\/de\/wp-json\/wp\/v2\/tags?post=22428"}],"curies":[{"name":"wp","href":"https:\/\/api.w.org\/{rel}","templated":true}]}}