{"id":22476,"date":"2022-02-08T00:46:18","date_gmt":"2022-02-07T23:46:18","guid":{"rendered":"https:\/\/kulturonline.tv\/?p=22476"},"modified":"2022-02-08T00:46:32","modified_gmt":"2022-02-07T23:46:32","slug":"news-des-tages-vom-08-02-2022","status":"publish","type":"post","link":"https:\/\/kulturonline.tv\/de\/news-des-tages-vom-08-02-2022\/","title":{"rendered":"News des Tages vom 08.02.2022"},"content":{"rendered":"\n<figure class=\"wp-block-embed is-type-video is-provider-youtube wp-block-embed-youtube wp-embed-aspect-16-9 wp-has-aspect-ratio\"><div class=\"wp-block-embed__wrapper\">\nhttps:\/\/www.youtube.com\/watch?v=CT_NrazmTys&#038;feature=youtu.be\n<\/div><\/figure>\n\n\n<form role=\"search\" method=\"get\" action=\"https:\/\/kulturonline.tv\/de\/\" class=\"wp-block-search__button-outside wp-block-search__text-button wp-block-search\"    ><label class=\"wp-block-search__label\" for=\"wp-block-search__input-1\" >Suchen<\/label><div class=\"wp-block-search__inside-wrapper \" ><input class=\"wp-block-search__input\" id=\"wp-block-search__input-1\" placeholder=\"\" value=\"\" type=\"search\" name=\"s\" required \/><button aria-label=\"Suchen\" class=\"wp-block-search__button wp-element-button\" type=\"submit\" >Suchen<\/button><\/div><\/form>\n\n\n<h3 class=\"wp-block-heading\" id=\"filmkomponist-john-williams-kehrt-in-den-musikverein-zuruck\"><a href=\"https:\/\/kulturonline.tv\/at\/musik\/filmkomponist-john-williams-kehrt-in-den-musikverein-zurueck\">Filmkomponist John Williams kehrt in den Musikverein zur\u00fcck<\/a><\/h3>\n\n\n\n<div class=\"wp-block-query is-layout-flow wp-block-query-is-layout-flow\"><ul class=\"wp-block-post-template is-layout-flow wp-block-post-template-is-layout-flow\"><li class=\"wp-block-post post-148053 post type-post status-publish format-standard has-post-thumbnail hentry category-kunst\">\n<h2 class=\"wp-block-post-title\"><a href=\"https:\/\/kulturonline.tv\/de\/fruehlingserwachen-vernissage-von-alexandra-kordas\/\" target=\"_self\" >\u201eFr\u00fchlingserwachen\u201c Vernissage von Alexandra Kordas<\/a><\/h2>\n\n<div class=\"wp-block-post-excerpt\"><p class=\"wp-block-post-excerpt__excerpt\">Ein 1. Fr\u00fchlings VIP-\u00a0Highlight im Kunstfoyer der LV1871 in M\u00fcnchen ! Fr\u00fchlingsduft lag in der Luft bei der Vernissage von \u201eFr\u00fchlingserwachen\u201c der M\u00fcnchner K\u00fcnstlerin Alexandra Kordas im Kunstfoyer der LV1871, die zu einem glanzvollen Treffpunkt f\u00fcr Pers\u00f6nlich-keiten aus Kultur, dem Showbiz, den Medien und der Wirtschaft wurde. Wolfgang Reichel, Vorsitzender des Vorstands LV1871 und Dr.&hellip; <\/p><\/div>\n\n\n<hr class=\"wp-block-separator\"\/>\n\n\n<div class=\"wp-block-post-date\"><time datetime=\"2026-04-29T10:57:10+02:00\">29. April 2026<\/time><\/div>\n<\/li><li class=\"wp-block-post post-145728 post type-post status-publish format-standard has-post-thumbnail hentry category-medien\">\n<h2 class=\"wp-block-post-title\"><a href=\"https:\/\/kulturonline.tv\/de\/tiefpunkt-der-medienkultur-wenn-voyeuristischer-schlamm-die-debatte-ersetzt\/\" target=\"_self\" >Tiefpunkt der Medienkultur: Wenn voyeuristischer Schlamm die Debatte ersetzt.<\/a><\/h2>\n\n<div class=\"wp-block-post-excerpt\"><p class=\"wp-block-post-excerpt__excerpt\">Was sich derzeit in der \u00f6sterreichischen Medienlandschaft rund um die Causa des ehemaligen ORF-Generaldirektors Roland Wei\u00dfmann abspielt, ist ein beispielloser Absturz in der Berichterstattung. Ein Spektakel der Niveaulosigkeit Dieser Talk-Spezial auf OE24 TV zum \u201eFall Wei\u00dfmann\u201c illustriert eindrucksvoll den massiven Konflikt zwischen journalistischem Aufkl\u00e4rungsanspruch, rechtlicher Grauzone und einer Medienkultur, die zunehmend jede Schamgrenze hinter sich&hellip; <\/p><\/div>\n\n\n<hr class=\"wp-block-separator\"\/>\n\n\n<div class=\"wp-block-post-date\"><time datetime=\"2026-04-22T23:45:30+02:00\">22. April 2026<\/time><\/div>\n<\/li><li class=\"wp-block-post post-143635 post type-post status-publish format-standard has-post-thumbnail hentry category-veranstaltungstipps-de\">\n<h2 class=\"wp-block-post-title\"><a href=\"https:\/\/kulturonline.tv\/de\/wien-im-song-contest-fieber\/\" target=\"_self\" >Wien im Song-Contest-Fieber<\/a><\/h2>\n\n<div class=\"wp-block-post-excerpt\"><p class=\"wp-block-post-excerpt__excerpt\">Wien setzt im Mai 2026 neue Ma\u00dfst\u00e4be f\u00fcr das ESC-Rahmenprogramm. Am Mittwoch, dem 13. Mai 2026, verwandelt sich der Wiener Naschmarkt von 14:00 bis 19:00 Uhr in den Schauplatz des ersten \u201eEurovision Markt Contests\u201c. \u00a9 Bild: KI generiert Anstatt nur vor dem Fernseher mitzufiebern, k\u00f6nnen sich Besucherinnen und Besucher beim \u201eEurovision Markt Contest\u201c quer durch&hellip; <\/p><\/div>\n\n\n<hr class=\"wp-block-separator\"\/>\n\n\n<div class=\"wp-block-post-date\"><time datetime=\"2026-04-16T08:54:39+02:00\">16. April 2026<\/time><\/div>\n<\/li><\/ul><\/div>\n","protected":false},"excerpt":{"rendered":"<p>Filmkomponist John Williams kehrt in den Musikverein zur\u00fcck<\/p>\n","protected":false},"author":2,"featured_media":22477,"comment_status":"closed","ping_status":"closed","sticky":false,"template":"","format":"standard","meta":{"_acf_changed":false,"footnotes":""},"categories":[1],"tags":[],"class_list":["post-22476","post","type-post","status-publish","format-standard","has-post-thumbnail","hentry","category-unkategorisiert"],"acf":[],"yoast_head":"<!-- This site is optimized with the Yoast SEO plugin v26.1.1 - https:\/\/yoast.com\/wordpress\/plugins\/seo\/ -->\n<title>News des Tages vom 08.02.2022 - Kultur Online TV &amp; FM<\/title>\n<meta name=\"description\" content=\"Kultur sehen und H\u00f6ren\" \/>\n<meta name=\"robots\" content=\"index, follow, max-snippet:-1, max-image-preview:large, max-video-preview:-1\" \/>\n<link rel=\"canonical\" href=\"https:\/\/kulturonline.tv\/de\/news-des-tages-vom-08-02-2022\/\" \/>\n<meta property=\"og:locale\" content=\"de_DE\" \/>\n<meta property=\"og:type\" content=\"article\" \/>\n<meta property=\"og:title\" content=\"News des Tages vom 08.02.2022 - Kultur Online TV &amp; FM\" \/>\n<meta property=\"og:description\" content=\"Kultur sehen und H\u00f6ren\" \/>\n<meta property=\"og:url\" content=\"https:\/\/kulturonline.tv\/de\/news-des-tages-vom-08-02-2022\/\" \/>\n<meta property=\"og:site_name\" content=\"Kultur Online TV &amp; FM\" \/>\n<meta property=\"article:publisher\" content=\"https:\/\/www.facebook.com\/kulturonline.tv\" \/>\n<meta property=\"article:published_time\" content=\"2022-02-07T23:46:18+00:00\" \/>\n<meta property=\"article:modified_time\" content=\"2022-02-07T23:46:32+00:00\" \/>\n<meta property=\"og:image\" content=\"https:\/\/kulturonline.tv\/wp-content\/uploads\/2022\/02\/Latest-News-08.jpg\" \/>\n\t<meta property=\"og:image:width\" content=\"320\" \/>\n\t<meta property=\"og:image:height\" content=\"180\" \/>\n\t<meta property=\"og:image:type\" content=\"image\/jpeg\" \/>\n<meta name=\"author\" content=\"guenter.wolfgang\" \/>\n<meta name=\"twitter:card\" content=\"summary_large_image\" \/>\n<meta name=\"twitter:label1\" content=\"Verfasst von\" \/>\n\t<meta name=\"twitter:data1\" content=\"guenter.wolfgang\" \/>\n\t<meta name=\"twitter:label2\" content=\"Gesch\u00e4tzte Lesezeit\" \/>\n\t<meta name=\"twitter:data2\" content=\"1\u00a0Minute\" \/>\n<script type=\"application\/ld+json\" class=\"yoast-schema-graph\">{\"@context\":\"https:\/\/schema.org\",\"@graph\":[{\"@type\":\"Article\",\"@id\":\"https:\/\/kulturonline.tv\/de\/news-des-tages-vom-08-02-2022\/#article\",\"isPartOf\":{\"@id\":\"https:\/\/kulturonline.tv\/de\/news-des-tages-vom-08-02-2022\/\"},\"author\":{\"name\":\"guenter.wolfgang\",\"@id\":\"https:\/\/kulturonline.tv\/de\/#\/schema\/person\/b0fac729bb9a0c193fb1df23449df4fe\"},\"headline\":\"News des Tages vom 08.02.2022\",\"datePublished\":\"2022-02-07T23:46:18+00:00\",\"dateModified\":\"2022-02-07T23:46:32+00:00\",\"mainEntityOfPage\":{\"@id\":\"https:\/\/kulturonline.tv\/de\/news-des-tages-vom-08-02-2022\/\"},\"wordCount\":25,\"publisher\":{\"@id\":\"https:\/\/kulturonline.tv\/de\/#organization\"},\"image\":{\"@id\":\"https:\/\/kulturonline.tv\/de\/news-des-tages-vom-08-02-2022\/#primaryimage\"},\"thumbnailUrl\":\"https:\/\/kulturonline.tv\/wp-content\/uploads\/2022\/02\/Latest-News-08.jpg\",\"articleSection\":[\"Unkategorisiert\"],\"inLanguage\":\"de\"},{\"@type\":\"WebPage\",\"@id\":\"https:\/\/kulturonline.tv\/de\/news-des-tages-vom-08-02-2022\/\",\"url\":\"https:\/\/kulturonline.tv\/de\/news-des-tages-vom-08-02-2022\/\",\"name\":\"News des Tages vom 08.02.2022 - Kultur Online TV &amp; FM\",\"isPartOf\":{\"@id\":\"https:\/\/kulturonline.tv\/de\/#website\"},\"primaryImageOfPage\":{\"@id\":\"https:\/\/kulturonline.tv\/de\/news-des-tages-vom-08-02-2022\/#primaryimage\"},\"image\":{\"@id\":\"https:\/\/kulturonline.tv\/de\/news-des-tages-vom-08-02-2022\/#primaryimage\"},\"thumbnailUrl\":\"https:\/\/kulturonline.tv\/wp-content\/uploads\/2022\/02\/Latest-News-08.jpg\",\"datePublished\":\"2022-02-07T23:46:18+00:00\",\"dateModified\":\"2022-02-07T23:46:32+00:00\",\"description\":\"Kultur sehen und H\u00f6ren\",\"breadcrumb\":{\"@id\":\"https:\/\/kulturonline.tv\/de\/news-des-tages-vom-08-02-2022\/#breadcrumb\"},\"inLanguage\":\"de\",\"potentialAction\":[{\"@type\":\"ReadAction\",\"target\":[\"https:\/\/kulturonline.tv\/de\/news-des-tages-vom-08-02-2022\/\"]}]},{\"@type\":\"ImageObject\",\"inLanguage\":\"de\",\"@id\":\"https:\/\/kulturonline.tv\/de\/news-des-tages-vom-08-02-2022\/#primaryimage\",\"url\":\"https:\/\/kulturonline.tv\/wp-content\/uploads\/2022\/02\/Latest-News-08.jpg\",\"contentUrl\":\"https:\/\/kulturonline.tv\/wp-content\/uploads\/2022\/02\/Latest-News-08.jpg\",\"width\":320,\"height\":180},{\"@type\":\"BreadcrumbList\",\"@id\":\"https:\/\/kulturonline.tv\/de\/news-des-tages-vom-08-02-2022\/#breadcrumb\",\"itemListElement\":[{\"@type\":\"ListItem\",\"position\":1,\"name\":\"Startseite\",\"item\":\"https:\/\/kulturonline.tv\/de\/\"},{\"@type\":\"ListItem\",\"position\":2,\"name\":\"News des Tages vom 08.02.2022\"}]},{\"@type\":\"WebSite\",\"@id\":\"https:\/\/kulturonline.tv\/de\/#website\",\"url\":\"https:\/\/kulturonline.tv\/de\/\",\"name\":\"Kultur Online TV &amp; FM\",\"description\":\"Wir sind Kultur 2.0 zum sehen &amp; h\u00f6ren\",\"publisher\":{\"@id\":\"https:\/\/kulturonline.tv\/de\/#organization\"},\"potentialAction\":[{\"@type\":\"SearchAction\",\"target\":{\"@type\":\"EntryPoint\",\"urlTemplate\":\"https:\/\/kulturonline.tv\/de\/?s={search_term_string}\"},\"query-input\":{\"@type\":\"PropertyValueSpecification\",\"valueRequired\":true,\"valueName\":\"search_term_string\"}}],\"inLanguage\":\"de\"},{\"@type\":\"Organization\",\"@id\":\"https:\/\/kulturonline.tv\/de\/#organization\",\"name\":\"Kultur Online TV\",\"url\":\"https:\/\/kulturonline.tv\/de\/\",\"logo\":{\"@type\":\"ImageObject\",\"inLanguage\":\"de\",\"@id\":\"https:\/\/kulturonline.tv\/de\/#\/schema\/logo\/image\/\",\"url\":\"https:\/\/kulturonline.tv\/wp-content\/uploads\/2021\/08\/Kultur-Online-Tv-Logo-Endversion-neu.png\",\"contentUrl\":\"https:\/\/kulturonline.tv\/wp-content\/uploads\/2021\/08\/Kultur-Online-Tv-Logo-Endversion-neu.png\",\"width\":200,\"height\":200,\"caption\":\"Kultur Online TV\"},\"image\":{\"@id\":\"https:\/\/kulturonline.tv\/de\/#\/schema\/logo\/image\/\"},\"sameAs\":[\"https:\/\/www.facebook.com\/kulturonline.tv\",\"https:\/\/www.instagram.com\/kulturonline.tv\"]},{\"@type\":\"Person\",\"@id\":\"https:\/\/kulturonline.tv\/de\/#\/schema\/person\/b0fac729bb9a0c193fb1df23449df4fe\",\"name\":\"guenter.wolfgang\"}]}<\/script>\n<!-- \/ Yoast SEO plugin. -->","yoast_head_json":{"title":"News des Tages vom 08.02.2022 - Kultur Online TV &amp; FM","description":"Kultur sehen und H\u00f6ren","robots":{"index":"index","follow":"follow","max-snippet":"max-snippet:-1","max-image-preview":"max-image-preview:large","max-video-preview":"max-video-preview:-1"},"canonical":"https:\/\/kulturonline.tv\/de\/news-des-tages-vom-08-02-2022\/","og_locale":"de_DE","og_type":"article","og_title":"News des Tages vom 08.02.2022 - Kultur Online TV &amp; FM","og_description":"Kultur sehen und H\u00f6ren","og_url":"https:\/\/kulturonline.tv\/de\/news-des-tages-vom-08-02-2022\/","og_site_name":"Kultur Online TV &amp; FM","article_publisher":"https:\/\/www.facebook.com\/kulturonline.tv","article_published_time":"2022-02-07T23:46:18+00:00","article_modified_time":"2022-02-07T23:46:32+00:00","og_image":[{"width":320,"height":180,"url":"https:\/\/kulturonline.tv\/wp-content\/uploads\/2022\/02\/Latest-News-08.jpg","type":"image\/jpeg"}],"author":"guenter.wolfgang","twitter_card":"summary_large_image","twitter_misc":{"Verfasst von":"guenter.wolfgang","Gesch\u00e4tzte Lesezeit":"1\u00a0Minute"},"schema":{"@context":"https:\/\/schema.org","@graph":[{"@type":"Article","@id":"https:\/\/kulturonline.tv\/de\/news-des-tages-vom-08-02-2022\/#article","isPartOf":{"@id":"https:\/\/kulturonline.tv\/de\/news-des-tages-vom-08-02-2022\/"},"author":{"name":"guenter.wolfgang","@id":"https:\/\/kulturonline.tv\/de\/#\/schema\/person\/b0fac729bb9a0c193fb1df23449df4fe"},"headline":"News des Tages vom 08.02.2022","datePublished":"2022-02-07T23:46:18+00:00","dateModified":"2022-02-07T23:46:32+00:00","mainEntityOfPage":{"@id":"https:\/\/kulturonline.tv\/de\/news-des-tages-vom-08-02-2022\/"},"wordCount":25,"publisher":{"@id":"https:\/\/kulturonline.tv\/de\/#organization"},"image":{"@id":"https:\/\/kulturonline.tv\/de\/news-des-tages-vom-08-02-2022\/#primaryimage"},"thumbnailUrl":"https:\/\/kulturonline.tv\/wp-content\/uploads\/2022\/02\/Latest-News-08.jpg","articleSection":["Unkategorisiert"],"inLanguage":"de"},{"@type":"WebPage","@id":"https:\/\/kulturonline.tv\/de\/news-des-tages-vom-08-02-2022\/","url":"https:\/\/kulturonline.tv\/de\/news-des-tages-vom-08-02-2022\/","name":"News des Tages vom 08.02.2022 - Kultur Online TV &amp; FM","isPartOf":{"@id":"https:\/\/kulturonline.tv\/de\/#website"},"primaryImageOfPage":{"@id":"https:\/\/kulturonline.tv\/de\/news-des-tages-vom-08-02-2022\/#primaryimage"},"image":{"@id":"https:\/\/kulturonline.tv\/de\/news-des-tages-vom-08-02-2022\/#primaryimage"},"thumbnailUrl":"https:\/\/kulturonline.tv\/wp-content\/uploads\/2022\/02\/Latest-News-08.jpg","datePublished":"2022-02-07T23:46:18+00:00","dateModified":"2022-02-07T23:46:32+00:00","description":"Kultur sehen und H\u00f6ren","breadcrumb":{"@id":"https:\/\/kulturonline.tv\/de\/news-des-tages-vom-08-02-2022\/#breadcrumb"},"inLanguage":"de","potentialAction":[{"@type":"ReadAction","target":["https:\/\/kulturonline.tv\/de\/news-des-tages-vom-08-02-2022\/"]}]},{"@type":"ImageObject","inLanguage":"de","@id":"https:\/\/kulturonline.tv\/de\/news-des-tages-vom-08-02-2022\/#primaryimage","url":"https:\/\/kulturonline.tv\/wp-content\/uploads\/2022\/02\/Latest-News-08.jpg","contentUrl":"https:\/\/kulturonline.tv\/wp-content\/uploads\/2022\/02\/Latest-News-08.jpg","width":320,"height":180},{"@type":"BreadcrumbList","@id":"https:\/\/kulturonline.tv\/de\/news-des-tages-vom-08-02-2022\/#breadcrumb","itemListElement":[{"@type":"ListItem","position":1,"name":"Startseite","item":"https:\/\/kulturonline.tv\/de\/"},{"@type":"ListItem","position":2,"name":"News des Tages vom 08.02.2022"}]},{"@type":"WebSite","@id":"https:\/\/kulturonline.tv\/de\/#website","url":"https:\/\/kulturonline.tv\/de\/","name":"Kultur Online TV &amp; FM","description":"Wir sind Kultur 2.0 zum sehen &amp; h\u00f6ren","publisher":{"@id":"https:\/\/kulturonline.tv\/de\/#organization"},"potentialAction":[{"@type":"SearchAction","target":{"@type":"EntryPoint","urlTemplate":"https:\/\/kulturonline.tv\/de\/?s={search_term_string}"},"query-input":{"@type":"PropertyValueSpecification","valueRequired":true,"valueName":"search_term_string"}}],"inLanguage":"de"},{"@type":"Organization","@id":"https:\/\/kulturonline.tv\/de\/#organization","name":"Kultur Online TV","url":"https:\/\/kulturonline.tv\/de\/","logo":{"@type":"ImageObject","inLanguage":"de","@id":"https:\/\/kulturonline.tv\/de\/#\/schema\/logo\/image\/","url":"https:\/\/kulturonline.tv\/wp-content\/uploads\/2021\/08\/Kultur-Online-Tv-Logo-Endversion-neu.png","contentUrl":"https:\/\/kulturonline.tv\/wp-content\/uploads\/2021\/08\/Kultur-Online-Tv-Logo-Endversion-neu.png","width":200,"height":200,"caption":"Kultur Online TV"},"image":{"@id":"https:\/\/kulturonline.tv\/de\/#\/schema\/logo\/image\/"},"sameAs":["https:\/\/www.facebook.com\/kulturonline.tv","https:\/\/www.instagram.com\/kulturonline.tv"]},{"@type":"Person","@id":"https:\/\/kulturonline.tv\/de\/#\/schema\/person\/b0fac729bb9a0c193fb1df23449df4fe","name":"guenter.wolfgang"}]}},"_links":{"self":[{"href":"https:\/\/kulturonline.tv\/de\/wp-json\/wp\/v2\/posts\/22476","targetHints":{"allow":["GET"]}}],"collection":[{"href":"https:\/\/kulturonline.tv\/de\/wp-json\/wp\/v2\/posts"}],"about":[{"href":"https:\/\/kulturonline.tv\/de\/wp-json\/wp\/v2\/types\/post"}],"author":[{"embeddable":true,"href":"https:\/\/kulturonline.tv\/de\/wp-json\/wp\/v2\/users\/2"}],"replies":[{"embeddable":true,"href":"https:\/\/kulturonline.tv\/de\/wp-json\/wp\/v2\/comments?post=22476"}],"version-history":[{"count":0,"href":"https:\/\/kulturonline.tv\/de\/wp-json\/wp\/v2\/posts\/22476\/revisions"}],"wp:featuredmedia":[{"embeddable":true,"href":"https:\/\/kulturonline.tv\/de\/wp-json\/wp\/v2\/media\/22477"}],"wp:attachment":[{"href":"https:\/\/kulturonline.tv\/de\/wp-json\/wp\/v2\/media?parent=22476"}],"wp:term":[{"taxonomy":"category","embeddable":true,"href":"https:\/\/kulturonline.tv\/de\/wp-json\/wp\/v2\/categories?post=22476"},{"taxonomy":"post_tag","embeddable":true,"href":"https:\/\/kulturonline.tv\/de\/wp-json\/wp\/v2\/tags?post=22476"}],"curies":[{"name":"wp","href":"https:\/\/api.w.org\/{rel}","templated":true}]}}