{"id":22653,"date":"2022-02-10T06:21:22","date_gmt":"2022-02-10T05:21:22","guid":{"rendered":"https:\/\/kulturonline.tv\/?p=22653"},"modified":"2022-02-16T17:56:25","modified_gmt":"2022-02-16T16:56:25","slug":"leipziger-buchmesse-faellt-aus","status":"publish","type":"post","link":"https:\/\/kulturonline.tv\/de\/leipziger-buchmesse-faellt-aus\/","title":{"rendered":"Leipziger Buchmesse f\u00e4llt aus"},"content":{"rendered":"\n<p><strong>Die Leipziger Buchmesse muss auch in diesem Jahr ausfallen. Das teilten die Veranstalter mit.<\/strong><\/p>\n\n\n\n<figure class=\"wp-block-image size-full\"><img fetchpriority=\"high\" decoding=\"async\" width=\"768\" height=\"431\" src=\"https:\/\/kulturonline.tv\/wp-content\/uploads\/2022\/02\/Leipziger-Buchmesse-faellt-aus-edited.jpg\" alt=\"\" class=\"wp-image-22656\" srcset=\"https:\/\/kulturonline.tv\/wp-content\/uploads\/2022\/02\/Leipziger-Buchmesse-faellt-aus-edited.jpg 768w, https:\/\/kulturonline.tv\/wp-content\/uploads\/2022\/02\/Leipziger-Buchmesse-faellt-aus-edited-600x337.jpg 600w\" sizes=\"(max-width: 768px) 100vw, 768px\" \/><\/figure>\n\n\n\n<p>Zu viele gro\u00dfe Verlage h\u00e4tten ihre Teilnahme in den vergangenen Tagen nun doch abgesagt. Grund sei die unsichere Pandemie-Lage. Damit w\u00e4re die Leipziger Buchmesse in ihrer Vielfalt nicht mehr machbar gewesen, hei\u00dft es. Abgesagt hatten etwa Verlage wie Oetinger und Penguin Random House. Andererseits gab es aber auch Stimmen aus der Branche, die ihre Teilnahme erneut best\u00e4tigt hatten. Die Leipziger Messe h\u00e4tte vom 17. bis zum 20. M\u00e4rz stattfinden sollen. Es ist das dritte Mal in Folge, dass sie Pandemie-bedingt ausfallen muss.<\/p>\n\n\n\n<p>Kultur Online TV<\/p>\n\n\n\n<p>#news #literatur<\/p>\n\n\n\n<p><\/p>\n\n\n\n<p><\/p>\n\n\n\n<figure class=\"wp-block-image\"><img decoding=\"async\" src=\"https:\/\/t.adcell.com\/p\/image?promoId=295269&amp;slotId=98564\" alt=\"Lesido\"\/><\/figure>\n\n\n\n<p><a href=\"https:\/\/t.adcell.com\/p\/click?promoId=295269&amp;slotId=98564\" target=\"_blank\" rel=\"noreferrer noopener\"><\/a><\/p>\n","protected":false},"excerpt":{"rendered":"<p>Die Leipziger Buchmesse muss auch in diesem Jahr ausfallen. Das teilten die Veranstalter mit. Zu viele gro\u00dfe Verlage h\u00e4tten ihre Teilnahme in den vergangenen Tagen nun doch abgesagt. Grund sei die unsichere Pandemie-Lage. Damit w\u00e4re die Leipziger Buchmesse in ihrer Vielfalt nicht mehr machbar gewesen, hei\u00dft es. Abgesagt hatten etwa Verlage wie Oetinger und Penguin [&hellip;]<\/p>\n","protected":false},"author":2,"featured_media":22656,"comment_status":"closed","ping_status":"closed","sticky":false,"template":"","format":"standard","meta":{"_acf_changed":false,"footnotes":""},"categories":[106],"tags":[],"class_list":["post-22653","post","type-post","status-publish","format-standard","has-post-thumbnail","hentry","category-literatur"],"acf":[],"yoast_head":"<!-- This site is optimized with the Yoast SEO plugin v26.1.1 - https:\/\/yoast.com\/wordpress\/plugins\/seo\/ -->\n<title>Leipziger Buchmesse f\u00e4llt aus - Kultur Online TV &amp; FM<\/title>\n<meta name=\"description\" content=\"Kultur sehen und H\u00f6ren\" \/>\n<meta name=\"robots\" content=\"index, follow, max-snippet:-1, max-image-preview:large, max-video-preview:-1\" \/>\n<link rel=\"canonical\" href=\"https:\/\/kulturonline.tv\/de\/leipziger-buchmesse-faellt-aus\/\" \/>\n<meta property=\"og:locale\" content=\"de_DE\" \/>\n<meta property=\"og:type\" content=\"article\" \/>\n<meta property=\"og:title\" content=\"Leipziger Buchmesse f\u00e4llt aus - Kultur Online TV &amp; FM\" \/>\n<meta property=\"og:description\" content=\"Kultur sehen und H\u00f6ren\" \/>\n<meta property=\"og:url\" content=\"https:\/\/kulturonline.tv\/de\/leipziger-buchmesse-faellt-aus\/\" \/>\n<meta property=\"og:site_name\" content=\"Kultur Online TV &amp; FM\" \/>\n<meta property=\"article:publisher\" content=\"https:\/\/www.facebook.com\/kulturonline.tv\" \/>\n<meta property=\"article:published_time\" content=\"2022-02-10T05:21:22+00:00\" \/>\n<meta property=\"article:modified_time\" content=\"2022-02-16T16:56:25+00:00\" \/>\n<meta property=\"og:image\" content=\"https:\/\/kulturonline.tv\/wp-content\/uploads\/2022\/02\/Leipziger-Buchmesse-faellt-aus-edited.jpg\" \/>\n\t<meta property=\"og:image:width\" content=\"768\" \/>\n\t<meta property=\"og:image:height\" content=\"431\" \/>\n\t<meta property=\"og:image:type\" content=\"image\/jpeg\" \/>\n<meta name=\"author\" content=\"guenter.wolfgang\" \/>\n<meta name=\"twitter:card\" content=\"summary_large_image\" \/>\n<meta name=\"twitter:label1\" content=\"Verfasst von\" \/>\n\t<meta name=\"twitter:data1\" content=\"guenter.wolfgang\" \/>\n\t<meta name=\"twitter:label2\" content=\"Gesch\u00e4tzte Lesezeit\" \/>\n\t<meta name=\"twitter:data2\" content=\"1\u00a0Minute\" \/>\n<script type=\"application\/ld+json\" class=\"yoast-schema-graph\">{\"@context\":\"https:\/\/schema.org\",\"@graph\":[{\"@type\":\"Article\",\"@id\":\"https:\/\/kulturonline.tv\/de\/leipziger-buchmesse-faellt-aus\/#article\",\"isPartOf\":{\"@id\":\"https:\/\/kulturonline.tv\/de\/leipziger-buchmesse-faellt-aus\/\"},\"author\":{\"name\":\"guenter.wolfgang\",\"@id\":\"https:\/\/kulturonline.tv\/de\/#\/schema\/person\/b0fac729bb9a0c193fb1df23449df4fe\"},\"headline\":\"Leipziger Buchmesse f\u00e4llt aus\",\"datePublished\":\"2022-02-10T05:21:22+00:00\",\"dateModified\":\"2022-02-16T16:56:25+00:00\",\"mainEntityOfPage\":{\"@id\":\"https:\/\/kulturonline.tv\/de\/leipziger-buchmesse-faellt-aus\/\"},\"wordCount\":111,\"publisher\":{\"@id\":\"https:\/\/kulturonline.tv\/de\/#organization\"},\"image\":{\"@id\":\"https:\/\/kulturonline.tv\/de\/leipziger-buchmesse-faellt-aus\/#primaryimage\"},\"thumbnailUrl\":\"https:\/\/kulturonline.tv\/wp-content\/uploads\/2022\/02\/Leipziger-Buchmesse-faellt-aus-edited.jpg\",\"articleSection\":[\"Literatur\"],\"inLanguage\":\"de\"},{\"@type\":\"WebPage\",\"@id\":\"https:\/\/kulturonline.tv\/de\/leipziger-buchmesse-faellt-aus\/\",\"url\":\"https:\/\/kulturonline.tv\/de\/leipziger-buchmesse-faellt-aus\/\",\"name\":\"Leipziger Buchmesse f\u00e4llt aus - Kultur Online TV &amp; FM\",\"isPartOf\":{\"@id\":\"https:\/\/kulturonline.tv\/de\/#website\"},\"primaryImageOfPage\":{\"@id\":\"https:\/\/kulturonline.tv\/de\/leipziger-buchmesse-faellt-aus\/#primaryimage\"},\"image\":{\"@id\":\"https:\/\/kulturonline.tv\/de\/leipziger-buchmesse-faellt-aus\/#primaryimage\"},\"thumbnailUrl\":\"https:\/\/kulturonline.tv\/wp-content\/uploads\/2022\/02\/Leipziger-Buchmesse-faellt-aus-edited.jpg\",\"datePublished\":\"2022-02-10T05:21:22+00:00\",\"dateModified\":\"2022-02-16T16:56:25+00:00\",\"description\":\"Kultur sehen und H\u00f6ren\",\"breadcrumb\":{\"@id\":\"https:\/\/kulturonline.tv\/de\/leipziger-buchmesse-faellt-aus\/#breadcrumb\"},\"inLanguage\":\"de\",\"potentialAction\":[{\"@type\":\"ReadAction\",\"target\":[\"https:\/\/kulturonline.tv\/de\/leipziger-buchmesse-faellt-aus\/\"]}]},{\"@type\":\"ImageObject\",\"inLanguage\":\"de\",\"@id\":\"https:\/\/kulturonline.tv\/de\/leipziger-buchmesse-faellt-aus\/#primaryimage\",\"url\":\"https:\/\/kulturonline.tv\/wp-content\/uploads\/2022\/02\/Leipziger-Buchmesse-faellt-aus-edited.jpg\",\"contentUrl\":\"https:\/\/kulturonline.tv\/wp-content\/uploads\/2022\/02\/Leipziger-Buchmesse-faellt-aus-edited.jpg\",\"width\":768,\"height\":431},{\"@type\":\"BreadcrumbList\",\"@id\":\"https:\/\/kulturonline.tv\/de\/leipziger-buchmesse-faellt-aus\/#breadcrumb\",\"itemListElement\":[{\"@type\":\"ListItem\",\"position\":1,\"name\":\"Startseite\",\"item\":\"https:\/\/kulturonline.tv\/de\/\"},{\"@type\":\"ListItem\",\"position\":2,\"name\":\"Leipziger Buchmesse f\u00e4llt aus\"}]},{\"@type\":\"WebSite\",\"@id\":\"https:\/\/kulturonline.tv\/de\/#website\",\"url\":\"https:\/\/kulturonline.tv\/de\/\",\"name\":\"Kultur Online TV &amp; FM\",\"description\":\"Wir sind Kultur 2.0 zum sehen &amp; h\u00f6ren\",\"publisher\":{\"@id\":\"https:\/\/kulturonline.tv\/de\/#organization\"},\"potentialAction\":[{\"@type\":\"SearchAction\",\"target\":{\"@type\":\"EntryPoint\",\"urlTemplate\":\"https:\/\/kulturonline.tv\/de\/?s={search_term_string}\"},\"query-input\":{\"@type\":\"PropertyValueSpecification\",\"valueRequired\":true,\"valueName\":\"search_term_string\"}}],\"inLanguage\":\"de\"},{\"@type\":\"Organization\",\"@id\":\"https:\/\/kulturonline.tv\/de\/#organization\",\"name\":\"Kultur Online TV\",\"url\":\"https:\/\/kulturonline.tv\/de\/\",\"logo\":{\"@type\":\"ImageObject\",\"inLanguage\":\"de\",\"@id\":\"https:\/\/kulturonline.tv\/de\/#\/schema\/logo\/image\/\",\"url\":\"https:\/\/kulturonline.tv\/wp-content\/uploads\/2021\/08\/Kultur-Online-Tv-Logo-Endversion-neu.png\",\"contentUrl\":\"https:\/\/kulturonline.tv\/wp-content\/uploads\/2021\/08\/Kultur-Online-Tv-Logo-Endversion-neu.png\",\"width\":200,\"height\":200,\"caption\":\"Kultur Online TV\"},\"image\":{\"@id\":\"https:\/\/kulturonline.tv\/de\/#\/schema\/logo\/image\/\"},\"sameAs\":[\"https:\/\/www.facebook.com\/kulturonline.tv\",\"https:\/\/www.instagram.com\/kulturonline.tv\"]},{\"@type\":\"Person\",\"@id\":\"https:\/\/kulturonline.tv\/de\/#\/schema\/person\/b0fac729bb9a0c193fb1df23449df4fe\",\"name\":\"guenter.wolfgang\"}]}<\/script>\n<!-- \/ Yoast SEO plugin. -->","yoast_head_json":{"title":"Leipziger Buchmesse f\u00e4llt aus - Kultur Online TV &amp; FM","description":"Kultur sehen und H\u00f6ren","robots":{"index":"index","follow":"follow","max-snippet":"max-snippet:-1","max-image-preview":"max-image-preview:large","max-video-preview":"max-video-preview:-1"},"canonical":"https:\/\/kulturonline.tv\/de\/leipziger-buchmesse-faellt-aus\/","og_locale":"de_DE","og_type":"article","og_title":"Leipziger Buchmesse f\u00e4llt aus - Kultur Online TV &amp; FM","og_description":"Kultur sehen und H\u00f6ren","og_url":"https:\/\/kulturonline.tv\/de\/leipziger-buchmesse-faellt-aus\/","og_site_name":"Kultur Online TV &amp; FM","article_publisher":"https:\/\/www.facebook.com\/kulturonline.tv","article_published_time":"2022-02-10T05:21:22+00:00","article_modified_time":"2022-02-16T16:56:25+00:00","og_image":[{"width":768,"height":431,"url":"https:\/\/kulturonline.tv\/wp-content\/uploads\/2022\/02\/Leipziger-Buchmesse-faellt-aus-edited.jpg","type":"image\/jpeg"}],"author":"guenter.wolfgang","twitter_card":"summary_large_image","twitter_misc":{"Verfasst von":"guenter.wolfgang","Gesch\u00e4tzte Lesezeit":"1\u00a0Minute"},"schema":{"@context":"https:\/\/schema.org","@graph":[{"@type":"Article","@id":"https:\/\/kulturonline.tv\/de\/leipziger-buchmesse-faellt-aus\/#article","isPartOf":{"@id":"https:\/\/kulturonline.tv\/de\/leipziger-buchmesse-faellt-aus\/"},"author":{"name":"guenter.wolfgang","@id":"https:\/\/kulturonline.tv\/de\/#\/schema\/person\/b0fac729bb9a0c193fb1df23449df4fe"},"headline":"Leipziger Buchmesse f\u00e4llt aus","datePublished":"2022-02-10T05:21:22+00:00","dateModified":"2022-02-16T16:56:25+00:00","mainEntityOfPage":{"@id":"https:\/\/kulturonline.tv\/de\/leipziger-buchmesse-faellt-aus\/"},"wordCount":111,"publisher":{"@id":"https:\/\/kulturonline.tv\/de\/#organization"},"image":{"@id":"https:\/\/kulturonline.tv\/de\/leipziger-buchmesse-faellt-aus\/#primaryimage"},"thumbnailUrl":"https:\/\/kulturonline.tv\/wp-content\/uploads\/2022\/02\/Leipziger-Buchmesse-faellt-aus-edited.jpg","articleSection":["Literatur"],"inLanguage":"de"},{"@type":"WebPage","@id":"https:\/\/kulturonline.tv\/de\/leipziger-buchmesse-faellt-aus\/","url":"https:\/\/kulturonline.tv\/de\/leipziger-buchmesse-faellt-aus\/","name":"Leipziger Buchmesse f\u00e4llt aus - Kultur Online TV &amp; FM","isPartOf":{"@id":"https:\/\/kulturonline.tv\/de\/#website"},"primaryImageOfPage":{"@id":"https:\/\/kulturonline.tv\/de\/leipziger-buchmesse-faellt-aus\/#primaryimage"},"image":{"@id":"https:\/\/kulturonline.tv\/de\/leipziger-buchmesse-faellt-aus\/#primaryimage"},"thumbnailUrl":"https:\/\/kulturonline.tv\/wp-content\/uploads\/2022\/02\/Leipziger-Buchmesse-faellt-aus-edited.jpg","datePublished":"2022-02-10T05:21:22+00:00","dateModified":"2022-02-16T16:56:25+00:00","description":"Kultur sehen und H\u00f6ren","breadcrumb":{"@id":"https:\/\/kulturonline.tv\/de\/leipziger-buchmesse-faellt-aus\/#breadcrumb"},"inLanguage":"de","potentialAction":[{"@type":"ReadAction","target":["https:\/\/kulturonline.tv\/de\/leipziger-buchmesse-faellt-aus\/"]}]},{"@type":"ImageObject","inLanguage":"de","@id":"https:\/\/kulturonline.tv\/de\/leipziger-buchmesse-faellt-aus\/#primaryimage","url":"https:\/\/kulturonline.tv\/wp-content\/uploads\/2022\/02\/Leipziger-Buchmesse-faellt-aus-edited.jpg","contentUrl":"https:\/\/kulturonline.tv\/wp-content\/uploads\/2022\/02\/Leipziger-Buchmesse-faellt-aus-edited.jpg","width":768,"height":431},{"@type":"BreadcrumbList","@id":"https:\/\/kulturonline.tv\/de\/leipziger-buchmesse-faellt-aus\/#breadcrumb","itemListElement":[{"@type":"ListItem","position":1,"name":"Startseite","item":"https:\/\/kulturonline.tv\/de\/"},{"@type":"ListItem","position":2,"name":"Leipziger Buchmesse f\u00e4llt aus"}]},{"@type":"WebSite","@id":"https:\/\/kulturonline.tv\/de\/#website","url":"https:\/\/kulturonline.tv\/de\/","name":"Kultur Online TV &amp; FM","description":"Wir sind Kultur 2.0 zum sehen &amp; h\u00f6ren","publisher":{"@id":"https:\/\/kulturonline.tv\/de\/#organization"},"potentialAction":[{"@type":"SearchAction","target":{"@type":"EntryPoint","urlTemplate":"https:\/\/kulturonline.tv\/de\/?s={search_term_string}"},"query-input":{"@type":"PropertyValueSpecification","valueRequired":true,"valueName":"search_term_string"}}],"inLanguage":"de"},{"@type":"Organization","@id":"https:\/\/kulturonline.tv\/de\/#organization","name":"Kultur Online TV","url":"https:\/\/kulturonline.tv\/de\/","logo":{"@type":"ImageObject","inLanguage":"de","@id":"https:\/\/kulturonline.tv\/de\/#\/schema\/logo\/image\/","url":"https:\/\/kulturonline.tv\/wp-content\/uploads\/2021\/08\/Kultur-Online-Tv-Logo-Endversion-neu.png","contentUrl":"https:\/\/kulturonline.tv\/wp-content\/uploads\/2021\/08\/Kultur-Online-Tv-Logo-Endversion-neu.png","width":200,"height":200,"caption":"Kultur Online TV"},"image":{"@id":"https:\/\/kulturonline.tv\/de\/#\/schema\/logo\/image\/"},"sameAs":["https:\/\/www.facebook.com\/kulturonline.tv","https:\/\/www.instagram.com\/kulturonline.tv"]},{"@type":"Person","@id":"https:\/\/kulturonline.tv\/de\/#\/schema\/person\/b0fac729bb9a0c193fb1df23449df4fe","name":"guenter.wolfgang"}]}},"_links":{"self":[{"href":"https:\/\/kulturonline.tv\/de\/wp-json\/wp\/v2\/posts\/22653","targetHints":{"allow":["GET"]}}],"collection":[{"href":"https:\/\/kulturonline.tv\/de\/wp-json\/wp\/v2\/posts"}],"about":[{"href":"https:\/\/kulturonline.tv\/de\/wp-json\/wp\/v2\/types\/post"}],"author":[{"embeddable":true,"href":"https:\/\/kulturonline.tv\/de\/wp-json\/wp\/v2\/users\/2"}],"replies":[{"embeddable":true,"href":"https:\/\/kulturonline.tv\/de\/wp-json\/wp\/v2\/comments?post=22653"}],"version-history":[{"count":0,"href":"https:\/\/kulturonline.tv\/de\/wp-json\/wp\/v2\/posts\/22653\/revisions"}],"wp:featuredmedia":[{"embeddable":true,"href":"https:\/\/kulturonline.tv\/de\/wp-json\/wp\/v2\/media\/22656"}],"wp:attachment":[{"href":"https:\/\/kulturonline.tv\/de\/wp-json\/wp\/v2\/media?parent=22653"}],"wp:term":[{"taxonomy":"category","embeddable":true,"href":"https:\/\/kulturonline.tv\/de\/wp-json\/wp\/v2\/categories?post=22653"},{"taxonomy":"post_tag","embeddable":true,"href":"https:\/\/kulturonline.tv\/de\/wp-json\/wp\/v2\/tags?post=22653"}],"curies":[{"name":"wp","href":"https:\/\/api.w.org\/{rel}","templated":true}]}}